{"id":344241,"date":"2020-07-02T00:00:00","date_gmt":"2020-07-01T22:00:00","guid":{"rendered":"https:\/\/www.fiarebancaetica.coop\/nuestro-compromiso-con-el-medio-ambiente\/"},"modified":"2024-02-21T15:21:24","modified_gmt":"2024-02-21T14:21:24","slug":"nuestro-compromiso-con-el-medio-ambiente","status":"publish","type":"post","link":"https:\/\/www.fiarebancaetica.coop\/eu\/nuestro-compromiso-con-el-medio-ambiente\/","title":{"rendered":"Nuestro compromiso con el medio ambiente"},"content":{"rendered":"\n\n<div class=\"wp-block-bancaetica-blocks-blocks-block-49\">\n    <div class=\"container-block-49\">\n\n        <div class=\"header-section \">\n                            <h1 class=\"section-title\"> Etica e cooperativa <\/h1>\n                                            <\/div>\n\n        \n        <div class=\"block-background\" style=\"background-image: url('https:\/\/www.fiarebancaetica.coop\/app\/uploads\/sites\/2\/2023\/12\/nuestro-impacto-medioambiental.jpg')\">\n                            <div class=\"tile\">\n                    <h1 class=\"image-title\"> Nuestro compromiso con el medio ambiente <\/h1>\n                <\/div>             <!-- end .tile -->\n            <div class=\"bottom-content\">\n                            <\/div> <!-- end .button-content -->\n        <\/div> <!-- end .block-background -->\n    <\/div> <!-- end .container -->\n<\/div> <!-- end wp-block-bancaetica-blocks-blocks-block-06 -->\n\n\n<div class=\"wrapper-crispybacon-class wrapper-crispybacon-class-boxed \">\n    <p><a href=\"#ca\">Catal\u00e0<\/a><\/p>\n<p>Una de las caracter\u00edsticas de Banca Etica es su compromiso con el impacto medioambiental de sus decisiones, fomentando que tanto el banco como las empresas con las que trabaja tengan muy en cuenta los criterios socioambientales en sus proyectos.<\/p>\n<h2>\n\tBalance Social y Medioambiente<\/h2>\n<p>El <a href=\"http:\/\/balancesocial.fiarebancaetica.coop\/balance-social-2019\/medio-ambiente\/\">balance social<\/a> de Fiare Banca Etica refleja el impacto que el banco tiene sobre el medio ambiente, entre otros \u00e1mbitos. En el \u00e1mbito energ\u00e9tico promueve el ahorro energ\u00e9tico en sus sedes, en los desplazamientos y en la utilizaci\u00f3n de materiales. Adem\u00e1s consume energ\u00eda limpia. Este compromiso se concreta tambien a nivel exterior en productos espec\u00edficos que financian la eficiencia energ\u00e9tica y el empleo de fuentes renovables.<\/p>\n<h2>\n\tAhorro energ\u00e9tico&nbsp;<\/h2>\n<p>En los \u00faltimos a\u00f1os se han adoptado distintos tipos de medidas para disminuir el impacto medioambiental de sus oficinas. Las principales soluciones para disminuir el impacto directo se relacionan con los edificios de la sede central de Padova, donde alberga el mayor n\u00famero de personas trabajadoras, y que cumplen los criterios de la arquitectura bioecol\u00f3gica m\u00e1s estrictos y otras soluciones espec\u00edficas adoptadas para las sucursales.<\/p>\n<p>En las&nbsp;oficinas se llevan a cabo numerosas medidas para disminuir el impacto medioambiental: como el aprovisionamiento de energ\u00eda el\u00e9ctrica producida por fuentes renovables, o la optimizaci\u00f3n de los sistemas de acondicionamiento que se usa en caso de remodelaci\u00f3n o de apertura de nuevas filiales.<\/p>\n<h2>\n\tAprovisionamiento de energ\u00eda<\/h2>\n<p>Desde 2014 las filiales italianas trabajan con la compa\u00f1\u00eda el\u00e9ctrica Clean Power SpA (15 de 18), que abastece energ\u00eda producida por fuentes renovables. La energ\u00eda el\u00e9ctrica producida por fuentes renovables cubre un 93%. Esta cobertura ha alcanzado un 98% durante el 2019. En Espa\u00f1a las compa\u00f1\u00edas contratadas para las delegaciones son: <a href=\"https:\/\/www.goiener.com\/la-cooperativa\/\">Goiener<\/a> y <a href=\"https:\/\/www.somenergia.coop\/es\/\">Som Energia<\/a>.&nbsp;<\/p>\n<p><br \/>\n\t<a href=\"http:\/\/www.somenergia.coop\">Som Energia<\/a>: Se trata de un proyecto cooperativo de ra\u00edces catalanas pero que ya trabaja en todo el estado. Producen energ\u00eda el\u00e9ctrica a partir de fuentes renovables y tambi\u00e9n, comercializa electricidad verde.<br \/>\n\t<br \/>\n\t<a href=\"http:\/\/www.goiener.com\">GoiEner:<\/a> Es una cooperativa surgida en Euskal Herria de generaci\u00f3n y consumo de energ\u00eda, que sobretodo centra su actividad en la comercializaci\u00f3n de energ\u00eda, siempre, renovable.<\/p>\n<p>Gracias a la importante cuota de energ\u00eda el\u00e9ctrica derivada de fuentes renovables, el recorte de emisiones de&nbsp; CO2 ha alcanzado las 254 toneladas\/a\u00f1o, 52 % de reducci\u00f3n.<\/p>\n<h2>\n\tLa movilidad sostenible<\/h2>\n<p>Banca Etica intenta reducir el propio impacto ambiental de su equipo tambi\u00e9n por medio de decisiones de movilidad sostenible, como:<\/p>\n<ul>\n\t<li>\n\t\tdisminuci\u00f3n del parque de veh\u00edculos particulares para favorecer la utilizaci\u00f3n del tren (parque m\u00f3vil actual: 6 autom\u00f3viles, de los cuales 3 son h\u00edbridos y uno a GLP);<\/li>\n\t<li>\n\t\tincentivo al personal para el uso de los medios p\u00fablicos de transporte en el trayecto casa &#8211; trabajo<\/li>\n<\/ul>\n<h2>\n\tCompras verdes<\/h2>\n<p>El Banco pretende disminuir el impacto medioambiental por medio de otros instrumentos, como \u201c las compras verdes\u201d que prev\u00e9n:<\/p>\n<ul>\n\t<li>\n\t\tel empleo de papel ecol\u00f3gico Steinbeis (papel reciclado y certificado por las marcas Greenpeace, Der BlaueEngel, Nordic Environmental y Tuv Sud);<\/li>\n\t<li>\n\t\tel empleo de papel certificado por FSC;<\/li>\n\t<li>\n\t\tla adquisici\u00f3n de productos de papeler\u00eda de aquellos proveedores que ofrecen como alternativas productos de bajo impacto medioambiental<\/li>\n<\/ul>\n<p><a href=\"http:\/\/balancesocial.fiarebancaetica.coop\/balance-social-2019\/medio-ambiente\/\">http:\/\/balancesocial.fiarebancaetica.coop\/balance-social-2019\/medio-ambiente\/<\/a><\/p>\n<p>___________________________________________________________________________________<\/p>\n<h1>\n\t<a id=\"ca\" name=\"ca\"><\/a>El nostre comprom\u00eds amb el medi ambient<\/h1>\n<p>Una de les caracter\u00edstiques de Banca Etica \u00e9s el seu comprom\u00eds amb l&#8217;impacte mediambiental de les seves decisions, fomentant que tant el banc com les empreses amb les quals treballa tinguin molt en compte els criteris socioambientales en els seus projectes.<\/p>\n<h2>\n\tBalan\u00e7 Social i Medi ambient<\/h2>\n<p>El <a href=\"http:\/\/balancesocial.fiarebancaetica.coop\/balance-social-2019\/medio-ambiente\/\">Balan\u00e7 Social <\/a>de Fiare Banca Etica reflecteix l&#8217;impacte que el banc t\u00e9 sobre el medi ambient, entre altres \u00e0mbits. En l&#8217;\u00e0mbit energ\u00e8tic promou l&#8217;estalvi energ\u00e8tic en les seves seus, en els despla\u00e7aments i en la utilitzaci\u00f3 de materials. A m\u00e9s consumeix energia neta. Aquest comprom\u00eds es concreta tamb\u00e9 a nivell exterior en productes espec\u00edfics que financen l&#8217;efici\u00e8ncia energ\u00e8tica i l&#8217;\u00fas de fonts renovables.<\/p>\n<h2>\n\tEstalvi energ\u00e8tic<\/h2>\n<p>En els \u00faltims anys s&#8217;han adoptat diferents tipus de mesures per a disminuir l&#8217;impacte mediambiental de les seves oficines. Les principals solucions per a disminuir l&#8217;impacte directe es relacionen amb els edificis de la seu central de Padova, on es troben el major nombre de persones treballadores, i que compleixen els criteris de l&#8217;arquitectura bioecol\u00f3gica m\u00e9s estrictes i altres solucions espec\u00edfiques adoptades per les sucursals.<\/p>\n<p>A les oficines es duen a terme nombroses mesures per a disminuir l&#8217;impacte mediambiental: com l&#8217;aprovisionament d&#8217;energia el\u00e8ctrica produ\u00efda per fonts renovables, o l&#8217;optimitzaci\u00f3 dels sistemes de rehabilitaci\u00f3 en cas de remodelaci\u00f3 o d&#8217;obertura de noves filials.<\/p>\n<h2>\n\tAprovisionament d&#8217;energia<\/h2>\n<p>Des de 2014 les filials italianes treballen amb la companyia el\u00e8ctrica Clean Power Spa (15 de 18), que proveeix energia produ\u00efda per fonts renovables. Aquesta cobertura ha aconseguit un 98% durant el 2019. A Espanya les companyies contractades per a les delegacions s\u00f3n: Goiener i <a href=\"http:\/\/www.somenergia.coop\/es\/\">Som Energia<\/a>.<\/p>\n<p><strong><a href=\"http:\/\/www.somenergia.coop\/es\/\">Som Energia<\/a>: <\/strong>Es tracta d&#8217;un projecte cooperatiu d&#8217;arrels catalanes que ja treballa en tot l&#8217;estat. Produeixen energia el\u00e8ctrica a partir de fonts renovables i tamb\u00e9 comercialitza electricitat verda.<\/p>\n<p><a href=\"http:\/\/www.goiener.com\"><strong>GoiEner<\/strong><\/a>: \u00c9s una cooperativa sorgida a Euskal Herria de generaci\u00f3 i consum d&#8217;energia, que sobretot centra la seva activitat en la comercialitzaci\u00f3 d&#8217;energia, sempre renovable.<\/p>\n<p>Gr\u00e0cies a la important quota d&#8217;energia el\u00e8ctrica derivada de fonts renovables, la retallada d&#8217;emissions de CO2 ha aconseguit les 254 tones\/any, 52% de reducci\u00f3.<\/p>\n<h2>\n\tLa mobilitat sostenible<\/h2>\n<p>Banca Etica intenta reduir el propi impacte ambiental del seu equip tamb\u00e9 per mitj\u00e0 de decisions de mobilitat sostenible, com:<\/p>\n<ul>\n\t<li>\n\t\tdisminuci\u00f3 del parc de vehicles particulars per a afavorir la utilitzaci\u00f3 del tren (parc m\u00f2bil actual: 6 autom\u00f2bils, dels quals 3 s\u00f3n h\u00edbrids i un a GLP);<\/li>\n\t<li>\n\t\tincentiu al personal per a l&#8217;\u00fas dels mitjans p\u00fablics de transport en el trajecte casa &#8211; feina.<\/li>\n<\/ul>\n<h2>\n\tCompres verdes<\/h2>\n<p>El Banc pret\u00e9n disminuir l&#8217;impacte mediambiental per mitj\u00e0 d&#8217;altres instruments, com \u201c les compres verdes\u201d que preveuen:<\/p>\n<ul>\n\t<li>\n\t\tl&#8217;\u00fas de paper ecol\u00f2gic Steinbeis (paper reciclat i certificat per les marques Greenpeace, Der BlaueEngel, Nordic Environmental i Tuv Sud);<\/li>\n\t<li>\n\t\tl&#8217;\u00fas de paper certificat per FSC;<\/li>\n\t<li>\n\t\tl&#8217;adquisici\u00f3 de productes de papereria d&#8217;aquells prove\u00efdors que ofereixen com a alternatives productes de baix impacte mediambiental<\/li>\n<\/ul>\n<p><a href=\"http:\/\/balancesocial.fiarebancaetica.coop\/balance-social-2019\/medio-ambiente\/\">http:\/\/balancesocial.fiarebancaetica.coop\/balance-social-2019\/medio-ambiente\/<\/a><\/p>\n<\/div>","protected":false},"excerpt":{"rendered":"<p>Una de las caracter\u00edsticas de Banca Etica es su compromiso con el medio ambiente, fomentando que tanto el banco como las empresas con las que trabaja tengan muy en cuenta los criterios socioambientales en sus proyectos.<\/p>\n","protected":false},"author":2,"featured_media":329263,"comment_status":"open","ping_status":"closed","sticky":false,"template":"","format":"standard","meta":{"_acf_changed":false,"footnotes":""},"categories":[11644],"tags":[],"coauthors":[],"class_list":["post-344241","post","type-post","status-publish","format-standard","has-post-thumbnail","hentry","category-finantza-etikoak"],"acf":[],"yoast_head":"<!-- This site is optimized with the Yoast SEO plugin v26.9 - https:\/\/yoast.com\/product\/yoast-seo-wordpress\/ -->\n<title>Nuestro compromiso con el medio ambiente - Fiare Banca Etica<\/title>\n<meta name=\"robots\" content=\"index, follow, max-snippet:-1, max-image-preview:large, max-video-preview:-1\" \/>\n<link rel=\"canonical\" href=\"https:\/\/www.fiarebancaetica.coop\/eu\/nuestro-compromiso-con-el-medio-ambiente\/\" \/>\n<meta property=\"og:locale\" content=\"eu_ES\" \/>\n<meta property=\"og:type\" content=\"article\" \/>\n<meta property=\"og:title\" content=\"Nuestro compromiso con el medio ambiente - Fiare Banca Etica\" \/>\n<meta property=\"og:description\" content=\"Una de las caracter\u00edsticas de Banca Etica es su compromiso con el medio ambiente, fomentando que tanto el banco como las empresas con las que trabaja tengan muy en cuenta los criterios socioambientales en sus proyectos.\" \/>\n<meta property=\"og:url\" content=\"https:\/\/www.fiarebancaetica.coop\/eu\/nuestro-compromiso-con-el-medio-ambiente\/\" \/>\n<meta property=\"og:site_name\" content=\"Fiare Banca Etica\" \/>\n<meta property=\"article:published_time\" content=\"2020-07-01T22:00:00+00:00\" \/>\n<meta property=\"article:modified_time\" content=\"2024-02-21T14:21:24+00:00\" \/>\n<meta property=\"og:image\" content=\"https:\/\/www.fiarebancaetica.coop\/app\/uploads\/sites\/2\/2023\/12\/nuestro-impacto-medioambiental.jpg\" \/>\n\t<meta property=\"og:image:width\" content=\"540\" \/>\n\t<meta property=\"og:image:height\" content=\"250\" \/>\n\t<meta property=\"og:image:type\" content=\"image\/jpeg\" \/>\n<meta name=\"author\" content=\"crispyadmin0\" \/>\n<meta name=\"twitter:card\" content=\"summary_large_image\" \/>\n<script type=\"application\/ld+json\" class=\"yoast-schema-graph\">{\"@context\":\"https:\/\/schema.org\",\"@graph\":[{\"@type\":\"Article\",\"@id\":\"https:\/\/www.fiarebancaetica.coop\/eu\/nuestro-compromiso-con-el-medio-ambiente\/#article\",\"isPartOf\":{\"@id\":\"https:\/\/www.fiarebancaetica.coop\/eu\/nuestro-compromiso-con-el-medio-ambiente\/\"},\"author\":{\"name\":\"crispyadmin0\",\"@id\":\"https:\/\/www.fiarebancaetica.coop\/eu\/#\/schema\/person\/579841e89c804b5db05d9141bd9b8272\"},\"headline\":\"Nuestro compromiso con el medio ambiente\",\"datePublished\":\"2020-07-01T22:00:00+00:00\",\"dateModified\":\"2024-02-21T14:21:24+00:00\",\"mainEntityOfPage\":{\"@id\":\"https:\/\/www.fiarebancaetica.coop\/eu\/nuestro-compromiso-con-el-medio-ambiente\/\"},\"wordCount\":1090,\"commentCount\":0,\"image\":{\"@id\":\"https:\/\/www.fiarebancaetica.coop\/eu\/nuestro-compromiso-con-el-medio-ambiente\/#primaryimage\"},\"thumbnailUrl\":\"https:\/\/www.fiarebancaetica.coop\/app\/uploads\/sites\/2\/2023\/12\/nuestro-impacto-medioambiental.jpg\",\"articleSection\":[\"Finantza etikoak\"],\"inLanguage\":\"eu\",\"potentialAction\":[{\"@type\":\"CommentAction\",\"name\":\"Comment\",\"target\":[\"https:\/\/www.fiarebancaetica.coop\/eu\/nuestro-compromiso-con-el-medio-ambiente\/#respond\"]}]},{\"@type\":\"WebPage\",\"@id\":\"https:\/\/www.fiarebancaetica.coop\/eu\/nuestro-compromiso-con-el-medio-ambiente\/\",\"url\":\"https:\/\/www.fiarebancaetica.coop\/eu\/nuestro-compromiso-con-el-medio-ambiente\/\",\"name\":\"Nuestro compromiso con el medio ambiente - Fiare Banca Etica\",\"isPartOf\":{\"@id\":\"https:\/\/www.fiarebancaetica.coop\/eu\/#website\"},\"primaryImageOfPage\":{\"@id\":\"https:\/\/www.fiarebancaetica.coop\/eu\/nuestro-compromiso-con-el-medio-ambiente\/#primaryimage\"},\"image\":{\"@id\":\"https:\/\/www.fiarebancaetica.coop\/eu\/nuestro-compromiso-con-el-medio-ambiente\/#primaryimage\"},\"thumbnailUrl\":\"https:\/\/www.fiarebancaetica.coop\/app\/uploads\/sites\/2\/2023\/12\/nuestro-impacto-medioambiental.jpg\",\"datePublished\":\"2020-07-01T22:00:00+00:00\",\"dateModified\":\"2024-02-21T14:21:24+00:00\",\"author\":{\"@id\":\"https:\/\/www.fiarebancaetica.coop\/eu\/#\/schema\/person\/579841e89c804b5db05d9141bd9b8272\"},\"breadcrumb\":{\"@id\":\"https:\/\/www.fiarebancaetica.coop\/eu\/nuestro-compromiso-con-el-medio-ambiente\/#breadcrumb\"},\"inLanguage\":\"eu\",\"potentialAction\":[{\"@type\":\"ReadAction\",\"target\":[\"https:\/\/www.fiarebancaetica.coop\/eu\/nuestro-compromiso-con-el-medio-ambiente\/\"]}]},{\"@type\":\"ImageObject\",\"inLanguage\":\"eu\",\"@id\":\"https:\/\/www.fiarebancaetica.coop\/eu\/nuestro-compromiso-con-el-medio-ambiente\/#primaryimage\",\"url\":\"https:\/\/www.fiarebancaetica.coop\/app\/uploads\/sites\/2\/2023\/12\/nuestro-impacto-medioambiental.jpg\",\"contentUrl\":\"https:\/\/www.fiarebancaetica.coop\/app\/uploads\/sites\/2\/2023\/12\/nuestro-impacto-medioambiental.jpg\",\"width\":540,\"height\":250},{\"@type\":\"BreadcrumbList\",\"@id\":\"https:\/\/www.fiarebancaetica.coop\/eu\/nuestro-compromiso-con-el-medio-ambiente\/#breadcrumb\",\"itemListElement\":[{\"@type\":\"ListItem\",\"position\":1,\"name\":\"Home\",\"item\":\"https:\/\/www.fiarebancaetica.coop\/eu\/\"},{\"@type\":\"ListItem\",\"position\":2,\"name\":\"Nuestro compromiso con el medio ambiente\"}]},{\"@type\":\"WebSite\",\"@id\":\"https:\/\/www.fiarebancaetica.coop\/eu\/#website\",\"url\":\"https:\/\/www.fiarebancaetica.coop\/eu\/\",\"name\":\"Fiare Banca Etica\",\"description\":\"\",\"potentialAction\":[{\"@type\":\"SearchAction\",\"target\":{\"@type\":\"EntryPoint\",\"urlTemplate\":\"https:\/\/www.fiarebancaetica.coop\/eu\/?s={search_term_string}\"},\"query-input\":{\"@type\":\"PropertyValueSpecification\",\"valueRequired\":true,\"valueName\":\"search_term_string\"}}],\"inLanguage\":\"eu\"},{\"@type\":\"Person\",\"@id\":\"https:\/\/www.fiarebancaetica.coop\/eu\/#\/schema\/person\/579841e89c804b5db05d9141bd9b8272\",\"name\":\"crispyadmin0\",\"image\":{\"@type\":\"ImageObject\",\"inLanguage\":\"eu\",\"@id\":\"https:\/\/www.fiarebancaetica.coop\/eu\/#\/schema\/person\/image\/5f3a6b7786f32f4c35bd2b1a5a4698ea\",\"url\":\"https:\/\/secure.gravatar.com\/avatar\/4d2cfb499d497b6d49da659fab7404b243a87fe8e40d2cf97a1cae48f677f5b2?s=96&d=mm&r=g\",\"contentUrl\":\"https:\/\/secure.gravatar.com\/avatar\/4d2cfb499d497b6d49da659fab7404b243a87fe8e40d2cf97a1cae48f677f5b2?s=96&d=mm&r=g\",\"caption\":\"crispyadmin0\"},\"sameAs\":[\"crispyadmin0\"]}]}<\/script>\n<!-- \/ Yoast SEO plugin. -->","yoast_head_json":{"title":"Nuestro compromiso con el medio ambiente - Fiare Banca Etica","robots":{"index":"index","follow":"follow","max-snippet":"max-snippet:-1","max-image-preview":"max-image-preview:large","max-video-preview":"max-video-preview:-1"},"canonical":"https:\/\/www.fiarebancaetica.coop\/eu\/nuestro-compromiso-con-el-medio-ambiente\/","og_locale":"eu_ES","og_type":"article","og_title":"Nuestro compromiso con el medio ambiente - Fiare Banca Etica","og_description":"Una de las caracter\u00edsticas de Banca Etica es su compromiso con el medio ambiente, fomentando que tanto el banco como las empresas con las que trabaja tengan muy en cuenta los criterios socioambientales en sus proyectos.","og_url":"https:\/\/www.fiarebancaetica.coop\/eu\/nuestro-compromiso-con-el-medio-ambiente\/","og_site_name":"Fiare Banca Etica","article_published_time":"2020-07-01T22:00:00+00:00","article_modified_time":"2024-02-21T14:21:24+00:00","og_image":[{"width":540,"height":250,"url":"https:\/\/www.fiarebancaetica.coop\/app\/uploads\/sites\/2\/2023\/12\/nuestro-impacto-medioambiental.jpg","type":"image\/jpeg"}],"author":"crispyadmin0","twitter_card":"summary_large_image","schema":{"@context":"https:\/\/schema.org","@graph":[{"@type":"Article","@id":"https:\/\/www.fiarebancaetica.coop\/eu\/nuestro-compromiso-con-el-medio-ambiente\/#article","isPartOf":{"@id":"https:\/\/www.fiarebancaetica.coop\/eu\/nuestro-compromiso-con-el-medio-ambiente\/"},"author":{"name":"crispyadmin0","@id":"https:\/\/www.fiarebancaetica.coop\/eu\/#\/schema\/person\/579841e89c804b5db05d9141bd9b8272"},"headline":"Nuestro compromiso con el medio ambiente","datePublished":"2020-07-01T22:00:00+00:00","dateModified":"2024-02-21T14:21:24+00:00","mainEntityOfPage":{"@id":"https:\/\/www.fiarebancaetica.coop\/eu\/nuestro-compromiso-con-el-medio-ambiente\/"},"wordCount":1090,"commentCount":0,"image":{"@id":"https:\/\/www.fiarebancaetica.coop\/eu\/nuestro-compromiso-con-el-medio-ambiente\/#primaryimage"},"thumbnailUrl":"https:\/\/www.fiarebancaetica.coop\/app\/uploads\/sites\/2\/2023\/12\/nuestro-impacto-medioambiental.jpg","articleSection":["Finantza etikoak"],"inLanguage":"eu","potentialAction":[{"@type":"CommentAction","name":"Comment","target":["https:\/\/www.fiarebancaetica.coop\/eu\/nuestro-compromiso-con-el-medio-ambiente\/#respond"]}]},{"@type":"WebPage","@id":"https:\/\/www.fiarebancaetica.coop\/eu\/nuestro-compromiso-con-el-medio-ambiente\/","url":"https:\/\/www.fiarebancaetica.coop\/eu\/nuestro-compromiso-con-el-medio-ambiente\/","name":"Nuestro compromiso con el medio ambiente - Fiare Banca Etica","isPartOf":{"@id":"https:\/\/www.fiarebancaetica.coop\/eu\/#website"},"primaryImageOfPage":{"@id":"https:\/\/www.fiarebancaetica.coop\/eu\/nuestro-compromiso-con-el-medio-ambiente\/#primaryimage"},"image":{"@id":"https:\/\/www.fiarebancaetica.coop\/eu\/nuestro-compromiso-con-el-medio-ambiente\/#primaryimage"},"thumbnailUrl":"https:\/\/www.fiarebancaetica.coop\/app\/uploads\/sites\/2\/2023\/12\/nuestro-impacto-medioambiental.jpg","datePublished":"2020-07-01T22:00:00+00:00","dateModified":"2024-02-21T14:21:24+00:00","author":{"@id":"https:\/\/www.fiarebancaetica.coop\/eu\/#\/schema\/person\/579841e89c804b5db05d9141bd9b8272"},"breadcrumb":{"@id":"https:\/\/www.fiarebancaetica.coop\/eu\/nuestro-compromiso-con-el-medio-ambiente\/#breadcrumb"},"inLanguage":"eu","potentialAction":[{"@type":"ReadAction","target":["https:\/\/www.fiarebancaetica.coop\/eu\/nuestro-compromiso-con-el-medio-ambiente\/"]}]},{"@type":"ImageObject","inLanguage":"eu","@id":"https:\/\/www.fiarebancaetica.coop\/eu\/nuestro-compromiso-con-el-medio-ambiente\/#primaryimage","url":"https:\/\/www.fiarebancaetica.coop\/app\/uploads\/sites\/2\/2023\/12\/nuestro-impacto-medioambiental.jpg","contentUrl":"https:\/\/www.fiarebancaetica.coop\/app\/uploads\/sites\/2\/2023\/12\/nuestro-impacto-medioambiental.jpg","width":540,"height":250},{"@type":"BreadcrumbList","@id":"https:\/\/www.fiarebancaetica.coop\/eu\/nuestro-compromiso-con-el-medio-ambiente\/#breadcrumb","itemListElement":[{"@type":"ListItem","position":1,"name":"Home","item":"https:\/\/www.fiarebancaetica.coop\/eu\/"},{"@type":"ListItem","position":2,"name":"Nuestro compromiso con el medio ambiente"}]},{"@type":"WebSite","@id":"https:\/\/www.fiarebancaetica.coop\/eu\/#website","url":"https:\/\/www.fiarebancaetica.coop\/eu\/","name":"Fiare Banca Etica","description":"","potentialAction":[{"@type":"SearchAction","target":{"@type":"EntryPoint","urlTemplate":"https:\/\/www.fiarebancaetica.coop\/eu\/?s={search_term_string}"},"query-input":{"@type":"PropertyValueSpecification","valueRequired":true,"valueName":"search_term_string"}}],"inLanguage":"eu"},{"@type":"Person","@id":"https:\/\/www.fiarebancaetica.coop\/eu\/#\/schema\/person\/579841e89c804b5db05d9141bd9b8272","name":"crispyadmin0","image":{"@type":"ImageObject","inLanguage":"eu","@id":"https:\/\/www.fiarebancaetica.coop\/eu\/#\/schema\/person\/image\/5f3a6b7786f32f4c35bd2b1a5a4698ea","url":"https:\/\/secure.gravatar.com\/avatar\/4d2cfb499d497b6d49da659fab7404b243a87fe8e40d2cf97a1cae48f677f5b2?s=96&d=mm&r=g","contentUrl":"https:\/\/secure.gravatar.com\/avatar\/4d2cfb499d497b6d49da659fab7404b243a87fe8e40d2cf97a1cae48f677f5b2?s=96&d=mm&r=g","caption":"crispyadmin0"},"sameAs":["crispyadmin0"]}]}},"_links":{"self":[{"href":"https:\/\/www.fiarebancaetica.coop\/eu\/wp-json\/wp\/v2\/posts\/344241","targetHints":{"allow":["GET"]}}],"collection":[{"href":"https:\/\/www.fiarebancaetica.coop\/eu\/wp-json\/wp\/v2\/posts"}],"about":[{"href":"https:\/\/www.fiarebancaetica.coop\/eu\/wp-json\/wp\/v2\/types\/post"}],"author":[{"embeddable":true,"href":"https:\/\/www.fiarebancaetica.coop\/eu\/wp-json\/wp\/v2\/users\/2"}],"replies":[{"embeddable":true,"href":"https:\/\/www.fiarebancaetica.coop\/eu\/wp-json\/wp\/v2\/comments?post=344241"}],"version-history":[{"count":2,"href":"https:\/\/www.fiarebancaetica.coop\/eu\/wp-json\/wp\/v2\/posts\/344241\/revisions"}],"predecessor-version":[{"id":354631,"href":"https:\/\/www.fiarebancaetica.coop\/eu\/wp-json\/wp\/v2\/posts\/344241\/revisions\/354631"}],"wp:featuredmedia":[{"embeddable":true,"href":"https:\/\/www.fiarebancaetica.coop\/eu\/wp-json\/wp\/v2\/media\/329263"}],"wp:attachment":[{"href":"https:\/\/www.fiarebancaetica.coop\/eu\/wp-json\/wp\/v2\/media?parent=344241"}],"wp:term":[{"taxonomy":"category","embeddable":true,"href":"https:\/\/www.fiarebancaetica.coop\/eu\/wp-json\/wp\/v2\/categories?post=344241"},{"taxonomy":"post_tag","embeddable":true,"href":"https:\/\/www.fiarebancaetica.coop\/eu\/wp-json\/wp\/v2\/tags?post=344241"},{"taxonomy":"author","embeddable":true,"href":"https:\/\/www.fiarebancaetica.coop\/eu\/wp-json\/wp\/v2\/coauthors?post=344241"}],"curies":[{"name":"wp","href":"https:\/\/api.w.org\/{rel}","templated":true}]}}