{"id":344354,"date":"2020-04-16T00:00:00","date_gmt":"2020-04-15T22:00:00","guid":{"rendered":"https:\/\/www.fiarebancaetica.coop\/la-globalizacion-de-la-idiotez\/"},"modified":"2024-02-21T15:23:27","modified_gmt":"2024-02-21T14:23:27","slug":"la-globalizacion-de-la-idiotez","status":"publish","type":"post","link":"https:\/\/www.fiarebancaetica.coop\/eu\/la-globalizacion-de-la-idiotez\/","title":{"rendered":"La globalizaci\u00f3n de la idiotez"},"content":{"rendered":"\n\n<div class=\"wp-block-bancaetica-blocks-blocks-block-49\">\n    <div class=\"container-block-49\">\n\n        <div class=\"header-section \">\n                            <h1 class=\"section-title\"> Etica e cooperativa <\/h1>\n                                            <\/div>\n\n        \n        <div class=\"block-background\" style=\"background-image: url('https:\/\/www.fiarebancaetica.coop\/app\/uploads\/sites\/2\/2023\/12\/globalizacion-de-idiotez.jpg')\">\n                            <div class=\"tile\">\n                    <h1 class=\"image-title\"> La globalizaci\u00f3n de la idiotez <\/h1>\n                <\/div>             <!-- end .tile -->\n            <div class=\"bottom-content\">\n                            <\/div> <!-- end .button-content -->\n        <\/div> <!-- end .block-background -->\n    <\/div> <!-- end .container -->\n<\/div> <!-- end wp-block-bancaetica-blocks-blocks-block-06 -->\n\n\n<div class=\"wrapper-crispybacon-class wrapper-crispybacon-class-boxed \">\n    <p><em><strong>Por Albert Gasch, responsable de Relaciones Asociativas<\/strong><\/em><br \/>\n\t&nbsp;<\/p>\n<p>Las \u00e9lites econ\u00f3micas se reunieron en Davos en enero de este a\u00f1o: presidentes de los principales gobiernos del mundo,el FMI, Banco Central Europeo, Organizaci\u00f3n Mundial del Comercio, la OCDE, y un largo etc\u00e9tera en el que podr\u00edamos decir que estaba representada la &#8220;inteligencia&#8221; econ\u00f3mica mundial. Hicieron muchos debates, profundas reflexiones y audaces intercambios. Lo cierto es que no acertaron ni una. Un peque\u00f1o ente que no llega ni a ser vivo dej\u00f3 en nada sus previsiones.<\/p>\n<p>En paralelo, un d\u00eda le\u00ed que una astr\u00f3loga argentina hab\u00eda predecido la pandemia y que dijo que esta finalizar\u00eda en junio. Desde luego me merece mucha m\u00e1s confianza la astr\u00f3loga que toda el grupo antes mencionado. Hasta me merece m\u00e1s confianza un mono tirando dardos en una diana. Esta es mi primera conclusi\u00f3n en la cuesti\u00f3n del coronavirus.<\/p>\n<p>La segunda conclusi\u00f3n es que <strong>la pandemia actual es fruto de nuestro sistema econ\u00f3mico<\/strong>. En numerosos art\u00edculos de viri\u00f3logos, bi\u00f3logos, epidemi\u00f3logos, se se\u00f1ala como causa de esta pandemia la progresiva invasi\u00f3n de espacios naturales: desforestaci\u00f3n, extractivismo, y a\u00f1adiendo en este caso, la mercantilizaci\u00f3n de animales salvajes. Todos ellos coinciden que la actividad humana provoca alteraciones en los ecosistemas, de manera que virus que se encuentran m\u00e1s o menos controlados en en entornos inexplorados, por la acci\u00f3n invasiva del hombre pasan del animal hu\u00e9sped al propio hombre.<br \/>\n\t<br \/>\n\tEs decir, la segunda conclusi\u00f3n, es que<strong> esta situaci\u00f3n la ha provocado un sistema que solo busca maximizar el beneficio <\/strong>aunque sea a costa de alterar, como en este caso, ecosistemas naturales con graves consecuencias.<\/p>\n<p>En tercer lugar, decir que m\u00e1s all\u00e1 de muchas cuestiones que se han escrito sobre el virus, como<strong> la necesidad de solidaridad para superar la crisis<\/strong>, las consecuencias econ\u00f3micas, la cuesti\u00f3n de la restricci\u00f3n de la libertad individual por cuestiones sanitarias, etc. para mi la cuesti\u00f3n m\u00e1s importante es que <strong>el sistema actual representa una amenaza para la supervivencia de la especie<\/strong>. Por ejemplo, este virus no va a acabar con el mundo, pero si seguimos el rumbo de los de Davos, nadie nos puede asegurar que otro virus mucho m\u00e1s letal y contagioso acabe con todo. Suena apocal\u00edptico, pero \u00bfalguien se hubiera imaginado hace unos meses que para ir al supermercado deber\u00edamos guardar un metro de distancia , que estar\u00edamos confinados en casa y que la gente llevar\u00eda m\u00e1scaras por la calle?<br \/>\n\t<br \/>\n\tComo dicen siempre con raz\u00f3n los eco-feministas, <strong>el actual sistema es enemigo de la vida<\/strong>. Sencillamente la destruye. Hablemos de cambio clim\u00e1tico o de pandemias, en todo ello hay el mismo mensaje, la destrucci\u00f3n de la vida por parte del sistema econ\u00f3mico.<br \/>\n\t<br \/>\n\tPor todo ello y volviendo a las \u00e9lites, cabe decir que trabajar de manera incansable y eficaz para destruir tu propio mundo, no parece inteligente, es m\u00e1s bien de idiotas. Cierto es que quiz\u00e1s el virus, que s\u00ed entiende de clases sociales, no les afectar\u00e1 tanto a ellos \u2013 me viene a la mente la foto de reconocido futbolista en su piscina climatizada diciendo &#8220;qu\u00e9date en casa&#8221;-, pero en realidad esta pandemia , en la que descubrimos que todo est\u00e1 interelacionado, tambi\u00e9n es una amenaza para su mundo.<\/p>\n<p>&#8220;<strong>Hoy las desigualdades explotan.<\/strong> <strong>Estamos amenazados en cualquier lugar por desastres pol\u00edticos y cat\u00e1strofes ambientales. Y no tenemos nada que oponer a todo esto sino banalidades&#8221;.<\/strong> Una frase que resume lo que estoy diciendo. La dice la premio Nobel de Econom\u00eda Esther Duflo.<\/p>\n<p>En cuarto lugar, otra reflexi\u00f3n que me causa la situaci\u00f3n actual, es <strong>la extra\u00f1a percepci\u00f3n de artificialidad del mundo en que vivimos<\/strong>. Trabajamos a toda velocidad, viajamos, participamos en mil actividades mientras el mundo, inexorablemente, se va deteriorando. Hay en la sociedad una especie de aceleraci\u00f3n neur\u00f3tica, en la que la mayor\u00eda de cosas que realizamos no son esenciales. Estos d\u00edas nos hemos de quedar en casa. Y a veces quedarse en casa es mucho m\u00e1s transformador que estar todo el d\u00eda intentando transformar (f\u00edjaros por ejemplo, en la contaminaci\u00f3n). Ya dec\u00eda Kafka \u201cqu\u00e9date en tu habitaci\u00f3n&#8230;y el mundo caer\u00e1 a tus pies\u201d. Creo que esta aceleraci\u00f3n tambi\u00e9n nos afecta a los que estamos en las finanzas \u00e9ticas. Quiz\u00e1s deber\u00edamos pensar en hacerlo mejor (viajar menos, por ejemplo).<\/p>\n<p>Hablando de finanzas \u00e9ticas desde Fiare Banca Etica estamos trabajando para cambiar las cosas, procurando crear un mundo mas justo y sostenible. Hay un elemento en nuestro modelo de finanzas \u00e9ticas, que adem\u00e1s, me parece esencial en esta situaci\u00f3n. Somos un banco \u00fanico en el mundo en nuestro modelo participativo. Invitamos a participar a nuestra base social, entendiendo por ello no solo internamente en la gobernanza del banco, sino externamente, intentando convencer a la sociedad que nuestra opci\u00f3n es la mejor, haciendo incidencia pol\u00edtica, intentando construir ciudadan\u00eda, incidiendo en lo p\u00fablico.<br \/>\n\t<br \/>\n\tHace poco uno de los j\u00f3venes que est\u00e1n en grupo de <a href=\"https:\/\/www.fiarebancaetica.coop\/blog\/jovenes-por-las-finanzas-eticas\">J\u00f3venes X Fiare<\/a>, me dec\u00eda que uno de los proyectos del grupo deb\u00eda ser incidir en las pol\u00edticas del banco. Le dije que me parec\u00eda muy bien, pero que lo m\u00e1s importante, a mi entender, es que incidieran en las pol\u00edticas del mundo, es decir, que salieran a fuera, al mundo, y que lo cambiaran. <strong>Esta dimensi\u00f3n de la participaci\u00f3n<\/strong>, hacia el exterior, la olvidamos frecuentemente, pero constituye <strong>uno de los elementos m\u00e1s importantes de nuestro banco<\/strong>. Y desde luego, en la situaci\u00f3n actual, m\u00e1s que nunca.<\/p>\n<p><strong>Algunos art\u00edculos sobre la cuesti\u00f3n<\/strong><\/p>\n<ul>\n\t<li>\n\t\t<a href=\"http:\/\/www.bbc.com\/mundo\/noticias-internacional-51796442\">www.bbc.com\/mundo\/noticias-internacional-51796442<\/a><\/li>\n\t<li>\n\t\t<a href=\"https:\/\/valori.it\/coronavirus-pandemie-sviluppo-insostenibile\">https:\/\/valori.it\/coronavirus-pandemie-sviluppo-insostenibile<\/a><\/li>\n\t<li>\n\t\t<a href=\"https:\/\/vientosur.info\/spip.php?article15833\">https:\/\/vientosur.info\/spip.php?article15833<\/a><\/li>\n\t<li>\n\t\t<a href=\"https:\/\/www.vientosur.info\/spip.php?article15743\">https:\/\/www.vientosur.info\/spip.php?article15743<\/a><\/li>\n<\/ul>\n<p><em>Foto de <a href=\"https:\/\/unsplash.com\/photos\/QaGNhezu_5Q\">Christopher Burns en Unsplash<\/a><\/em><\/p>\n<div>\n\t&nbsp;<\/div>\n<\/div>","protected":false},"excerpt":{"rendered":"<p>Las \u00e9lites econ\u00f3micas se reunieron en Davos en enero de este a\u00f1o: presidentes de los principales gobiernos del mundo,el FMI, Banco Central Europeo, Organizaci\u00f3n Mundial del Comercio, la OCDE, y un largo etc\u00e9tera en el que podr\u00edamos decir que estaba representada la &#8220;inteligencia&#8221; econ\u00f3mica mundial.&nbsp;<\/p>\n","protected":false},"author":2,"featured_media":329161,"comment_status":"open","ping_status":"closed","sticky":false,"template":"","format":"standard","meta":{"_acf_changed":false,"footnotes":""},"categories":[11644],"tags":[],"coauthors":[],"class_list":["post-344354","post","type-post","status-publish","format-standard","has-post-thumbnail","hentry","category-finantza-etikoak"],"acf":[],"yoast_head":"<!-- This site is optimized with the Yoast SEO plugin v26.9 - https:\/\/yoast.com\/product\/yoast-seo-wordpress\/ -->\n<title>La globalizaci\u00f3n de la idiotez - Fiare Banca Etica<\/title>\n<meta name=\"robots\" content=\"index, follow, max-snippet:-1, max-image-preview:large, max-video-preview:-1\" \/>\n<link rel=\"canonical\" href=\"https:\/\/www.fiarebancaetica.coop\/eu\/la-globalizacion-de-la-idiotez\/\" \/>\n<meta property=\"og:locale\" content=\"eu_ES\" \/>\n<meta property=\"og:type\" content=\"article\" \/>\n<meta property=\"og:title\" content=\"La globalizaci\u00f3n de la idiotez - Fiare Banca Etica\" \/>\n<meta property=\"og:description\" content=\"Las \u00e9lites econ\u00f3micas se reunieron en Davos en enero de este a\u00f1o: presidentes de los principales gobiernos del mundo,el FMI, Banco Central Europeo, Organizaci\u00f3n Mundial del Comercio, la OCDE, y un largo etc\u00e9tera en el que podr\u00edamos decir que estaba representada la &quot;inteligencia&quot; econ\u00f3mica mundial.&nbsp;\" \/>\n<meta property=\"og:url\" content=\"https:\/\/www.fiarebancaetica.coop\/eu\/la-globalizacion-de-la-idiotez\/\" \/>\n<meta property=\"og:site_name\" content=\"Fiare Banca Etica\" \/>\n<meta property=\"article:published_time\" content=\"2020-04-15T22:00:00+00:00\" \/>\n<meta property=\"article:modified_time\" content=\"2024-02-21T14:23:27+00:00\" \/>\n<meta property=\"og:image\" content=\"https:\/\/www.fiarebancaetica.coop\/app\/uploads\/sites\/2\/2023\/12\/globalizacion-de-idiotez.jpg\" \/>\n\t<meta property=\"og:image:width\" content=\"540\" \/>\n\t<meta property=\"og:image:height\" content=\"250\" \/>\n\t<meta property=\"og:image:type\" content=\"image\/jpeg\" \/>\n<meta name=\"author\" content=\"crispyadmin0\" \/>\n<meta name=\"twitter:card\" content=\"summary_large_image\" \/>\n<script type=\"application\/ld+json\" class=\"yoast-schema-graph\">{\"@context\":\"https:\/\/schema.org\",\"@graph\":[{\"@type\":\"Article\",\"@id\":\"https:\/\/www.fiarebancaetica.coop\/eu\/la-globalizacion-de-la-idiotez\/#article\",\"isPartOf\":{\"@id\":\"https:\/\/www.fiarebancaetica.coop\/eu\/la-globalizacion-de-la-idiotez\/\"},\"author\":{\"name\":\"crispyadmin0\",\"@id\":\"https:\/\/www.fiarebancaetica.coop\/eu\/#\/schema\/person\/579841e89c804b5db05d9141bd9b8272\"},\"headline\":\"La globalizaci\u00f3n de la idiotez\",\"datePublished\":\"2020-04-15T22:00:00+00:00\",\"dateModified\":\"2024-02-21T14:23:27+00:00\",\"mainEntityOfPage\":{\"@id\":\"https:\/\/www.fiarebancaetica.coop\/eu\/la-globalizacion-de-la-idiotez\/\"},\"wordCount\":1022,\"commentCount\":0,\"image\":{\"@id\":\"https:\/\/www.fiarebancaetica.coop\/eu\/la-globalizacion-de-la-idiotez\/#primaryimage\"},\"thumbnailUrl\":\"https:\/\/www.fiarebancaetica.coop\/app\/uploads\/sites\/2\/2023\/12\/globalizacion-de-idiotez.jpg\",\"articleSection\":[\"Finantza etikoak\"],\"inLanguage\":\"eu\",\"potentialAction\":[{\"@type\":\"CommentAction\",\"name\":\"Comment\",\"target\":[\"https:\/\/www.fiarebancaetica.coop\/eu\/la-globalizacion-de-la-idiotez\/#respond\"]}]},{\"@type\":\"WebPage\",\"@id\":\"https:\/\/www.fiarebancaetica.coop\/eu\/la-globalizacion-de-la-idiotez\/\",\"url\":\"https:\/\/www.fiarebancaetica.coop\/eu\/la-globalizacion-de-la-idiotez\/\",\"name\":\"La globalizaci\u00f3n de la idiotez - Fiare Banca Etica\",\"isPartOf\":{\"@id\":\"https:\/\/www.fiarebancaetica.coop\/eu\/#website\"},\"primaryImageOfPage\":{\"@id\":\"https:\/\/www.fiarebancaetica.coop\/eu\/la-globalizacion-de-la-idiotez\/#primaryimage\"},\"image\":{\"@id\":\"https:\/\/www.fiarebancaetica.coop\/eu\/la-globalizacion-de-la-idiotez\/#primaryimage\"},\"thumbnailUrl\":\"https:\/\/www.fiarebancaetica.coop\/app\/uploads\/sites\/2\/2023\/12\/globalizacion-de-idiotez.jpg\",\"datePublished\":\"2020-04-15T22:00:00+00:00\",\"dateModified\":\"2024-02-21T14:23:27+00:00\",\"author\":{\"@id\":\"https:\/\/www.fiarebancaetica.coop\/eu\/#\/schema\/person\/579841e89c804b5db05d9141bd9b8272\"},\"breadcrumb\":{\"@id\":\"https:\/\/www.fiarebancaetica.coop\/eu\/la-globalizacion-de-la-idiotez\/#breadcrumb\"},\"inLanguage\":\"eu\",\"potentialAction\":[{\"@type\":\"ReadAction\",\"target\":[\"https:\/\/www.fiarebancaetica.coop\/eu\/la-globalizacion-de-la-idiotez\/\"]}]},{\"@type\":\"ImageObject\",\"inLanguage\":\"eu\",\"@id\":\"https:\/\/www.fiarebancaetica.coop\/eu\/la-globalizacion-de-la-idiotez\/#primaryimage\",\"url\":\"https:\/\/www.fiarebancaetica.coop\/app\/uploads\/sites\/2\/2023\/12\/globalizacion-de-idiotez.jpg\",\"contentUrl\":\"https:\/\/www.fiarebancaetica.coop\/app\/uploads\/sites\/2\/2023\/12\/globalizacion-de-idiotez.jpg\",\"width\":540,\"height\":250},{\"@type\":\"BreadcrumbList\",\"@id\":\"https:\/\/www.fiarebancaetica.coop\/eu\/la-globalizacion-de-la-idiotez\/#breadcrumb\",\"itemListElement\":[{\"@type\":\"ListItem\",\"position\":1,\"name\":\"Home\",\"item\":\"https:\/\/www.fiarebancaetica.coop\/eu\/\"},{\"@type\":\"ListItem\",\"position\":2,\"name\":\"La globalizaci\u00f3n de la idiotez\"}]},{\"@type\":\"WebSite\",\"@id\":\"https:\/\/www.fiarebancaetica.coop\/eu\/#website\",\"url\":\"https:\/\/www.fiarebancaetica.coop\/eu\/\",\"name\":\"Fiare Banca Etica\",\"description\":\"\",\"potentialAction\":[{\"@type\":\"SearchAction\",\"target\":{\"@type\":\"EntryPoint\",\"urlTemplate\":\"https:\/\/www.fiarebancaetica.coop\/eu\/?s={search_term_string}\"},\"query-input\":{\"@type\":\"PropertyValueSpecification\",\"valueRequired\":true,\"valueName\":\"search_term_string\"}}],\"inLanguage\":\"eu\"},{\"@type\":\"Person\",\"@id\":\"https:\/\/www.fiarebancaetica.coop\/eu\/#\/schema\/person\/579841e89c804b5db05d9141bd9b8272\",\"name\":\"crispyadmin0\",\"image\":{\"@type\":\"ImageObject\",\"inLanguage\":\"eu\",\"@id\":\"https:\/\/www.fiarebancaetica.coop\/eu\/#\/schema\/person\/image\/5f3a6b7786f32f4c35bd2b1a5a4698ea\",\"url\":\"https:\/\/secure.gravatar.com\/avatar\/4d2cfb499d497b6d49da659fab7404b243a87fe8e40d2cf97a1cae48f677f5b2?s=96&d=mm&r=g\",\"contentUrl\":\"https:\/\/secure.gravatar.com\/avatar\/4d2cfb499d497b6d49da659fab7404b243a87fe8e40d2cf97a1cae48f677f5b2?s=96&d=mm&r=g\",\"caption\":\"crispyadmin0\"},\"sameAs\":[\"crispyadmin0\"]}]}<\/script>\n<!-- \/ Yoast SEO plugin. -->","yoast_head_json":{"title":"La globalizaci\u00f3n de la idiotez - Fiare Banca Etica","robots":{"index":"index","follow":"follow","max-snippet":"max-snippet:-1","max-image-preview":"max-image-preview:large","max-video-preview":"max-video-preview:-1"},"canonical":"https:\/\/www.fiarebancaetica.coop\/eu\/la-globalizacion-de-la-idiotez\/","og_locale":"eu_ES","og_type":"article","og_title":"La globalizaci\u00f3n de la idiotez - Fiare Banca Etica","og_description":"Las \u00e9lites econ\u00f3micas se reunieron en Davos en enero de este a\u00f1o: presidentes de los principales gobiernos del mundo,el FMI, Banco Central Europeo, Organizaci\u00f3n Mundial del Comercio, la OCDE, y un largo etc\u00e9tera en el que podr\u00edamos decir que estaba representada la \"inteligencia\" econ\u00f3mica mundial.&nbsp;","og_url":"https:\/\/www.fiarebancaetica.coop\/eu\/la-globalizacion-de-la-idiotez\/","og_site_name":"Fiare Banca Etica","article_published_time":"2020-04-15T22:00:00+00:00","article_modified_time":"2024-02-21T14:23:27+00:00","og_image":[{"width":540,"height":250,"url":"https:\/\/www.fiarebancaetica.coop\/app\/uploads\/sites\/2\/2023\/12\/globalizacion-de-idiotez.jpg","type":"image\/jpeg"}],"author":"crispyadmin0","twitter_card":"summary_large_image","schema":{"@context":"https:\/\/schema.org","@graph":[{"@type":"Article","@id":"https:\/\/www.fiarebancaetica.coop\/eu\/la-globalizacion-de-la-idiotez\/#article","isPartOf":{"@id":"https:\/\/www.fiarebancaetica.coop\/eu\/la-globalizacion-de-la-idiotez\/"},"author":{"name":"crispyadmin0","@id":"https:\/\/www.fiarebancaetica.coop\/eu\/#\/schema\/person\/579841e89c804b5db05d9141bd9b8272"},"headline":"La globalizaci\u00f3n de la idiotez","datePublished":"2020-04-15T22:00:00+00:00","dateModified":"2024-02-21T14:23:27+00:00","mainEntityOfPage":{"@id":"https:\/\/www.fiarebancaetica.coop\/eu\/la-globalizacion-de-la-idiotez\/"},"wordCount":1022,"commentCount":0,"image":{"@id":"https:\/\/www.fiarebancaetica.coop\/eu\/la-globalizacion-de-la-idiotez\/#primaryimage"},"thumbnailUrl":"https:\/\/www.fiarebancaetica.coop\/app\/uploads\/sites\/2\/2023\/12\/globalizacion-de-idiotez.jpg","articleSection":["Finantza etikoak"],"inLanguage":"eu","potentialAction":[{"@type":"CommentAction","name":"Comment","target":["https:\/\/www.fiarebancaetica.coop\/eu\/la-globalizacion-de-la-idiotez\/#respond"]}]},{"@type":"WebPage","@id":"https:\/\/www.fiarebancaetica.coop\/eu\/la-globalizacion-de-la-idiotez\/","url":"https:\/\/www.fiarebancaetica.coop\/eu\/la-globalizacion-de-la-idiotez\/","name":"La globalizaci\u00f3n de la idiotez - Fiare Banca Etica","isPartOf":{"@id":"https:\/\/www.fiarebancaetica.coop\/eu\/#website"},"primaryImageOfPage":{"@id":"https:\/\/www.fiarebancaetica.coop\/eu\/la-globalizacion-de-la-idiotez\/#primaryimage"},"image":{"@id":"https:\/\/www.fiarebancaetica.coop\/eu\/la-globalizacion-de-la-idiotez\/#primaryimage"},"thumbnailUrl":"https:\/\/www.fiarebancaetica.coop\/app\/uploads\/sites\/2\/2023\/12\/globalizacion-de-idiotez.jpg","datePublished":"2020-04-15T22:00:00+00:00","dateModified":"2024-02-21T14:23:27+00:00","author":{"@id":"https:\/\/www.fiarebancaetica.coop\/eu\/#\/schema\/person\/579841e89c804b5db05d9141bd9b8272"},"breadcrumb":{"@id":"https:\/\/www.fiarebancaetica.coop\/eu\/la-globalizacion-de-la-idiotez\/#breadcrumb"},"inLanguage":"eu","potentialAction":[{"@type":"ReadAction","target":["https:\/\/www.fiarebancaetica.coop\/eu\/la-globalizacion-de-la-idiotez\/"]}]},{"@type":"ImageObject","inLanguage":"eu","@id":"https:\/\/www.fiarebancaetica.coop\/eu\/la-globalizacion-de-la-idiotez\/#primaryimage","url":"https:\/\/www.fiarebancaetica.coop\/app\/uploads\/sites\/2\/2023\/12\/globalizacion-de-idiotez.jpg","contentUrl":"https:\/\/www.fiarebancaetica.coop\/app\/uploads\/sites\/2\/2023\/12\/globalizacion-de-idiotez.jpg","width":540,"height":250},{"@type":"BreadcrumbList","@id":"https:\/\/www.fiarebancaetica.coop\/eu\/la-globalizacion-de-la-idiotez\/#breadcrumb","itemListElement":[{"@type":"ListItem","position":1,"name":"Home","item":"https:\/\/www.fiarebancaetica.coop\/eu\/"},{"@type":"ListItem","position":2,"name":"La globalizaci\u00f3n de la idiotez"}]},{"@type":"WebSite","@id":"https:\/\/www.fiarebancaetica.coop\/eu\/#website","url":"https:\/\/www.fiarebancaetica.coop\/eu\/","name":"Fiare Banca Etica","description":"","potentialAction":[{"@type":"SearchAction","target":{"@type":"EntryPoint","urlTemplate":"https:\/\/www.fiarebancaetica.coop\/eu\/?s={search_term_string}"},"query-input":{"@type":"PropertyValueSpecification","valueRequired":true,"valueName":"search_term_string"}}],"inLanguage":"eu"},{"@type":"Person","@id":"https:\/\/www.fiarebancaetica.coop\/eu\/#\/schema\/person\/579841e89c804b5db05d9141bd9b8272","name":"crispyadmin0","image":{"@type":"ImageObject","inLanguage":"eu","@id":"https:\/\/www.fiarebancaetica.coop\/eu\/#\/schema\/person\/image\/5f3a6b7786f32f4c35bd2b1a5a4698ea","url":"https:\/\/secure.gravatar.com\/avatar\/4d2cfb499d497b6d49da659fab7404b243a87fe8e40d2cf97a1cae48f677f5b2?s=96&d=mm&r=g","contentUrl":"https:\/\/secure.gravatar.com\/avatar\/4d2cfb499d497b6d49da659fab7404b243a87fe8e40d2cf97a1cae48f677f5b2?s=96&d=mm&r=g","caption":"crispyadmin0"},"sameAs":["crispyadmin0"]}]}},"_links":{"self":[{"href":"https:\/\/www.fiarebancaetica.coop\/eu\/wp-json\/wp\/v2\/posts\/344354","targetHints":{"allow":["GET"]}}],"collection":[{"href":"https:\/\/www.fiarebancaetica.coop\/eu\/wp-json\/wp\/v2\/posts"}],"about":[{"href":"https:\/\/www.fiarebancaetica.coop\/eu\/wp-json\/wp\/v2\/types\/post"}],"author":[{"embeddable":true,"href":"https:\/\/www.fiarebancaetica.coop\/eu\/wp-json\/wp\/v2\/users\/2"}],"replies":[{"embeddable":true,"href":"https:\/\/www.fiarebancaetica.coop\/eu\/wp-json\/wp\/v2\/comments?post=344354"}],"version-history":[{"count":1,"href":"https:\/\/www.fiarebancaetica.coop\/eu\/wp-json\/wp\/v2\/posts\/344354\/revisions"}],"predecessor-version":[{"id":354562,"href":"https:\/\/www.fiarebancaetica.coop\/eu\/wp-json\/wp\/v2\/posts\/344354\/revisions\/354562"}],"wp:featuredmedia":[{"embeddable":true,"href":"https:\/\/www.fiarebancaetica.coop\/eu\/wp-json\/wp\/v2\/media\/329161"}],"wp:attachment":[{"href":"https:\/\/www.fiarebancaetica.coop\/eu\/wp-json\/wp\/v2\/media?parent=344354"}],"wp:term":[{"taxonomy":"category","embeddable":true,"href":"https:\/\/www.fiarebancaetica.coop\/eu\/wp-json\/wp\/v2\/categories?post=344354"},{"taxonomy":"post_tag","embeddable":true,"href":"https:\/\/www.fiarebancaetica.coop\/eu\/wp-json\/wp\/v2\/tags?post=344354"},{"taxonomy":"author","embeddable":true,"href":"https:\/\/www.fiarebancaetica.coop\/eu\/wp-json\/wp\/v2\/coauthors?post=344354"}],"curies":[{"name":"wp","href":"https:\/\/api.w.org\/{rel}","templated":true}]}}