{"id":344388,"date":"2020-03-23T00:00:00","date_gmt":"2020-03-22T23:00:00","guid":{"rendered":"https:\/\/www.fiarebancaetica.coop\/el-mayor-interes-es-el-interes-colectivo-ahora-mas-que-nunca\/"},"modified":"2024-02-21T15:23:56","modified_gmt":"2024-02-21T14:23:56","slug":"el-mayor-interes-es-el-interes-colectivo-ahora-mas-que-nunca","status":"publish","type":"post","link":"https:\/\/www.fiarebancaetica.coop\/eu\/el-mayor-interes-es-el-interes-colectivo-ahora-mas-que-nunca\/","title":{"rendered":"El mayor inter\u00e9s es el inter\u00e9s colectivo&#8230; Ahora m\u00e1s que nunca"},"content":{"rendered":"\n\n<div class=\"wp-block-bancaetica-blocks-blocks-block-49\">\n    <div class=\"container-block-49\">\n\n        <div class=\"header-section \">\n                            <h1 class=\"section-title\"> Etica e cooperativa <\/h1>\n                                            <\/div>\n\n        \n        <div class=\"block-background\" style=\"background-image: url('https:\/\/www.fiarebancaetica.coop\/app\/uploads\/sites\/2\/2023\/12\/el-mayor-interes-es-el-interes-colectivo-ahora-mas-que-nunca.png')\">\n                            <div class=\"tile\">\n                    <h1 class=\"image-title\"> El mayor inter\u00e9s es el inter\u00e9s colectivo&#8230; Ahora m\u00e1s que nunca <\/h1>\n                <\/div>             <!-- end .tile -->\n            <div class=\"bottom-content\">\n                            <\/div> <!-- end .button-content -->\n        <\/div> <!-- end .block-background -->\n    <\/div> <!-- end .container -->\n<\/div> <!-- end wp-block-bancaetica-blocks-blocks-block-06 -->\n\n\n<div class=\"wrapper-crispybacon-class wrapper-crispybacon-class-boxed \">\n    <p><em><strong>Por Chiara Bannella, comunicaci\u00f3n y prensa en Banca Etica<\/strong><\/em><\/p>\n<p><br \/>\n\tEn estos d\u00edas, cuando el pa\u00eds est\u00e1 <strong>experimentando una emergencia nunca antes vista<\/strong> y nuestras vidas cotidianas est\u00e1n distorsionadas por medidas para contener la propagaci\u00f3n del nuevo coronavirus covid-19, el lema de Fiare Banca Etica <strong>&#8220;El mayor inter\u00e9s es el inter\u00e9s colectivo&#8221; asume un significado m\u00e1s amplio<\/strong> y profundo de lo que generalmente le atribuimos.<br \/>\n\t<br \/>\n\tSe requiere que millones de personas en perfecto estado de salud abandonen la escuela, el cine, el teatro, los conciertos y las fiestas para<strong> frenar la propagaci\u00f3n de infecciones <\/strong>y as\u00ed <strong>proteger a las m\u00e1s fr\u00e1giles<\/strong> que corren el riesgo de sufrir consecuencias muy graves.<br \/>\n\t<br \/>\n\tAl respetar estas reglas, <strong>hacemos lo mejor para nosotros&nbsp;<\/strong>(evitamos enfermarnos, evitamos colapsar las instalaciones de atenci\u00f3n m\u00e9dica que nosotros y nuestros seres queridos tambi\u00e9n podemos necesitar para otras enfermedades) y al mismo tiempo hacemos <strong>lo mejor para la comunidad<\/strong>, para los dem\u00e1s.<\/p>\n<p><img decoding=\"async\" alt=\"\" src=\"http:\/\/www.fiarebancaetica.coop\/app\/uploads\/sites\/2\/2023\/12\/nessuno-si-salva-da-solo-siria.png\" style=\"width: 500px; height: 661px;\" \/><br \/>\n\t<br \/>\n\tAunque es dif\u00edcil para todos estos d\u00edas mirar m\u00e1s alla de&nbsp; nuestra vida cotidiana, la epidemia hace tangible la conciencia de que nadie se salva. Y nos ofrece la posibilidad de <strong>bajar el escudo de indiferencia<\/strong> que hemos construido hacia las tragedias humanitarias que est\u00e1n ocurriendo muy cerca y que nos afectan a todas las personas, nos guste o no.<br \/>\n\t<br \/>\n\t<strong>La indiferencia es el resultado de una sensaci\u00f3n de impotencia:<\/strong> desafortunadamente ya nos hemos indignado cientos, miles de veces por guerras y violaciones de los derechos humanos en todo el mundo. Salimos a las calles, firmamos peticiones, boicoteamos estados y multinacionales involucradas&#8230; y todav\u00eda tenemos que presenciar inmensas tragedias como las que han estado sucediendo durante 9 a\u00f1os en Siria, y en campamentos de refugiados en Turqu\u00eda e incluso en un pa\u00eds miembro de nuestra UE, como Grecia.<\/p>\n<h2>\n\tSin embargo, podemos hacer algo, colaborar est\u00e1 en nuestras manos<\/h2>\n<p>Podemos hacer algo a partir de <strong>un peque\u00f1o gesto: hacer donaciones a organizaciones <\/strong>que con competencia, pasi\u00f3n y profesionalidad trabajan en&nbsp; para ofrecer toda la ayuda posible a las v\u00edctimas de la guerra, de traficantes&#8230; y as\u00ed mejorar las condiciones de vida de miles de personas.<br \/>\n\t<br \/>\n\t<strong>Entre las organizaciones socias y clientes de Fiare Banca Etica, hay muchas que merecen nuestra donaci\u00f3n:<\/strong><\/p>\n<p><strong>&nbsp; &nbsp; &nbsp; &nbsp; &nbsp; Cooperaci\u00f3n:<\/strong><\/p>\n<ul>\n\t<li>\n\t\t<a href=\"https:\/\/syria.caritas.org\/es\/siria\"><strong>Caritas<\/strong><\/a><\/li>\n\t<li>\n\t\t<a href=\"https:\/\/www.oxfam.org\/es\/que-hacemos\/emergencias\/crisis-en-siria\"><strong>Intermon-Oxfam<\/strong><\/a><\/li>\n\t<li>\n\t\t<strong><a href=\"http:\/\/www.alboan.org\/es\/actualidad\/entreculturas\">Entreculturas-Alboan<\/a><\/strong><\/li>\n\t<li>\n\t\t<strong><a href=\"http:\/\/www.setem.org\/site\/es\/federacion\">Setem<\/a><\/strong><\/li>\n\t<li>\n\t\t<strong><a href=\"https:\/\/www.justiciaipau.org\/es\/\">Just\u00edcia i Pau<\/a><\/strong><\/li>\n\t<li>\n\t\t<strong><a href=\"http:\/\/www.lafede.cat\/\">LaFede<\/a><\/strong><\/li>\n\t<li>\n\t\t<strong><a href=\"http:\/\/calcutaondoan.org\/\">Calcuta Ondoan<\/a><\/strong><br \/>\n\t\t<br \/>\n\t\t<br \/>\n\t\t<strong>Rescate en el Mediterr\u00e1neo :<\/strong><\/li>\n\t<li>\n\t\t<strong><a href=\"https:\/\/www.smh.eus\/index.php\/es\/quienes-somos\/\">Salvamento Mar\u00edtimo Humanitario<\/a><\/strong><\/li>\n<\/ul>\n<\/div>","protected":false},"excerpt":{"rendered":"<p>En estos d\u00edas, cuando el pa\u00eds est\u00e1 experimentando una emergencia nunca antes vista y nuestras vidas cotidianas est\u00e1n distorsionadas por medidas para contener la propagaci\u00f3n del nuevo coronavirus covid-19, el lema de Banca Etica &#8220;El mayor inter\u00e9s es el inter\u00e9s colectivo&#8221; asume un significado m\u00e1s amplio y profundo de lo que generalmente le atribuimos.<\/p>\n","protected":false},"author":2,"featured_media":329131,"comment_status":"open","ping_status":"closed","sticky":false,"template":"","format":"standard","meta":{"_acf_changed":false,"footnotes":""},"categories":[11644],"tags":[],"coauthors":[],"class_list":["post-344388","post","type-post","status-publish","format-standard","has-post-thumbnail","hentry","category-finantza-etikoak"],"acf":[],"yoast_head":"<!-- This site is optimized with the Yoast SEO plugin v26.9 - https:\/\/yoast.com\/product\/yoast-seo-wordpress\/ -->\n<title>El mayor inter\u00e9s es el inter\u00e9s colectivo... Ahora m\u00e1s que nunca - Fiare Banca Etica<\/title>\n<meta name=\"robots\" content=\"index, follow, max-snippet:-1, max-image-preview:large, max-video-preview:-1\" \/>\n<link rel=\"canonical\" href=\"https:\/\/www.fiarebancaetica.coop\/eu\/el-mayor-interes-es-el-interes-colectivo-ahora-mas-que-nunca\/\" \/>\n<meta property=\"og:locale\" content=\"eu_ES\" \/>\n<meta property=\"og:type\" content=\"article\" \/>\n<meta property=\"og:title\" content=\"El mayor inter\u00e9s es el inter\u00e9s colectivo... Ahora m\u00e1s que nunca - Fiare Banca Etica\" \/>\n<meta property=\"og:description\" content=\"En estos d\u00edas, cuando el pa\u00eds est\u00e1 experimentando una emergencia nunca antes vista y nuestras vidas cotidianas est\u00e1n distorsionadas por medidas para contener la propagaci\u00f3n del nuevo coronavirus covid-19, el lema de Banca Etica &quot;El mayor inter\u00e9s es el inter\u00e9s colectivo&quot; asume un significado m\u00e1s amplio y profundo de lo que generalmente le atribuimos.\" \/>\n<meta property=\"og:url\" content=\"https:\/\/www.fiarebancaetica.coop\/eu\/el-mayor-interes-es-el-interes-colectivo-ahora-mas-que-nunca\/\" \/>\n<meta property=\"og:site_name\" content=\"Fiare Banca Etica\" \/>\n<meta property=\"article:published_time\" content=\"2020-03-22T23:00:00+00:00\" \/>\n<meta property=\"article:modified_time\" content=\"2024-02-21T14:23:56+00:00\" \/>\n<meta property=\"og:image\" content=\"https:\/\/www.fiarebancaetica.coop\/app\/uploads\/sites\/2\/2023\/12\/el-mayor-interes-es-el-interes-colectivo-ahora-mas-que-nunca.png\" \/>\n\t<meta property=\"og:image:width\" content=\"540\" \/>\n\t<meta property=\"og:image:height\" content=\"189\" \/>\n\t<meta property=\"og:image:type\" content=\"image\/png\" \/>\n<meta name=\"author\" content=\"crispyadmin0\" \/>\n<meta name=\"twitter:card\" content=\"summary_large_image\" \/>\n<script type=\"application\/ld+json\" class=\"yoast-schema-graph\">{\"@context\":\"https:\/\/schema.org\",\"@graph\":[{\"@type\":\"Article\",\"@id\":\"https:\/\/www.fiarebancaetica.coop\/eu\/el-mayor-interes-es-el-interes-colectivo-ahora-mas-que-nunca\/#article\",\"isPartOf\":{\"@id\":\"https:\/\/www.fiarebancaetica.coop\/eu\/el-mayor-interes-es-el-interes-colectivo-ahora-mas-que-nunca\/\"},\"author\":{\"name\":\"crispyadmin0\",\"@id\":\"https:\/\/www.fiarebancaetica.coop\/eu\/#\/schema\/person\/579841e89c804b5db05d9141bd9b8272\"},\"headline\":\"El mayor inter\u00e9s es el inter\u00e9s colectivo&#8230; Ahora m\u00e1s que nunca\",\"datePublished\":\"2020-03-22T23:00:00+00:00\",\"dateModified\":\"2024-02-21T14:23:56+00:00\",\"mainEntityOfPage\":{\"@id\":\"https:\/\/www.fiarebancaetica.coop\/eu\/el-mayor-interes-es-el-interes-colectivo-ahora-mas-que-nunca\/\"},\"wordCount\":433,\"commentCount\":0,\"image\":{\"@id\":\"https:\/\/www.fiarebancaetica.coop\/eu\/el-mayor-interes-es-el-interes-colectivo-ahora-mas-que-nunca\/#primaryimage\"},\"thumbnailUrl\":\"https:\/\/www.fiarebancaetica.coop\/app\/uploads\/sites\/2\/2023\/12\/el-mayor-interes-es-el-interes-colectivo-ahora-mas-que-nunca.png\",\"articleSection\":[\"Finantza etikoak\"],\"inLanguage\":\"eu\",\"potentialAction\":[{\"@type\":\"CommentAction\",\"name\":\"Comment\",\"target\":[\"https:\/\/www.fiarebancaetica.coop\/eu\/el-mayor-interes-es-el-interes-colectivo-ahora-mas-que-nunca\/#respond\"]}]},{\"@type\":\"WebPage\",\"@id\":\"https:\/\/www.fiarebancaetica.coop\/eu\/el-mayor-interes-es-el-interes-colectivo-ahora-mas-que-nunca\/\",\"url\":\"https:\/\/www.fiarebancaetica.coop\/eu\/el-mayor-interes-es-el-interes-colectivo-ahora-mas-que-nunca\/\",\"name\":\"El mayor inter\u00e9s es el inter\u00e9s colectivo... Ahora m\u00e1s que nunca - Fiare Banca Etica\",\"isPartOf\":{\"@id\":\"https:\/\/www.fiarebancaetica.coop\/eu\/#website\"},\"primaryImageOfPage\":{\"@id\":\"https:\/\/www.fiarebancaetica.coop\/eu\/el-mayor-interes-es-el-interes-colectivo-ahora-mas-que-nunca\/#primaryimage\"},\"image\":{\"@id\":\"https:\/\/www.fiarebancaetica.coop\/eu\/el-mayor-interes-es-el-interes-colectivo-ahora-mas-que-nunca\/#primaryimage\"},\"thumbnailUrl\":\"https:\/\/www.fiarebancaetica.coop\/app\/uploads\/sites\/2\/2023\/12\/el-mayor-interes-es-el-interes-colectivo-ahora-mas-que-nunca.png\",\"datePublished\":\"2020-03-22T23:00:00+00:00\",\"dateModified\":\"2024-02-21T14:23:56+00:00\",\"author\":{\"@id\":\"https:\/\/www.fiarebancaetica.coop\/eu\/#\/schema\/person\/579841e89c804b5db05d9141bd9b8272\"},\"breadcrumb\":{\"@id\":\"https:\/\/www.fiarebancaetica.coop\/eu\/el-mayor-interes-es-el-interes-colectivo-ahora-mas-que-nunca\/#breadcrumb\"},\"inLanguage\":\"eu\",\"potentialAction\":[{\"@type\":\"ReadAction\",\"target\":[\"https:\/\/www.fiarebancaetica.coop\/eu\/el-mayor-interes-es-el-interes-colectivo-ahora-mas-que-nunca\/\"]}]},{\"@type\":\"ImageObject\",\"inLanguage\":\"eu\",\"@id\":\"https:\/\/www.fiarebancaetica.coop\/eu\/el-mayor-interes-es-el-interes-colectivo-ahora-mas-que-nunca\/#primaryimage\",\"url\":\"https:\/\/www.fiarebancaetica.coop\/app\/uploads\/sites\/2\/2023\/12\/el-mayor-interes-es-el-interes-colectivo-ahora-mas-que-nunca.png\",\"contentUrl\":\"https:\/\/www.fiarebancaetica.coop\/app\/uploads\/sites\/2\/2023\/12\/el-mayor-interes-es-el-interes-colectivo-ahora-mas-que-nunca.png\",\"width\":540,\"height\":189},{\"@type\":\"BreadcrumbList\",\"@id\":\"https:\/\/www.fiarebancaetica.coop\/eu\/el-mayor-interes-es-el-interes-colectivo-ahora-mas-que-nunca\/#breadcrumb\",\"itemListElement\":[{\"@type\":\"ListItem\",\"position\":1,\"name\":\"Home\",\"item\":\"https:\/\/www.fiarebancaetica.coop\/eu\/\"},{\"@type\":\"ListItem\",\"position\":2,\"name\":\"El mayor inter\u00e9s es el inter\u00e9s colectivo&#8230; Ahora m\u00e1s que nunca\"}]},{\"@type\":\"WebSite\",\"@id\":\"https:\/\/www.fiarebancaetica.coop\/eu\/#website\",\"url\":\"https:\/\/www.fiarebancaetica.coop\/eu\/\",\"name\":\"Fiare Banca Etica\",\"description\":\"\",\"potentialAction\":[{\"@type\":\"SearchAction\",\"target\":{\"@type\":\"EntryPoint\",\"urlTemplate\":\"https:\/\/www.fiarebancaetica.coop\/eu\/?s={search_term_string}\"},\"query-input\":{\"@type\":\"PropertyValueSpecification\",\"valueRequired\":true,\"valueName\":\"search_term_string\"}}],\"inLanguage\":\"eu\"},{\"@type\":\"Person\",\"@id\":\"https:\/\/www.fiarebancaetica.coop\/eu\/#\/schema\/person\/579841e89c804b5db05d9141bd9b8272\",\"name\":\"crispyadmin0\",\"image\":{\"@type\":\"ImageObject\",\"inLanguage\":\"eu\",\"@id\":\"https:\/\/www.fiarebancaetica.coop\/eu\/#\/schema\/person\/image\/5f3a6b7786f32f4c35bd2b1a5a4698ea\",\"url\":\"https:\/\/secure.gravatar.com\/avatar\/4d2cfb499d497b6d49da659fab7404b243a87fe8e40d2cf97a1cae48f677f5b2?s=96&d=mm&r=g\",\"contentUrl\":\"https:\/\/secure.gravatar.com\/avatar\/4d2cfb499d497b6d49da659fab7404b243a87fe8e40d2cf97a1cae48f677f5b2?s=96&d=mm&r=g\",\"caption\":\"crispyadmin0\"},\"sameAs\":[\"crispyadmin0\"]}]}<\/script>\n<!-- \/ Yoast SEO plugin. -->","yoast_head_json":{"title":"El mayor inter\u00e9s es el inter\u00e9s colectivo... Ahora m\u00e1s que nunca - Fiare Banca Etica","robots":{"index":"index","follow":"follow","max-snippet":"max-snippet:-1","max-image-preview":"max-image-preview:large","max-video-preview":"max-video-preview:-1"},"canonical":"https:\/\/www.fiarebancaetica.coop\/eu\/el-mayor-interes-es-el-interes-colectivo-ahora-mas-que-nunca\/","og_locale":"eu_ES","og_type":"article","og_title":"El mayor inter\u00e9s es el inter\u00e9s colectivo... Ahora m\u00e1s que nunca - Fiare Banca Etica","og_description":"En estos d\u00edas, cuando el pa\u00eds est\u00e1 experimentando una emergencia nunca antes vista y nuestras vidas cotidianas est\u00e1n distorsionadas por medidas para contener la propagaci\u00f3n del nuevo coronavirus covid-19, el lema de Banca Etica \"El mayor inter\u00e9s es el inter\u00e9s colectivo\" asume un significado m\u00e1s amplio y profundo de lo que generalmente le atribuimos.","og_url":"https:\/\/www.fiarebancaetica.coop\/eu\/el-mayor-interes-es-el-interes-colectivo-ahora-mas-que-nunca\/","og_site_name":"Fiare Banca Etica","article_published_time":"2020-03-22T23:00:00+00:00","article_modified_time":"2024-02-21T14:23:56+00:00","og_image":[{"width":540,"height":189,"url":"https:\/\/www.fiarebancaetica.coop\/app\/uploads\/sites\/2\/2023\/12\/el-mayor-interes-es-el-interes-colectivo-ahora-mas-que-nunca.png","type":"image\/png"}],"author":"crispyadmin0","twitter_card":"summary_large_image","schema":{"@context":"https:\/\/schema.org","@graph":[{"@type":"Article","@id":"https:\/\/www.fiarebancaetica.coop\/eu\/el-mayor-interes-es-el-interes-colectivo-ahora-mas-que-nunca\/#article","isPartOf":{"@id":"https:\/\/www.fiarebancaetica.coop\/eu\/el-mayor-interes-es-el-interes-colectivo-ahora-mas-que-nunca\/"},"author":{"name":"crispyadmin0","@id":"https:\/\/www.fiarebancaetica.coop\/eu\/#\/schema\/person\/579841e89c804b5db05d9141bd9b8272"},"headline":"El mayor inter\u00e9s es el inter\u00e9s colectivo&#8230; Ahora m\u00e1s que nunca","datePublished":"2020-03-22T23:00:00+00:00","dateModified":"2024-02-21T14:23:56+00:00","mainEntityOfPage":{"@id":"https:\/\/www.fiarebancaetica.coop\/eu\/el-mayor-interes-es-el-interes-colectivo-ahora-mas-que-nunca\/"},"wordCount":433,"commentCount":0,"image":{"@id":"https:\/\/www.fiarebancaetica.coop\/eu\/el-mayor-interes-es-el-interes-colectivo-ahora-mas-que-nunca\/#primaryimage"},"thumbnailUrl":"https:\/\/www.fiarebancaetica.coop\/app\/uploads\/sites\/2\/2023\/12\/el-mayor-interes-es-el-interes-colectivo-ahora-mas-que-nunca.png","articleSection":["Finantza etikoak"],"inLanguage":"eu","potentialAction":[{"@type":"CommentAction","name":"Comment","target":["https:\/\/www.fiarebancaetica.coop\/eu\/el-mayor-interes-es-el-interes-colectivo-ahora-mas-que-nunca\/#respond"]}]},{"@type":"WebPage","@id":"https:\/\/www.fiarebancaetica.coop\/eu\/el-mayor-interes-es-el-interes-colectivo-ahora-mas-que-nunca\/","url":"https:\/\/www.fiarebancaetica.coop\/eu\/el-mayor-interes-es-el-interes-colectivo-ahora-mas-que-nunca\/","name":"El mayor inter\u00e9s es el inter\u00e9s colectivo... Ahora m\u00e1s que nunca - Fiare Banca Etica","isPartOf":{"@id":"https:\/\/www.fiarebancaetica.coop\/eu\/#website"},"primaryImageOfPage":{"@id":"https:\/\/www.fiarebancaetica.coop\/eu\/el-mayor-interes-es-el-interes-colectivo-ahora-mas-que-nunca\/#primaryimage"},"image":{"@id":"https:\/\/www.fiarebancaetica.coop\/eu\/el-mayor-interes-es-el-interes-colectivo-ahora-mas-que-nunca\/#primaryimage"},"thumbnailUrl":"https:\/\/www.fiarebancaetica.coop\/app\/uploads\/sites\/2\/2023\/12\/el-mayor-interes-es-el-interes-colectivo-ahora-mas-que-nunca.png","datePublished":"2020-03-22T23:00:00+00:00","dateModified":"2024-02-21T14:23:56+00:00","author":{"@id":"https:\/\/www.fiarebancaetica.coop\/eu\/#\/schema\/person\/579841e89c804b5db05d9141bd9b8272"},"breadcrumb":{"@id":"https:\/\/www.fiarebancaetica.coop\/eu\/el-mayor-interes-es-el-interes-colectivo-ahora-mas-que-nunca\/#breadcrumb"},"inLanguage":"eu","potentialAction":[{"@type":"ReadAction","target":["https:\/\/www.fiarebancaetica.coop\/eu\/el-mayor-interes-es-el-interes-colectivo-ahora-mas-que-nunca\/"]}]},{"@type":"ImageObject","inLanguage":"eu","@id":"https:\/\/www.fiarebancaetica.coop\/eu\/el-mayor-interes-es-el-interes-colectivo-ahora-mas-que-nunca\/#primaryimage","url":"https:\/\/www.fiarebancaetica.coop\/app\/uploads\/sites\/2\/2023\/12\/el-mayor-interes-es-el-interes-colectivo-ahora-mas-que-nunca.png","contentUrl":"https:\/\/www.fiarebancaetica.coop\/app\/uploads\/sites\/2\/2023\/12\/el-mayor-interes-es-el-interes-colectivo-ahora-mas-que-nunca.png","width":540,"height":189},{"@type":"BreadcrumbList","@id":"https:\/\/www.fiarebancaetica.coop\/eu\/el-mayor-interes-es-el-interes-colectivo-ahora-mas-que-nunca\/#breadcrumb","itemListElement":[{"@type":"ListItem","position":1,"name":"Home","item":"https:\/\/www.fiarebancaetica.coop\/eu\/"},{"@type":"ListItem","position":2,"name":"El mayor inter\u00e9s es el inter\u00e9s colectivo&#8230; Ahora m\u00e1s que nunca"}]},{"@type":"WebSite","@id":"https:\/\/www.fiarebancaetica.coop\/eu\/#website","url":"https:\/\/www.fiarebancaetica.coop\/eu\/","name":"Fiare Banca Etica","description":"","potentialAction":[{"@type":"SearchAction","target":{"@type":"EntryPoint","urlTemplate":"https:\/\/www.fiarebancaetica.coop\/eu\/?s={search_term_string}"},"query-input":{"@type":"PropertyValueSpecification","valueRequired":true,"valueName":"search_term_string"}}],"inLanguage":"eu"},{"@type":"Person","@id":"https:\/\/www.fiarebancaetica.coop\/eu\/#\/schema\/person\/579841e89c804b5db05d9141bd9b8272","name":"crispyadmin0","image":{"@type":"ImageObject","inLanguage":"eu","@id":"https:\/\/www.fiarebancaetica.coop\/eu\/#\/schema\/person\/image\/5f3a6b7786f32f4c35bd2b1a5a4698ea","url":"https:\/\/secure.gravatar.com\/avatar\/4d2cfb499d497b6d49da659fab7404b243a87fe8e40d2cf97a1cae48f677f5b2?s=96&d=mm&r=g","contentUrl":"https:\/\/secure.gravatar.com\/avatar\/4d2cfb499d497b6d49da659fab7404b243a87fe8e40d2cf97a1cae48f677f5b2?s=96&d=mm&r=g","caption":"crispyadmin0"},"sameAs":["crispyadmin0"]}]}},"_links":{"self":[{"href":"https:\/\/www.fiarebancaetica.coop\/eu\/wp-json\/wp\/v2\/posts\/344388","targetHints":{"allow":["GET"]}}],"collection":[{"href":"https:\/\/www.fiarebancaetica.coop\/eu\/wp-json\/wp\/v2\/posts"}],"about":[{"href":"https:\/\/www.fiarebancaetica.coop\/eu\/wp-json\/wp\/v2\/types\/post"}],"author":[{"embeddable":true,"href":"https:\/\/www.fiarebancaetica.coop\/eu\/wp-json\/wp\/v2\/users\/2"}],"replies":[{"embeddable":true,"href":"https:\/\/www.fiarebancaetica.coop\/eu\/wp-json\/wp\/v2\/comments?post=344388"}],"version-history":[{"count":2,"href":"https:\/\/www.fiarebancaetica.coop\/eu\/wp-json\/wp\/v2\/posts\/344388\/revisions"}],"predecessor-version":[{"id":354543,"href":"https:\/\/www.fiarebancaetica.coop\/eu\/wp-json\/wp\/v2\/posts\/344388\/revisions\/354543"}],"wp:featuredmedia":[{"embeddable":true,"href":"https:\/\/www.fiarebancaetica.coop\/eu\/wp-json\/wp\/v2\/media\/329131"}],"wp:attachment":[{"href":"https:\/\/www.fiarebancaetica.coop\/eu\/wp-json\/wp\/v2\/media?parent=344388"}],"wp:term":[{"taxonomy":"category","embeddable":true,"href":"https:\/\/www.fiarebancaetica.coop\/eu\/wp-json\/wp\/v2\/categories?post=344388"},{"taxonomy":"post_tag","embeddable":true,"href":"https:\/\/www.fiarebancaetica.coop\/eu\/wp-json\/wp\/v2\/tags?post=344388"},{"taxonomy":"author","embeddable":true,"href":"https:\/\/www.fiarebancaetica.coop\/eu\/wp-json\/wp\/v2\/coauthors?post=344388"}],"curies":[{"name":"wp","href":"https:\/\/api.w.org\/{rel}","templated":true}]}}