{"id":344416,"date":"2020-03-06T00:00:00","date_gmt":"2020-03-05T23:00:00","guid":{"rendered":"https:\/\/www.fiarebancaetica.coop\/aumentar-la-accesibilidad-al-credito-eliminando-barreras-de-genero-y-culturales-anna-fasano-presidenta-de-banca-etica\/"},"modified":"2024-02-21T15:26:02","modified_gmt":"2024-02-21T14:26:02","slug":"aumentar-la-accesibilidad-al-credito-eliminando-barreras-de-genero-y-culturales-anna-fasano-presidenta-de-banca-etica","status":"publish","type":"post","link":"https:\/\/www.fiarebancaetica.coop\/eu\/aumentar-la-accesibilidad-al-credito-eliminando-barreras-de-genero-y-culturales-anna-fasano-presidenta-de-banca-etica\/","title":{"rendered":"&#8220;Aumentar la accesibilidad al cr\u00e9dito eliminando barreras de g\u00e9nero y culturales&#8221; Anna Fasano, presidenta de Banca Etica"},"content":{"rendered":"\n\n<div class=\"wp-block-bancaetica-blocks-blocks-block-49\">\n    <div class=\"container-block-49\">\n\n        <div class=\"header-section \">\n                            <h1 class=\"section-title\"> Finantza etikoak <\/h1>\n                                            <\/div>\n\n                    <hr style=\"height:1px\" \/>\n        \n        <div class=\"block-background\" style=\"background-image: url('')\">\n                        <!-- end .tile -->\n            <div class=\"bottom-content\">\n                            <\/div> <!-- end .button-content -->\n        <\/div> <!-- end .block-background -->\n    <\/div> <!-- end .container -->\n<\/div> <!-- end wp-block-bancaetica-blocks-blocks-block-06 -->\n\n\n<div class=\"wrapper-crispybacon-class wrapper-crispybacon-class-boxed \">\n    <p>Con motivo del 8 de Marzo y el anivesario de Banca Etica, entrevistamos a Anna Fasano, primera presidenta del banco.&nbsp;<\/p>\n<h2>\n\tLlevas 18 a\u00f1os siendo socia y participando en Banca Etica. \u00bfC\u00f3mo la conociste y cu\u00e1l ha sido el proceso hasta llegar a ser presidenta?<\/h2>\n<p>Conoc\u00ed a Banca Etica al escribir mi tesis de grado &#8220;El papel de los bancos en el desarrollo sostenible&#8221;; un viaje que comenz\u00f3 hace 18 a\u00f1os que me acerc\u00f3 como socia, primero miembro del Grupo de Iniciativa Territorial (GIT) y luego como evaluadora social del cr\u00e9dito. A propuesta de los miembros de Friuli Venezia Giulia, comenc\u00e9 el viaje para formar parte del Consejo de Administraci\u00f3n. En mi trayectoria anterior, durante 20 a\u00f1os en el campo de la cooperaci\u00f3n internacional y la vivienda social, he podido trabajar en la puesta en marcha de actividades econ\u00f3micas y sociales que ponen a la persona y al medio ambiente en el centro.<\/p>\n<h2>\n\t\u00bfC\u00f3mo es actualmente la composici\u00f3n del Consejo de Administraci\u00f3n?<\/h2>\n<p><strong>Actualmente somos 5 mujeres y 8 hombres<\/strong>. Hace unos a\u00f1os <strong>vivimos un consejo con una mayor\u00eda de mujeres<\/strong>. Mi aprendizaje ha sido que la posibilidad de construir caminos de gobernanza cooperativa, de fortalecer la visi\u00f3n estrat\u00e9gica del banco con un enfoque a medio plazo es mayor, cuanta m\u00e1s presencia de mujeres haya en los \u00f3rganos rectores de las entidades.<br \/>\n\t<br \/>\n\tPor lo tanto, es importante no solo que haya una buena combinaci\u00f3n en el equipo, sino que exista la posibilidad de dar voz a los pensamientos, a diferentes enfoques y que representen la<strong> &#8220;pluralidad&#8221;<\/strong> y la colegialidad.<\/p>\n<h2>\n\tHoy en d\u00eda no hay pr\u00e1cticamente presidentas o directoras en las empresas del mundo financiero. \u00bfPor qu\u00e9 crees que se da esa barrera?<\/h2>\n<p>El n\u00famero de mujeres en los consejos de administraci\u00f3n est\u00e1 aumentando, gracias tambi\u00e9n a algunas reglas presentes en muchos pa\u00edses europeos: imponer cuotas&nbsp; es un primer paso para permitir el acceso de las mujeres a lugares donde hasta hace poco se encontraban con un techo de cristal.<\/p>\n<p>Las recientes indicaciones del EBA (Autoridad Bancaria Europea) son muy claras al identificar en la &#8220;diversidad&#8221; de habilidades, caminos culturales, edad, pertenencia territorial y g\u00e9nero, la fuerza del m\u00e1ximo \u00f3rgano de direcci\u00f3n de una entidad.<\/p>\n<p>El desaf\u00edo que debe abordarse de inmediato es que en relaci\u00f3n con los roles gerenciales, <strong>todav\u00eda son muy pocas las mujeres que acceden a los roles de CEO y CFO<\/strong>.<br \/>\n\t<br \/>\n\tSe deben alentar caminos gerenciales que permitan a todos (hombres y mujeres) crecer profesionalmente y poner sus habilidades y servicios a disposici\u00f3n de las empresas.<br \/>\n\t<br \/>\n\tNecesitamos pol\u00edticas valientes que no permitan brechas salariales de &#8220;g\u00e9nero&#8221;, diferencias salariales que giran entorno al 20%.<\/p>\n<p><img decoding=\"async\" alt=\"\" src=\"http:\/\/www.fiarebancaetica.coop\/app\/uploads\/sites\/2\/2023\/12\/anna1.jpg\" style=\"width: 500px; height: 327px;\" \/><\/p>\n<h2>\n\t\u00bfQu\u00e9 propuestas en temas de g\u00e9nero crees que Banca Etica puede desarrollar en el futuro?<\/h2>\n<p><strong>Banca Etica puede y debe &#8220;revolucionar&#8221; los contextos econ\u00f3micos y sociales<\/strong> en los que est\u00e1 presente. Ciertamente es importante (dir\u00eda que indispensable), actuar sobre pol\u00edticas internas e implementar m\u00e1s herramientas que permitan el acceso a los roles principales para las mujeres.<br \/>\n\t<br \/>\n\tEl modelo organizacional todav\u00eda usa un lenguaje &#8220;masculino&#8221;, el trabajo a distancia es ciertamente una herramienta muy importante, pero tambi\u00e9n podemos pensar en mejorar algunos procesos que permitan una reconciliaci\u00f3n cada vez mayor de la vida y los tiempos de trabajo.<\/p>\n<p>Sin embargo, tambi\u00e9n debemos actuar con todos nuestros miembros, trabajar con nuestras personas socias y clientas, compa\u00f1eras de viaje en pol\u00edticas, acciones y herramientas que realmente permitan ese empoderamiento femenino del que muchas hablamos.<\/p>\n<p>Banca Etica puede, por ejemplo, trabajar en sinergia con los diversos territorios en la inclusi\u00f3n financiera. De hecho, los datos de la brecha de g\u00e9nero se confirman tambi\u00e9n en t\u00e9rminos de educaci\u00f3n financiera, del 5% en todo el mundo.<\/p>\n<p>Por \u00faltimo, pero no menos importante, la lectura de la din\u00e1mica asociativa de nuestros portadores de valor, en particular de los miembros organizados en los territorios; muchos caminos que colocan el g\u00e9nero y el tema intergeneracional como espacios en los que todos los miembros est\u00e1n llamados a comprometerse con la accesibilidad que tiene un lenguaje cada vez m\u00e1s plural.<\/p>\n<h2>\n\t<br \/>\n\t\u00bfQu\u00e9 aporta Banca Etica en la situaci\u00f3n socioecon\u00f3mica actual, en pa\u00edses como Espa\u00f1a e Italia?<\/h2>\n<p><br \/>\n\tBanca Etica, o m\u00e1s bien, el Grupo BE se enfrenta a sus<strong> &#8220;segundos 20 a\u00f1os&#8221; en un contexto financiero, econ\u00f3mico y social en plena evoluci\u00f3n<\/strong>.<br \/>\n\t<br \/>\n\tLas finanzas cada vez m\u00e1s desconectadas de la econom\u00eda y en manos de unos pocos grupos bancarios grandes y un modelo econ\u00f3mico que demuestra sus l\u00edmites, ha experimentado con varias alternativas, pero siempre es un esclavo del modelo convencional.<br \/>\n\t<br \/>\n\tLas finanzas \u00e9ticas pueden revertir este paradigma, o m\u00e1s bien comenzar el viaje transfiriendo recursos de sectores y empresas controvertidos a aquellos que se centran en las comunidades y el medio ambiente; puede hacer crecer la econom\u00eda social emergente que se basa en la cooperaci\u00f3n, el intercambio y la colaboraci\u00f3n y, sobre todo, puede despertar a la ciudadan\u00eda devolviendo el poder de elecci\u00f3n en sus manos.<br \/>\n\t<br \/>\n\t<strong>\u00a1hay mucho trabajo para las finanzas \u00e9ticas!<\/strong><\/p>\n<h2>\n\tY en ese contexto, \u00bfc\u00f3mo proyectas tu presidencia de Banca Etica?<\/h2>\n<p>El trabajo del Consejo de Administraci\u00f3n que dirijo tendr\u00e1 que centrarse cada vez m\u00e1s en algunos <strong>elementos clave<\/strong>:&nbsp;<strong>GRUPO, ALIANZAS y ACCESIBILIDAD.<\/strong><br \/>\n\t<br \/>\n\tCada vez m\u00e1s tendremos que trabajar en completa sinergia sobre el tema de la financiaci\u00f3n &#8211; inversiones &#8211; caminos culturales como el Grupo Banca Etica.<br \/>\n\t<br \/>\n\tBanca Etica tendr\u00e1 que desarrollar m\u00e1s alianzas nacionales e internacionales con temas financieros y econ\u00f3micos y por un lado, fortalecer las alianzas europeas y mundiales, por otro lado, construir relaciones cada vez mayores con socios econ\u00f3micos en comunidades individuales.<br \/>\n\t<br \/>\n\tEl <strong>desaf\u00edo <\/strong>para Banca Etica en los pr\u00f3ximos a\u00f1os ser\u00e1 <strong>continuar aumentando la accesibilidad al circuito \u00e9tico de finanzas trabajando en las barreras territoriales, culturales, econ\u00f3micas y g\u00e9nero<\/strong>. Y no solo estoy hablando de lo digital, sino de la capacidad de acompa\u00f1ar los temas econ\u00f3micos y sociales del futuro de hoy.<\/p>\n<p><img decoding=\"async\" alt=\"\" src=\"http:\/\/www.fiarebancaetica.coop\/app\/uploads\/sites\/2\/2023\/12\/anna2.jpg\" style=\"width: 500px; height: 293px;\" \/><\/p>\n<\/div>","protected":false},"excerpt":{"rendered":"<p>Conoci\u00f3 Banca Etica al escribir sutesis de grado &#8220;El papel de los bancos en el desarrollo sostenible&#8221;; un viaje que comenz\u00f3 hace 18 a\u00f1os que le acerc\u00f3 como socia, primero miembro del Grupo de Iniciativa Territorial (GIT), luego como evaluadora social del cr\u00e9dito y, a propuesta de los miembros de Friuli Venezia Giulia, comenz\u00f3 el viaje para formar parte del Consejo de Administraci\u00f3n.<\/p>\n","protected":false},"author":2,"featured_media":329101,"comment_status":"open","ping_status":"closed","sticky":false,"template":"","format":"standard","meta":{"_acf_changed":false,"footnotes":""},"categories":[11644],"tags":[],"coauthors":[],"class_list":["post-344416","post","type-post","status-publish","format-standard","has-post-thumbnail","hentry","category-finantza-etikoak"],"acf":[],"yoast_head":"<!-- This site is optimized with the Yoast SEO plugin v26.9 - https:\/\/yoast.com\/product\/yoast-seo-wordpress\/ -->\n<title>&quot;Aumentar la accesibilidad al cr\u00e9dito eliminando barreras de g\u00e9nero y culturales&quot; Anna Fasano, presidenta de Banca Etica - Fiare Banca Etica<\/title>\n<meta name=\"robots\" content=\"index, follow, max-snippet:-1, max-image-preview:large, max-video-preview:-1\" \/>\n<link rel=\"canonical\" href=\"https:\/\/www.fiarebancaetica.coop\/eu\/aumentar-la-accesibilidad-al-credito-eliminando-barreras-de-genero-y-culturales-anna-fasano-presidenta-de-banca-etica\/\" \/>\n<meta property=\"og:locale\" content=\"eu_ES\" \/>\n<meta property=\"og:type\" content=\"article\" \/>\n<meta property=\"og:title\" content=\"&quot;Aumentar la accesibilidad al cr\u00e9dito eliminando barreras de g\u00e9nero y culturales&quot; Anna Fasano, presidenta de Banca Etica - Fiare Banca Etica\" \/>\n<meta property=\"og:description\" content=\"Conoci\u00f3 Banca Etica al escribir sutesis de grado &quot;El papel de los bancos en el desarrollo sostenible&quot;; un viaje que comenz\u00f3 hace 18 a\u00f1os que le acerc\u00f3 como socia, primero miembro del Grupo de Iniciativa Territorial (GIT), luego como evaluadora social del cr\u00e9dito y, a propuesta de los miembros de Friuli Venezia Giulia, comenz\u00f3 el viaje para formar parte del Consejo de Administraci\u00f3n.\" \/>\n<meta property=\"og:url\" content=\"https:\/\/www.fiarebancaetica.coop\/eu\/aumentar-la-accesibilidad-al-credito-eliminando-barreras-de-genero-y-culturales-anna-fasano-presidenta-de-banca-etica\/\" \/>\n<meta property=\"og:site_name\" content=\"Fiare Banca Etica\" \/>\n<meta property=\"article:published_time\" content=\"2020-03-05T23:00:00+00:00\" \/>\n<meta property=\"article:modified_time\" content=\"2024-02-21T14:26:02+00:00\" \/>\n<meta property=\"og:image\" content=\"https:\/\/www.fiarebancaetica.coop\/app\/uploads\/sites\/2\/2023\/12\/entrevista-anna-fasano.jpg\" \/>\n\t<meta property=\"og:image:width\" content=\"540\" \/>\n\t<meta property=\"og:image:height\" content=\"250\" \/>\n\t<meta property=\"og:image:type\" content=\"image\/jpeg\" \/>\n<meta name=\"author\" content=\"crispyadmin0\" \/>\n<meta name=\"twitter:card\" content=\"summary_large_image\" \/>\n<script type=\"application\/ld+json\" class=\"yoast-schema-graph\">{\"@context\":\"https:\/\/schema.org\",\"@graph\":[{\"@type\":\"Article\",\"@id\":\"https:\/\/www.fiarebancaetica.coop\/eu\/aumentar-la-accesibilidad-al-credito-eliminando-barreras-de-genero-y-culturales-anna-fasano-presidenta-de-banca-etica\/#article\",\"isPartOf\":{\"@id\":\"https:\/\/www.fiarebancaetica.coop\/eu\/aumentar-la-accesibilidad-al-credito-eliminando-barreras-de-genero-y-culturales-anna-fasano-presidenta-de-banca-etica\/\"},\"author\":{\"name\":\"crispyadmin0\",\"@id\":\"https:\/\/www.fiarebancaetica.coop\/eu\/#\/schema\/person\/579841e89c804b5db05d9141bd9b8272\"},\"headline\":\"&#8220;Aumentar la accesibilidad al cr\u00e9dito eliminando barreras de g\u00e9nero y culturales&#8221; Anna Fasano, presidenta de Banca Etica\",\"datePublished\":\"2020-03-05T23:00:00+00:00\",\"dateModified\":\"2024-02-21T14:26:02+00:00\",\"mainEntityOfPage\":{\"@id\":\"https:\/\/www.fiarebancaetica.coop\/eu\/aumentar-la-accesibilidad-al-credito-eliminando-barreras-de-genero-y-culturales-anna-fasano-presidenta-de-banca-etica\/\"},\"wordCount\":1062,\"commentCount\":0,\"image\":{\"@id\":\"https:\/\/www.fiarebancaetica.coop\/eu\/aumentar-la-accesibilidad-al-credito-eliminando-barreras-de-genero-y-culturales-anna-fasano-presidenta-de-banca-etica\/#primaryimage\"},\"thumbnailUrl\":\"https:\/\/www.fiarebancaetica.coop\/app\/uploads\/sites\/2\/2023\/12\/entrevista-anna-fasano.jpg\",\"articleSection\":[\"Finantza etikoak\"],\"inLanguage\":\"eu\",\"potentialAction\":[{\"@type\":\"CommentAction\",\"name\":\"Comment\",\"target\":[\"https:\/\/www.fiarebancaetica.coop\/eu\/aumentar-la-accesibilidad-al-credito-eliminando-barreras-de-genero-y-culturales-anna-fasano-presidenta-de-banca-etica\/#respond\"]}]},{\"@type\":\"WebPage\",\"@id\":\"https:\/\/www.fiarebancaetica.coop\/eu\/aumentar-la-accesibilidad-al-credito-eliminando-barreras-de-genero-y-culturales-anna-fasano-presidenta-de-banca-etica\/\",\"url\":\"https:\/\/www.fiarebancaetica.coop\/eu\/aumentar-la-accesibilidad-al-credito-eliminando-barreras-de-genero-y-culturales-anna-fasano-presidenta-de-banca-etica\/\",\"name\":\"\\\"Aumentar la accesibilidad al cr\u00e9dito eliminando barreras de g\u00e9nero y culturales\\\" Anna Fasano, presidenta de Banca Etica - Fiare Banca Etica\",\"isPartOf\":{\"@id\":\"https:\/\/www.fiarebancaetica.coop\/eu\/#website\"},\"primaryImageOfPage\":{\"@id\":\"https:\/\/www.fiarebancaetica.coop\/eu\/aumentar-la-accesibilidad-al-credito-eliminando-barreras-de-genero-y-culturales-anna-fasano-presidenta-de-banca-etica\/#primaryimage\"},\"image\":{\"@id\":\"https:\/\/www.fiarebancaetica.coop\/eu\/aumentar-la-accesibilidad-al-credito-eliminando-barreras-de-genero-y-culturales-anna-fasano-presidenta-de-banca-etica\/#primaryimage\"},\"thumbnailUrl\":\"https:\/\/www.fiarebancaetica.coop\/app\/uploads\/sites\/2\/2023\/12\/entrevista-anna-fasano.jpg\",\"datePublished\":\"2020-03-05T23:00:00+00:00\",\"dateModified\":\"2024-02-21T14:26:02+00:00\",\"author\":{\"@id\":\"https:\/\/www.fiarebancaetica.coop\/eu\/#\/schema\/person\/579841e89c804b5db05d9141bd9b8272\"},\"breadcrumb\":{\"@id\":\"https:\/\/www.fiarebancaetica.coop\/eu\/aumentar-la-accesibilidad-al-credito-eliminando-barreras-de-genero-y-culturales-anna-fasano-presidenta-de-banca-etica\/#breadcrumb\"},\"inLanguage\":\"eu\",\"potentialAction\":[{\"@type\":\"ReadAction\",\"target\":[\"https:\/\/www.fiarebancaetica.coop\/eu\/aumentar-la-accesibilidad-al-credito-eliminando-barreras-de-genero-y-culturales-anna-fasano-presidenta-de-banca-etica\/\"]}]},{\"@type\":\"ImageObject\",\"inLanguage\":\"eu\",\"@id\":\"https:\/\/www.fiarebancaetica.coop\/eu\/aumentar-la-accesibilidad-al-credito-eliminando-barreras-de-genero-y-culturales-anna-fasano-presidenta-de-banca-etica\/#primaryimage\",\"url\":\"https:\/\/www.fiarebancaetica.coop\/app\/uploads\/sites\/2\/2023\/12\/entrevista-anna-fasano.jpg\",\"contentUrl\":\"https:\/\/www.fiarebancaetica.coop\/app\/uploads\/sites\/2\/2023\/12\/entrevista-anna-fasano.jpg\",\"width\":540,\"height\":250},{\"@type\":\"BreadcrumbList\",\"@id\":\"https:\/\/www.fiarebancaetica.coop\/eu\/aumentar-la-accesibilidad-al-credito-eliminando-barreras-de-genero-y-culturales-anna-fasano-presidenta-de-banca-etica\/#breadcrumb\",\"itemListElement\":[{\"@type\":\"ListItem\",\"position\":1,\"name\":\"Home\",\"item\":\"https:\/\/www.fiarebancaetica.coop\/eu\/\"},{\"@type\":\"ListItem\",\"position\":2,\"name\":\"&#8220;Aumentar la accesibilidad al cr\u00e9dito eliminando barreras de g\u00e9nero y culturales&#8221; Anna Fasano, presidenta de Banca Etica\"}]},{\"@type\":\"WebSite\",\"@id\":\"https:\/\/www.fiarebancaetica.coop\/eu\/#website\",\"url\":\"https:\/\/www.fiarebancaetica.coop\/eu\/\",\"name\":\"Fiare Banca Etica\",\"description\":\"\",\"potentialAction\":[{\"@type\":\"SearchAction\",\"target\":{\"@type\":\"EntryPoint\",\"urlTemplate\":\"https:\/\/www.fiarebancaetica.coop\/eu\/?s={search_term_string}\"},\"query-input\":{\"@type\":\"PropertyValueSpecification\",\"valueRequired\":true,\"valueName\":\"search_term_string\"}}],\"inLanguage\":\"eu\"},{\"@type\":\"Person\",\"@id\":\"https:\/\/www.fiarebancaetica.coop\/eu\/#\/schema\/person\/579841e89c804b5db05d9141bd9b8272\",\"name\":\"crispyadmin0\",\"image\":{\"@type\":\"ImageObject\",\"inLanguage\":\"eu\",\"@id\":\"https:\/\/www.fiarebancaetica.coop\/eu\/#\/schema\/person\/image\/5f3a6b7786f32f4c35bd2b1a5a4698ea\",\"url\":\"https:\/\/secure.gravatar.com\/avatar\/4d2cfb499d497b6d49da659fab7404b243a87fe8e40d2cf97a1cae48f677f5b2?s=96&d=mm&r=g\",\"contentUrl\":\"https:\/\/secure.gravatar.com\/avatar\/4d2cfb499d497b6d49da659fab7404b243a87fe8e40d2cf97a1cae48f677f5b2?s=96&d=mm&r=g\",\"caption\":\"crispyadmin0\"},\"sameAs\":[\"crispyadmin0\"]}]}<\/script>\n<!-- \/ Yoast SEO plugin. -->","yoast_head_json":{"title":"\"Aumentar la accesibilidad al cr\u00e9dito eliminando barreras de g\u00e9nero y culturales\" Anna Fasano, presidenta de Banca Etica - Fiare Banca Etica","robots":{"index":"index","follow":"follow","max-snippet":"max-snippet:-1","max-image-preview":"max-image-preview:large","max-video-preview":"max-video-preview:-1"},"canonical":"https:\/\/www.fiarebancaetica.coop\/eu\/aumentar-la-accesibilidad-al-credito-eliminando-barreras-de-genero-y-culturales-anna-fasano-presidenta-de-banca-etica\/","og_locale":"eu_ES","og_type":"article","og_title":"\"Aumentar la accesibilidad al cr\u00e9dito eliminando barreras de g\u00e9nero y culturales\" Anna Fasano, presidenta de Banca Etica - Fiare Banca Etica","og_description":"Conoci\u00f3 Banca Etica al escribir sutesis de grado \"El papel de los bancos en el desarrollo sostenible\"; un viaje que comenz\u00f3 hace 18 a\u00f1os que le acerc\u00f3 como socia, primero miembro del Grupo de Iniciativa Territorial (GIT), luego como evaluadora social del cr\u00e9dito y, a propuesta de los miembros de Friuli Venezia Giulia, comenz\u00f3 el viaje para formar parte del Consejo de Administraci\u00f3n.","og_url":"https:\/\/www.fiarebancaetica.coop\/eu\/aumentar-la-accesibilidad-al-credito-eliminando-barreras-de-genero-y-culturales-anna-fasano-presidenta-de-banca-etica\/","og_site_name":"Fiare Banca Etica","article_published_time":"2020-03-05T23:00:00+00:00","article_modified_time":"2024-02-21T14:26:02+00:00","og_image":[{"width":540,"height":250,"url":"https:\/\/www.fiarebancaetica.coop\/app\/uploads\/sites\/2\/2023\/12\/entrevista-anna-fasano.jpg","type":"image\/jpeg"}],"author":"crispyadmin0","twitter_card":"summary_large_image","schema":{"@context":"https:\/\/schema.org","@graph":[{"@type":"Article","@id":"https:\/\/www.fiarebancaetica.coop\/eu\/aumentar-la-accesibilidad-al-credito-eliminando-barreras-de-genero-y-culturales-anna-fasano-presidenta-de-banca-etica\/#article","isPartOf":{"@id":"https:\/\/www.fiarebancaetica.coop\/eu\/aumentar-la-accesibilidad-al-credito-eliminando-barreras-de-genero-y-culturales-anna-fasano-presidenta-de-banca-etica\/"},"author":{"name":"crispyadmin0","@id":"https:\/\/www.fiarebancaetica.coop\/eu\/#\/schema\/person\/579841e89c804b5db05d9141bd9b8272"},"headline":"&#8220;Aumentar la accesibilidad al cr\u00e9dito eliminando barreras de g\u00e9nero y culturales&#8221; Anna Fasano, presidenta de Banca Etica","datePublished":"2020-03-05T23:00:00+00:00","dateModified":"2024-02-21T14:26:02+00:00","mainEntityOfPage":{"@id":"https:\/\/www.fiarebancaetica.coop\/eu\/aumentar-la-accesibilidad-al-credito-eliminando-barreras-de-genero-y-culturales-anna-fasano-presidenta-de-banca-etica\/"},"wordCount":1062,"commentCount":0,"image":{"@id":"https:\/\/www.fiarebancaetica.coop\/eu\/aumentar-la-accesibilidad-al-credito-eliminando-barreras-de-genero-y-culturales-anna-fasano-presidenta-de-banca-etica\/#primaryimage"},"thumbnailUrl":"https:\/\/www.fiarebancaetica.coop\/app\/uploads\/sites\/2\/2023\/12\/entrevista-anna-fasano.jpg","articleSection":["Finantza etikoak"],"inLanguage":"eu","potentialAction":[{"@type":"CommentAction","name":"Comment","target":["https:\/\/www.fiarebancaetica.coop\/eu\/aumentar-la-accesibilidad-al-credito-eliminando-barreras-de-genero-y-culturales-anna-fasano-presidenta-de-banca-etica\/#respond"]}]},{"@type":"WebPage","@id":"https:\/\/www.fiarebancaetica.coop\/eu\/aumentar-la-accesibilidad-al-credito-eliminando-barreras-de-genero-y-culturales-anna-fasano-presidenta-de-banca-etica\/","url":"https:\/\/www.fiarebancaetica.coop\/eu\/aumentar-la-accesibilidad-al-credito-eliminando-barreras-de-genero-y-culturales-anna-fasano-presidenta-de-banca-etica\/","name":"\"Aumentar la accesibilidad al cr\u00e9dito eliminando barreras de g\u00e9nero y culturales\" Anna Fasano, presidenta de Banca Etica - Fiare Banca Etica","isPartOf":{"@id":"https:\/\/www.fiarebancaetica.coop\/eu\/#website"},"primaryImageOfPage":{"@id":"https:\/\/www.fiarebancaetica.coop\/eu\/aumentar-la-accesibilidad-al-credito-eliminando-barreras-de-genero-y-culturales-anna-fasano-presidenta-de-banca-etica\/#primaryimage"},"image":{"@id":"https:\/\/www.fiarebancaetica.coop\/eu\/aumentar-la-accesibilidad-al-credito-eliminando-barreras-de-genero-y-culturales-anna-fasano-presidenta-de-banca-etica\/#primaryimage"},"thumbnailUrl":"https:\/\/www.fiarebancaetica.coop\/app\/uploads\/sites\/2\/2023\/12\/entrevista-anna-fasano.jpg","datePublished":"2020-03-05T23:00:00+00:00","dateModified":"2024-02-21T14:26:02+00:00","author":{"@id":"https:\/\/www.fiarebancaetica.coop\/eu\/#\/schema\/person\/579841e89c804b5db05d9141bd9b8272"},"breadcrumb":{"@id":"https:\/\/www.fiarebancaetica.coop\/eu\/aumentar-la-accesibilidad-al-credito-eliminando-barreras-de-genero-y-culturales-anna-fasano-presidenta-de-banca-etica\/#breadcrumb"},"inLanguage":"eu","potentialAction":[{"@type":"ReadAction","target":["https:\/\/www.fiarebancaetica.coop\/eu\/aumentar-la-accesibilidad-al-credito-eliminando-barreras-de-genero-y-culturales-anna-fasano-presidenta-de-banca-etica\/"]}]},{"@type":"ImageObject","inLanguage":"eu","@id":"https:\/\/www.fiarebancaetica.coop\/eu\/aumentar-la-accesibilidad-al-credito-eliminando-barreras-de-genero-y-culturales-anna-fasano-presidenta-de-banca-etica\/#primaryimage","url":"https:\/\/www.fiarebancaetica.coop\/app\/uploads\/sites\/2\/2023\/12\/entrevista-anna-fasano.jpg","contentUrl":"https:\/\/www.fiarebancaetica.coop\/app\/uploads\/sites\/2\/2023\/12\/entrevista-anna-fasano.jpg","width":540,"height":250},{"@type":"BreadcrumbList","@id":"https:\/\/www.fiarebancaetica.coop\/eu\/aumentar-la-accesibilidad-al-credito-eliminando-barreras-de-genero-y-culturales-anna-fasano-presidenta-de-banca-etica\/#breadcrumb","itemListElement":[{"@type":"ListItem","position":1,"name":"Home","item":"https:\/\/www.fiarebancaetica.coop\/eu\/"},{"@type":"ListItem","position":2,"name":"&#8220;Aumentar la accesibilidad al cr\u00e9dito eliminando barreras de g\u00e9nero y culturales&#8221; Anna Fasano, presidenta de Banca Etica"}]},{"@type":"WebSite","@id":"https:\/\/www.fiarebancaetica.coop\/eu\/#website","url":"https:\/\/www.fiarebancaetica.coop\/eu\/","name":"Fiare Banca Etica","description":"","potentialAction":[{"@type":"SearchAction","target":{"@type":"EntryPoint","urlTemplate":"https:\/\/www.fiarebancaetica.coop\/eu\/?s={search_term_string}"},"query-input":{"@type":"PropertyValueSpecification","valueRequired":true,"valueName":"search_term_string"}}],"inLanguage":"eu"},{"@type":"Person","@id":"https:\/\/www.fiarebancaetica.coop\/eu\/#\/schema\/person\/579841e89c804b5db05d9141bd9b8272","name":"crispyadmin0","image":{"@type":"ImageObject","inLanguage":"eu","@id":"https:\/\/www.fiarebancaetica.coop\/eu\/#\/schema\/person\/image\/5f3a6b7786f32f4c35bd2b1a5a4698ea","url":"https:\/\/secure.gravatar.com\/avatar\/4d2cfb499d497b6d49da659fab7404b243a87fe8e40d2cf97a1cae48f677f5b2?s=96&d=mm&r=g","contentUrl":"https:\/\/secure.gravatar.com\/avatar\/4d2cfb499d497b6d49da659fab7404b243a87fe8e40d2cf97a1cae48f677f5b2?s=96&d=mm&r=g","caption":"crispyadmin0"},"sameAs":["crispyadmin0"]}]}},"_links":{"self":[{"href":"https:\/\/www.fiarebancaetica.coop\/eu\/wp-json\/wp\/v2\/posts\/344416","targetHints":{"allow":["GET"]}}],"collection":[{"href":"https:\/\/www.fiarebancaetica.coop\/eu\/wp-json\/wp\/v2\/posts"}],"about":[{"href":"https:\/\/www.fiarebancaetica.coop\/eu\/wp-json\/wp\/v2\/types\/post"}],"author":[{"embeddable":true,"href":"https:\/\/www.fiarebancaetica.coop\/eu\/wp-json\/wp\/v2\/users\/2"}],"replies":[{"embeddable":true,"href":"https:\/\/www.fiarebancaetica.coop\/eu\/wp-json\/wp\/v2\/comments?post=344416"}],"version-history":[{"count":1,"href":"https:\/\/www.fiarebancaetica.coop\/eu\/wp-json\/wp\/v2\/posts\/344416\/revisions"}],"predecessor-version":[{"id":354524,"href":"https:\/\/www.fiarebancaetica.coop\/eu\/wp-json\/wp\/v2\/posts\/344416\/revisions\/354524"}],"wp:featuredmedia":[{"embeddable":true,"href":"https:\/\/www.fiarebancaetica.coop\/eu\/wp-json\/wp\/v2\/media\/329101"}],"wp:attachment":[{"href":"https:\/\/www.fiarebancaetica.coop\/eu\/wp-json\/wp\/v2\/media?parent=344416"}],"wp:term":[{"taxonomy":"category","embeddable":true,"href":"https:\/\/www.fiarebancaetica.coop\/eu\/wp-json\/wp\/v2\/categories?post=344416"},{"taxonomy":"post_tag","embeddable":true,"href":"https:\/\/www.fiarebancaetica.coop\/eu\/wp-json\/wp\/v2\/tags?post=344416"},{"taxonomy":"author","embeddable":true,"href":"https:\/\/www.fiarebancaetica.coop\/eu\/wp-json\/wp\/v2\/coauthors?post=344416"}],"curies":[{"name":"wp","href":"https:\/\/api.w.org\/{rel}","templated":true}]}}