{"id":344458,"date":"2020-02-03T00:00:00","date_gmt":"2020-02-02T23:00:00","guid":{"rendered":"https:\/\/www.fiarebancaetica.coop\/solo-la-lucha-contra-las-desigualdades-puede-relanzar-la-economia-mundial\/"},"modified":"2024-02-21T15:26:41","modified_gmt":"2024-02-21T14:26:41","slug":"solo-la-lucha-contra-las-desigualdades-puede-relanzar-la-economia-mundial","status":"publish","type":"post","link":"https:\/\/www.fiarebancaetica.coop\/eu\/solo-la-lucha-contra-las-desigualdades-puede-relanzar-la-economia-mundial\/","title":{"rendered":"SOLO LA LUCHA CONTRA LAS DESIGUALDADES PUEDE RELANZAR LA ECONOM\u00cdA MUNDIAL"},"content":{"rendered":"\n\n<div class=\"wp-block-bancaetica-blocks-blocks-block-49\">\n    <div class=\"container-block-49\">\n\n        <div class=\"header-section \">\n                            <h1 class=\"section-title\"> Etica e cooperativa <\/h1>\n                                            <\/div>\n\n        \n        <div class=\"block-background\" style=\"background-image: url('https:\/\/www.fiarebancaetica.coop\/app\/uploads\/sites\/2\/2023\/12\/solo-lucha-contra-las-desigualdades-puede-relanzar-economia-mundial.jpg')\">\n                            <div class=\"tile\">\n                    <h1 class=\"image-title\"> SOLO LA LUCHA CONTRA LAS DESIGUALDADES PUEDE RELANZAR LA ECONOM\u00cdA MUNDIAL <\/h1>\n                <\/div>             <!-- end .tile -->\n            <div class=\"bottom-content\">\n                            <\/div> <!-- end .button-content -->\n        <\/div> <!-- end .block-background -->\n    <\/div> <!-- end .container -->\n<\/div> <!-- end wp-block-bancaetica-blocks-blocks-block-06 -->\n\n\n<div class=\"wrapper-crispybacon-class wrapper-crispybacon-class-boxed \">\n    <h2>\n\tAdvertencia de Oxfam en el Foro de Davos<\/h2>\n<p><br \/>\n\t<em><strong>por Elisa Bacciotti, consejera de Banca Etica y directora de campa\u00f1as de Oxfam Italia<\/strong><\/em><\/p>\n<p><br \/>\n\tEl informe<strong> <a href=\"https:\/\/www.oxfamintermon.org\/es\/trabajo-cuidados-crisis-global-desigualdad\">Time to Care<\/a><\/strong> presentado por <a href=\"https:\/\/www.oxfamintermon.org\/es\">Oxfam <\/a>en la v\u00edspera del Foro Econ\u00f3mico Mundial en Davos es la historia de dos extremos: unos extremos que conviven juntos, no en diferentes pa\u00edses, no en diferentes regiones, sino literalmente juntos, uno al lado del otro, en diferentes vecindarios de las mismas metr\u00f3polis mundiales. Una <strong>minor\u00eda que ve c\u00f3mo se consolida su fortuna y poder econ\u00f3mico<\/strong>, y <strong>millones de personas que no ven que sus esfuerzos est\u00e9n adecuadamente recompensados<\/strong>.<br \/>\n\t<br \/>\n\t<strong>Menos del 1% de la riqueza es para la mitad m\u00e1s pobre de la poblaci\u00f3n mundial<\/strong>; incluso en t\u00e9rminos de ingresos, la desigualdad es muy fuerte. Seg\u00fan los datos de 2017, un trabajador que pertenece al 10% de los trabajadores que ganan menos ($ 22 al mes) deber\u00eda trabajar casi 350 a\u00f1os para alcanzar el salario promedio anual del 10% mejor pagado a nivel mundial.<br \/>\n\t<br \/>\n\tEsta disparidad desconcertante deja claro que el sistema econ\u00f3mico actual produce un crecimiento en los ingresos y la riqueza a nivel mundial que es <strong>todo menos inclusivo <\/strong>y ya no responde a las necesidades de la gran mayor\u00eda de los ciudadanos del planeta.<\/p>\n<h2>\n\tVolver a poner la dignidad del trabajo en el centro, comenzando por la atenci\u00f3n a las mujeres.<\/h2>\n<p>Con este <a href=\"https:\/\/www.oxfamintermon.org\/es\/trabajo-cuidados-crisis-global-desigualdad\">informe<\/a>, Oxfam quer\u00eda volver a <strong>poner la dignidad del trabajo en el centro<\/strong>: ante todo, lo invisible y lo no reconocido, <strong>llevado a cabo por mujeres en todo el mundo y tambi\u00e9n en nuestro pa\u00eds<\/strong>. Un trabajo que damos por sentado y que, en cambio, tiene un valor econ\u00f3mico que deber\u00edamos aprender a reconocer: las mujeres en el mundo dedican 12.500 millones de horas al trabajo de cuidado no remunerado todos los d\u00edas. Una contribuci\u00f3n a la econom\u00eda global que vale al menos 10.8 billones de d\u00f3lares al a\u00f1o (tres veces el valor del mercado global de bienes y servicios tecnol\u00f3gicos) y que, en lugar de determinar su valorizaci\u00f3n, es un factor potencial de caer o permanecer en la pobreza. En el mundo, el <strong>42% de las mujeres no pueden trabajar porque tienen que cuidar a miembros de la familia <\/strong>como personas ancianas, ni\u00f1os y ni\u00f1as, personas con diversidades m\u00faltiples; y solo el 6% de los hombres est\u00e1n en la misma situaci\u00f3n.<br \/>\n\t<br \/>\n\tUn tema que tambi\u00e9n concierne a Espa\u00f1a e Italia: en 2018, m\u00e1s del 10% de las mujeres no tuvo un trabajo fuera de casa porqu\u00e9 cuidaba a sus hijos, en comparaci\u00f3n con el promedio europeo del 3,7%. Un fen\u00f3meno no exento de consecuencias: esta &#8220;elecci\u00f3n&#8221; puede conducir a menores ganancias y, por lo tanto, a una menor independencia econ\u00f3mica, hoy y en el futuro, cuando llegue a la edad de jubilaci\u00f3n habiendo pagado menos contribuciones.<br \/>\n\t<br \/>\n\tEn Espa\u00f1a, seg\u00fan recuerda Oxfam Interm\u00f3n, el trabajo de cuidados no remunerado equivale al 14,9% del PIB, seg\u00fan datos de la OIT de 2018. Las mujeres son el 74,8% de la poblaci\u00f3n trabajadora que recibe los salarios m\u00e1s bajos, mientras que solo representan el 35,6% de las personas trabajadoras que reciben los salarios m\u00e1s altos.<\/p>\n<h2>\n\tEl crecimiento de las desigualdades no es un fen\u00f3meno natural<\/h2>\n<p>Es bueno recordar que el crecimiento de la desigualdad, un fen\u00f3meno que frena la salida de millones de personas de la pobreza extrema, no es un fen\u00f3meno natural, sino una consecuencia de las elecciones de los gobiernos y los actores econ\u00f3micos. Cada uno de nosotros puede poner su grano de arena, no solo haciendo o\u00edr nuestras voces y participando en <a href=\"https:\/\/www.fiarebancaetica.coop\/blog\/fiare-apoya-campana-iguales-de-oxfan-intermon\"><strong>campa\u00f1as<\/strong><\/a>, para una mayor equidad fiscal y la recaudaci\u00f3n de recursos destinados a proteger los bienes comunes, sino tambi\u00e9n <strong>con su propio consumo y opciones de inversi\u00f3n<\/strong>.<\/p>\n<h2>\n\tQu\u00e9 se puede hacer<\/h2>\n<p>Fiare Banca Etica se esfuerza por la equidad e inclusi\u00f3n fiscal. Creemos que es hora de cambiar las reglas y de que se incorporen leyes contra la evasi\u00f3n y la elusi\u00f3n fiscal. A nivel internacional, Oxfam tambi\u00e9n est\u00e1 pidiendo a los l\u00edderes mundiales que pongan el empe\u00f1o necesario en impulsar un sistema fiscal internacional m\u00e1s justo para todos los pa\u00edses.<br \/>\n\t<br \/>\n\tAdem\u00e1s Fiare Banca Etica cree en unas finanzas inclusivas para trabajadores y trabajadoras que de otro modo quedar\u00edan excluidos y marginados por la crisis econ\u00f3mica o por decisiones comerciales equivocadas, que puedan tener oportunidades de trabajo cooperativo \u00fatiles para crear valor social y ambiental y para poner la dignidad del trabajo en el centro.<\/p>\n<p><strong>Nota de prensa Interm\u00f3n<\/strong><br \/>\n\t<a href=\"https:\/\/www.oxfamintermon.org\/es\/nota-de-prensa\/el-valor-del-trabajo-no-remunerado-de-las-mujeres-triplica-el-gasto-en-tecnologia-a-nivel-mundial\">https:\/\/www.oxfamintermon.org\/es\/nota-de-prensa\/el-valor-del-trabajo-no-remunerado-de-las-mujeres-triplica-el-gasto-en-tecnologia-a-nivel-mundial<\/a><\/p>\n<p><br \/>\n\t<strong>Informe Tiempo para el cuidado<\/strong><br \/>\n\t<a href=\"https:\/\/oxfam.app.box.com\/s\/vpdtxzy419q1kw3fbm7t1w62qhqcu7ua\">https:\/\/oxfam.app.box.com\/s\/vpdtxzy419q1kw3fbm7t1w62qhqcu7ua<\/a><\/p>\n<\/div>","protected":false},"excerpt":{"rendered":"<p>El informe Time to Care presentado por Oxfam en la v\u00edspera del Foro Econ\u00f3mico Mundial en Davos es la historia de dos extremos: unos extremos que conviven juntos, no en diferentes pa\u00edses, no en diferentes regiones, sino literalmente juntos, uno al lado del otro, en diferentes vecindarios de las mismas metr\u00f3polis mundiales.<\/p>\n","protected":false},"author":2,"featured_media":329052,"comment_status":"open","ping_status":"closed","sticky":false,"template":"","format":"standard","meta":{"_acf_changed":false,"footnotes":""},"categories":[11644],"tags":[],"coauthors":[],"class_list":["post-344458","post","type-post","status-publish","format-standard","has-post-thumbnail","hentry","category-finantza-etikoak"],"acf":[],"yoast_head":"<!-- This site is optimized with the Yoast SEO plugin v26.9 - https:\/\/yoast.com\/product\/yoast-seo-wordpress\/ -->\n<title>SOLO LA LUCHA CONTRA LAS DESIGUALDADES PUEDE RELANZAR LA ECONOM\u00cdA MUNDIAL - Fiare Banca Etica<\/title>\n<meta name=\"robots\" content=\"index, follow, max-snippet:-1, max-image-preview:large, max-video-preview:-1\" \/>\n<link rel=\"canonical\" href=\"https:\/\/www.fiarebancaetica.coop\/eu\/solo-la-lucha-contra-las-desigualdades-puede-relanzar-la-economia-mundial\/\" \/>\n<meta property=\"og:locale\" content=\"eu_ES\" \/>\n<meta property=\"og:type\" content=\"article\" \/>\n<meta property=\"og:title\" content=\"SOLO LA LUCHA CONTRA LAS DESIGUALDADES PUEDE RELANZAR LA ECONOM\u00cdA MUNDIAL - Fiare Banca Etica\" \/>\n<meta property=\"og:description\" content=\"El informe Time to Care presentado por Oxfam en la v\u00edspera del Foro Econ\u00f3mico Mundial en Davos es la historia de dos extremos: unos extremos que conviven juntos, no en diferentes pa\u00edses, no en diferentes regiones, sino literalmente juntos, uno al lado del otro, en diferentes vecindarios de las mismas metr\u00f3polis mundiales.\" \/>\n<meta property=\"og:url\" content=\"https:\/\/www.fiarebancaetica.coop\/eu\/solo-la-lucha-contra-las-desigualdades-puede-relanzar-la-economia-mundial\/\" \/>\n<meta property=\"og:site_name\" content=\"Fiare Banca Etica\" \/>\n<meta property=\"article:published_time\" content=\"2020-02-02T23:00:00+00:00\" \/>\n<meta property=\"article:modified_time\" content=\"2024-02-21T14:26:41+00:00\" \/>\n<meta property=\"og:image\" content=\"https:\/\/www.fiarebancaetica.coop\/app\/uploads\/sites\/2\/2023\/12\/solo-lucha-contra-las-desigualdades-puede-relanzar-economia-mundial.jpg\" \/>\n\t<meta property=\"og:image:width\" content=\"540\" \/>\n\t<meta property=\"og:image:height\" content=\"250\" \/>\n\t<meta property=\"og:image:type\" content=\"image\/jpeg\" \/>\n<meta name=\"author\" content=\"crispyadmin0\" \/>\n<meta name=\"twitter:card\" content=\"summary_large_image\" \/>\n<script type=\"application\/ld+json\" class=\"yoast-schema-graph\">{\"@context\":\"https:\/\/schema.org\",\"@graph\":[{\"@type\":\"Article\",\"@id\":\"https:\/\/www.fiarebancaetica.coop\/eu\/solo-la-lucha-contra-las-desigualdades-puede-relanzar-la-economia-mundial\/#article\",\"isPartOf\":{\"@id\":\"https:\/\/www.fiarebancaetica.coop\/eu\/solo-la-lucha-contra-las-desigualdades-puede-relanzar-la-economia-mundial\/\"},\"author\":{\"name\":\"crispyadmin0\",\"@id\":\"https:\/\/www.fiarebancaetica.coop\/eu\/#\/schema\/person\/579841e89c804b5db05d9141bd9b8272\"},\"headline\":\"SOLO LA LUCHA CONTRA LAS DESIGUALDADES PUEDE RELANZAR LA ECONOM\u00cdA MUNDIAL\",\"datePublished\":\"2020-02-02T23:00:00+00:00\",\"dateModified\":\"2024-02-21T14:26:41+00:00\",\"mainEntityOfPage\":{\"@id\":\"https:\/\/www.fiarebancaetica.coop\/eu\/solo-la-lucha-contra-las-desigualdades-puede-relanzar-la-economia-mundial\/\"},\"wordCount\":828,\"commentCount\":0,\"image\":{\"@id\":\"https:\/\/www.fiarebancaetica.coop\/eu\/solo-la-lucha-contra-las-desigualdades-puede-relanzar-la-economia-mundial\/#primaryimage\"},\"thumbnailUrl\":\"https:\/\/www.fiarebancaetica.coop\/app\/uploads\/sites\/2\/2023\/12\/solo-lucha-contra-las-desigualdades-puede-relanzar-economia-mundial.jpg\",\"articleSection\":[\"Finantza etikoak\"],\"inLanguage\":\"eu\",\"potentialAction\":[{\"@type\":\"CommentAction\",\"name\":\"Comment\",\"target\":[\"https:\/\/www.fiarebancaetica.coop\/eu\/solo-la-lucha-contra-las-desigualdades-puede-relanzar-la-economia-mundial\/#respond\"]}]},{\"@type\":\"WebPage\",\"@id\":\"https:\/\/www.fiarebancaetica.coop\/eu\/solo-la-lucha-contra-las-desigualdades-puede-relanzar-la-economia-mundial\/\",\"url\":\"https:\/\/www.fiarebancaetica.coop\/eu\/solo-la-lucha-contra-las-desigualdades-puede-relanzar-la-economia-mundial\/\",\"name\":\"SOLO LA LUCHA CONTRA LAS DESIGUALDADES PUEDE RELANZAR LA ECONOM\u00cdA MUNDIAL - Fiare Banca Etica\",\"isPartOf\":{\"@id\":\"https:\/\/www.fiarebancaetica.coop\/eu\/#website\"},\"primaryImageOfPage\":{\"@id\":\"https:\/\/www.fiarebancaetica.coop\/eu\/solo-la-lucha-contra-las-desigualdades-puede-relanzar-la-economia-mundial\/#primaryimage\"},\"image\":{\"@id\":\"https:\/\/www.fiarebancaetica.coop\/eu\/solo-la-lucha-contra-las-desigualdades-puede-relanzar-la-economia-mundial\/#primaryimage\"},\"thumbnailUrl\":\"https:\/\/www.fiarebancaetica.coop\/app\/uploads\/sites\/2\/2023\/12\/solo-lucha-contra-las-desigualdades-puede-relanzar-economia-mundial.jpg\",\"datePublished\":\"2020-02-02T23:00:00+00:00\",\"dateModified\":\"2024-02-21T14:26:41+00:00\",\"author\":{\"@id\":\"https:\/\/www.fiarebancaetica.coop\/eu\/#\/schema\/person\/579841e89c804b5db05d9141bd9b8272\"},\"breadcrumb\":{\"@id\":\"https:\/\/www.fiarebancaetica.coop\/eu\/solo-la-lucha-contra-las-desigualdades-puede-relanzar-la-economia-mundial\/#breadcrumb\"},\"inLanguage\":\"eu\",\"potentialAction\":[{\"@type\":\"ReadAction\",\"target\":[\"https:\/\/www.fiarebancaetica.coop\/eu\/solo-la-lucha-contra-las-desigualdades-puede-relanzar-la-economia-mundial\/\"]}]},{\"@type\":\"ImageObject\",\"inLanguage\":\"eu\",\"@id\":\"https:\/\/www.fiarebancaetica.coop\/eu\/solo-la-lucha-contra-las-desigualdades-puede-relanzar-la-economia-mundial\/#primaryimage\",\"url\":\"https:\/\/www.fiarebancaetica.coop\/app\/uploads\/sites\/2\/2023\/12\/solo-lucha-contra-las-desigualdades-puede-relanzar-economia-mundial.jpg\",\"contentUrl\":\"https:\/\/www.fiarebancaetica.coop\/app\/uploads\/sites\/2\/2023\/12\/solo-lucha-contra-las-desigualdades-puede-relanzar-economia-mundial.jpg\",\"width\":540,\"height\":250},{\"@type\":\"BreadcrumbList\",\"@id\":\"https:\/\/www.fiarebancaetica.coop\/eu\/solo-la-lucha-contra-las-desigualdades-puede-relanzar-la-economia-mundial\/#breadcrumb\",\"itemListElement\":[{\"@type\":\"ListItem\",\"position\":1,\"name\":\"Home\",\"item\":\"https:\/\/www.fiarebancaetica.coop\/eu\/\"},{\"@type\":\"ListItem\",\"position\":2,\"name\":\"SOLO LA LUCHA CONTRA LAS DESIGUALDADES PUEDE RELANZAR LA ECONOM\u00cdA MUNDIAL\"}]},{\"@type\":\"WebSite\",\"@id\":\"https:\/\/www.fiarebancaetica.coop\/eu\/#website\",\"url\":\"https:\/\/www.fiarebancaetica.coop\/eu\/\",\"name\":\"Fiare Banca Etica\",\"description\":\"\",\"potentialAction\":[{\"@type\":\"SearchAction\",\"target\":{\"@type\":\"EntryPoint\",\"urlTemplate\":\"https:\/\/www.fiarebancaetica.coop\/eu\/?s={search_term_string}\"},\"query-input\":{\"@type\":\"PropertyValueSpecification\",\"valueRequired\":true,\"valueName\":\"search_term_string\"}}],\"inLanguage\":\"eu\"},{\"@type\":\"Person\",\"@id\":\"https:\/\/www.fiarebancaetica.coop\/eu\/#\/schema\/person\/579841e89c804b5db05d9141bd9b8272\",\"name\":\"crispyadmin0\",\"image\":{\"@type\":\"ImageObject\",\"inLanguage\":\"eu\",\"@id\":\"https:\/\/www.fiarebancaetica.coop\/eu\/#\/schema\/person\/image\/5f3a6b7786f32f4c35bd2b1a5a4698ea\",\"url\":\"https:\/\/secure.gravatar.com\/avatar\/4d2cfb499d497b6d49da659fab7404b243a87fe8e40d2cf97a1cae48f677f5b2?s=96&d=mm&r=g\",\"contentUrl\":\"https:\/\/secure.gravatar.com\/avatar\/4d2cfb499d497b6d49da659fab7404b243a87fe8e40d2cf97a1cae48f677f5b2?s=96&d=mm&r=g\",\"caption\":\"crispyadmin0\"},\"sameAs\":[\"crispyadmin0\"]}]}<\/script>\n<!-- \/ Yoast SEO plugin. -->","yoast_head_json":{"title":"SOLO LA LUCHA CONTRA LAS DESIGUALDADES PUEDE RELANZAR LA ECONOM\u00cdA MUNDIAL - Fiare Banca Etica","robots":{"index":"index","follow":"follow","max-snippet":"max-snippet:-1","max-image-preview":"max-image-preview:large","max-video-preview":"max-video-preview:-1"},"canonical":"https:\/\/www.fiarebancaetica.coop\/eu\/solo-la-lucha-contra-las-desigualdades-puede-relanzar-la-economia-mundial\/","og_locale":"eu_ES","og_type":"article","og_title":"SOLO LA LUCHA CONTRA LAS DESIGUALDADES PUEDE RELANZAR LA ECONOM\u00cdA MUNDIAL - Fiare Banca Etica","og_description":"El informe Time to Care presentado por Oxfam en la v\u00edspera del Foro Econ\u00f3mico Mundial en Davos es la historia de dos extremos: unos extremos que conviven juntos, no en diferentes pa\u00edses, no en diferentes regiones, sino literalmente juntos, uno al lado del otro, en diferentes vecindarios de las mismas metr\u00f3polis mundiales.","og_url":"https:\/\/www.fiarebancaetica.coop\/eu\/solo-la-lucha-contra-las-desigualdades-puede-relanzar-la-economia-mundial\/","og_site_name":"Fiare Banca Etica","article_published_time":"2020-02-02T23:00:00+00:00","article_modified_time":"2024-02-21T14:26:41+00:00","og_image":[{"width":540,"height":250,"url":"https:\/\/www.fiarebancaetica.coop\/app\/uploads\/sites\/2\/2023\/12\/solo-lucha-contra-las-desigualdades-puede-relanzar-economia-mundial.jpg","type":"image\/jpeg"}],"author":"crispyadmin0","twitter_card":"summary_large_image","schema":{"@context":"https:\/\/schema.org","@graph":[{"@type":"Article","@id":"https:\/\/www.fiarebancaetica.coop\/eu\/solo-la-lucha-contra-las-desigualdades-puede-relanzar-la-economia-mundial\/#article","isPartOf":{"@id":"https:\/\/www.fiarebancaetica.coop\/eu\/solo-la-lucha-contra-las-desigualdades-puede-relanzar-la-economia-mundial\/"},"author":{"name":"crispyadmin0","@id":"https:\/\/www.fiarebancaetica.coop\/eu\/#\/schema\/person\/579841e89c804b5db05d9141bd9b8272"},"headline":"SOLO LA LUCHA CONTRA LAS DESIGUALDADES PUEDE RELANZAR LA ECONOM\u00cdA MUNDIAL","datePublished":"2020-02-02T23:00:00+00:00","dateModified":"2024-02-21T14:26:41+00:00","mainEntityOfPage":{"@id":"https:\/\/www.fiarebancaetica.coop\/eu\/solo-la-lucha-contra-las-desigualdades-puede-relanzar-la-economia-mundial\/"},"wordCount":828,"commentCount":0,"image":{"@id":"https:\/\/www.fiarebancaetica.coop\/eu\/solo-la-lucha-contra-las-desigualdades-puede-relanzar-la-economia-mundial\/#primaryimage"},"thumbnailUrl":"https:\/\/www.fiarebancaetica.coop\/app\/uploads\/sites\/2\/2023\/12\/solo-lucha-contra-las-desigualdades-puede-relanzar-economia-mundial.jpg","articleSection":["Finantza etikoak"],"inLanguage":"eu","potentialAction":[{"@type":"CommentAction","name":"Comment","target":["https:\/\/www.fiarebancaetica.coop\/eu\/solo-la-lucha-contra-las-desigualdades-puede-relanzar-la-economia-mundial\/#respond"]}]},{"@type":"WebPage","@id":"https:\/\/www.fiarebancaetica.coop\/eu\/solo-la-lucha-contra-las-desigualdades-puede-relanzar-la-economia-mundial\/","url":"https:\/\/www.fiarebancaetica.coop\/eu\/solo-la-lucha-contra-las-desigualdades-puede-relanzar-la-economia-mundial\/","name":"SOLO LA LUCHA CONTRA LAS DESIGUALDADES PUEDE RELANZAR LA ECONOM\u00cdA MUNDIAL - Fiare Banca Etica","isPartOf":{"@id":"https:\/\/www.fiarebancaetica.coop\/eu\/#website"},"primaryImageOfPage":{"@id":"https:\/\/www.fiarebancaetica.coop\/eu\/solo-la-lucha-contra-las-desigualdades-puede-relanzar-la-economia-mundial\/#primaryimage"},"image":{"@id":"https:\/\/www.fiarebancaetica.coop\/eu\/solo-la-lucha-contra-las-desigualdades-puede-relanzar-la-economia-mundial\/#primaryimage"},"thumbnailUrl":"https:\/\/www.fiarebancaetica.coop\/app\/uploads\/sites\/2\/2023\/12\/solo-lucha-contra-las-desigualdades-puede-relanzar-economia-mundial.jpg","datePublished":"2020-02-02T23:00:00+00:00","dateModified":"2024-02-21T14:26:41+00:00","author":{"@id":"https:\/\/www.fiarebancaetica.coop\/eu\/#\/schema\/person\/579841e89c804b5db05d9141bd9b8272"},"breadcrumb":{"@id":"https:\/\/www.fiarebancaetica.coop\/eu\/solo-la-lucha-contra-las-desigualdades-puede-relanzar-la-economia-mundial\/#breadcrumb"},"inLanguage":"eu","potentialAction":[{"@type":"ReadAction","target":["https:\/\/www.fiarebancaetica.coop\/eu\/solo-la-lucha-contra-las-desigualdades-puede-relanzar-la-economia-mundial\/"]}]},{"@type":"ImageObject","inLanguage":"eu","@id":"https:\/\/www.fiarebancaetica.coop\/eu\/solo-la-lucha-contra-las-desigualdades-puede-relanzar-la-economia-mundial\/#primaryimage","url":"https:\/\/www.fiarebancaetica.coop\/app\/uploads\/sites\/2\/2023\/12\/solo-lucha-contra-las-desigualdades-puede-relanzar-economia-mundial.jpg","contentUrl":"https:\/\/www.fiarebancaetica.coop\/app\/uploads\/sites\/2\/2023\/12\/solo-lucha-contra-las-desigualdades-puede-relanzar-economia-mundial.jpg","width":540,"height":250},{"@type":"BreadcrumbList","@id":"https:\/\/www.fiarebancaetica.coop\/eu\/solo-la-lucha-contra-las-desigualdades-puede-relanzar-la-economia-mundial\/#breadcrumb","itemListElement":[{"@type":"ListItem","position":1,"name":"Home","item":"https:\/\/www.fiarebancaetica.coop\/eu\/"},{"@type":"ListItem","position":2,"name":"SOLO LA LUCHA CONTRA LAS DESIGUALDADES PUEDE RELANZAR LA ECONOM\u00cdA MUNDIAL"}]},{"@type":"WebSite","@id":"https:\/\/www.fiarebancaetica.coop\/eu\/#website","url":"https:\/\/www.fiarebancaetica.coop\/eu\/","name":"Fiare Banca Etica","description":"","potentialAction":[{"@type":"SearchAction","target":{"@type":"EntryPoint","urlTemplate":"https:\/\/www.fiarebancaetica.coop\/eu\/?s={search_term_string}"},"query-input":{"@type":"PropertyValueSpecification","valueRequired":true,"valueName":"search_term_string"}}],"inLanguage":"eu"},{"@type":"Person","@id":"https:\/\/www.fiarebancaetica.coop\/eu\/#\/schema\/person\/579841e89c804b5db05d9141bd9b8272","name":"crispyadmin0","image":{"@type":"ImageObject","inLanguage":"eu","@id":"https:\/\/www.fiarebancaetica.coop\/eu\/#\/schema\/person\/image\/5f3a6b7786f32f4c35bd2b1a5a4698ea","url":"https:\/\/secure.gravatar.com\/avatar\/4d2cfb499d497b6d49da659fab7404b243a87fe8e40d2cf97a1cae48f677f5b2?s=96&d=mm&r=g","contentUrl":"https:\/\/secure.gravatar.com\/avatar\/4d2cfb499d497b6d49da659fab7404b243a87fe8e40d2cf97a1cae48f677f5b2?s=96&d=mm&r=g","caption":"crispyadmin0"},"sameAs":["crispyadmin0"]}]}},"_links":{"self":[{"href":"https:\/\/www.fiarebancaetica.coop\/eu\/wp-json\/wp\/v2\/posts\/344458","targetHints":{"allow":["GET"]}}],"collection":[{"href":"https:\/\/www.fiarebancaetica.coop\/eu\/wp-json\/wp\/v2\/posts"}],"about":[{"href":"https:\/\/www.fiarebancaetica.coop\/eu\/wp-json\/wp\/v2\/types\/post"}],"author":[{"embeddable":true,"href":"https:\/\/www.fiarebancaetica.coop\/eu\/wp-json\/wp\/v2\/users\/2"}],"replies":[{"embeddable":true,"href":"https:\/\/www.fiarebancaetica.coop\/eu\/wp-json\/wp\/v2\/comments?post=344458"}],"version-history":[{"count":1,"href":"https:\/\/www.fiarebancaetica.coop\/eu\/wp-json\/wp\/v2\/posts\/344458\/revisions"}],"predecessor-version":[{"id":354489,"href":"https:\/\/www.fiarebancaetica.coop\/eu\/wp-json\/wp\/v2\/posts\/344458\/revisions\/354489"}],"wp:featuredmedia":[{"embeddable":true,"href":"https:\/\/www.fiarebancaetica.coop\/eu\/wp-json\/wp\/v2\/media\/329052"}],"wp:attachment":[{"href":"https:\/\/www.fiarebancaetica.coop\/eu\/wp-json\/wp\/v2\/media?parent=344458"}],"wp:term":[{"taxonomy":"category","embeddable":true,"href":"https:\/\/www.fiarebancaetica.coop\/eu\/wp-json\/wp\/v2\/categories?post=344458"},{"taxonomy":"post_tag","embeddable":true,"href":"https:\/\/www.fiarebancaetica.coop\/eu\/wp-json\/wp\/v2\/tags?post=344458"},{"taxonomy":"author","embeddable":true,"href":"https:\/\/www.fiarebancaetica.coop\/eu\/wp-json\/wp\/v2\/coauthors?post=344458"}],"curies":[{"name":"wp","href":"https:\/\/api.w.org\/{rel}","templated":true}]}}