{"id":344514,"date":"2019-12-05T00:00:00","date_gmt":"2019-12-04T23:00:00","guid":{"rendered":"https:\/\/www.fiarebancaetica.coop\/para-salvar-el-planeta-tenemos-que-cambiar-las-finanzas\/"},"modified":"2024-02-21T15:28:45","modified_gmt":"2024-02-21T14:28:45","slug":"para-salvar-el-planeta-tenemos-que-cambiar-las-finanzas","status":"publish","type":"post","link":"https:\/\/www.fiarebancaetica.coop\/eu\/para-salvar-el-planeta-tenemos-que-cambiar-las-finanzas\/","title":{"rendered":"Para salvar el planeta tenemos que cambiar las finanzas"},"content":{"rendered":"\n\n<div class=\"wp-block-bancaetica-blocks-blocks-block-49\">\n    <div class=\"container-block-49\">\n\n        <div class=\"header-section \">\n                            <h1 class=\"section-title\"> Etica e cooperativa <\/h1>\n                                            <\/div>\n\n        \n        <div class=\"block-background\" style=\"background-image: url('https:\/\/www.fiarebancaetica.coop\/app\/uploads\/sites\/2\/2023\/12\/para-salvar-el-planeta-tenemos-que-cambiar-las-finanzas.jpg')\">\n                            <div class=\"tile\">\n                    <h1 class=\"image-title\"> Para salvar el planeta tenemos que cambiar las finanzas <\/h1>\n                <\/div>             <!-- end .tile -->\n            <div class=\"bottom-content\">\n                            <\/div> <!-- end .button-content -->\n        <\/div> <!-- end .block-background -->\n    <\/div> <!-- end .container -->\n<\/div> <!-- end wp-block-bancaetica-blocks-blocks-block-06 -->\n\n\n<div class=\"wrapper-crispybacon-class wrapper-crispybacon-class-boxed \">\n    <p><em><strong>De Andrea Baranes, vicepresidente de Banca Etica<\/strong><\/em><\/p>\n<p><em><strong>Un art\u00edculo para&nbsp;<a href=\"https:\/\/valorsocial.info\/para-salvar-el-planeta-tenemos-que-cambiar-las-finanzas\/\">ValorSocial<\/a><\/strong><\/em><\/p>\n<p>Unas finanzas que miren a largo plazo los impactos ambientales de la actividad econ\u00f3mica y financien solo la econom\u00eda sostenible en lo social y medioambiental.<\/p>\n<p><br \/>\n\tLa Cop 25 de Madrid no es solo una en\u00e9sima cita para hablar del clima, es un paso de importancia fundamental. Las investigaciones m\u00e1s recientes coinciden en afirmar no solo que el impacto del ser humano sobre el cambio clim\u00e1tico es tan grave como concreto, sino tambi\u00e9n que dicho cambio se est\u00e1 produciendo a una velocidad incluso superior a lo que se hab\u00eda previsto hasta ahora y, sobre todo, que la ventana para posibles actuaciones se est\u00e1 cerrando.<\/p>\n<h2>\n\tNecesitamos compromisos serios de todos los pa\u00edses<\/h2>\n<p>En primer lugar, la vig\u00e9simo quinta cumbre del clima&nbsp;<a href=\"https:\/\/www.cop25.cl\/#\/\">(COP25)<\/a>&nbsp;en Madrid deber\u00e1 dar forma, o mejor dicho n\u00fameros, objetivos, plazos y compromisos vinculantes a todo lo que respecta a la <strong>reducci\u00f3n de emisiones<\/strong>. El n\u00facleo principal es precisamente el compromiso de cada pa\u00eds participante (las llamadas NDC o contribuciones determinadas a nivel nacional).<\/p>\n<p>Un acuerdo dif\u00edcil cuando menos. En Par\u00eds, durante la COP21 de 2015, se fijaron algunos objetivos concretos (contener el calentamiento m\u00e1ximo dentro de los 2\u00baC, buscando bajarlo a 1,5\u00b0C) y se dieron indicaciones sobre c\u00f3mo respetarlos, especialmente en lo que respecta a la reducci\u00f3n de emisiones y la reconversi\u00f3n de la econom\u00eda. A d\u00eda de hoy, ning\u00fan pa\u00eds europeo respeta los compromisos adquiridos hace cuatro a\u00f1os, a la vez que varios participantes est\u00e1n liderados por gobiernos abiertamente contrarios, empezando por los EE.UU. de Trump, que han declarado oficialmente que quieren salir de los acuerdos que ya hab\u00edan firmado.<\/p>\n<h2>\n\tSi prevalecen los intereses econ\u00f3micos\u2026<\/h2>\n<p>En un marco m\u00e1s amplio, hasta ahora los<strong> intereses econ\u00f3micos nacionales a corto plazo<\/strong> han prevalecido sobre las visiones a largo plazo, un problema que <strong>afecta tanto a las finanzas p\u00fablicas como a las privadas<\/strong>. Las primeras no incluyen \u00fanicamente los recursos que los gobiernos deber\u00edan poner a disposici\u00f3n para contrarrestar el cambio clim\u00e1tico, mitigarlo y hacer una adaptaci\u00f3n. Hablamos tambi\u00e9n del compromiso de las instituciones internacionales, que deber\u00edan y podr\u00edan hace mucho m\u00e1s, como decenas de <a href=\"https:\/\/www.positivemoney.eu\/wp-content\/uploads\/2019\/11\/Open-Letter-to-Christine-Lagarde-on-climate-change.pdf\">organizaciones se lo han recordado recientemente a Lagarde<\/a> en el caso del BCE.<\/p>\n<h2>\n\t\u00bfC\u00f3mo desalentar las emisiones contaminantes?<\/h2>\n<p>Pero, m\u00e1s ampliamente, las finanzas p\u00fablicas tambi\u00e9n incluyen el enfoque elegido para <strong>desincentivar las emisiones de carbono<\/strong> que alteran el clima. A fecha de hoy, la ruta principal ha sido la del criticad\u00edsimo RCDE, acr\u00f3nimo del r\u00e9gimen de comercio de derechos de emisi\u00f3n, el mercado de las emisiones en el que las empresas pueden comprar y vender sus derechos de contaminaci\u00f3n.<\/p>\n<p>Decepcionante cuanto menos por el lado de los resultados que ha obtenido hasta la fecha, el RCDE supone una mercantilizaci\u00f3n, sino una financierizaci\u00f3n del clima. No paga quien contamina, sino que quien paga puede contaminar, mientras crece el volumen de instrumentos como los derivados vinculados al clima y las emisiones, aut\u00e9nticas apuestas especulativas sobre el futuro del planeta. Muchas partes sostienen desde hace a\u00f1os que la ruta principal deber\u00eda sin embargo concentrarse en la fiscalidad, gravando el contenido de carbono de productos y servicios, una forma de hacer desventajosos aquellos que m\u00e1s contaminan y de premiar a los pa\u00edses y las empresas m\u00e1s virtuosas.<\/p>\n<p>Muchas partes sostienen desde hace a\u00f1os que la ruta principal deber\u00eda concentrarse en la <strong>fiscalidad<\/strong>, gravando el contenido de carbono de productos y servicios.<\/p>\n<h2>\n\tFinanciamiento sostenible con riesgo de greenwashing y debilitamiento<\/h2>\n<p>Si el sector p\u00fablico es fundamental, tanto por la dimensi\u00f3n de las finanzas p\u00fablicas como obviamente por la capacidad de introducir normas y controles, para afrontar la crisis clim\u00e1tica es igualmente importante tener en cuenta las <strong>finanzas privadas<\/strong>. Si hoy todos hablan de las <strong>finanzas \u00absostenibles\u00bb<\/strong>, en demasiados casos, m\u00e1s que a un compromiso real con un cambio concreto, se asiste a la <strong>proliferaci\u00f3n de iniciativas esencialmente centradas en el marketing<\/strong>, pensadas m\u00e1s para responder a la creciente atenci\u00f3n de las personas con ahorros que para transformar el negocio.<\/p>\n<p>En algunos aspectos, es parecido al recorrido de las instituciones europeas con las finanzas sostenibles, caracterizado por luces y sombras. El riesgo es que los criterios desarrollados para definir la sostenibilidad sean extremadamente diluidos y, por lo tanto, ineficaces frente a la actual emergencia. En la incertidumbre actual y bajo el peso de los lobbies, sectores como el nuclear o el del carb\u00f3n podr\u00edan volver a entrar en el per\u00edmetro de la \u00absostenibilidad\u00bb, vaci\u00e1ndolo completamente de contenido.<\/p>\n<h2>\n\t\u2026y siempre se olvidan lo social y abordar la especulaci\u00f3n<\/h2>\n<p>Pero ampliando la mirada, el problema es mucho m\u00e1s complejo. En los documentos europeos no hay nada o casi nada sobre<strong> impactos sociales o derechos humanos<\/strong> y, lo que es a\u00fan m\u00e1s incre\u00edble si cabe, tampoco sobre la <strong>especulaci\u00f3n<\/strong>, los <strong>horizontes a cort\u00edsimo plazo <\/strong>de las finanzas, la inestabilidad de los mercados ni las crisis y las burbujas financieras.<br \/>\n\t<br \/>\n\tUn enfoque destinado a fallar desde el principio. Aunque quisi\u00e9ramos hablar solo del clima, de hecho, los horizontes a cort\u00edsimo plazo de los mercados financieros son uno, si no el principal motor de la devastaci\u00f3n ambiental. La finalidad de las empresas es \u00fanicamente maximizar sus beneficios a corto plazo para hacer subir el valor de sus acciones y complacer las expectativas de los inversores (y de los altos directivos cuya retribuci\u00f3n tambi\u00e9n sigue una \u00f3ptica puramente financiera y cortoplacista). Cualquier consideraci\u00f3n ambiental debe ser sacrificada en el altar de los \u00edndices financieros y del insaciable apetito de los mercados.<\/p>\n<h2>\n\tNecesitamos un cambio radical en el sistema financiero global<\/h2>\n<p>Por lo tanto, para cambiar de rumbo es prioritario <strong>cambiar el conjunto del sistema financiero<\/strong> y orientarlo hacia una visi\u00f3n a largo plazo centrada en los impactos no econ\u00f3micos de la actividad comercial. De esto se ocupan cotidianamente las finanzas \u00e9ticas, cuyo reto principal hoy probablemente sea contaminar el sistema tradicional y mostrar al gran p\u00fablico que existe una alternativa posible, en la que <strong>las finanzas vuelven a ser un medio al servicio de la sociedad y del planeta <\/strong>y no un fin en s\u00ed mismo para hacer m\u00e1s dinero con el dinero.<\/p>\n<p>Nos encontramos debatiendo si la cotizaci\u00f3n de las acciones en los mercados financieros no debe tener prioridad sobre el futuro de todas las especies vivientes. Esto es lo que est\u00e1 en juego en Madrid.<\/p>\n<p>Observando el mercado de las emisiones (RCDE) o el papel de las finanzas privadas, la financierizaci\u00f3n de la econom\u00eda y hasta del clima y de la vida misma de este planeta es uno de los problemas principales, si no el m\u00e1s importante. Aunque parezca incre\u00edble, de hecho nos encontramos debatiendo si la cotizaci\u00f3n de las acciones en los mercados financieros no debe tener prioridad sobre el futuro de todas las especies vivientes, la nuestra incluida. Esto es lo que est\u00e1 en juego en Madrid. <strong>O la Bolsa o la vida.<\/strong><\/p>\n<p>&nbsp;<\/p>\n<p><strong>Foto de <a href=\"https:\/\/unsplash.com\/@na_photo\">Nagy Arnold en Unsplash<\/a><\/strong><\/p>\n<\/div>","protected":false},"excerpt":{"rendered":"<p>Unas finanzas que miren a largo plazo los impactos ambientales de la actividad econ\u00f3mica y financien solo la econom\u00eda sostenible en lo social y medioambiental.<\/p>\n<p>La Cop 25 celebrada en Madrid no es solo una en\u00e9sima cita para hablar del clima, es un paso de importancia fundamental. Las investigaciones m\u00e1s recientes coinciden en afirmar no solo que el impacto del ser humano sobre el cambio clim\u00e1tico es tan grave como concreto, sino tambi\u00e9n que dicho cambio se est\u00e1 produciendo a una velocidad incluso superior a lo que se hab\u00eda previsto hasta ahora y, sobre todo, que la ventana para posibles actuaciones se est\u00e1 cerrando.<\/p>\n","protected":false},"author":2,"featured_media":328989,"comment_status":"open","ping_status":"closed","sticky":false,"template":"","format":"standard","meta":{"_acf_changed":false,"footnotes":""},"categories":[11644],"tags":[],"coauthors":[],"class_list":["post-344514","post","type-post","status-publish","format-standard","has-post-thumbnail","hentry","category-finantza-etikoak"],"acf":[],"yoast_head":"<!-- This site is optimized with the Yoast SEO plugin v26.9 - https:\/\/yoast.com\/product\/yoast-seo-wordpress\/ -->\n<title>Para salvar el planeta tenemos que cambiar las finanzas - Fiare Banca Etica<\/title>\n<meta name=\"robots\" content=\"index, follow, max-snippet:-1, max-image-preview:large, max-video-preview:-1\" \/>\n<link rel=\"canonical\" href=\"https:\/\/www.fiarebancaetica.coop\/eu\/para-salvar-el-planeta-tenemos-que-cambiar-las-finanzas\/\" \/>\n<meta property=\"og:locale\" content=\"eu_ES\" \/>\n<meta property=\"og:type\" content=\"article\" \/>\n<meta property=\"og:title\" content=\"Para salvar el planeta tenemos que cambiar las finanzas - Fiare Banca Etica\" \/>\n<meta property=\"og:description\" content=\"Unas finanzas que miren a largo plazo los impactos ambientales de la actividad econ\u00f3mica y financien solo la econom\u00eda sostenible en lo social y medioambiental. La Cop 25 celebrada en Madrid no es solo una en\u00e9sima cita para hablar del clima, es un paso de importancia fundamental. Las investigaciones m\u00e1s recientes coinciden en afirmar no solo que el impacto del ser humano sobre el cambio clim\u00e1tico es tan grave como concreto, sino tambi\u00e9n que dicho cambio se est\u00e1 produciendo a una velocidad incluso superior a lo que se hab\u00eda previsto hasta ahora y, sobre todo, que la ventana para posibles actuaciones se est\u00e1 cerrando.\" \/>\n<meta property=\"og:url\" content=\"https:\/\/www.fiarebancaetica.coop\/eu\/para-salvar-el-planeta-tenemos-que-cambiar-las-finanzas\/\" \/>\n<meta property=\"og:site_name\" content=\"Fiare Banca Etica\" \/>\n<meta property=\"article:published_time\" content=\"2019-12-04T23:00:00+00:00\" \/>\n<meta property=\"article:modified_time\" content=\"2024-02-21T14:28:45+00:00\" \/>\n<meta property=\"og:image\" content=\"https:\/\/www.fiarebancaetica.coop\/app\/uploads\/sites\/2\/2023\/12\/para-salvar-el-planeta-tenemos-que-cambiar-las-finanzas.jpg\" \/>\n\t<meta property=\"og:image:width\" content=\"540\" \/>\n\t<meta property=\"og:image:height\" content=\"250\" \/>\n\t<meta property=\"og:image:type\" content=\"image\/jpeg\" \/>\n<meta name=\"author\" content=\"crispyadmin0\" \/>\n<meta name=\"twitter:card\" content=\"summary_large_image\" \/>\n<script type=\"application\/ld+json\" class=\"yoast-schema-graph\">{\"@context\":\"https:\/\/schema.org\",\"@graph\":[{\"@type\":\"Article\",\"@id\":\"https:\/\/www.fiarebancaetica.coop\/eu\/para-salvar-el-planeta-tenemos-que-cambiar-las-finanzas\/#article\",\"isPartOf\":{\"@id\":\"https:\/\/www.fiarebancaetica.coop\/eu\/para-salvar-el-planeta-tenemos-que-cambiar-las-finanzas\/\"},\"author\":{\"name\":\"crispyadmin0\",\"@id\":\"https:\/\/www.fiarebancaetica.coop\/eu\/#\/schema\/person\/579841e89c804b5db05d9141bd9b8272\"},\"headline\":\"Para salvar el planeta tenemos que cambiar las finanzas\",\"datePublished\":\"2019-12-04T23:00:00+00:00\",\"dateModified\":\"2024-02-21T14:28:45+00:00\",\"mainEntityOfPage\":{\"@id\":\"https:\/\/www.fiarebancaetica.coop\/eu\/para-salvar-el-planeta-tenemos-que-cambiar-las-finanzas\/\"},\"wordCount\":1241,\"commentCount\":0,\"image\":{\"@id\":\"https:\/\/www.fiarebancaetica.coop\/eu\/para-salvar-el-planeta-tenemos-que-cambiar-las-finanzas\/#primaryimage\"},\"thumbnailUrl\":\"https:\/\/www.fiarebancaetica.coop\/app\/uploads\/sites\/2\/2023\/12\/para-salvar-el-planeta-tenemos-que-cambiar-las-finanzas.jpg\",\"articleSection\":[\"Finantza etikoak\"],\"inLanguage\":\"eu\",\"potentialAction\":[{\"@type\":\"CommentAction\",\"name\":\"Comment\",\"target\":[\"https:\/\/www.fiarebancaetica.coop\/eu\/para-salvar-el-planeta-tenemos-que-cambiar-las-finanzas\/#respond\"]}]},{\"@type\":\"WebPage\",\"@id\":\"https:\/\/www.fiarebancaetica.coop\/eu\/para-salvar-el-planeta-tenemos-que-cambiar-las-finanzas\/\",\"url\":\"https:\/\/www.fiarebancaetica.coop\/eu\/para-salvar-el-planeta-tenemos-que-cambiar-las-finanzas\/\",\"name\":\"Para salvar el planeta tenemos que cambiar las finanzas - Fiare Banca Etica\",\"isPartOf\":{\"@id\":\"https:\/\/www.fiarebancaetica.coop\/eu\/#website\"},\"primaryImageOfPage\":{\"@id\":\"https:\/\/www.fiarebancaetica.coop\/eu\/para-salvar-el-planeta-tenemos-que-cambiar-las-finanzas\/#primaryimage\"},\"image\":{\"@id\":\"https:\/\/www.fiarebancaetica.coop\/eu\/para-salvar-el-planeta-tenemos-que-cambiar-las-finanzas\/#primaryimage\"},\"thumbnailUrl\":\"https:\/\/www.fiarebancaetica.coop\/app\/uploads\/sites\/2\/2023\/12\/para-salvar-el-planeta-tenemos-que-cambiar-las-finanzas.jpg\",\"datePublished\":\"2019-12-04T23:00:00+00:00\",\"dateModified\":\"2024-02-21T14:28:45+00:00\",\"author\":{\"@id\":\"https:\/\/www.fiarebancaetica.coop\/eu\/#\/schema\/person\/579841e89c804b5db05d9141bd9b8272\"},\"breadcrumb\":{\"@id\":\"https:\/\/www.fiarebancaetica.coop\/eu\/para-salvar-el-planeta-tenemos-que-cambiar-las-finanzas\/#breadcrumb\"},\"inLanguage\":\"eu\",\"potentialAction\":[{\"@type\":\"ReadAction\",\"target\":[\"https:\/\/www.fiarebancaetica.coop\/eu\/para-salvar-el-planeta-tenemos-que-cambiar-las-finanzas\/\"]}]},{\"@type\":\"ImageObject\",\"inLanguage\":\"eu\",\"@id\":\"https:\/\/www.fiarebancaetica.coop\/eu\/para-salvar-el-planeta-tenemos-que-cambiar-las-finanzas\/#primaryimage\",\"url\":\"https:\/\/www.fiarebancaetica.coop\/app\/uploads\/sites\/2\/2023\/12\/para-salvar-el-planeta-tenemos-que-cambiar-las-finanzas.jpg\",\"contentUrl\":\"https:\/\/www.fiarebancaetica.coop\/app\/uploads\/sites\/2\/2023\/12\/para-salvar-el-planeta-tenemos-que-cambiar-las-finanzas.jpg\",\"width\":540,\"height\":250},{\"@type\":\"BreadcrumbList\",\"@id\":\"https:\/\/www.fiarebancaetica.coop\/eu\/para-salvar-el-planeta-tenemos-que-cambiar-las-finanzas\/#breadcrumb\",\"itemListElement\":[{\"@type\":\"ListItem\",\"position\":1,\"name\":\"Home\",\"item\":\"https:\/\/www.fiarebancaetica.coop\/eu\/\"},{\"@type\":\"ListItem\",\"position\":2,\"name\":\"Para salvar el planeta tenemos que cambiar las finanzas\"}]},{\"@type\":\"WebSite\",\"@id\":\"https:\/\/www.fiarebancaetica.coop\/eu\/#website\",\"url\":\"https:\/\/www.fiarebancaetica.coop\/eu\/\",\"name\":\"Fiare Banca Etica\",\"description\":\"\",\"potentialAction\":[{\"@type\":\"SearchAction\",\"target\":{\"@type\":\"EntryPoint\",\"urlTemplate\":\"https:\/\/www.fiarebancaetica.coop\/eu\/?s={search_term_string}\"},\"query-input\":{\"@type\":\"PropertyValueSpecification\",\"valueRequired\":true,\"valueName\":\"search_term_string\"}}],\"inLanguage\":\"eu\"},{\"@type\":\"Person\",\"@id\":\"https:\/\/www.fiarebancaetica.coop\/eu\/#\/schema\/person\/579841e89c804b5db05d9141bd9b8272\",\"name\":\"crispyadmin0\",\"image\":{\"@type\":\"ImageObject\",\"inLanguage\":\"eu\",\"@id\":\"https:\/\/www.fiarebancaetica.coop\/eu\/#\/schema\/person\/image\/5f3a6b7786f32f4c35bd2b1a5a4698ea\",\"url\":\"https:\/\/secure.gravatar.com\/avatar\/4d2cfb499d497b6d49da659fab7404b243a87fe8e40d2cf97a1cae48f677f5b2?s=96&d=mm&r=g\",\"contentUrl\":\"https:\/\/secure.gravatar.com\/avatar\/4d2cfb499d497b6d49da659fab7404b243a87fe8e40d2cf97a1cae48f677f5b2?s=96&d=mm&r=g\",\"caption\":\"crispyadmin0\"},\"sameAs\":[\"crispyadmin0\"]}]}<\/script>\n<!-- \/ Yoast SEO plugin. -->","yoast_head_json":{"title":"Para salvar el planeta tenemos que cambiar las finanzas - Fiare Banca Etica","robots":{"index":"index","follow":"follow","max-snippet":"max-snippet:-1","max-image-preview":"max-image-preview:large","max-video-preview":"max-video-preview:-1"},"canonical":"https:\/\/www.fiarebancaetica.coop\/eu\/para-salvar-el-planeta-tenemos-que-cambiar-las-finanzas\/","og_locale":"eu_ES","og_type":"article","og_title":"Para salvar el planeta tenemos que cambiar las finanzas - Fiare Banca Etica","og_description":"Unas finanzas que miren a largo plazo los impactos ambientales de la actividad econ\u00f3mica y financien solo la econom\u00eda sostenible en lo social y medioambiental. La Cop 25 celebrada en Madrid no es solo una en\u00e9sima cita para hablar del clima, es un paso de importancia fundamental. Las investigaciones m\u00e1s recientes coinciden en afirmar no solo que el impacto del ser humano sobre el cambio clim\u00e1tico es tan grave como concreto, sino tambi\u00e9n que dicho cambio se est\u00e1 produciendo a una velocidad incluso superior a lo que se hab\u00eda previsto hasta ahora y, sobre todo, que la ventana para posibles actuaciones se est\u00e1 cerrando.","og_url":"https:\/\/www.fiarebancaetica.coop\/eu\/para-salvar-el-planeta-tenemos-que-cambiar-las-finanzas\/","og_site_name":"Fiare Banca Etica","article_published_time":"2019-12-04T23:00:00+00:00","article_modified_time":"2024-02-21T14:28:45+00:00","og_image":[{"width":540,"height":250,"url":"https:\/\/www.fiarebancaetica.coop\/app\/uploads\/sites\/2\/2023\/12\/para-salvar-el-planeta-tenemos-que-cambiar-las-finanzas.jpg","type":"image\/jpeg"}],"author":"crispyadmin0","twitter_card":"summary_large_image","schema":{"@context":"https:\/\/schema.org","@graph":[{"@type":"Article","@id":"https:\/\/www.fiarebancaetica.coop\/eu\/para-salvar-el-planeta-tenemos-que-cambiar-las-finanzas\/#article","isPartOf":{"@id":"https:\/\/www.fiarebancaetica.coop\/eu\/para-salvar-el-planeta-tenemos-que-cambiar-las-finanzas\/"},"author":{"name":"crispyadmin0","@id":"https:\/\/www.fiarebancaetica.coop\/eu\/#\/schema\/person\/579841e89c804b5db05d9141bd9b8272"},"headline":"Para salvar el planeta tenemos que cambiar las finanzas","datePublished":"2019-12-04T23:00:00+00:00","dateModified":"2024-02-21T14:28:45+00:00","mainEntityOfPage":{"@id":"https:\/\/www.fiarebancaetica.coop\/eu\/para-salvar-el-planeta-tenemos-que-cambiar-las-finanzas\/"},"wordCount":1241,"commentCount":0,"image":{"@id":"https:\/\/www.fiarebancaetica.coop\/eu\/para-salvar-el-planeta-tenemos-que-cambiar-las-finanzas\/#primaryimage"},"thumbnailUrl":"https:\/\/www.fiarebancaetica.coop\/app\/uploads\/sites\/2\/2023\/12\/para-salvar-el-planeta-tenemos-que-cambiar-las-finanzas.jpg","articleSection":["Finantza etikoak"],"inLanguage":"eu","potentialAction":[{"@type":"CommentAction","name":"Comment","target":["https:\/\/www.fiarebancaetica.coop\/eu\/para-salvar-el-planeta-tenemos-que-cambiar-las-finanzas\/#respond"]}]},{"@type":"WebPage","@id":"https:\/\/www.fiarebancaetica.coop\/eu\/para-salvar-el-planeta-tenemos-que-cambiar-las-finanzas\/","url":"https:\/\/www.fiarebancaetica.coop\/eu\/para-salvar-el-planeta-tenemos-que-cambiar-las-finanzas\/","name":"Para salvar el planeta tenemos que cambiar las finanzas - Fiare Banca Etica","isPartOf":{"@id":"https:\/\/www.fiarebancaetica.coop\/eu\/#website"},"primaryImageOfPage":{"@id":"https:\/\/www.fiarebancaetica.coop\/eu\/para-salvar-el-planeta-tenemos-que-cambiar-las-finanzas\/#primaryimage"},"image":{"@id":"https:\/\/www.fiarebancaetica.coop\/eu\/para-salvar-el-planeta-tenemos-que-cambiar-las-finanzas\/#primaryimage"},"thumbnailUrl":"https:\/\/www.fiarebancaetica.coop\/app\/uploads\/sites\/2\/2023\/12\/para-salvar-el-planeta-tenemos-que-cambiar-las-finanzas.jpg","datePublished":"2019-12-04T23:00:00+00:00","dateModified":"2024-02-21T14:28:45+00:00","author":{"@id":"https:\/\/www.fiarebancaetica.coop\/eu\/#\/schema\/person\/579841e89c804b5db05d9141bd9b8272"},"breadcrumb":{"@id":"https:\/\/www.fiarebancaetica.coop\/eu\/para-salvar-el-planeta-tenemos-que-cambiar-las-finanzas\/#breadcrumb"},"inLanguage":"eu","potentialAction":[{"@type":"ReadAction","target":["https:\/\/www.fiarebancaetica.coop\/eu\/para-salvar-el-planeta-tenemos-que-cambiar-las-finanzas\/"]}]},{"@type":"ImageObject","inLanguage":"eu","@id":"https:\/\/www.fiarebancaetica.coop\/eu\/para-salvar-el-planeta-tenemos-que-cambiar-las-finanzas\/#primaryimage","url":"https:\/\/www.fiarebancaetica.coop\/app\/uploads\/sites\/2\/2023\/12\/para-salvar-el-planeta-tenemos-que-cambiar-las-finanzas.jpg","contentUrl":"https:\/\/www.fiarebancaetica.coop\/app\/uploads\/sites\/2\/2023\/12\/para-salvar-el-planeta-tenemos-que-cambiar-las-finanzas.jpg","width":540,"height":250},{"@type":"BreadcrumbList","@id":"https:\/\/www.fiarebancaetica.coop\/eu\/para-salvar-el-planeta-tenemos-que-cambiar-las-finanzas\/#breadcrumb","itemListElement":[{"@type":"ListItem","position":1,"name":"Home","item":"https:\/\/www.fiarebancaetica.coop\/eu\/"},{"@type":"ListItem","position":2,"name":"Para salvar el planeta tenemos que cambiar las finanzas"}]},{"@type":"WebSite","@id":"https:\/\/www.fiarebancaetica.coop\/eu\/#website","url":"https:\/\/www.fiarebancaetica.coop\/eu\/","name":"Fiare Banca Etica","description":"","potentialAction":[{"@type":"SearchAction","target":{"@type":"EntryPoint","urlTemplate":"https:\/\/www.fiarebancaetica.coop\/eu\/?s={search_term_string}"},"query-input":{"@type":"PropertyValueSpecification","valueRequired":true,"valueName":"search_term_string"}}],"inLanguage":"eu"},{"@type":"Person","@id":"https:\/\/www.fiarebancaetica.coop\/eu\/#\/schema\/person\/579841e89c804b5db05d9141bd9b8272","name":"crispyadmin0","image":{"@type":"ImageObject","inLanguage":"eu","@id":"https:\/\/www.fiarebancaetica.coop\/eu\/#\/schema\/person\/image\/5f3a6b7786f32f4c35bd2b1a5a4698ea","url":"https:\/\/secure.gravatar.com\/avatar\/4d2cfb499d497b6d49da659fab7404b243a87fe8e40d2cf97a1cae48f677f5b2?s=96&d=mm&r=g","contentUrl":"https:\/\/secure.gravatar.com\/avatar\/4d2cfb499d497b6d49da659fab7404b243a87fe8e40d2cf97a1cae48f677f5b2?s=96&d=mm&r=g","caption":"crispyadmin0"},"sameAs":["crispyadmin0"]}]}},"_links":{"self":[{"href":"https:\/\/www.fiarebancaetica.coop\/eu\/wp-json\/wp\/v2\/posts\/344514","targetHints":{"allow":["GET"]}}],"collection":[{"href":"https:\/\/www.fiarebancaetica.coop\/eu\/wp-json\/wp\/v2\/posts"}],"about":[{"href":"https:\/\/www.fiarebancaetica.coop\/eu\/wp-json\/wp\/v2\/types\/post"}],"author":[{"embeddable":true,"href":"https:\/\/www.fiarebancaetica.coop\/eu\/wp-json\/wp\/v2\/users\/2"}],"replies":[{"embeddable":true,"href":"https:\/\/www.fiarebancaetica.coop\/eu\/wp-json\/wp\/v2\/comments?post=344514"}],"version-history":[{"count":2,"href":"https:\/\/www.fiarebancaetica.coop\/eu\/wp-json\/wp\/v2\/posts\/344514\/revisions"}],"predecessor-version":[{"id":354445,"href":"https:\/\/www.fiarebancaetica.coop\/eu\/wp-json\/wp\/v2\/posts\/344514\/revisions\/354445"}],"wp:featuredmedia":[{"embeddable":true,"href":"https:\/\/www.fiarebancaetica.coop\/eu\/wp-json\/wp\/v2\/media\/328989"}],"wp:attachment":[{"href":"https:\/\/www.fiarebancaetica.coop\/eu\/wp-json\/wp\/v2\/media?parent=344514"}],"wp:term":[{"taxonomy":"category","embeddable":true,"href":"https:\/\/www.fiarebancaetica.coop\/eu\/wp-json\/wp\/v2\/categories?post=344514"},{"taxonomy":"post_tag","embeddable":true,"href":"https:\/\/www.fiarebancaetica.coop\/eu\/wp-json\/wp\/v2\/tags?post=344514"},{"taxonomy":"author","embeddable":true,"href":"https:\/\/www.fiarebancaetica.coop\/eu\/wp-json\/wp\/v2\/coauthors?post=344514"}],"curies":[{"name":"wp","href":"https:\/\/api.w.org\/{rel}","templated":true}]}}