{"id":344522,"date":"2019-12-02T00:00:00","date_gmt":"2019-12-01T23:00:00","guid":{"rendered":"https:\/\/www.fiarebancaetica.coop\/jovenes-por-las-finanzas-eticas\/"},"modified":"2024-02-21T15:28:52","modified_gmt":"2024-02-21T14:28:52","slug":"jovenes-por-las-finanzas-eticas","status":"publish","type":"post","link":"https:\/\/www.fiarebancaetica.coop\/eu\/jovenes-por-las-finanzas-eticas\/","title":{"rendered":"J\u00f3venes por las finanzas \u00e9ticas"},"content":{"rendered":"\n\n<div class=\"wp-block-bancaetica-blocks-blocks-block-49\">\n    <div class=\"container-block-49\">\n\n        <div class=\"header-section \">\n                            <h1 class=\"section-title\"> Etica e cooperativa <\/h1>\n                                            <\/div>\n\n        \n        <div class=\"block-background\" style=\"background-image: url('https:\/\/www.fiarebancaetica.coop\/app\/uploads\/sites\/2\/2023\/12\/jovenes-por-las-finanzas-eticas.jpg')\">\n                            <div class=\"tile\">\n                    <h1 class=\"image-title\"> J\u00f3venes por las finanzas \u00e9ticas <\/h1>\n                <\/div>             <!-- end .tile -->\n            <div class=\"bottom-content\">\n                            <\/div> <!-- end .button-content -->\n        <\/div> <!-- end .block-background -->\n    <\/div> <!-- end .container -->\n<\/div> <!-- end wp-block-bancaetica-blocks-blocks-block-06 -->\n\n\n<div class=\"wrapper-crispybacon-class wrapper-crispybacon-class-boxed \">\n    <p>Los j\u00f3venes son el futuro de la sociedad, y tambi\u00e9n de nuestro banco. Por ello, Fiare Banca Etica est\u00e1 apostando cada vez m\u00e1s por ellos, con diversas actividades y proyectos que favorecen su&nbsp; participaci\u00f3n.<\/p>\n<p>Los Portadores de Valor de Fiare, la Mesa de Socias de Referencia y la Coordinaci\u00f3n de \u00c1rea, presentaron este a\u00f1o un proyecto justamente para <strong>favorecer la implicaci\u00f3n de los j\u00f3venes del banco<\/strong> y dar a conocer las potentes redes internacionales con las que trabaja Fiare Banca Etica.<br \/>\n\t<br \/>\n\tEste proyecto tuvo una primera parte en el<strong> <a href=\"https:\/\/jovenes.foroeconomiasocial.com\/\">I Encuentro de J\u00f3venes L\u00edderes de la Econom\u00eda Solidaria<\/a><\/strong>, organizado por la <a href=\"https:\/\/www.escueladeeconomiasocial.es\/\">Escuela de Econom\u00eda Social<\/a> de Andaluc\u00eda, y en el que participaron 15 personas j\u00f3venes designadas por distintos <a href=\"https:\/\/www.fiarebancaetica.coop\/git\/quienes-somos\">GITS<\/a> de Fiare Banca Etica.<br \/>\n\t<br \/>\n\tEl encuentro sirvi\u00f3 para poner en contacto a una <strong>potente red&nbsp; de j\u00f3venes de 18 pa\u00edses distintos motivados por la transformaci\u00f3n social<\/strong>, poniendo en la agenda temas tan importantes como las cuestiones de g\u00e9nero, el comercio justo, o las propias finanzas \u00e9ticas.<\/p>\n<p>Despu\u00e9s de esta formaci\u00f3n, la segunda parte del proyecto consistir\u00e1 en dar a conocer a estos j\u00f3venes&nbsp; distintas realidades financiadas por Fiare Banca Etica a nivel internacional, a trav\u00e9s de entidades aliadas con los que trabajamos, como la Fundaci\u00f3n Microfides.<br \/>\n\t<br \/>\n\tPor ello, el pr\u00f3ximo mes de enero, <strong>7 de estos j\u00f3venes viajar\u00e1n a <a href=\"https:\/\/www.fiarebancaetica.coop\/eu\/node\/30018\">Honduras<\/a> y a <a href=\"https:\/\/www.fiarebancaetica.coop\/eu\/node\/30003\">Ecuador<\/a><\/strong>, a conocer en directo realidades financiadas por Banca Etica a trav\u00e9s de <a href=\"https:\/\/microfides.com\/\">Microfides<\/a>. Esta ser\u00e1 la primera experiencia internacional, si bien surgir\u00e1n otras oportunidades para conocer realidades y experiencias m\u00e1s all\u00e1 de nuestras fronteras, teniendo en cuenta que Banca Etica trabaja con redes en los 5 continentes, favoreciendo directa o indirectamente a m\u00e1s de 40.000 beneficiarios.<\/p>\n<p><strong>Los y las j\u00f3venes que viajar\u00e1n en nombre de Fiare Banca Etica&nbsp; son:<\/strong><\/p>\n<ul>\n\t<li>\n\t\t<strong>Andr\u00e9s Soberbio<\/strong>, 29 a\u00f1os, economista social. Nacido en Granada y residente en Barcelona. Realiz\u00f3 pr\u00e1cticas en el \u00e1rea de Relaciones Asociativas de Fiare Banca Etica, y actualmente&nbsp; trabajador de las cooperativas LABCOOP y ETCS. Pertenece al GIT de Barcelona y fue propuesto por el mismo.<\/li>\n\t<li>\n\t\t<strong>Luc\u00eda Basulto<\/strong>, 32 a\u00f1os, licenciada en periodismo y comunicaci\u00f3n audiovisual. Nacida en Madrid y residente en Barcelona. Responsable de Comunicaci\u00f3n de la Cooperativa Sostre C\u00edvic. Y &#8220;candidata&#8221; al GIT de Barcelona.<\/li>\n\t<li>\n\t\t<strong>Alba Crespo<\/strong>, 26 a\u00f1os, graduada en periodismo y M\u00e1ster en temas de g\u00e9nero. Actualmente trabajadora de la Fundaci\u00f3n Finanzas \u00c9ticas, donde lleva los temas de comunicaci\u00f3n.<\/li>\n\t<li>\n\t\t<strong>Bruno Torcal<\/strong>, 34 a\u00f1os, Doctor en F\u00edsica. Trabaja en proyectos de concienciaci\u00f3n ambiental. Nacido en Bilbao y residente en Santander. Evaluador socio ambiental de Fiare Banca Etica. Designado por el GIT de Bilbao Abando.<\/li>\n\t<li>\n\t\t<strong>Angie Olivares<\/strong>, 36 a\u00f1os. Diplomada en Educaci\u00f3n Social- Nacida en Ja\u00e9n y residente en Gran Canarias. Trabaja en la Red Anagos (Reas Canarias) en asesoramiento en materia de econom\u00eda social y solidaria. Designada por el GIT de Canarias.<\/li>\n\t<li>\n\t\t<strong>Ahmed Mohamed<\/strong>, 25 a\u00f1os. Graduado en Finanzas y Contabilidad y M\u00e1ster en Pol\u00edtica Econ\u00f3mica y Econom\u00eda P\u00fablica. Voluntario en diversas organizaciones, como Western Sahara Resource Watch, SETEM Valencia, o en Fiare Banca Etica, donde participa en el GIT de Valencia. Designado por este GIT.<\/li>\n\t<li>\n\t\t<strong>Ander Zabala, <\/strong>21 a\u00f1os, estudiante de \u201cEstudios Globales\u201d y lengua \u00e1rabe. Nacido en Quito (Ecuador). residente en Barcelona. Propuesto por el GIT de Barcelona.\n\t\t<p><strong>Mucha suerte a todas y todos. \u00a1Seguiremos informando!!<\/strong><\/p>\n\t<\/li>\n<\/ul>\n<p><strong>#J\u00f3venesXFiare<\/strong><\/p>\n<\/div>","protected":false},"excerpt":{"rendered":"<p>Los j\u00f3venes son el futuro de la sociedad, y tambi\u00e9n de nuestro banco. Por ello, Fiare Banca Etica est\u00e1 apostando cada vez m\u00e1s por ellos, con diversas actividades y proyectos que favorecen su&nbsp; participaci\u00f3n.<\/p>\n","protected":false},"author":2,"featured_media":328977,"comment_status":"open","ping_status":"closed","sticky":false,"template":"","format":"standard","meta":{"_acf_changed":false,"footnotes":""},"categories":[11640],"tags":[],"coauthors":[],"class_list":["post-344522","post","type-post","status-publish","format-standard","has-post-thumbnail","hentry","category-etika-eta-kooperatiba"],"acf":[],"yoast_head":"<!-- This site is optimized with the Yoast SEO plugin v26.9 - https:\/\/yoast.com\/product\/yoast-seo-wordpress\/ -->\n<title>J\u00f3venes por las finanzas \u00e9ticas - Fiare Banca Etica<\/title>\n<meta name=\"robots\" content=\"index, follow, max-snippet:-1, max-image-preview:large, max-video-preview:-1\" \/>\n<link rel=\"canonical\" href=\"https:\/\/www.fiarebancaetica.coop\/eu\/jovenes-por-las-finanzas-eticas\/\" \/>\n<meta property=\"og:locale\" content=\"eu_ES\" \/>\n<meta property=\"og:type\" content=\"article\" \/>\n<meta property=\"og:title\" content=\"J\u00f3venes por las finanzas \u00e9ticas - Fiare Banca Etica\" \/>\n<meta property=\"og:description\" content=\"Los j\u00f3venes son el futuro de la sociedad, y tambi\u00e9n de nuestro banco. Por ello, Fiare Banca Etica est\u00e1 apostando cada vez m\u00e1s por ellos, con diversas actividades y proyectos que favorecen su&nbsp; participaci\u00f3n.\" \/>\n<meta property=\"og:url\" content=\"https:\/\/www.fiarebancaetica.coop\/eu\/jovenes-por-las-finanzas-eticas\/\" \/>\n<meta property=\"og:site_name\" content=\"Fiare Banca Etica\" \/>\n<meta property=\"article:published_time\" content=\"2019-12-01T23:00:00+00:00\" \/>\n<meta property=\"article:modified_time\" content=\"2024-02-21T14:28:52+00:00\" \/>\n<meta property=\"og:image\" content=\"https:\/\/www.fiarebancaetica.coop\/app\/uploads\/sites\/2\/2023\/12\/jovenes-por-las-finanzas-eticas.jpg\" \/>\n\t<meta property=\"og:image:width\" content=\"540\" \/>\n\t<meta property=\"og:image:height\" content=\"250\" \/>\n\t<meta property=\"og:image:type\" content=\"image\/jpeg\" \/>\n<meta name=\"author\" content=\"crispyadmin0\" \/>\n<meta name=\"twitter:card\" content=\"summary_large_image\" \/>\n<script type=\"application\/ld+json\" class=\"yoast-schema-graph\">{\"@context\":\"https:\/\/schema.org\",\"@graph\":[{\"@type\":\"Article\",\"@id\":\"https:\/\/www.fiarebancaetica.coop\/eu\/jovenes-por-las-finanzas-eticas\/#article\",\"isPartOf\":{\"@id\":\"https:\/\/www.fiarebancaetica.coop\/eu\/jovenes-por-las-finanzas-eticas\/\"},\"author\":{\"name\":\"crispyadmin0\",\"@id\":\"https:\/\/www.fiarebancaetica.coop\/eu\/#\/schema\/person\/579841e89c804b5db05d9141bd9b8272\"},\"headline\":\"J\u00f3venes por las finanzas \u00e9ticas\",\"datePublished\":\"2019-12-01T23:00:00+00:00\",\"dateModified\":\"2024-02-21T14:28:52+00:00\",\"mainEntityOfPage\":{\"@id\":\"https:\/\/www.fiarebancaetica.coop\/eu\/jovenes-por-las-finanzas-eticas\/\"},\"wordCount\":601,\"commentCount\":0,\"image\":{\"@id\":\"https:\/\/www.fiarebancaetica.coop\/eu\/jovenes-por-las-finanzas-eticas\/#primaryimage\"},\"thumbnailUrl\":\"https:\/\/www.fiarebancaetica.coop\/app\/uploads\/sites\/2\/2023\/12\/jovenes-por-las-finanzas-eticas.jpg\",\"articleSection\":[\"Etika eta kooperatiba\"],\"inLanguage\":\"eu\",\"potentialAction\":[{\"@type\":\"CommentAction\",\"name\":\"Comment\",\"target\":[\"https:\/\/www.fiarebancaetica.coop\/eu\/jovenes-por-las-finanzas-eticas\/#respond\"]}]},{\"@type\":\"WebPage\",\"@id\":\"https:\/\/www.fiarebancaetica.coop\/eu\/jovenes-por-las-finanzas-eticas\/\",\"url\":\"https:\/\/www.fiarebancaetica.coop\/eu\/jovenes-por-las-finanzas-eticas\/\",\"name\":\"J\u00f3venes por las finanzas \u00e9ticas - Fiare Banca Etica\",\"isPartOf\":{\"@id\":\"https:\/\/www.fiarebancaetica.coop\/eu\/#website\"},\"primaryImageOfPage\":{\"@id\":\"https:\/\/www.fiarebancaetica.coop\/eu\/jovenes-por-las-finanzas-eticas\/#primaryimage\"},\"image\":{\"@id\":\"https:\/\/www.fiarebancaetica.coop\/eu\/jovenes-por-las-finanzas-eticas\/#primaryimage\"},\"thumbnailUrl\":\"https:\/\/www.fiarebancaetica.coop\/app\/uploads\/sites\/2\/2023\/12\/jovenes-por-las-finanzas-eticas.jpg\",\"datePublished\":\"2019-12-01T23:00:00+00:00\",\"dateModified\":\"2024-02-21T14:28:52+00:00\",\"author\":{\"@id\":\"https:\/\/www.fiarebancaetica.coop\/eu\/#\/schema\/person\/579841e89c804b5db05d9141bd9b8272\"},\"breadcrumb\":{\"@id\":\"https:\/\/www.fiarebancaetica.coop\/eu\/jovenes-por-las-finanzas-eticas\/#breadcrumb\"},\"inLanguage\":\"eu\",\"potentialAction\":[{\"@type\":\"ReadAction\",\"target\":[\"https:\/\/www.fiarebancaetica.coop\/eu\/jovenes-por-las-finanzas-eticas\/\"]}]},{\"@type\":\"ImageObject\",\"inLanguage\":\"eu\",\"@id\":\"https:\/\/www.fiarebancaetica.coop\/eu\/jovenes-por-las-finanzas-eticas\/#primaryimage\",\"url\":\"https:\/\/www.fiarebancaetica.coop\/app\/uploads\/sites\/2\/2023\/12\/jovenes-por-las-finanzas-eticas.jpg\",\"contentUrl\":\"https:\/\/www.fiarebancaetica.coop\/app\/uploads\/sites\/2\/2023\/12\/jovenes-por-las-finanzas-eticas.jpg\",\"width\":540,\"height\":250},{\"@type\":\"BreadcrumbList\",\"@id\":\"https:\/\/www.fiarebancaetica.coop\/eu\/jovenes-por-las-finanzas-eticas\/#breadcrumb\",\"itemListElement\":[{\"@type\":\"ListItem\",\"position\":1,\"name\":\"Home\",\"item\":\"https:\/\/www.fiarebancaetica.coop\/eu\/\"},{\"@type\":\"ListItem\",\"position\":2,\"name\":\"J\u00f3venes por las finanzas \u00e9ticas\"}]},{\"@type\":\"WebSite\",\"@id\":\"https:\/\/www.fiarebancaetica.coop\/eu\/#website\",\"url\":\"https:\/\/www.fiarebancaetica.coop\/eu\/\",\"name\":\"Fiare Banca Etica\",\"description\":\"\",\"potentialAction\":[{\"@type\":\"SearchAction\",\"target\":{\"@type\":\"EntryPoint\",\"urlTemplate\":\"https:\/\/www.fiarebancaetica.coop\/eu\/?s={search_term_string}\"},\"query-input\":{\"@type\":\"PropertyValueSpecification\",\"valueRequired\":true,\"valueName\":\"search_term_string\"}}],\"inLanguage\":\"eu\"},{\"@type\":\"Person\",\"@id\":\"https:\/\/www.fiarebancaetica.coop\/eu\/#\/schema\/person\/579841e89c804b5db05d9141bd9b8272\",\"name\":\"crispyadmin0\",\"image\":{\"@type\":\"ImageObject\",\"inLanguage\":\"eu\",\"@id\":\"https:\/\/www.fiarebancaetica.coop\/eu\/#\/schema\/person\/image\/5f3a6b7786f32f4c35bd2b1a5a4698ea\",\"url\":\"https:\/\/secure.gravatar.com\/avatar\/4d2cfb499d497b6d49da659fab7404b243a87fe8e40d2cf97a1cae48f677f5b2?s=96&d=mm&r=g\",\"contentUrl\":\"https:\/\/secure.gravatar.com\/avatar\/4d2cfb499d497b6d49da659fab7404b243a87fe8e40d2cf97a1cae48f677f5b2?s=96&d=mm&r=g\",\"caption\":\"crispyadmin0\"},\"sameAs\":[\"crispyadmin0\"]}]}<\/script>\n<!-- \/ Yoast SEO plugin. -->","yoast_head_json":{"title":"J\u00f3venes por las finanzas \u00e9ticas - Fiare Banca Etica","robots":{"index":"index","follow":"follow","max-snippet":"max-snippet:-1","max-image-preview":"max-image-preview:large","max-video-preview":"max-video-preview:-1"},"canonical":"https:\/\/www.fiarebancaetica.coop\/eu\/jovenes-por-las-finanzas-eticas\/","og_locale":"eu_ES","og_type":"article","og_title":"J\u00f3venes por las finanzas \u00e9ticas - Fiare Banca Etica","og_description":"Los j\u00f3venes son el futuro de la sociedad, y tambi\u00e9n de nuestro banco. Por ello, Fiare Banca Etica est\u00e1 apostando cada vez m\u00e1s por ellos, con diversas actividades y proyectos que favorecen su&nbsp; participaci\u00f3n.","og_url":"https:\/\/www.fiarebancaetica.coop\/eu\/jovenes-por-las-finanzas-eticas\/","og_site_name":"Fiare Banca Etica","article_published_time":"2019-12-01T23:00:00+00:00","article_modified_time":"2024-02-21T14:28:52+00:00","og_image":[{"width":540,"height":250,"url":"https:\/\/www.fiarebancaetica.coop\/app\/uploads\/sites\/2\/2023\/12\/jovenes-por-las-finanzas-eticas.jpg","type":"image\/jpeg"}],"author":"crispyadmin0","twitter_card":"summary_large_image","schema":{"@context":"https:\/\/schema.org","@graph":[{"@type":"Article","@id":"https:\/\/www.fiarebancaetica.coop\/eu\/jovenes-por-las-finanzas-eticas\/#article","isPartOf":{"@id":"https:\/\/www.fiarebancaetica.coop\/eu\/jovenes-por-las-finanzas-eticas\/"},"author":{"name":"crispyadmin0","@id":"https:\/\/www.fiarebancaetica.coop\/eu\/#\/schema\/person\/579841e89c804b5db05d9141bd9b8272"},"headline":"J\u00f3venes por las finanzas \u00e9ticas","datePublished":"2019-12-01T23:00:00+00:00","dateModified":"2024-02-21T14:28:52+00:00","mainEntityOfPage":{"@id":"https:\/\/www.fiarebancaetica.coop\/eu\/jovenes-por-las-finanzas-eticas\/"},"wordCount":601,"commentCount":0,"image":{"@id":"https:\/\/www.fiarebancaetica.coop\/eu\/jovenes-por-las-finanzas-eticas\/#primaryimage"},"thumbnailUrl":"https:\/\/www.fiarebancaetica.coop\/app\/uploads\/sites\/2\/2023\/12\/jovenes-por-las-finanzas-eticas.jpg","articleSection":["Etika eta kooperatiba"],"inLanguage":"eu","potentialAction":[{"@type":"CommentAction","name":"Comment","target":["https:\/\/www.fiarebancaetica.coop\/eu\/jovenes-por-las-finanzas-eticas\/#respond"]}]},{"@type":"WebPage","@id":"https:\/\/www.fiarebancaetica.coop\/eu\/jovenes-por-las-finanzas-eticas\/","url":"https:\/\/www.fiarebancaetica.coop\/eu\/jovenes-por-las-finanzas-eticas\/","name":"J\u00f3venes por las finanzas \u00e9ticas - Fiare Banca Etica","isPartOf":{"@id":"https:\/\/www.fiarebancaetica.coop\/eu\/#website"},"primaryImageOfPage":{"@id":"https:\/\/www.fiarebancaetica.coop\/eu\/jovenes-por-las-finanzas-eticas\/#primaryimage"},"image":{"@id":"https:\/\/www.fiarebancaetica.coop\/eu\/jovenes-por-las-finanzas-eticas\/#primaryimage"},"thumbnailUrl":"https:\/\/www.fiarebancaetica.coop\/app\/uploads\/sites\/2\/2023\/12\/jovenes-por-las-finanzas-eticas.jpg","datePublished":"2019-12-01T23:00:00+00:00","dateModified":"2024-02-21T14:28:52+00:00","author":{"@id":"https:\/\/www.fiarebancaetica.coop\/eu\/#\/schema\/person\/579841e89c804b5db05d9141bd9b8272"},"breadcrumb":{"@id":"https:\/\/www.fiarebancaetica.coop\/eu\/jovenes-por-las-finanzas-eticas\/#breadcrumb"},"inLanguage":"eu","potentialAction":[{"@type":"ReadAction","target":["https:\/\/www.fiarebancaetica.coop\/eu\/jovenes-por-las-finanzas-eticas\/"]}]},{"@type":"ImageObject","inLanguage":"eu","@id":"https:\/\/www.fiarebancaetica.coop\/eu\/jovenes-por-las-finanzas-eticas\/#primaryimage","url":"https:\/\/www.fiarebancaetica.coop\/app\/uploads\/sites\/2\/2023\/12\/jovenes-por-las-finanzas-eticas.jpg","contentUrl":"https:\/\/www.fiarebancaetica.coop\/app\/uploads\/sites\/2\/2023\/12\/jovenes-por-las-finanzas-eticas.jpg","width":540,"height":250},{"@type":"BreadcrumbList","@id":"https:\/\/www.fiarebancaetica.coop\/eu\/jovenes-por-las-finanzas-eticas\/#breadcrumb","itemListElement":[{"@type":"ListItem","position":1,"name":"Home","item":"https:\/\/www.fiarebancaetica.coop\/eu\/"},{"@type":"ListItem","position":2,"name":"J\u00f3venes por las finanzas \u00e9ticas"}]},{"@type":"WebSite","@id":"https:\/\/www.fiarebancaetica.coop\/eu\/#website","url":"https:\/\/www.fiarebancaetica.coop\/eu\/","name":"Fiare Banca Etica","description":"","potentialAction":[{"@type":"SearchAction","target":{"@type":"EntryPoint","urlTemplate":"https:\/\/www.fiarebancaetica.coop\/eu\/?s={search_term_string}"},"query-input":{"@type":"PropertyValueSpecification","valueRequired":true,"valueName":"search_term_string"}}],"inLanguage":"eu"},{"@type":"Person","@id":"https:\/\/www.fiarebancaetica.coop\/eu\/#\/schema\/person\/579841e89c804b5db05d9141bd9b8272","name":"crispyadmin0","image":{"@type":"ImageObject","inLanguage":"eu","@id":"https:\/\/www.fiarebancaetica.coop\/eu\/#\/schema\/person\/image\/5f3a6b7786f32f4c35bd2b1a5a4698ea","url":"https:\/\/secure.gravatar.com\/avatar\/4d2cfb499d497b6d49da659fab7404b243a87fe8e40d2cf97a1cae48f677f5b2?s=96&d=mm&r=g","contentUrl":"https:\/\/secure.gravatar.com\/avatar\/4d2cfb499d497b6d49da659fab7404b243a87fe8e40d2cf97a1cae48f677f5b2?s=96&d=mm&r=g","caption":"crispyadmin0"},"sameAs":["crispyadmin0"]}]}},"_links":{"self":[{"href":"https:\/\/www.fiarebancaetica.coop\/eu\/wp-json\/wp\/v2\/posts\/344522","targetHints":{"allow":["GET"]}}],"collection":[{"href":"https:\/\/www.fiarebancaetica.coop\/eu\/wp-json\/wp\/v2\/posts"}],"about":[{"href":"https:\/\/www.fiarebancaetica.coop\/eu\/wp-json\/wp\/v2\/types\/post"}],"author":[{"embeddable":true,"href":"https:\/\/www.fiarebancaetica.coop\/eu\/wp-json\/wp\/v2\/users\/2"}],"replies":[{"embeddable":true,"href":"https:\/\/www.fiarebancaetica.coop\/eu\/wp-json\/wp\/v2\/comments?post=344522"}],"version-history":[{"count":1,"href":"https:\/\/www.fiarebancaetica.coop\/eu\/wp-json\/wp\/v2\/posts\/344522\/revisions"}],"predecessor-version":[{"id":354436,"href":"https:\/\/www.fiarebancaetica.coop\/eu\/wp-json\/wp\/v2\/posts\/344522\/revisions\/354436"}],"wp:featuredmedia":[{"embeddable":true,"href":"https:\/\/www.fiarebancaetica.coop\/eu\/wp-json\/wp\/v2\/media\/328977"}],"wp:attachment":[{"href":"https:\/\/www.fiarebancaetica.coop\/eu\/wp-json\/wp\/v2\/media?parent=344522"}],"wp:term":[{"taxonomy":"category","embeddable":true,"href":"https:\/\/www.fiarebancaetica.coop\/eu\/wp-json\/wp\/v2\/categories?post=344522"},{"taxonomy":"post_tag","embeddable":true,"href":"https:\/\/www.fiarebancaetica.coop\/eu\/wp-json\/wp\/v2\/tags?post=344522"},{"taxonomy":"author","embeddable":true,"href":"https:\/\/www.fiarebancaetica.coop\/eu\/wp-json\/wp\/v2\/coauthors?post=344522"}],"curies":[{"name":"wp","href":"https:\/\/api.w.org\/{rel}","templated":true}]}}