{"id":344563,"date":"2019-11-05T00:00:00","date_gmt":"2019-11-04T23:00:00","guid":{"rendered":"https:\/\/www.fiarebancaetica.coop\/el-anticipo-expres-llega-a-las-entidades\/"},"modified":"2024-02-21T15:29:26","modified_gmt":"2024-02-21T14:29:26","slug":"el-anticipo-expres-llega-a-las-entidades","status":"publish","type":"post","link":"https:\/\/www.fiarebancaetica.coop\/eu\/el-anticipo-expres-llega-a-las-entidades\/","title":{"rendered":"El Anticipo Expr\u00e9s llega a las entidades"},"content":{"rendered":"\n\n<div class=\"wp-block-bancaetica-blocks-blocks-block-49\">\n    <div class=\"container-block-49\">\n\n        <div class=\"header-section \">\n                            <h1 class=\"section-title\"> Etica e cooperativa <\/h1>\n                                            <\/div>\n\n        \n        <div class=\"block-background\" style=\"background-image: url('https:\/\/www.fiarebancaetica.coop\/app\/uploads\/sites\/2\/2023\/12\/el-anticipo-expres-llega-las-entidades.jpg')\">\n                            <div class=\"tile\">\n                    <h1 class=\"image-title\"> El Anticipo Expr\u00e9s llega a las entidades <\/h1>\n                <\/div>             <!-- end .tile -->\n            <div class=\"bottom-content\">\n                            <\/div> <!-- end .button-content -->\n        <\/div> <!-- end .block-background -->\n    <\/div> <!-- end .container -->\n<\/div> <!-- end wp-block-bancaetica-blocks-blocks-block-06 -->\n\n\n<div class=\"wrapper-crispybacon-class wrapper-crispybacon-class-boxed \">\n    <p>&nbsp;<\/p>\n<p>Fiare Banca Etica ha lanzado este mes un nuevo producto de cr\u00e9dito llamado <a href=\"node\/29573\">Anticipo Expr\u00e9s<\/a>, destinado a personas jur\u00eddicas que trabajan con la Administraci\u00f3n P\u00fablica, a partir de subvenciones o contratos.<br \/>\n\t<br \/>\n\tLa principal ventaja es que se da respuesta en cuatro d\u00edas h\u00e1biles a partir de la presentaci\u00f3n de toda la documentaci\u00f3n, mediante un proceso online.<br \/>\n\tAlgunas entidades han accedido ya a este cr\u00e9dito dando soluci\u00f3n a sus necesidades.<\/p>\n<h2>\n\tObservatorio DESC<\/h2>\n<p>El Observatorio DESC es un centro de derechos humanos que concentra sus esfuerzos en desmontar la percepci\u00f3n devaluada de los derechos sociales \u2013derecho a la vivienda, al trabajo, a la educaci\u00f3n, a la salud, a la alimentaci\u00f3n- en relaci\u00f3n a otros derechos considerados fundamentales como los derechos civiles y pol\u00edticos y los derechos patrimoniales.<br \/>\n\t<br \/>\n\tPara ello, el Observatorio combina la incidencia pol\u00edtica con la investigaci\u00f3n, el asesoramiento y la organizaci\u00f3n de cursos y jornadas y litigios estrat\u00e9gicos. As\u00ed, se promueven investigaciones y publicaciones, se organizan seminarios y formaciones y se acompa\u00f1an reivindicaciones y luchas populares. Todo ello, sin perder de vista la importancia del trabajo en red y de la participaci\u00f3n en campa\u00f1as sociales.<\/p>\n<p><a href=\"https:\/\/observatoridesc.org\/es\/\">https:\/\/observatoridesc.org\/es\/<\/a><\/p>\n<h2>\n\tHELICONIA<\/h2>\n<p>Heliconia es una consultor\u00eda socio-ambiental creada en 2004 con un equipo de trabajo multidisciplinar. Su organizaci\u00f3n se fundamenta en un modelo de gesti\u00f3n empresarial democr\u00e1tico basado en los valores de la econom\u00eda social y solidaria.<br \/>\n\t<br \/>\n\tUna de sus l\u00edneas de trabajo es el desarrollo de diagn\u00f3sticos de los sistemas territoriales, rurales y urbanos valorando sus potencialidades en funci\u00f3n del capital territorial, de sus recursos y sus agentes, previendo tendencias y formulando pol\u00edticas a distintas escalas de gobierno.<br \/>\n\t<br \/>\n\tHeliconia es una empresa cooperativa que promueve los siguientes objetivos: Realizar proyectos que reviertan beneficios a la comunidad tanto a nivel medioambiental como a nivel social y fomentar las redes de Econom\u00eda Social y el cooperativismo.<\/p>\n<p><a href=\"https:\/\/heliconia.es\/\">https:\/\/heliconia.es<\/a><\/p>\n<h2>\n\tFUNDACI\u00d3N SIERRA MINERA<\/h2>\n<p>La Fundaci\u00f3n Sierra Minera es una entidad sin \u00e1nimo de lucro que aglutina el tejido asociativo y trabaja por el desarrollo de la Sierra Minera de Cartagena-La Uni\u00f3n (Murcia).<br \/>\n\t<br \/>\n\tLos objetivos de la fundaci\u00f3n son:<\/p>\n<ul>\n\t<li>\n\t\tPromover el desarrollo de la Sierra Minera integrando los aspectos econ\u00f3micos, laborales, sociales, medio ambientales, educativos y culturales.<\/li>\n\t<li>\n\t\tImpulsar, articular, gestionar y ejecutar cuantos proyectos contribuyan a dicho desarrollo, especialmente los dirigidos a la formaci\u00f3n e inserci\u00f3n laboral de los sectores m\u00e1s desfavorecidos, al apoyo de iniciativas emprendedoras que permitan crear nuevas empresas y generar puestos de trabajo, la atenci\u00f3n de las necesidades sociales de los ciudadanos de la zona y a la lucha contra la exclusi\u00f3n social.<\/li>\n<\/ul>\n<p><a href=\"https:\/\/fundacionsierraminera.es\">https:\/\/fundacionsierraminera.es&nbsp;<\/a><\/p>\n<h2>\n\tFUNDACI\u00d3N GIRASOL<\/h2>\n<p>La Fundacio\u0301n Girasol nace en 1984 como una organizacio\u0301n asistencial sin a\u0301nimo de lucro, con la vocacio\u0301n de intervenir en la resolucio\u0301n de todas las problema\u0301ticas derivadas del consumo de drogas, con especial e\u0301nfasis en todas aquellas situaciones que generan exclusio\u0301n social.<br \/>\n\tLa creacio\u0301n de la entidad deriva de la necesidad de dar respuesta a la epidemia de consumos problema\u0301ticos que se produjo en los an\u0303os 80.<br \/>\n\tSu Misi\u00f3n es actuar desde la innovaci\u00f3n y la constante revisi\u00f3n de sus conocimientos y saberes, utilizando una metodolog\u00eda propia de atenci\u00f3n integral de las adicciones y las problem\u00e1ticas que generan exclusi\u00f3n social.<\/p>\n<p><a href=\"https:\/\/girasolfundacion.es\">https:\/\/girasolfundacion.es<\/a><\/p>\n<p>&nbsp;<\/p>\n<h5>\n\tFoto de&nbsp;<a href=\"https:\/\/unsplash.com\/@emotional_discord\"><span>J W&nbsp;<\/span>@emotional_discord en unsplash&nbsp;<\/a><\/h5>\n<\/div>","protected":false},"excerpt":{"rendered":"<p>Fiare Banca Etica ha lanzado este mes un nuevo producto de cr\u00e9dito llamado Anticipo Expr\u00e9s, destinado a personas jur\u00eddicas que trabajan con la Administraci\u00f3n P\u00fablica, a partir de subvenciones o contratos.<br \/>\n\tLa principal ventaja es que damos respuesta en cuatro d\u00edas h\u00e1biles a partir de la presentaci\u00f3n de toda la documentaci\u00f3n, mediante un proceso online.<br \/>\n\tAlgunas entidades ya han accedido a este cr\u00e9dito dando soluci\u00f3n a sus necesidades.<\/p>\n","protected":false},"author":2,"featured_media":328917,"comment_status":"open","ping_status":"closed","sticky":false,"template":"","format":"standard","meta":{"_acf_changed":false,"footnotes":""},"categories":[11663],"tags":[],"coauthors":[],"class_list":["post-344563","post","type-post","status-publish","format-standard","has-post-thumbnail","hentry","category-eragin-positiboa-duten-istorioak"],"acf":[],"yoast_head":"<!-- This site is optimized with the Yoast SEO plugin v26.9 - https:\/\/yoast.com\/product\/yoast-seo-wordpress\/ -->\n<title>El Anticipo Expr\u00e9s llega a las entidades - Fiare Banca Etica<\/title>\n<meta name=\"robots\" content=\"index, follow, max-snippet:-1, max-image-preview:large, max-video-preview:-1\" \/>\n<link rel=\"canonical\" href=\"https:\/\/www.fiarebancaetica.coop\/eu\/el-anticipo-expres-llega-a-las-entidades\/\" \/>\n<meta property=\"og:locale\" content=\"eu_ES\" \/>\n<meta property=\"og:type\" content=\"article\" \/>\n<meta property=\"og:title\" content=\"El Anticipo Expr\u00e9s llega a las entidades - Fiare Banca Etica\" \/>\n<meta property=\"og:description\" content=\"Fiare Banca Etica ha lanzado este mes un nuevo producto de cr\u00e9dito llamado Anticipo Expr\u00e9s, destinado a personas jur\u00eddicas que trabajan con la Administraci\u00f3n P\u00fablica, a partir de subvenciones o contratos. La principal ventaja es que damos respuesta en cuatro d\u00edas h\u00e1biles a partir de la presentaci\u00f3n de toda la documentaci\u00f3n, mediante un proceso online. Algunas entidades ya han accedido a este cr\u00e9dito dando soluci\u00f3n a sus necesidades.\" \/>\n<meta property=\"og:url\" content=\"https:\/\/www.fiarebancaetica.coop\/eu\/el-anticipo-expres-llega-a-las-entidades\/\" \/>\n<meta property=\"og:site_name\" content=\"Fiare Banca Etica\" \/>\n<meta property=\"article:published_time\" content=\"2019-11-04T23:00:00+00:00\" \/>\n<meta property=\"article:modified_time\" content=\"2024-02-21T14:29:26+00:00\" \/>\n<meta property=\"og:image\" content=\"https:\/\/www.fiarebancaetica.coop\/app\/uploads\/sites\/2\/2023\/12\/el-anticipo-expres-llega-las-entidades.jpg\" \/>\n\t<meta property=\"og:image:width\" content=\"540\" \/>\n\t<meta property=\"og:image:height\" content=\"250\" \/>\n\t<meta property=\"og:image:type\" content=\"image\/jpeg\" \/>\n<meta name=\"author\" content=\"crispyadmin0\" \/>\n<meta name=\"twitter:card\" content=\"summary_large_image\" \/>\n<script type=\"application\/ld+json\" class=\"yoast-schema-graph\">{\"@context\":\"https:\/\/schema.org\",\"@graph\":[{\"@type\":\"Article\",\"@id\":\"https:\/\/www.fiarebancaetica.coop\/eu\/el-anticipo-expres-llega-a-las-entidades\/#article\",\"isPartOf\":{\"@id\":\"https:\/\/www.fiarebancaetica.coop\/eu\/el-anticipo-expres-llega-a-las-entidades\/\"},\"author\":{\"name\":\"crispyadmin0\",\"@id\":\"https:\/\/www.fiarebancaetica.coop\/eu\/#\/schema\/person\/579841e89c804b5db05d9141bd9b8272\"},\"headline\":\"El Anticipo Expr\u00e9s llega a las entidades\",\"datePublished\":\"2019-11-04T23:00:00+00:00\",\"dateModified\":\"2024-02-21T14:29:26+00:00\",\"mainEntityOfPage\":{\"@id\":\"https:\/\/www.fiarebancaetica.coop\/eu\/el-anticipo-expres-llega-a-las-entidades\/\"},\"wordCount\":611,\"commentCount\":0,\"image\":{\"@id\":\"https:\/\/www.fiarebancaetica.coop\/eu\/el-anticipo-expres-llega-a-las-entidades\/#primaryimage\"},\"thumbnailUrl\":\"https:\/\/www.fiarebancaetica.coop\/app\/uploads\/sites\/2\/2023\/12\/el-anticipo-expres-llega-las-entidades.jpg\",\"articleSection\":[\"Eragin positiboa duten istorioak\"],\"inLanguage\":\"eu\",\"potentialAction\":[{\"@type\":\"CommentAction\",\"name\":\"Comment\",\"target\":[\"https:\/\/www.fiarebancaetica.coop\/eu\/el-anticipo-expres-llega-a-las-entidades\/#respond\"]}]},{\"@type\":\"WebPage\",\"@id\":\"https:\/\/www.fiarebancaetica.coop\/eu\/el-anticipo-expres-llega-a-las-entidades\/\",\"url\":\"https:\/\/www.fiarebancaetica.coop\/eu\/el-anticipo-expres-llega-a-las-entidades\/\",\"name\":\"El Anticipo Expr\u00e9s llega a las entidades - Fiare Banca Etica\",\"isPartOf\":{\"@id\":\"https:\/\/www.fiarebancaetica.coop\/eu\/#website\"},\"primaryImageOfPage\":{\"@id\":\"https:\/\/www.fiarebancaetica.coop\/eu\/el-anticipo-expres-llega-a-las-entidades\/#primaryimage\"},\"image\":{\"@id\":\"https:\/\/www.fiarebancaetica.coop\/eu\/el-anticipo-expres-llega-a-las-entidades\/#primaryimage\"},\"thumbnailUrl\":\"https:\/\/www.fiarebancaetica.coop\/app\/uploads\/sites\/2\/2023\/12\/el-anticipo-expres-llega-las-entidades.jpg\",\"datePublished\":\"2019-11-04T23:00:00+00:00\",\"dateModified\":\"2024-02-21T14:29:26+00:00\",\"author\":{\"@id\":\"https:\/\/www.fiarebancaetica.coop\/eu\/#\/schema\/person\/579841e89c804b5db05d9141bd9b8272\"},\"breadcrumb\":{\"@id\":\"https:\/\/www.fiarebancaetica.coop\/eu\/el-anticipo-expres-llega-a-las-entidades\/#breadcrumb\"},\"inLanguage\":\"eu\",\"potentialAction\":[{\"@type\":\"ReadAction\",\"target\":[\"https:\/\/www.fiarebancaetica.coop\/eu\/el-anticipo-expres-llega-a-las-entidades\/\"]}]},{\"@type\":\"ImageObject\",\"inLanguage\":\"eu\",\"@id\":\"https:\/\/www.fiarebancaetica.coop\/eu\/el-anticipo-expres-llega-a-las-entidades\/#primaryimage\",\"url\":\"https:\/\/www.fiarebancaetica.coop\/app\/uploads\/sites\/2\/2023\/12\/el-anticipo-expres-llega-las-entidades.jpg\",\"contentUrl\":\"https:\/\/www.fiarebancaetica.coop\/app\/uploads\/sites\/2\/2023\/12\/el-anticipo-expres-llega-las-entidades.jpg\",\"width\":540,\"height\":250},{\"@type\":\"BreadcrumbList\",\"@id\":\"https:\/\/www.fiarebancaetica.coop\/eu\/el-anticipo-expres-llega-a-las-entidades\/#breadcrumb\",\"itemListElement\":[{\"@type\":\"ListItem\",\"position\":1,\"name\":\"Home\",\"item\":\"https:\/\/www.fiarebancaetica.coop\/eu\/\"},{\"@type\":\"ListItem\",\"position\":2,\"name\":\"El Anticipo Expr\u00e9s llega a las entidades\"}]},{\"@type\":\"WebSite\",\"@id\":\"https:\/\/www.fiarebancaetica.coop\/eu\/#website\",\"url\":\"https:\/\/www.fiarebancaetica.coop\/eu\/\",\"name\":\"Fiare Banca Etica\",\"description\":\"\",\"potentialAction\":[{\"@type\":\"SearchAction\",\"target\":{\"@type\":\"EntryPoint\",\"urlTemplate\":\"https:\/\/www.fiarebancaetica.coop\/eu\/?s={search_term_string}\"},\"query-input\":{\"@type\":\"PropertyValueSpecification\",\"valueRequired\":true,\"valueName\":\"search_term_string\"}}],\"inLanguage\":\"eu\"},{\"@type\":\"Person\",\"@id\":\"https:\/\/www.fiarebancaetica.coop\/eu\/#\/schema\/person\/579841e89c804b5db05d9141bd9b8272\",\"name\":\"crispyadmin0\",\"image\":{\"@type\":\"ImageObject\",\"inLanguage\":\"eu\",\"@id\":\"https:\/\/www.fiarebancaetica.coop\/eu\/#\/schema\/person\/image\/5f3a6b7786f32f4c35bd2b1a5a4698ea\",\"url\":\"https:\/\/secure.gravatar.com\/avatar\/4d2cfb499d497b6d49da659fab7404b243a87fe8e40d2cf97a1cae48f677f5b2?s=96&d=mm&r=g\",\"contentUrl\":\"https:\/\/secure.gravatar.com\/avatar\/4d2cfb499d497b6d49da659fab7404b243a87fe8e40d2cf97a1cae48f677f5b2?s=96&d=mm&r=g\",\"caption\":\"crispyadmin0\"},\"sameAs\":[\"crispyadmin0\"]}]}<\/script>\n<!-- \/ Yoast SEO plugin. -->","yoast_head_json":{"title":"El Anticipo Expr\u00e9s llega a las entidades - Fiare Banca Etica","robots":{"index":"index","follow":"follow","max-snippet":"max-snippet:-1","max-image-preview":"max-image-preview:large","max-video-preview":"max-video-preview:-1"},"canonical":"https:\/\/www.fiarebancaetica.coop\/eu\/el-anticipo-expres-llega-a-las-entidades\/","og_locale":"eu_ES","og_type":"article","og_title":"El Anticipo Expr\u00e9s llega a las entidades - Fiare Banca Etica","og_description":"Fiare Banca Etica ha lanzado este mes un nuevo producto de cr\u00e9dito llamado Anticipo Expr\u00e9s, destinado a personas jur\u00eddicas que trabajan con la Administraci\u00f3n P\u00fablica, a partir de subvenciones o contratos. La principal ventaja es que damos respuesta en cuatro d\u00edas h\u00e1biles a partir de la presentaci\u00f3n de toda la documentaci\u00f3n, mediante un proceso online. Algunas entidades ya han accedido a este cr\u00e9dito dando soluci\u00f3n a sus necesidades.","og_url":"https:\/\/www.fiarebancaetica.coop\/eu\/el-anticipo-expres-llega-a-las-entidades\/","og_site_name":"Fiare Banca Etica","article_published_time":"2019-11-04T23:00:00+00:00","article_modified_time":"2024-02-21T14:29:26+00:00","og_image":[{"width":540,"height":250,"url":"https:\/\/www.fiarebancaetica.coop\/app\/uploads\/sites\/2\/2023\/12\/el-anticipo-expres-llega-las-entidades.jpg","type":"image\/jpeg"}],"author":"crispyadmin0","twitter_card":"summary_large_image","schema":{"@context":"https:\/\/schema.org","@graph":[{"@type":"Article","@id":"https:\/\/www.fiarebancaetica.coop\/eu\/el-anticipo-expres-llega-a-las-entidades\/#article","isPartOf":{"@id":"https:\/\/www.fiarebancaetica.coop\/eu\/el-anticipo-expres-llega-a-las-entidades\/"},"author":{"name":"crispyadmin0","@id":"https:\/\/www.fiarebancaetica.coop\/eu\/#\/schema\/person\/579841e89c804b5db05d9141bd9b8272"},"headline":"El Anticipo Expr\u00e9s llega a las entidades","datePublished":"2019-11-04T23:00:00+00:00","dateModified":"2024-02-21T14:29:26+00:00","mainEntityOfPage":{"@id":"https:\/\/www.fiarebancaetica.coop\/eu\/el-anticipo-expres-llega-a-las-entidades\/"},"wordCount":611,"commentCount":0,"image":{"@id":"https:\/\/www.fiarebancaetica.coop\/eu\/el-anticipo-expres-llega-a-las-entidades\/#primaryimage"},"thumbnailUrl":"https:\/\/www.fiarebancaetica.coop\/app\/uploads\/sites\/2\/2023\/12\/el-anticipo-expres-llega-las-entidades.jpg","articleSection":["Eragin positiboa duten istorioak"],"inLanguage":"eu","potentialAction":[{"@type":"CommentAction","name":"Comment","target":["https:\/\/www.fiarebancaetica.coop\/eu\/el-anticipo-expres-llega-a-las-entidades\/#respond"]}]},{"@type":"WebPage","@id":"https:\/\/www.fiarebancaetica.coop\/eu\/el-anticipo-expres-llega-a-las-entidades\/","url":"https:\/\/www.fiarebancaetica.coop\/eu\/el-anticipo-expres-llega-a-las-entidades\/","name":"El Anticipo Expr\u00e9s llega a las entidades - Fiare Banca Etica","isPartOf":{"@id":"https:\/\/www.fiarebancaetica.coop\/eu\/#website"},"primaryImageOfPage":{"@id":"https:\/\/www.fiarebancaetica.coop\/eu\/el-anticipo-expres-llega-a-las-entidades\/#primaryimage"},"image":{"@id":"https:\/\/www.fiarebancaetica.coop\/eu\/el-anticipo-expres-llega-a-las-entidades\/#primaryimage"},"thumbnailUrl":"https:\/\/www.fiarebancaetica.coop\/app\/uploads\/sites\/2\/2023\/12\/el-anticipo-expres-llega-las-entidades.jpg","datePublished":"2019-11-04T23:00:00+00:00","dateModified":"2024-02-21T14:29:26+00:00","author":{"@id":"https:\/\/www.fiarebancaetica.coop\/eu\/#\/schema\/person\/579841e89c804b5db05d9141bd9b8272"},"breadcrumb":{"@id":"https:\/\/www.fiarebancaetica.coop\/eu\/el-anticipo-expres-llega-a-las-entidades\/#breadcrumb"},"inLanguage":"eu","potentialAction":[{"@type":"ReadAction","target":["https:\/\/www.fiarebancaetica.coop\/eu\/el-anticipo-expres-llega-a-las-entidades\/"]}]},{"@type":"ImageObject","inLanguage":"eu","@id":"https:\/\/www.fiarebancaetica.coop\/eu\/el-anticipo-expres-llega-a-las-entidades\/#primaryimage","url":"https:\/\/www.fiarebancaetica.coop\/app\/uploads\/sites\/2\/2023\/12\/el-anticipo-expres-llega-las-entidades.jpg","contentUrl":"https:\/\/www.fiarebancaetica.coop\/app\/uploads\/sites\/2\/2023\/12\/el-anticipo-expres-llega-las-entidades.jpg","width":540,"height":250},{"@type":"BreadcrumbList","@id":"https:\/\/www.fiarebancaetica.coop\/eu\/el-anticipo-expres-llega-a-las-entidades\/#breadcrumb","itemListElement":[{"@type":"ListItem","position":1,"name":"Home","item":"https:\/\/www.fiarebancaetica.coop\/eu\/"},{"@type":"ListItem","position":2,"name":"El Anticipo Expr\u00e9s llega a las entidades"}]},{"@type":"WebSite","@id":"https:\/\/www.fiarebancaetica.coop\/eu\/#website","url":"https:\/\/www.fiarebancaetica.coop\/eu\/","name":"Fiare Banca Etica","description":"","potentialAction":[{"@type":"SearchAction","target":{"@type":"EntryPoint","urlTemplate":"https:\/\/www.fiarebancaetica.coop\/eu\/?s={search_term_string}"},"query-input":{"@type":"PropertyValueSpecification","valueRequired":true,"valueName":"search_term_string"}}],"inLanguage":"eu"},{"@type":"Person","@id":"https:\/\/www.fiarebancaetica.coop\/eu\/#\/schema\/person\/579841e89c804b5db05d9141bd9b8272","name":"crispyadmin0","image":{"@type":"ImageObject","inLanguage":"eu","@id":"https:\/\/www.fiarebancaetica.coop\/eu\/#\/schema\/person\/image\/5f3a6b7786f32f4c35bd2b1a5a4698ea","url":"https:\/\/secure.gravatar.com\/avatar\/4d2cfb499d497b6d49da659fab7404b243a87fe8e40d2cf97a1cae48f677f5b2?s=96&d=mm&r=g","contentUrl":"https:\/\/secure.gravatar.com\/avatar\/4d2cfb499d497b6d49da659fab7404b243a87fe8e40d2cf97a1cae48f677f5b2?s=96&d=mm&r=g","caption":"crispyadmin0"},"sameAs":["crispyadmin0"]}]}},"_links":{"self":[{"href":"https:\/\/www.fiarebancaetica.coop\/eu\/wp-json\/wp\/v2\/posts\/344563","targetHints":{"allow":["GET"]}}],"collection":[{"href":"https:\/\/www.fiarebancaetica.coop\/eu\/wp-json\/wp\/v2\/posts"}],"about":[{"href":"https:\/\/www.fiarebancaetica.coop\/eu\/wp-json\/wp\/v2\/types\/post"}],"author":[{"embeddable":true,"href":"https:\/\/www.fiarebancaetica.coop\/eu\/wp-json\/wp\/v2\/users\/2"}],"replies":[{"embeddable":true,"href":"https:\/\/www.fiarebancaetica.coop\/eu\/wp-json\/wp\/v2\/comments?post=344563"}],"version-history":[{"count":1,"href":"https:\/\/www.fiarebancaetica.coop\/eu\/wp-json\/wp\/v2\/posts\/344563\/revisions"}],"predecessor-version":[{"id":354398,"href":"https:\/\/www.fiarebancaetica.coop\/eu\/wp-json\/wp\/v2\/posts\/344563\/revisions\/354398"}],"wp:featuredmedia":[{"embeddable":true,"href":"https:\/\/www.fiarebancaetica.coop\/eu\/wp-json\/wp\/v2\/media\/328917"}],"wp:attachment":[{"href":"https:\/\/www.fiarebancaetica.coop\/eu\/wp-json\/wp\/v2\/media?parent=344563"}],"wp:term":[{"taxonomy":"category","embeddable":true,"href":"https:\/\/www.fiarebancaetica.coop\/eu\/wp-json\/wp\/v2\/categories?post=344563"},{"taxonomy":"post_tag","embeddable":true,"href":"https:\/\/www.fiarebancaetica.coop\/eu\/wp-json\/wp\/v2\/tags?post=344563"},{"taxonomy":"author","embeddable":true,"href":"https:\/\/www.fiarebancaetica.coop\/eu\/wp-json\/wp\/v2\/coauthors?post=344563"}],"curies":[{"name":"wp","href":"https:\/\/api.w.org\/{rel}","templated":true}]}}