{"id":344574,"date":"2019-10-21T00:00:00","date_gmt":"2019-10-20T22:00:00","guid":{"rendered":"https:\/\/www.fiarebancaetica.coop\/nuevo-portal-de-redefes-red-por-la-educacion-en-las-finanzas-eticas-y-solidarias\/"},"modified":"2024-02-21T15:29:36","modified_gmt":"2024-02-21T14:29:36","slug":"nuevo-portal-de-redefes-red-por-la-educacion-en-las-finanzas-eticas-y-solidarias","status":"publish","type":"post","link":"https:\/\/www.fiarebancaetica.coop\/eu\/nuevo-portal-de-redefes-red-por-la-educacion-en-las-finanzas-eticas-y-solidarias\/","title":{"rendered":"Nuevo portal de RedEFES, red por la educaci\u00f3n en las finanzas \u00e9ticas y solidarias"},"content":{"rendered":"\n\n<div class=\"wp-block-bancaetica-blocks-blocks-block-49\">\n    <div class=\"container-block-49\">\n\n        <div class=\"header-section \">\n                            <h1 class=\"section-title\"> Etica e cooperativa <\/h1>\n                                            <\/div>\n\n        \n        <div class=\"block-background\" style=\"background-image: url('https:\/\/www.fiarebancaetica.coop\/app\/uploads\/sites\/2\/2023\/12\/nuevo-portal-de-redefes-red-por-educacion-en-las-finanzas-eticas-y-solidarias.jpg')\">\n                            <div class=\"tile\">\n                    <h1 class=\"image-title\"> Nuevo portal de RedEFES, red por la educaci\u00f3n en las finanzas \u00e9ticas y solidarias <\/h1>\n                <\/div>             <!-- end .tile -->\n            <div class=\"bottom-content\">\n                            <\/div> <!-- end .button-content -->\n        <\/div> <!-- end .block-background -->\n    <\/div> <!-- end .container -->\n<\/div> <!-- end wp-block-bancaetica-blocks-blocks-block-06 -->\n\n\n<div class=\"wrapper-crispybacon-class wrapper-crispybacon-class-boxed \">\n    <p>La<strong>&nbsp;Red por una Educaci\u00f3n en Finanzas \u00c9ticas y Solidarias&nbsp;(RedEFES),&nbsp;<\/strong>que agrupa a personas, organizaciones y plataformas que quieren promover la educaci\u00f3n econ\u00f3mica cr\u00edtica y las finanzas \u00e9ticas y solidarias, ha presentado su <a href=\"http:\/\/www.redEFES.org\"><strong>nuevo portal<\/strong>.<\/a><br \/>\n\t<br \/>\n\tLa <a href=\"https:\/\/finanzaseticas.net\/\">Fundaci\u00f3n Finanzas \u00c9ticas<\/a>,&nbsp;junto a <a href=\"http:\/\/fets.org\/\">Fets-Finan\u00e7ament \u00c8tic i Solidari<\/a>, es una de las entidades promotoras de esta red que promueve&nbsp;una ense\u00f1anza de la econom\u00eda cr\u00edtica respecto al sistema econ\u00f3mico global implicando a los y las j\u00f3venes en las alternativas econ\u00f3micas justas, igualitarias, sostenibles y respetuosas con los DDHH y el planeta.<\/p>\n<h2>\n\tObjetivos de la red<\/h2>\n<p>El objetivo es facilitar un <strong>espacio de encuentro entre profesorado y entidades de finanzas \u00e9ticas<\/strong> y de la educaci\u00f3n transformadora para facilitar recursos pedag\u00f3gicos y metodol\u00f3gicos que incorporen el an\u00e1lisis de los impactos sociales, econ\u00f3micos y ambientales del sistema financiero y que faciliten el impulso de las finanzas \u00e9ticas como herramienta de transformaci\u00f3n social.<br \/>\n\t<br \/>\n\tEl sistema econ\u00f3mico actual es responsable de los aumentos de la desigualdad global que perpet\u00faan los niveles de pobreza y de exclusi\u00f3n social, especialmente sobre las mujeres del Sur Global, as\u00ed como de la situaci\u00f3n de crisis ecol\u00f3gica sin precedentes.<br \/>\n\t<br \/>\n\tA menudo la <strong>educaci\u00f3n econ\u00f3mica invisibiliza los impactos del sistema econ\u00f3mico y financiero actual<\/strong> sobre las personas \u2013 especialmente las mujeres \u2013 y el planeta, relegando otras perspectivas econ\u00f3micas como la feminista y la ecol\u00f3gica as\u00ed como las alternativas de la econom\u00eda solidaria y las finanzas \u00e9ticas.<\/p>\n<h2>\n\tBlog RedEFESS<\/h2>\n<p>A trav\u00e9s del blog se quiere impulsar la Red y que sea un lugar din\u00e1mico y participativo, creando un banco de recursos accesible y abierto a las valoraciones de las personas de la red, as\u00ed como un f\u00f3rum para el debate y un espacio con experiencias que pueden ser de inter\u00e9s para la red y sus miembros.<br \/>\n\t<br \/>\n\t<a href=\"http:\/\/www.redEFES.org\">www.redEFES.org<\/a><\/p>\n<h2>\n\tOrganizaciones y redes impulsoras de la RedEFES<\/h2>\n<p>La Fundaci\u00f3n Finanzas \u00c9ticas es una de las entidades promotoras de la red junto a&nbsp;Fets-Finan\u00e7ament \u00c8tic i Solidari,&nbsp;Plataforma Finantzaz Haratago y&nbsp;Oikocredit Catalunya<\/p>\n<\/div>","protected":false},"excerpt":{"rendered":"<p>La Red por una Educaci\u00f3n en Finanzas \u00c9ticas y Solidarias (RedEFES) que agrupa a personas, organizaciones y plataformas que quieren promover la educaci\u00f3n econ\u00f3mica cr\u00edtica y las finanzas \u00e9ticas y solidarias, ha presentado su nuevo portal.<\/p>\n","protected":false},"author":2,"featured_media":328899,"comment_status":"open","ping_status":"closed","sticky":false,"template":"","format":"standard","meta":{"_acf_changed":false,"footnotes":""},"categories":[11644],"tags":[],"coauthors":[],"class_list":["post-344574","post","type-post","status-publish","format-standard","has-post-thumbnail","hentry","category-finantza-etikoak"],"acf":[],"yoast_head":"<!-- This site is optimized with the Yoast SEO plugin v26.9 - https:\/\/yoast.com\/product\/yoast-seo-wordpress\/ -->\n<title>Nuevo portal de RedEFES, red por la educaci\u00f3n en las finanzas \u00e9ticas y solidarias - Fiare Banca Etica<\/title>\n<meta name=\"robots\" content=\"index, follow, max-snippet:-1, max-image-preview:large, max-video-preview:-1\" \/>\n<link rel=\"canonical\" href=\"https:\/\/www.fiarebancaetica.coop\/eu\/nuevo-portal-de-redefes-red-por-la-educacion-en-las-finanzas-eticas-y-solidarias\/\" \/>\n<meta property=\"og:locale\" content=\"eu_ES\" \/>\n<meta property=\"og:type\" content=\"article\" \/>\n<meta property=\"og:title\" content=\"Nuevo portal de RedEFES, red por la educaci\u00f3n en las finanzas \u00e9ticas y solidarias - Fiare Banca Etica\" \/>\n<meta property=\"og:description\" content=\"La Red por una Educaci\u00f3n en Finanzas \u00c9ticas y Solidarias (RedEFES) que agrupa a personas, organizaciones y plataformas que quieren promover la educaci\u00f3n econ\u00f3mica cr\u00edtica y las finanzas \u00e9ticas y solidarias, ha presentado su nuevo portal.\" \/>\n<meta property=\"og:url\" content=\"https:\/\/www.fiarebancaetica.coop\/eu\/nuevo-portal-de-redefes-red-por-la-educacion-en-las-finanzas-eticas-y-solidarias\/\" \/>\n<meta property=\"og:site_name\" content=\"Fiare Banca Etica\" \/>\n<meta property=\"article:published_time\" content=\"2019-10-20T22:00:00+00:00\" \/>\n<meta property=\"article:modified_time\" content=\"2024-02-21T14:29:36+00:00\" \/>\n<meta property=\"og:image\" content=\"https:\/\/www.fiarebancaetica.coop\/app\/uploads\/sites\/2\/2023\/12\/nuevo-portal-de-redefes-red-por-educacion-en-las-finanzas-eticas-y-solidarias.jpg\" \/>\n\t<meta property=\"og:image:width\" content=\"540\" \/>\n\t<meta property=\"og:image:height\" content=\"250\" \/>\n\t<meta property=\"og:image:type\" content=\"image\/jpeg\" \/>\n<meta name=\"author\" content=\"crispyadmin0\" \/>\n<meta name=\"twitter:card\" content=\"summary_large_image\" \/>\n<script type=\"application\/ld+json\" class=\"yoast-schema-graph\">{\"@context\":\"https:\/\/schema.org\",\"@graph\":[{\"@type\":\"Article\",\"@id\":\"https:\/\/www.fiarebancaetica.coop\/eu\/nuevo-portal-de-redefes-red-por-la-educacion-en-las-finanzas-eticas-y-solidarias\/#article\",\"isPartOf\":{\"@id\":\"https:\/\/www.fiarebancaetica.coop\/eu\/nuevo-portal-de-redefes-red-por-la-educacion-en-las-finanzas-eticas-y-solidarias\/\"},\"author\":{\"name\":\"crispyadmin0\",\"@id\":\"https:\/\/www.fiarebancaetica.coop\/eu\/#\/schema\/person\/579841e89c804b5db05d9141bd9b8272\"},\"headline\":\"Nuevo portal de RedEFES, red por la educaci\u00f3n en las finanzas \u00e9ticas y solidarias\",\"datePublished\":\"2019-10-20T22:00:00+00:00\",\"dateModified\":\"2024-02-21T14:29:36+00:00\",\"mainEntityOfPage\":{\"@id\":\"https:\/\/www.fiarebancaetica.coop\/eu\/nuevo-portal-de-redefes-red-por-la-educacion-en-las-finanzas-eticas-y-solidarias\/\"},\"wordCount\":384,\"commentCount\":0,\"image\":{\"@id\":\"https:\/\/www.fiarebancaetica.coop\/eu\/nuevo-portal-de-redefes-red-por-la-educacion-en-las-finanzas-eticas-y-solidarias\/#primaryimage\"},\"thumbnailUrl\":\"https:\/\/www.fiarebancaetica.coop\/app\/uploads\/sites\/2\/2023\/12\/nuevo-portal-de-redefes-red-por-educacion-en-las-finanzas-eticas-y-solidarias.jpg\",\"articleSection\":[\"Finantza etikoak\"],\"inLanguage\":\"eu\",\"potentialAction\":[{\"@type\":\"CommentAction\",\"name\":\"Comment\",\"target\":[\"https:\/\/www.fiarebancaetica.coop\/eu\/nuevo-portal-de-redefes-red-por-la-educacion-en-las-finanzas-eticas-y-solidarias\/#respond\"]}]},{\"@type\":\"WebPage\",\"@id\":\"https:\/\/www.fiarebancaetica.coop\/eu\/nuevo-portal-de-redefes-red-por-la-educacion-en-las-finanzas-eticas-y-solidarias\/\",\"url\":\"https:\/\/www.fiarebancaetica.coop\/eu\/nuevo-portal-de-redefes-red-por-la-educacion-en-las-finanzas-eticas-y-solidarias\/\",\"name\":\"Nuevo portal de RedEFES, red por la educaci\u00f3n en las finanzas \u00e9ticas y solidarias - Fiare Banca Etica\",\"isPartOf\":{\"@id\":\"https:\/\/www.fiarebancaetica.coop\/eu\/#website\"},\"primaryImageOfPage\":{\"@id\":\"https:\/\/www.fiarebancaetica.coop\/eu\/nuevo-portal-de-redefes-red-por-la-educacion-en-las-finanzas-eticas-y-solidarias\/#primaryimage\"},\"image\":{\"@id\":\"https:\/\/www.fiarebancaetica.coop\/eu\/nuevo-portal-de-redefes-red-por-la-educacion-en-las-finanzas-eticas-y-solidarias\/#primaryimage\"},\"thumbnailUrl\":\"https:\/\/www.fiarebancaetica.coop\/app\/uploads\/sites\/2\/2023\/12\/nuevo-portal-de-redefes-red-por-educacion-en-las-finanzas-eticas-y-solidarias.jpg\",\"datePublished\":\"2019-10-20T22:00:00+00:00\",\"dateModified\":\"2024-02-21T14:29:36+00:00\",\"author\":{\"@id\":\"https:\/\/www.fiarebancaetica.coop\/eu\/#\/schema\/person\/579841e89c804b5db05d9141bd9b8272\"},\"breadcrumb\":{\"@id\":\"https:\/\/www.fiarebancaetica.coop\/eu\/nuevo-portal-de-redefes-red-por-la-educacion-en-las-finanzas-eticas-y-solidarias\/#breadcrumb\"},\"inLanguage\":\"eu\",\"potentialAction\":[{\"@type\":\"ReadAction\",\"target\":[\"https:\/\/www.fiarebancaetica.coop\/eu\/nuevo-portal-de-redefes-red-por-la-educacion-en-las-finanzas-eticas-y-solidarias\/\"]}]},{\"@type\":\"ImageObject\",\"inLanguage\":\"eu\",\"@id\":\"https:\/\/www.fiarebancaetica.coop\/eu\/nuevo-portal-de-redefes-red-por-la-educacion-en-las-finanzas-eticas-y-solidarias\/#primaryimage\",\"url\":\"https:\/\/www.fiarebancaetica.coop\/app\/uploads\/sites\/2\/2023\/12\/nuevo-portal-de-redefes-red-por-educacion-en-las-finanzas-eticas-y-solidarias.jpg\",\"contentUrl\":\"https:\/\/www.fiarebancaetica.coop\/app\/uploads\/sites\/2\/2023\/12\/nuevo-portal-de-redefes-red-por-educacion-en-las-finanzas-eticas-y-solidarias.jpg\",\"width\":540,\"height\":250},{\"@type\":\"BreadcrumbList\",\"@id\":\"https:\/\/www.fiarebancaetica.coop\/eu\/nuevo-portal-de-redefes-red-por-la-educacion-en-las-finanzas-eticas-y-solidarias\/#breadcrumb\",\"itemListElement\":[{\"@type\":\"ListItem\",\"position\":1,\"name\":\"Home\",\"item\":\"https:\/\/www.fiarebancaetica.coop\/eu\/\"},{\"@type\":\"ListItem\",\"position\":2,\"name\":\"Nuevo portal de RedEFES, red por la educaci\u00f3n en las finanzas \u00e9ticas y solidarias\"}]},{\"@type\":\"WebSite\",\"@id\":\"https:\/\/www.fiarebancaetica.coop\/eu\/#website\",\"url\":\"https:\/\/www.fiarebancaetica.coop\/eu\/\",\"name\":\"Fiare Banca Etica\",\"description\":\"\",\"potentialAction\":[{\"@type\":\"SearchAction\",\"target\":{\"@type\":\"EntryPoint\",\"urlTemplate\":\"https:\/\/www.fiarebancaetica.coop\/eu\/?s={search_term_string}\"},\"query-input\":{\"@type\":\"PropertyValueSpecification\",\"valueRequired\":true,\"valueName\":\"search_term_string\"}}],\"inLanguage\":\"eu\"},{\"@type\":\"Person\",\"@id\":\"https:\/\/www.fiarebancaetica.coop\/eu\/#\/schema\/person\/579841e89c804b5db05d9141bd9b8272\",\"name\":\"crispyadmin0\",\"image\":{\"@type\":\"ImageObject\",\"inLanguage\":\"eu\",\"@id\":\"https:\/\/www.fiarebancaetica.coop\/eu\/#\/schema\/person\/image\/5f3a6b7786f32f4c35bd2b1a5a4698ea\",\"url\":\"https:\/\/secure.gravatar.com\/avatar\/4d2cfb499d497b6d49da659fab7404b243a87fe8e40d2cf97a1cae48f677f5b2?s=96&d=mm&r=g\",\"contentUrl\":\"https:\/\/secure.gravatar.com\/avatar\/4d2cfb499d497b6d49da659fab7404b243a87fe8e40d2cf97a1cae48f677f5b2?s=96&d=mm&r=g\",\"caption\":\"crispyadmin0\"},\"sameAs\":[\"crispyadmin0\"]}]}<\/script>\n<!-- \/ Yoast SEO plugin. -->","yoast_head_json":{"title":"Nuevo portal de RedEFES, red por la educaci\u00f3n en las finanzas \u00e9ticas y solidarias - Fiare Banca Etica","robots":{"index":"index","follow":"follow","max-snippet":"max-snippet:-1","max-image-preview":"max-image-preview:large","max-video-preview":"max-video-preview:-1"},"canonical":"https:\/\/www.fiarebancaetica.coop\/eu\/nuevo-portal-de-redefes-red-por-la-educacion-en-las-finanzas-eticas-y-solidarias\/","og_locale":"eu_ES","og_type":"article","og_title":"Nuevo portal de RedEFES, red por la educaci\u00f3n en las finanzas \u00e9ticas y solidarias - Fiare Banca Etica","og_description":"La Red por una Educaci\u00f3n en Finanzas \u00c9ticas y Solidarias (RedEFES) que agrupa a personas, organizaciones y plataformas que quieren promover la educaci\u00f3n econ\u00f3mica cr\u00edtica y las finanzas \u00e9ticas y solidarias, ha presentado su nuevo portal.","og_url":"https:\/\/www.fiarebancaetica.coop\/eu\/nuevo-portal-de-redefes-red-por-la-educacion-en-las-finanzas-eticas-y-solidarias\/","og_site_name":"Fiare Banca Etica","article_published_time":"2019-10-20T22:00:00+00:00","article_modified_time":"2024-02-21T14:29:36+00:00","og_image":[{"width":540,"height":250,"url":"https:\/\/www.fiarebancaetica.coop\/app\/uploads\/sites\/2\/2023\/12\/nuevo-portal-de-redefes-red-por-educacion-en-las-finanzas-eticas-y-solidarias.jpg","type":"image\/jpeg"}],"author":"crispyadmin0","twitter_card":"summary_large_image","schema":{"@context":"https:\/\/schema.org","@graph":[{"@type":"Article","@id":"https:\/\/www.fiarebancaetica.coop\/eu\/nuevo-portal-de-redefes-red-por-la-educacion-en-las-finanzas-eticas-y-solidarias\/#article","isPartOf":{"@id":"https:\/\/www.fiarebancaetica.coop\/eu\/nuevo-portal-de-redefes-red-por-la-educacion-en-las-finanzas-eticas-y-solidarias\/"},"author":{"name":"crispyadmin0","@id":"https:\/\/www.fiarebancaetica.coop\/eu\/#\/schema\/person\/579841e89c804b5db05d9141bd9b8272"},"headline":"Nuevo portal de RedEFES, red por la educaci\u00f3n en las finanzas \u00e9ticas y solidarias","datePublished":"2019-10-20T22:00:00+00:00","dateModified":"2024-02-21T14:29:36+00:00","mainEntityOfPage":{"@id":"https:\/\/www.fiarebancaetica.coop\/eu\/nuevo-portal-de-redefes-red-por-la-educacion-en-las-finanzas-eticas-y-solidarias\/"},"wordCount":384,"commentCount":0,"image":{"@id":"https:\/\/www.fiarebancaetica.coop\/eu\/nuevo-portal-de-redefes-red-por-la-educacion-en-las-finanzas-eticas-y-solidarias\/#primaryimage"},"thumbnailUrl":"https:\/\/www.fiarebancaetica.coop\/app\/uploads\/sites\/2\/2023\/12\/nuevo-portal-de-redefes-red-por-educacion-en-las-finanzas-eticas-y-solidarias.jpg","articleSection":["Finantza etikoak"],"inLanguage":"eu","potentialAction":[{"@type":"CommentAction","name":"Comment","target":["https:\/\/www.fiarebancaetica.coop\/eu\/nuevo-portal-de-redefes-red-por-la-educacion-en-las-finanzas-eticas-y-solidarias\/#respond"]}]},{"@type":"WebPage","@id":"https:\/\/www.fiarebancaetica.coop\/eu\/nuevo-portal-de-redefes-red-por-la-educacion-en-las-finanzas-eticas-y-solidarias\/","url":"https:\/\/www.fiarebancaetica.coop\/eu\/nuevo-portal-de-redefes-red-por-la-educacion-en-las-finanzas-eticas-y-solidarias\/","name":"Nuevo portal de RedEFES, red por la educaci\u00f3n en las finanzas \u00e9ticas y solidarias - Fiare Banca Etica","isPartOf":{"@id":"https:\/\/www.fiarebancaetica.coop\/eu\/#website"},"primaryImageOfPage":{"@id":"https:\/\/www.fiarebancaetica.coop\/eu\/nuevo-portal-de-redefes-red-por-la-educacion-en-las-finanzas-eticas-y-solidarias\/#primaryimage"},"image":{"@id":"https:\/\/www.fiarebancaetica.coop\/eu\/nuevo-portal-de-redefes-red-por-la-educacion-en-las-finanzas-eticas-y-solidarias\/#primaryimage"},"thumbnailUrl":"https:\/\/www.fiarebancaetica.coop\/app\/uploads\/sites\/2\/2023\/12\/nuevo-portal-de-redefes-red-por-educacion-en-las-finanzas-eticas-y-solidarias.jpg","datePublished":"2019-10-20T22:00:00+00:00","dateModified":"2024-02-21T14:29:36+00:00","author":{"@id":"https:\/\/www.fiarebancaetica.coop\/eu\/#\/schema\/person\/579841e89c804b5db05d9141bd9b8272"},"breadcrumb":{"@id":"https:\/\/www.fiarebancaetica.coop\/eu\/nuevo-portal-de-redefes-red-por-la-educacion-en-las-finanzas-eticas-y-solidarias\/#breadcrumb"},"inLanguage":"eu","potentialAction":[{"@type":"ReadAction","target":["https:\/\/www.fiarebancaetica.coop\/eu\/nuevo-portal-de-redefes-red-por-la-educacion-en-las-finanzas-eticas-y-solidarias\/"]}]},{"@type":"ImageObject","inLanguage":"eu","@id":"https:\/\/www.fiarebancaetica.coop\/eu\/nuevo-portal-de-redefes-red-por-la-educacion-en-las-finanzas-eticas-y-solidarias\/#primaryimage","url":"https:\/\/www.fiarebancaetica.coop\/app\/uploads\/sites\/2\/2023\/12\/nuevo-portal-de-redefes-red-por-educacion-en-las-finanzas-eticas-y-solidarias.jpg","contentUrl":"https:\/\/www.fiarebancaetica.coop\/app\/uploads\/sites\/2\/2023\/12\/nuevo-portal-de-redefes-red-por-educacion-en-las-finanzas-eticas-y-solidarias.jpg","width":540,"height":250},{"@type":"BreadcrumbList","@id":"https:\/\/www.fiarebancaetica.coop\/eu\/nuevo-portal-de-redefes-red-por-la-educacion-en-las-finanzas-eticas-y-solidarias\/#breadcrumb","itemListElement":[{"@type":"ListItem","position":1,"name":"Home","item":"https:\/\/www.fiarebancaetica.coop\/eu\/"},{"@type":"ListItem","position":2,"name":"Nuevo portal de RedEFES, red por la educaci\u00f3n en las finanzas \u00e9ticas y solidarias"}]},{"@type":"WebSite","@id":"https:\/\/www.fiarebancaetica.coop\/eu\/#website","url":"https:\/\/www.fiarebancaetica.coop\/eu\/","name":"Fiare Banca Etica","description":"","potentialAction":[{"@type":"SearchAction","target":{"@type":"EntryPoint","urlTemplate":"https:\/\/www.fiarebancaetica.coop\/eu\/?s={search_term_string}"},"query-input":{"@type":"PropertyValueSpecification","valueRequired":true,"valueName":"search_term_string"}}],"inLanguage":"eu"},{"@type":"Person","@id":"https:\/\/www.fiarebancaetica.coop\/eu\/#\/schema\/person\/579841e89c804b5db05d9141bd9b8272","name":"crispyadmin0","image":{"@type":"ImageObject","inLanguage":"eu","@id":"https:\/\/www.fiarebancaetica.coop\/eu\/#\/schema\/person\/image\/5f3a6b7786f32f4c35bd2b1a5a4698ea","url":"https:\/\/secure.gravatar.com\/avatar\/4d2cfb499d497b6d49da659fab7404b243a87fe8e40d2cf97a1cae48f677f5b2?s=96&d=mm&r=g","contentUrl":"https:\/\/secure.gravatar.com\/avatar\/4d2cfb499d497b6d49da659fab7404b243a87fe8e40d2cf97a1cae48f677f5b2?s=96&d=mm&r=g","caption":"crispyadmin0"},"sameAs":["crispyadmin0"]}]}},"_links":{"self":[{"href":"https:\/\/www.fiarebancaetica.coop\/eu\/wp-json\/wp\/v2\/posts\/344574","targetHints":{"allow":["GET"]}}],"collection":[{"href":"https:\/\/www.fiarebancaetica.coop\/eu\/wp-json\/wp\/v2\/posts"}],"about":[{"href":"https:\/\/www.fiarebancaetica.coop\/eu\/wp-json\/wp\/v2\/types\/post"}],"author":[{"embeddable":true,"href":"https:\/\/www.fiarebancaetica.coop\/eu\/wp-json\/wp\/v2\/users\/2"}],"replies":[{"embeddable":true,"href":"https:\/\/www.fiarebancaetica.coop\/eu\/wp-json\/wp\/v2\/comments?post=344574"}],"version-history":[{"count":1,"href":"https:\/\/www.fiarebancaetica.coop\/eu\/wp-json\/wp\/v2\/posts\/344574\/revisions"}],"predecessor-version":[{"id":354385,"href":"https:\/\/www.fiarebancaetica.coop\/eu\/wp-json\/wp\/v2\/posts\/344574\/revisions\/354385"}],"wp:featuredmedia":[{"embeddable":true,"href":"https:\/\/www.fiarebancaetica.coop\/eu\/wp-json\/wp\/v2\/media\/328899"}],"wp:attachment":[{"href":"https:\/\/www.fiarebancaetica.coop\/eu\/wp-json\/wp\/v2\/media?parent=344574"}],"wp:term":[{"taxonomy":"category","embeddable":true,"href":"https:\/\/www.fiarebancaetica.coop\/eu\/wp-json\/wp\/v2\/categories?post=344574"},{"taxonomy":"post_tag","embeddable":true,"href":"https:\/\/www.fiarebancaetica.coop\/eu\/wp-json\/wp\/v2\/tags?post=344574"},{"taxonomy":"author","embeddable":true,"href":"https:\/\/www.fiarebancaetica.coop\/eu\/wp-json\/wp\/v2\/coauthors?post=344574"}],"curies":[{"name":"wp","href":"https:\/\/api.w.org\/{rel}","templated":true}]}}