{"id":344606,"date":"2019-09-17T00:00:00","date_gmt":"2019-09-16T22:00:00","guid":{"rendered":"https:\/\/www.fiarebancaetica.coop\/el-impacto-medioambiental-en-banca-etica-2\/"},"modified":"2024-02-21T15:30:39","modified_gmt":"2024-02-21T14:30:39","slug":"el-impacto-medioambiental-en-banca-etica-2","status":"publish","type":"post","link":"https:\/\/www.fiarebancaetica.coop\/eu\/el-impacto-medioambiental-en-banca-etica-2\/","title":{"rendered":"El  impacto medioambiental en Banca Etica"},"content":{"rendered":"\n\n<div class=\"wp-block-bancaetica-blocks-blocks-block-49\">\n    <div class=\"container-block-49\">\n\n        <div class=\"header-section \">\n                            <h1 class=\"section-title\"> Etica e cooperativa <\/h1>\n                                            <\/div>\n\n        \n        <div class=\"block-background\" style=\"background-image: url('https:\/\/www.fiarebancaetica.coop\/app\/uploads\/sites\/2\/2023\/12\/el-impacto-medioambiental-en-banca-etica_0.jpg')\">\n                            <div class=\"tile\">\n                    <h1 class=\"image-title\"> El  impacto medioambiental en Banca Etica <\/h1>\n                <\/div>             <!-- end .tile -->\n            <div class=\"bottom-content\">\n                            <\/div> <!-- end .button-content -->\n        <\/div> <!-- end .block-background -->\n    <\/div> <!-- end .container -->\n<\/div> <!-- end wp-block-bancaetica-blocks-blocks-block-06 -->\n\n\n<div class=\"wrapper-crispybacon-class wrapper-crispybacon-class-boxed \">\n    <p>En Fiare Banca Etica tenemos un firme compromiso con el desarrollo sostenible y la protecci\u00f3n del medioambiente, haciendo de la sostenibilidad una de nuestras se\u00f1as de identidad.<\/p>\n<h2>\n\tBalance Social y Medioambiente<\/h2>\n<p>El <strong><a href=\"https:\/\/balancesocial.fiarebancaetica.coop\/balance-social-2018\/medio-ambiente\/\">balance social <\/a>que Fiare Banca Etica elabora cada a\u00f1o refleja el impacto que el banco tiene sobre el Medioambiente<\/strong>. En el \u00e1mbito energ\u00e9tico el banco promueve el ahorro energ\u00e9tico y la energ\u00eda limpia. Este compromiso se concreta en la promoci\u00f3n de la eficiencia energ\u00e9tica y el empleo de fuentes renovables.<\/p>\n<p>En los \u00faltimos a\u00f1os se han adoptado <strong>distintos tipos de medidas para disminuir el impacto medioambiental de las&nbsp; oficinas<\/strong>. Las principales soluciones para disminuir el impacto directo se relacionan con los edificios de la sede central del banco situados en Padua que cumplen los criterios de la arquitectura bioecol\u00f3gica m\u00e1s estrictos y otras soluciones espec\u00edficas adoptadas para las sucursales.<\/p>\n<p>En las diferentes sedes se llevan a cabo numerosas medidas para disminuir el impacto medioambiental: como el aprovisionamiento de energ\u00eda el\u00e9ctrica producida por fuentes renovables, o la optimizaci\u00f3n de los sistemas de acondicionamiento que se usa en caso de remodelaci\u00f3n o de apertura de nuevas filiales.<\/p>\n<h2>\n\tAprovisionamiento de energ\u00eda<\/h2>\n<p><strong>La energ\u00eda el\u00e9ctrica producida por fuentes renovables cubre un 93% de la energ\u00eda de la sede central y filiales.<\/strong> En Espa\u00f1a las compa\u00f1\u00edas contratadas son: Goiener y&nbsp; Som Energia, compa\u00f1\u00edas de energ\u00eda renovable.&nbsp;La mayor\u00eda de filiales italianas se abastecen a trav\u00e9s de la compa\u00f1\u00eda el\u00e9ctrica Clean Power SpA , que abastece energ\u00eda producida por fuentes renovables.<\/p>\n<p>Gracias a la importante cuota de energ\u00eda el\u00e9ctrica derivada de fuentes renovables, el r<strong>ecorte de emisiones de&nbsp; CO2 ha alcanzado las 232 toneladas\/a\u00f1o.<\/strong><\/p>\n<h2>\n\tLa movilidad sostenible<\/h2>\n<p>Banca Etica intenta reducir el propio impacto ambiental de su equipo tambi\u00e9n por medio de <strong>decisiones de movilidad sostenible<\/strong>, como:<\/p>\n<ul>\n\t<li>\n\t\tel parque de veh\u00edculos de empresa, formado por 6 autom\u00f3viles, de los cuales 3 son h\u00edbridos, uno funciona con GLP y 2 con gas\u00f3leo;<\/li>\n\t<li>\n\t\tincentivo al uso de trenes y medios de transporte p\u00fablico en caso de traslados;<\/li>\n\t<li>\n\t\tsituar las filiales cerca de las estaciones de trenes, si es posible;<\/li>\n\t<li>\n\t\telecci\u00f3n de sedes para las filiales que est\u00e9n pr\u00f3ximas a estaciones de tren, en la medida de lo posible;<\/li>\n\t<li>\n\t\tincentivo al personal para usar transporte p\u00fablico para ir a trabajar.<\/li>\n<\/ul>\n<h2>\n\tOtras herramientas adoptadas<\/h2>\n<p>El Banco pretende disminuir el impacto medioambiental por medio de otros instrumentos, como <strong>\u201c las compras verdes\u201d <\/strong>que prev\u00e9n:<\/p>\n<ul>\n\t<li>\n\t\tel empleo de papel ecol\u00f3gico Steinbeis (papel reciclado y certificado por las marcas Greenpeace, Der BlaueEngel, Nordic Environmental);<\/li>\n\t<li>\n\t\tel empleo de papel certificado por FSC;<\/li>\n\t<li>\n\t\tlos pedidos de papeler\u00eda se realizan en almac\u00e9n siempre que la empresa proveedora ofrezca esta alternativa, para que la compra exclusiva de productos de bajo impacto ambiental tambi\u00e9n garantice un criterio de economicidad.<\/li>\n<\/ul>\n<p>Desde 2013 est\u00e1 en marcha el proyecto <strong>\u00abEcolog\u00eda de la comunicaci\u00f3n\u00bb,<\/strong> dirigido a reducir el impacto ambiental de los instrumentos utilizados y a reforzar los principios de transparencia y sobriedad que han distinguido desde siempre el estilo de comunicaci\u00f3n del banco. Este proyecto prev\u00e9 especialmente:<\/p>\n<ul>\n\t<li>\n\t\tla utilizaci\u00f3n de papel reciclado Oikos, con certificaci\u00f3n FSC;<\/li>\n\t<li>\n\t\tla utilizaci\u00f3n de tintas con disolventes org\u00e1nicos;<\/li>\n\t<li>\n\t\tla utilizaci\u00f3n limitada de fotos y fondos a todo color.<\/li>\n\t<li>\n\t\tla elecci\u00f3n de aquellos formatos para los impresos que sean m\u00e1s compatibles con los est\u00e1ndares de resmas cortadas.<\/li>\n<\/ul>\n<h2>\n\tProyectos financiados sostenibles<\/h2>\n<p>La evaluaci\u00f3n socioambiental creada por el banco desde sus inicios y mejorada con la larga experiencia actual,&nbsp; tiene claramente dos componentes centrales, que son el <strong>impacto socioambiental&nbsp;&nbsp; y la viabilidad econ\u00f3mica del proyecto<\/strong>.<\/p>\n<p>Banca Etica tiene un firme compromiso en la promoci\u00f3n del desarrollo sostenible, como empresa y organizaci\u00f3n que fomenta que las empresas con las que trabaja tengan muy en cuenta los criterios socioambientales en sus proyectos.<\/p>\n<p><a href=\"https:\/\/balancesocial.fiarebancaetica.coop\/balance-social-2018\/medio-ambiente\/\">https:\/\/balancesocial.fiarebancaetica.coop\/balance-social-2018\/medio-ambiente\/<\/a><\/p>\n<p>&nbsp;<\/p>\n<p>Foto de&nbsp;<a href=\"https:\/\/unsplash.com\/@oliverpacas?utm_source=unsplash&amp;utm_medium=referral&amp;utm_content=creditCopyText\">Oliver Pacas en Unsplash<\/a><\/p>\n<\/div>","protected":false},"excerpt":{"rendered":"<p>En Banca Etica tenemos un firme compromiso con el desarrollo sostenible y la protecci\u00f3n del medioambiente, haciendo de la sostenibilidad una de nuestras se\u00f1as de identidad.<\/p>\n","protected":false},"author":2,"featured_media":328851,"comment_status":"open","ping_status":"closed","sticky":false,"template":"","format":"standard","meta":{"_acf_changed":false,"footnotes":""},"categories":[1],"tags":[],"coauthors":[],"class_list":["post-344606","post","type-post","status-publish","format-standard","has-post-thumbnail","hentry","category-proyectos-colectivos"],"acf":[],"yoast_head":"<!-- This site is optimized with the Yoast SEO plugin v26.9 - https:\/\/yoast.com\/product\/yoast-seo-wordpress\/ -->\n<title>El impacto medioambiental en Banca Etica - Fiare Banca Etica<\/title>\n<meta name=\"robots\" content=\"index, follow, max-snippet:-1, max-image-preview:large, max-video-preview:-1\" \/>\n<link rel=\"canonical\" href=\"https:\/\/www.fiarebancaetica.coop\/eu\/el-impacto-medioambiental-en-banca-etica-2\/\" \/>\n<meta property=\"og:locale\" content=\"eu_ES\" \/>\n<meta property=\"og:type\" content=\"article\" \/>\n<meta property=\"og:title\" content=\"El impacto medioambiental en Banca Etica - Fiare Banca Etica\" \/>\n<meta property=\"og:description\" content=\"En Banca Etica tenemos un firme compromiso con el desarrollo sostenible y la protecci\u00f3n del medioambiente, haciendo de la sostenibilidad una de nuestras se\u00f1as de identidad.\" \/>\n<meta property=\"og:url\" content=\"https:\/\/www.fiarebancaetica.coop\/eu\/el-impacto-medioambiental-en-banca-etica-2\/\" \/>\n<meta property=\"og:site_name\" content=\"Fiare Banca Etica\" \/>\n<meta property=\"article:published_time\" content=\"2019-09-16T22:00:00+00:00\" \/>\n<meta property=\"article:modified_time\" content=\"2024-02-21T14:30:39+00:00\" \/>\n<meta property=\"og:image\" content=\"https:\/\/www.fiarebancaetica.coop\/app\/uploads\/sites\/2\/2023\/12\/el-impacto-medioambiental-en-banca-etica_0.jpg\" \/>\n\t<meta property=\"og:image:width\" content=\"540\" \/>\n\t<meta property=\"og:image:height\" content=\"250\" \/>\n\t<meta property=\"og:image:type\" content=\"image\/jpeg\" \/>\n<meta name=\"author\" content=\"crispyadmin0\" \/>\n<meta name=\"twitter:card\" content=\"summary_large_image\" \/>\n<script type=\"application\/ld+json\" class=\"yoast-schema-graph\">{\"@context\":\"https:\/\/schema.org\",\"@graph\":[{\"@type\":\"Article\",\"@id\":\"https:\/\/www.fiarebancaetica.coop\/eu\/el-impacto-medioambiental-en-banca-etica-2\/#article\",\"isPartOf\":{\"@id\":\"https:\/\/www.fiarebancaetica.coop\/eu\/el-impacto-medioambiental-en-banca-etica-2\/\"},\"author\":{\"name\":\"crispyadmin0\",\"@id\":\"https:\/\/www.fiarebancaetica.coop\/eu\/#\/schema\/person\/579841e89c804b5db05d9141bd9b8272\"},\"headline\":\"El impacto medioambiental en Banca Etica\",\"datePublished\":\"2019-09-16T22:00:00+00:00\",\"dateModified\":\"2024-02-21T14:30:39+00:00\",\"mainEntityOfPage\":{\"@id\":\"https:\/\/www.fiarebancaetica.coop\/eu\/el-impacto-medioambiental-en-banca-etica-2\/\"},\"wordCount\":695,\"commentCount\":0,\"image\":{\"@id\":\"https:\/\/www.fiarebancaetica.coop\/eu\/el-impacto-medioambiental-en-banca-etica-2\/#primaryimage\"},\"thumbnailUrl\":\"https:\/\/www.fiarebancaetica.coop\/app\/uploads\/sites\/2\/2023\/12\/el-impacto-medioambiental-en-banca-etica_0.jpg\",\"articleSection\":[\"Proyectos colectivos\"],\"inLanguage\":\"eu\",\"potentialAction\":[{\"@type\":\"CommentAction\",\"name\":\"Comment\",\"target\":[\"https:\/\/www.fiarebancaetica.coop\/eu\/el-impacto-medioambiental-en-banca-etica-2\/#respond\"]}]},{\"@type\":\"WebPage\",\"@id\":\"https:\/\/www.fiarebancaetica.coop\/eu\/el-impacto-medioambiental-en-banca-etica-2\/\",\"url\":\"https:\/\/www.fiarebancaetica.coop\/eu\/el-impacto-medioambiental-en-banca-etica-2\/\",\"name\":\"El impacto medioambiental en Banca Etica - Fiare Banca Etica\",\"isPartOf\":{\"@id\":\"https:\/\/www.fiarebancaetica.coop\/eu\/#website\"},\"primaryImageOfPage\":{\"@id\":\"https:\/\/www.fiarebancaetica.coop\/eu\/el-impacto-medioambiental-en-banca-etica-2\/#primaryimage\"},\"image\":{\"@id\":\"https:\/\/www.fiarebancaetica.coop\/eu\/el-impacto-medioambiental-en-banca-etica-2\/#primaryimage\"},\"thumbnailUrl\":\"https:\/\/www.fiarebancaetica.coop\/app\/uploads\/sites\/2\/2023\/12\/el-impacto-medioambiental-en-banca-etica_0.jpg\",\"datePublished\":\"2019-09-16T22:00:00+00:00\",\"dateModified\":\"2024-02-21T14:30:39+00:00\",\"author\":{\"@id\":\"https:\/\/www.fiarebancaetica.coop\/eu\/#\/schema\/person\/579841e89c804b5db05d9141bd9b8272\"},\"breadcrumb\":{\"@id\":\"https:\/\/www.fiarebancaetica.coop\/eu\/el-impacto-medioambiental-en-banca-etica-2\/#breadcrumb\"},\"inLanguage\":\"eu\",\"potentialAction\":[{\"@type\":\"ReadAction\",\"target\":[\"https:\/\/www.fiarebancaetica.coop\/eu\/el-impacto-medioambiental-en-banca-etica-2\/\"]}]},{\"@type\":\"ImageObject\",\"inLanguage\":\"eu\",\"@id\":\"https:\/\/www.fiarebancaetica.coop\/eu\/el-impacto-medioambiental-en-banca-etica-2\/#primaryimage\",\"url\":\"https:\/\/www.fiarebancaetica.coop\/app\/uploads\/sites\/2\/2023\/12\/el-impacto-medioambiental-en-banca-etica_0.jpg\",\"contentUrl\":\"https:\/\/www.fiarebancaetica.coop\/app\/uploads\/sites\/2\/2023\/12\/el-impacto-medioambiental-en-banca-etica_0.jpg\",\"width\":540,\"height\":250},{\"@type\":\"BreadcrumbList\",\"@id\":\"https:\/\/www.fiarebancaetica.coop\/eu\/el-impacto-medioambiental-en-banca-etica-2\/#breadcrumb\",\"itemListElement\":[{\"@type\":\"ListItem\",\"position\":1,\"name\":\"Home\",\"item\":\"https:\/\/www.fiarebancaetica.coop\/eu\/\"},{\"@type\":\"ListItem\",\"position\":2,\"name\":\"El impacto medioambiental en Banca Etica\"}]},{\"@type\":\"WebSite\",\"@id\":\"https:\/\/www.fiarebancaetica.coop\/eu\/#website\",\"url\":\"https:\/\/www.fiarebancaetica.coop\/eu\/\",\"name\":\"Fiare Banca Etica\",\"description\":\"\",\"potentialAction\":[{\"@type\":\"SearchAction\",\"target\":{\"@type\":\"EntryPoint\",\"urlTemplate\":\"https:\/\/www.fiarebancaetica.coop\/eu\/?s={search_term_string}\"},\"query-input\":{\"@type\":\"PropertyValueSpecification\",\"valueRequired\":true,\"valueName\":\"search_term_string\"}}],\"inLanguage\":\"eu\"},{\"@type\":\"Person\",\"@id\":\"https:\/\/www.fiarebancaetica.coop\/eu\/#\/schema\/person\/579841e89c804b5db05d9141bd9b8272\",\"name\":\"crispyadmin0\",\"image\":{\"@type\":\"ImageObject\",\"inLanguage\":\"eu\",\"@id\":\"https:\/\/www.fiarebancaetica.coop\/eu\/#\/schema\/person\/image\/5f3a6b7786f32f4c35bd2b1a5a4698ea\",\"url\":\"https:\/\/secure.gravatar.com\/avatar\/4d2cfb499d497b6d49da659fab7404b243a87fe8e40d2cf97a1cae48f677f5b2?s=96&d=mm&r=g\",\"contentUrl\":\"https:\/\/secure.gravatar.com\/avatar\/4d2cfb499d497b6d49da659fab7404b243a87fe8e40d2cf97a1cae48f677f5b2?s=96&d=mm&r=g\",\"caption\":\"crispyadmin0\"},\"sameAs\":[\"crispyadmin0\"]}]}<\/script>\n<!-- \/ Yoast SEO plugin. -->","yoast_head_json":{"title":"El impacto medioambiental en Banca Etica - Fiare Banca Etica","robots":{"index":"index","follow":"follow","max-snippet":"max-snippet:-1","max-image-preview":"max-image-preview:large","max-video-preview":"max-video-preview:-1"},"canonical":"https:\/\/www.fiarebancaetica.coop\/eu\/el-impacto-medioambiental-en-banca-etica-2\/","og_locale":"eu_ES","og_type":"article","og_title":"El impacto medioambiental en Banca Etica - Fiare Banca Etica","og_description":"En Banca Etica tenemos un firme compromiso con el desarrollo sostenible y la protecci\u00f3n del medioambiente, haciendo de la sostenibilidad una de nuestras se\u00f1as de identidad.","og_url":"https:\/\/www.fiarebancaetica.coop\/eu\/el-impacto-medioambiental-en-banca-etica-2\/","og_site_name":"Fiare Banca Etica","article_published_time":"2019-09-16T22:00:00+00:00","article_modified_time":"2024-02-21T14:30:39+00:00","og_image":[{"width":540,"height":250,"url":"https:\/\/www.fiarebancaetica.coop\/app\/uploads\/sites\/2\/2023\/12\/el-impacto-medioambiental-en-banca-etica_0.jpg","type":"image\/jpeg"}],"author":"crispyadmin0","twitter_card":"summary_large_image","schema":{"@context":"https:\/\/schema.org","@graph":[{"@type":"Article","@id":"https:\/\/www.fiarebancaetica.coop\/eu\/el-impacto-medioambiental-en-banca-etica-2\/#article","isPartOf":{"@id":"https:\/\/www.fiarebancaetica.coop\/eu\/el-impacto-medioambiental-en-banca-etica-2\/"},"author":{"name":"crispyadmin0","@id":"https:\/\/www.fiarebancaetica.coop\/eu\/#\/schema\/person\/579841e89c804b5db05d9141bd9b8272"},"headline":"El impacto medioambiental en Banca Etica","datePublished":"2019-09-16T22:00:00+00:00","dateModified":"2024-02-21T14:30:39+00:00","mainEntityOfPage":{"@id":"https:\/\/www.fiarebancaetica.coop\/eu\/el-impacto-medioambiental-en-banca-etica-2\/"},"wordCount":695,"commentCount":0,"image":{"@id":"https:\/\/www.fiarebancaetica.coop\/eu\/el-impacto-medioambiental-en-banca-etica-2\/#primaryimage"},"thumbnailUrl":"https:\/\/www.fiarebancaetica.coop\/app\/uploads\/sites\/2\/2023\/12\/el-impacto-medioambiental-en-banca-etica_0.jpg","articleSection":["Proyectos colectivos"],"inLanguage":"eu","potentialAction":[{"@type":"CommentAction","name":"Comment","target":["https:\/\/www.fiarebancaetica.coop\/eu\/el-impacto-medioambiental-en-banca-etica-2\/#respond"]}]},{"@type":"WebPage","@id":"https:\/\/www.fiarebancaetica.coop\/eu\/el-impacto-medioambiental-en-banca-etica-2\/","url":"https:\/\/www.fiarebancaetica.coop\/eu\/el-impacto-medioambiental-en-banca-etica-2\/","name":"El impacto medioambiental en Banca Etica - Fiare Banca Etica","isPartOf":{"@id":"https:\/\/www.fiarebancaetica.coop\/eu\/#website"},"primaryImageOfPage":{"@id":"https:\/\/www.fiarebancaetica.coop\/eu\/el-impacto-medioambiental-en-banca-etica-2\/#primaryimage"},"image":{"@id":"https:\/\/www.fiarebancaetica.coop\/eu\/el-impacto-medioambiental-en-banca-etica-2\/#primaryimage"},"thumbnailUrl":"https:\/\/www.fiarebancaetica.coop\/app\/uploads\/sites\/2\/2023\/12\/el-impacto-medioambiental-en-banca-etica_0.jpg","datePublished":"2019-09-16T22:00:00+00:00","dateModified":"2024-02-21T14:30:39+00:00","author":{"@id":"https:\/\/www.fiarebancaetica.coop\/eu\/#\/schema\/person\/579841e89c804b5db05d9141bd9b8272"},"breadcrumb":{"@id":"https:\/\/www.fiarebancaetica.coop\/eu\/el-impacto-medioambiental-en-banca-etica-2\/#breadcrumb"},"inLanguage":"eu","potentialAction":[{"@type":"ReadAction","target":["https:\/\/www.fiarebancaetica.coop\/eu\/el-impacto-medioambiental-en-banca-etica-2\/"]}]},{"@type":"ImageObject","inLanguage":"eu","@id":"https:\/\/www.fiarebancaetica.coop\/eu\/el-impacto-medioambiental-en-banca-etica-2\/#primaryimage","url":"https:\/\/www.fiarebancaetica.coop\/app\/uploads\/sites\/2\/2023\/12\/el-impacto-medioambiental-en-banca-etica_0.jpg","contentUrl":"https:\/\/www.fiarebancaetica.coop\/app\/uploads\/sites\/2\/2023\/12\/el-impacto-medioambiental-en-banca-etica_0.jpg","width":540,"height":250},{"@type":"BreadcrumbList","@id":"https:\/\/www.fiarebancaetica.coop\/eu\/el-impacto-medioambiental-en-banca-etica-2\/#breadcrumb","itemListElement":[{"@type":"ListItem","position":1,"name":"Home","item":"https:\/\/www.fiarebancaetica.coop\/eu\/"},{"@type":"ListItem","position":2,"name":"El impacto medioambiental en Banca Etica"}]},{"@type":"WebSite","@id":"https:\/\/www.fiarebancaetica.coop\/eu\/#website","url":"https:\/\/www.fiarebancaetica.coop\/eu\/","name":"Fiare Banca Etica","description":"","potentialAction":[{"@type":"SearchAction","target":{"@type":"EntryPoint","urlTemplate":"https:\/\/www.fiarebancaetica.coop\/eu\/?s={search_term_string}"},"query-input":{"@type":"PropertyValueSpecification","valueRequired":true,"valueName":"search_term_string"}}],"inLanguage":"eu"},{"@type":"Person","@id":"https:\/\/www.fiarebancaetica.coop\/eu\/#\/schema\/person\/579841e89c804b5db05d9141bd9b8272","name":"crispyadmin0","image":{"@type":"ImageObject","inLanguage":"eu","@id":"https:\/\/www.fiarebancaetica.coop\/eu\/#\/schema\/person\/image\/5f3a6b7786f32f4c35bd2b1a5a4698ea","url":"https:\/\/secure.gravatar.com\/avatar\/4d2cfb499d497b6d49da659fab7404b243a87fe8e40d2cf97a1cae48f677f5b2?s=96&d=mm&r=g","contentUrl":"https:\/\/secure.gravatar.com\/avatar\/4d2cfb499d497b6d49da659fab7404b243a87fe8e40d2cf97a1cae48f677f5b2?s=96&d=mm&r=g","caption":"crispyadmin0"},"sameAs":["crispyadmin0"]}]}},"_links":{"self":[{"href":"https:\/\/www.fiarebancaetica.coop\/eu\/wp-json\/wp\/v2\/posts\/344606","targetHints":{"allow":["GET"]}}],"collection":[{"href":"https:\/\/www.fiarebancaetica.coop\/eu\/wp-json\/wp\/v2\/posts"}],"about":[{"href":"https:\/\/www.fiarebancaetica.coop\/eu\/wp-json\/wp\/v2\/types\/post"}],"author":[{"embeddable":true,"href":"https:\/\/www.fiarebancaetica.coop\/eu\/wp-json\/wp\/v2\/users\/2"}],"replies":[{"embeddable":true,"href":"https:\/\/www.fiarebancaetica.coop\/eu\/wp-json\/wp\/v2\/comments?post=344606"}],"version-history":[{"count":1,"href":"https:\/\/www.fiarebancaetica.coop\/eu\/wp-json\/wp\/v2\/posts\/344606\/revisions"}],"predecessor-version":[{"id":370736,"href":"https:\/\/www.fiarebancaetica.coop\/eu\/wp-json\/wp\/v2\/posts\/344606\/revisions\/370736"}],"wp:featuredmedia":[{"embeddable":true,"href":"https:\/\/www.fiarebancaetica.coop\/eu\/wp-json\/wp\/v2\/media\/328851"}],"wp:attachment":[{"href":"https:\/\/www.fiarebancaetica.coop\/eu\/wp-json\/wp\/v2\/media?parent=344606"}],"wp:term":[{"taxonomy":"category","embeddable":true,"href":"https:\/\/www.fiarebancaetica.coop\/eu\/wp-json\/wp\/v2\/categories?post=344606"},{"taxonomy":"post_tag","embeddable":true,"href":"https:\/\/www.fiarebancaetica.coop\/eu\/wp-json\/wp\/v2\/tags?post=344606"},{"taxonomy":"author","embeddable":true,"href":"https:\/\/www.fiarebancaetica.coop\/eu\/wp-json\/wp\/v2\/coauthors?post=344606"}],"curies":[{"name":"wp","href":"https:\/\/api.w.org\/{rel}","templated":true}]}}