{"id":344651,"date":"2019-07-05T00:00:00","date_gmt":"2019-07-04T22:00:00","guid":{"rendered":"https:\/\/www.fiarebancaetica.coop\/cooperativas-el-modelo-de-negocio-para-el-futuro-de-europa\/"},"modified":"2024-02-21T15:31:17","modified_gmt":"2024-02-21T14:31:17","slug":"cooperativas-el-modelo-de-negocio-para-el-futuro-de-europa","status":"publish","type":"post","link":"https:\/\/www.fiarebancaetica.coop\/eu\/cooperativas-el-modelo-de-negocio-para-el-futuro-de-europa\/","title":{"rendered":"Cooperativas: el modelo de negocio para el futuro de Europa"},"content":{"rendered":"\n\n<div class=\"wp-block-bancaetica-blocks-blocks-block-49\">\n    <div class=\"container-block-49\">\n\n        <div class=\"header-section \">\n                            <h1 class=\"section-title\"> Etica e cooperativa <\/h1>\n                                            <\/div>\n\n        \n        <div class=\"block-background\" style=\"background-image: url('https:\/\/www.fiarebancaetica.coop\/app\/uploads\/sites\/2\/2023\/12\/cooperativas.jpg')\">\n                            <div class=\"tile\">\n                    <h1 class=\"image-title\"> Cooperativas: el modelo de negocio para el futuro de Europa <\/h1>\n                <\/div>             <!-- end .tile -->\n            <div class=\"bottom-content\">\n                            <\/div> <!-- end .button-content -->\n        <\/div> <!-- end .block-background -->\n    <\/div> <!-- end .container -->\n<\/div> <!-- end wp-block-bancaetica-blocks-blocks-block-06 -->\n\n\n<div class=\"wrapper-crispybacon-class wrapper-crispybacon-class-boxed \">\n    <p><a href=\"#ca\">Catal\u00e0&nbsp;<\/a> <a href=\"#eu\">Euskera&nbsp;<\/a> <a href=\"#ga\">Galego<\/a><\/p>\n<p><strong><em>por Anna Fasano, presidenta de Banca Etica&nbsp;&nbsp;<\/em><\/strong><\/p>\n<p>El 6 de julio se celebra el D\u00eda Internacional de las Cooperativas. En un mundo diverso, no solo entre diferentes pa\u00edses sino tambi\u00e9n dentro de cada pa\u00eds, las cooperativas representan las especificidades de las comunidades y sus necesidades.<br \/>\n\t<br \/>\n\tSi pensamos que el<strong> 17%* de la ciudadan\u00eda europea es parte de una cooperativa<\/strong>, podemos comprender el peso que tienen las sociedades que colocan la persona en el centro de su acci\u00f3n, y que hacen del principio de reciprocidad (interna y externa) la br\u00fajula de su trabajo.<\/p>\n<p>Ahora que estamos inmersos en la 4\u00aa Revoluci\u00f3n Industrial, <strong>\u00bfcu\u00e1les son los desaf\u00edos a los que nos enfrentamos?<\/strong><br \/>\n\t<br \/>\n\t<strong>El mundo de la cooperaci\u00f3n<\/strong>, que ha demostrado ser generalmente <strong>resiliente<\/strong> y ha atravesado la crisis econ\u00f3mica y financiera tratando de preservar su identidad, tambi\u00e9n a trav\u00e9s de la protecci\u00f3n del trabajo, <strong>es crucial para contribuir al crecimiento social de nuestro pa\u00eds<\/strong>, as\u00ed como para promover el desarrollo de la <strong>democracia participativa<\/strong>.<\/p>\n<p><img decoding=\"async\" alt=\"\" src=\"http:\/\/www.fiarebancaetica.coop\/app\/uploads\/sites\/2\/2023\/12\/futuro_ellidemon-500x333-1.jpeg\" style=\"width: 500px; height: 333px;\" \/><\/p>\n<p>Los<strong> factores decisivos para el futuro de las cooperativas<\/strong> ser\u00e1n, por una parte, la capacidad de <strong>regenerar la gobernanza<\/strong> actuando sobre la inteligencia colectiva y dando <strong>espacio a los j\u00f3venes<\/strong> mediante la partici\u00f3n de responsabilidades y, por otra, la capacidad de integrar nuevas habilidades.&nbsp;<\/p>\n<p>El<strong> desaf\u00edo consistir\u00e1 en construir bienes y servicios &#8220;a medida&#8221;<\/strong>, mediante el aumento de las habilidades digitales, con el objetivo de dedicar m\u00e1s tiempo a la parte creativa de nuestro trabajo y, paralelamente, de las&nbsp; habilidades sociales, que permiten transformar una buena idea en un proyecto ganador. Actuar sobre la capacidad de escucha y construir relaciones positivas con todas las partes interesadas permitir\u00e1 crear buenos &#8220;productos a medida\u201d.<\/p>\n<p>Con este equipaje ser\u00e1 posible <strong>hacer frente a las emergencias del medio ambiente y de la desigualdad,<\/strong> y <strong>activar proyectos de econom\u00eda social y solidaria<\/strong>, y de <strong>econom\u00edas colaborativas.<\/strong><\/p>\n<p>Con la vista puesta en los nuevos organismos europeos, espero que sea posible el di\u00e1logo y la discusi\u00f3n que fortalezcan las estrategias y herramientas (incluidas las financieras) en favor de las cooperativas.&nbsp;<\/p>\n<p><strong>Fiare Banca Etica es tambi\u00e9n una cooperativa,<\/strong> y todos los d\u00edas reafirma la necesidad de contar con la biodiversidad en el mundo financiero, donde el principio <strong>&#8220;una persona, un voto&#8221;<\/strong> puede volver a poner las decisiones financieras en manos de las personas ahorradoras informadas y responsables.<br \/>\n\t<br \/>\n\tLa fortaleza de las cooperativas consiste tambi\u00e9n en eso, en <strong>elegir con nuestras decisiones de consumo y ahorro cu\u00e1l es nuestra entidad financiera.<\/strong><\/p>\n<p>*dato de Cooperatives Europe, 2016<\/p>\n<p>________________________________________________________________________<\/p>\n<h1>\n\t<a id=\"ca\" name=\"ca\"><\/a>Cooperatives: el model de negoci per al futur d\u2019Europa<\/h1>\n<p><br \/>\n\t<em><strong>per Anna Fasano, presidenta de Banca Etica<\/strong><\/em><\/p>\n<p><br \/>\n\tEl 6 de juliol se celebra el <strong>Dia Internacional de les Cooperatives.<\/strong> Un m\u00f3n divers no nom\u00e9s entre diferents pa\u00efsos, sin\u00f3 tamb\u00e9 dins de cada pa\u00eds: les cooperatives representen les especificitats de les comunitats i les seves necessitats.<\/p>\n<p>Si pensem que el <strong>17%* dels ciutadans europeus \u00e9s membre d\u2019una cooperativa<\/strong>, podem comprendre el pes que tenen les societats que col\u00b7loquen la persona al centre de la seva acci\u00f3, i que fan del principi de reciprocitat (interna i externa) la br\u00faixola de la seva feina.<\/p>\n<p>Ara que estem immersos en la 4\u00aa Revoluci\u00f3 Industrial, <strong>quins s\u00f3n els reptes als quals ens enfrontem?<\/strong> El m\u00f3n de la cooperaci\u00f3, que ha demostrat ser generalment resilient i ha travessat la crisi econ\u00f2mica i financera intentant preservar la seva identitat, tamb\u00e9 a trav\u00e9s de la protecci\u00f3 del treball, \u00e9s crucial per contribuir al creixement social del nostre pa\u00eds i tamb\u00e9 per promoure el desenvolupament de la democr\u00e0cia participativa.<\/p>\n<p>Els factors decisius per al futur de les cooperatives seran, d\u2019una banda, la capacitat de regenerar la governan\u00e7a actuant sobre la intel\u00b7lig\u00e8ncia col\u00b7lectiva i donant espai als joves mitjan\u00e7ant la partici\u00f3 de responsabilitats i, de l\u2019altra, la capacitat d\u2019integrar noves habilitats.<\/p>\n<p>El desafiament consistir\u00e0 a construir b\u00e9ns i serveis \u201ca mida\u201d, mitjan\u00e7ant l\u2019augment de les habilitats digitals, amb l\u2019objectiu de dedicar m\u00e9s temps a la part creativa de la nostra feina, i, paral\u00b7lelament, amb les habilitats socials, que permeten transformar una bona idea en un projecte guanyador. Actuar sobre la capacitat d\u2019escolta i construir relacions positives amb totes les parts interessades permetr\u00e0 crear bons &#8220;productes fets a mida&#8221;.<\/p>\n<p>Amb aquest equipatge podrem fer front a les emerg\u00e8ncies del medi ambient i de la desigualtat, i activar projectes d\u2019economia social i solid\u00e0ria, i d\u2019economies col\u00b7laboratives.<\/p>\n<p>Amb els ulls posats en els nous organismes europeus, espero que siguin possibles el di\u00e0leg i la discussi\u00f3 que enforteixin les estrat\u00e8gies i eines (incloses les financeres) en favor de les cooperatives.<\/p>\n<p><strong>Fiare Banca Etica \u00e9s tamb\u00e9 una cooperativa<\/strong>, i cada dia reafirma la necessitat de comptar amb biodiversitat en el m\u00f3n financer, on el principi <strong>&#8220;una persona, un vot&#8221; <\/strong>pot tornar a posar les decisions financeres en mans de les persones estalviadores informades i responsables. La fortalesa de les cooperatives tamb\u00e9 consisteix en aix\u00f2: <strong>escollir amb les nostres decisions de consum i estalvi quina \u00e9s la nostra entitat financera.<\/strong><\/p>\n<p>*Dada de Cooperatives Europe, 2016<\/p>\n<p>_________________________________________________________<\/p>\n<h1>\n\t<a id=\"eu\" name=\"eu\"><\/a>Uztailaren 6a Kooperatiben Nazioarteko Eguna da<\/h1>\n<p><br \/>\n\t<strong>Kooperatiben mundua anitza da,<\/strong> ez bakarrik herrialde batetik bestera, baita horien barnean ere, kooperatibek komunitateen eta horien beharrizanen berezitasunak irudikatzen baitituzte.<br \/>\n\t<br \/>\n\tAintzat hartzen badugu europarren <strong>% 17* kooperatiba bateko bazkidea dela<\/strong>, argi ikus dezakegu zer nolako pisua duten gure gizartean pertsona beren ekintzaren erdigunean kokatzen duten eta elkarrekikotasunaren printzipioa lanaren iparrorratz bilakatzen duten sozietate horiek.<\/p>\n<p>4. Industria Iraultzan murgilduta gaudelarik,<strong> zer erronkari egin behar diegu aurre?<\/strong><br \/>\n\t<br \/>\n\tKooperazioaren munduak erakutsi du oro har moldagarria eta indartsua dela, bere nortasuna gordetzen saiatuz zeharkatu baitu ekonomia- eta finantza-krisialdia, baita lana babestuz ere; hori dela eta, kooperatibak funtsezkoak dira gure herrialdeen hazkunde sozialari laguntza emateko, bai eta parte-hartzezko demokraziaren garapena sustatzeko ere.<\/p>\n<p>Kooperatiben etorkizunerako faktore erabakigarriak izango dira, batetik, gobernantza birsortzeko gaitasuna, adimen kolektiboa landuz eta, erantzukizunak partekatuz, gazteei tokia emanez, eta, bestetik, gaitasun berriak txertatzeko gaitasuna.&nbsp;<\/p>\n<p>Erronka nagusia \u201cneurrira\u201d egindako ondasunak eta zerbitzuak sortzean datza eta, horretarako, digital skills edo gaitasun digitalak areagotu beharko dira, gure lanaren alde sortzailean denbora gehiago emateko helburuarekin; bai eta soft skills edo gaitasun sozialak ere, horiei esker ideia on bat proiektu irabazle bilakatzen baita. Izan ere, entzuteko gaitasuna landu eta interesdun alde guztiekin harreman positiboak eraikiz gero, bakoitzaren neurrira egindako produktu onak sortu ahalko ditugu.<\/p>\n<p>Bagaje hori izanik ingurumenarekin eta berdintasun gabeziarekin lotutako larrialdiei aurre egin dakieke, eta ekonomia sozial eta solidarioko proiektuak abian jarri, baita lankidetzazko ekonomian oinarritutako proiektuak ere.<\/p>\n<p>Begirada Europako erakunde berrietan jarrita, espero dut iritsiko direla kooperatiben aldeko estrategiak eta tresnak (finantzarioak barne) sendotuko dizuten elkarrizketa eta eztabaida.&nbsp;<\/p>\n<p><strong>Fiare Banca Etica ere kooperatiba bat da<\/strong>, eta egunero berresten du finantzen munduan biodibertsitatea izateko beharra, <strong>\u201cpertsona bat, boto bat\u201d <\/strong>printzipioak berriro jar baititzake finantzen arloko erabakiak aurreztaile informatu eta arduratsuen esku.<br \/>\n\t<br \/>\n\tHorretan datza, besteak beste, kooperatiben indarra; <strong>norberaren gastuen eta aurrezkien arabera aukeratzean.&nbsp;<\/strong><\/p>\n<p>*Cooperatives Europe-en datua, 2016<\/p>\n<p>_____________________________________________________________<\/p>\n<h1>\n\t<a id=\"ga\" name=\"ga\"><\/a>Cooperativas: o modelo de negocio para o futuro de Europa<\/h1>\n<p><em><strong>Anna Fasano, presidenta de Banca Etica&nbsp;&nbsp;<\/strong><\/em><\/p>\n<p><br \/>\n\t<strong>O 6 de xullo cel\u00e9brase o D\u00eda Internacional das Cooperativas.<\/strong> Nun mundo diverso, non s\u00f3 entre diferentes pa\u00edses sen\u00f3n tam\u00e9n dentro de cada pa\u00eds, as cooperativas representan as especificidades das comunidades e as s\u00faas necesidades.<br \/>\n\t<br \/>\n\tSe pensamos que o <strong>17 %* da cidadan\u00eda europea \u00e9 membro dunha cooperativa<\/strong>, podemos comprender o peso que te\u00f1en as sociedades que colocan a persoa no centro da s\u00faa acci\u00f3n e que fan do principio de reciprocidade (interna e externa) o comp\u00e1s do seu traballo.<\/p>\n<p>Agora que estamos inmersos na 4.\u00aa Revoluci\u00f3n Industrial,<strong> cales son os desaf\u00edos que afrontamos?<\/strong><br \/>\n\tO mundo da cooperaci\u00f3n, que demostrou ser xeralmente resiliente e atravesou a crise econ\u00f3mica e financeira tratando de preservar a s\u00faa identidade, tam\u00e9n a trav\u00e9s da protecci\u00f3n do traballo, \u00e9 crucial para contribu\u00edr ao crecemento social do noso pa\u00eds, as\u00ed como para promover o desenvolvemento da democracia participativa.<\/p>\n<p>Os factores decisivos para o futuro das cooperativas ser\u00e1n, por unha banda, a capacidade de rexenerar a gobernanza actuando sobre a intelixencia colectiva e dando espazo \u00e1 mocidade mediante a partici\u00f3n de responsabilidades e, por outra, a capacidade de integrar novas habilidades.&nbsp;<\/p>\n<p>O desaf\u00edo consistir\u00e1 en constru\u00edr bens e servizos \u00aba medida\u00bb, mediante o aumento das habilidades dixitais, co obxectivo de dedicar m\u00e1is tempo \u00e1 parte creativa do noso traballo e, paralelamente, das habilidades sociais, que permiten transformar unha boa idea nun proxecto ga\u00f1ador. Actuar sobre a capacidade de escoita e constru\u00edr relaci\u00f3ns positivas con todas as partes interesadas permitir\u00e1n crear bos \u00abprodutos a medida\u00bb.<\/p>\n<p>Con esta equipaxe ser\u00e1 posible facer fronte \u00e1s emerxencias do medio ambiente e da desigualdade, e activar proxectos de econom\u00eda social e solidaria, e de econom\u00edas colaborativas.<\/p>\n<p>Coa vista posta nos novos organismos europeos, espero que sexan posibles o di\u00e1logo e a discusi\u00f3n que fortalezan as estratexias e ferramentas (inclu\u00eddas as financeiras) en favor das cooperativas.&nbsp;<\/p>\n<p><strong>Fiare Banca Etica \u00e9 tam\u00e9n unha cooperativa<\/strong>, e todos os d\u00edas reafirma a necesidade de contar coa biodiversidade no mundo financeiro, no que o principio \u00ab<strong>unha persoa, un voto\u00bb<\/strong> pode volver po\u00f1er as decisi\u00f3ns financeiras en mans dos aforradores informados e responsables.<br \/>\n\t<strong>A fortaleza das cooperativas tam\u00e9n \u00e9 isto, elixir tomando en consideraci\u00f3n os gastos e os aforros propios.&nbsp;<\/strong><\/p>\n<p>*dato de Cooperatives Europe, 2016<\/p>\n<p>&nbsp;<\/p>\n<\/div>","protected":false},"excerpt":{"rendered":"<p>Un mundo diverso, no solo entre diferentes pa\u00edses sino tambi\u00e9n dentro de cada pa\u00eds, las cooperativas representan las especificidades de las comunidades y sus necesidades.<\/p>\n","protected":false},"author":2,"featured_media":328791,"comment_status":"open","ping_status":"closed","sticky":false,"template":"","format":"standard","meta":{"_acf_changed":false,"footnotes":""},"categories":[11644],"tags":[],"coauthors":[],"class_list":["post-344651","post","type-post","status-publish","format-standard","has-post-thumbnail","hentry","category-finantza-etikoak"],"acf":[],"yoast_head":"<!-- This site is optimized with the Yoast SEO plugin v26.9 - https:\/\/yoast.com\/product\/yoast-seo-wordpress\/ -->\n<title>Cooperativas: el modelo de negocio para el futuro de Europa - Fiare Banca Etica<\/title>\n<meta name=\"robots\" content=\"index, follow, max-snippet:-1, max-image-preview:large, max-video-preview:-1\" \/>\n<link rel=\"canonical\" href=\"https:\/\/www.fiarebancaetica.coop\/eu\/cooperativas-el-modelo-de-negocio-para-el-futuro-de-europa\/\" \/>\n<meta property=\"og:locale\" content=\"eu_ES\" \/>\n<meta property=\"og:type\" content=\"article\" \/>\n<meta property=\"og:title\" content=\"Cooperativas: el modelo de negocio para el futuro de Europa - Fiare Banca Etica\" \/>\n<meta property=\"og:description\" content=\"Un mundo diverso, no solo entre diferentes pa\u00edses sino tambi\u00e9n dentro de cada pa\u00eds, las cooperativas representan las especificidades de las comunidades y sus necesidades.\" \/>\n<meta property=\"og:url\" content=\"https:\/\/www.fiarebancaetica.coop\/eu\/cooperativas-el-modelo-de-negocio-para-el-futuro-de-europa\/\" \/>\n<meta property=\"og:site_name\" content=\"Fiare Banca Etica\" \/>\n<meta property=\"article:published_time\" content=\"2019-07-04T22:00:00+00:00\" \/>\n<meta property=\"article:modified_time\" content=\"2024-02-21T14:31:17+00:00\" \/>\n<meta property=\"og:image\" content=\"https:\/\/www.fiarebancaetica.coop\/app\/uploads\/sites\/2\/2023\/12\/cooperativas.jpg\" \/>\n\t<meta property=\"og:image:width\" content=\"540\" \/>\n\t<meta property=\"og:image:height\" content=\"189\" \/>\n\t<meta property=\"og:image:type\" content=\"image\/jpeg\" \/>\n<meta name=\"author\" content=\"crispyadmin0\" \/>\n<meta name=\"twitter:card\" content=\"summary_large_image\" \/>\n<script type=\"application\/ld+json\" class=\"yoast-schema-graph\">{\"@context\":\"https:\/\/schema.org\",\"@graph\":[{\"@type\":\"Article\",\"@id\":\"https:\/\/www.fiarebancaetica.coop\/eu\/cooperativas-el-modelo-de-negocio-para-el-futuro-de-europa\/#article\",\"isPartOf\":{\"@id\":\"https:\/\/www.fiarebancaetica.coop\/eu\/cooperativas-el-modelo-de-negocio-para-el-futuro-de-europa\/\"},\"author\":{\"name\":\"crispyadmin0\",\"@id\":\"https:\/\/www.fiarebancaetica.coop\/eu\/#\/schema\/person\/579841e89c804b5db05d9141bd9b8272\"},\"headline\":\"Cooperativas: el modelo de negocio para el futuro de Europa\",\"datePublished\":\"2019-07-04T22:00:00+00:00\",\"dateModified\":\"2024-02-21T14:31:17+00:00\",\"mainEntityOfPage\":{\"@id\":\"https:\/\/www.fiarebancaetica.coop\/eu\/cooperativas-el-modelo-de-negocio-para-el-futuro-de-europa\/\"},\"wordCount\":1613,\"commentCount\":0,\"image\":{\"@id\":\"https:\/\/www.fiarebancaetica.coop\/eu\/cooperativas-el-modelo-de-negocio-para-el-futuro-de-europa\/#primaryimage\"},\"thumbnailUrl\":\"https:\/\/www.fiarebancaetica.coop\/app\/uploads\/sites\/2\/2023\/12\/cooperativas.jpg\",\"articleSection\":[\"Finantza etikoak\"],\"inLanguage\":\"eu\",\"potentialAction\":[{\"@type\":\"CommentAction\",\"name\":\"Comment\",\"target\":[\"https:\/\/www.fiarebancaetica.coop\/eu\/cooperativas-el-modelo-de-negocio-para-el-futuro-de-europa\/#respond\"]}]},{\"@type\":\"WebPage\",\"@id\":\"https:\/\/www.fiarebancaetica.coop\/eu\/cooperativas-el-modelo-de-negocio-para-el-futuro-de-europa\/\",\"url\":\"https:\/\/www.fiarebancaetica.coop\/eu\/cooperativas-el-modelo-de-negocio-para-el-futuro-de-europa\/\",\"name\":\"Cooperativas: el modelo de negocio para el futuro de Europa - Fiare Banca Etica\",\"isPartOf\":{\"@id\":\"https:\/\/www.fiarebancaetica.coop\/eu\/#website\"},\"primaryImageOfPage\":{\"@id\":\"https:\/\/www.fiarebancaetica.coop\/eu\/cooperativas-el-modelo-de-negocio-para-el-futuro-de-europa\/#primaryimage\"},\"image\":{\"@id\":\"https:\/\/www.fiarebancaetica.coop\/eu\/cooperativas-el-modelo-de-negocio-para-el-futuro-de-europa\/#primaryimage\"},\"thumbnailUrl\":\"https:\/\/www.fiarebancaetica.coop\/app\/uploads\/sites\/2\/2023\/12\/cooperativas.jpg\",\"datePublished\":\"2019-07-04T22:00:00+00:00\",\"dateModified\":\"2024-02-21T14:31:17+00:00\",\"author\":{\"@id\":\"https:\/\/www.fiarebancaetica.coop\/eu\/#\/schema\/person\/579841e89c804b5db05d9141bd9b8272\"},\"breadcrumb\":{\"@id\":\"https:\/\/www.fiarebancaetica.coop\/eu\/cooperativas-el-modelo-de-negocio-para-el-futuro-de-europa\/#breadcrumb\"},\"inLanguage\":\"eu\",\"potentialAction\":[{\"@type\":\"ReadAction\",\"target\":[\"https:\/\/www.fiarebancaetica.coop\/eu\/cooperativas-el-modelo-de-negocio-para-el-futuro-de-europa\/\"]}]},{\"@type\":\"ImageObject\",\"inLanguage\":\"eu\",\"@id\":\"https:\/\/www.fiarebancaetica.coop\/eu\/cooperativas-el-modelo-de-negocio-para-el-futuro-de-europa\/#primaryimage\",\"url\":\"https:\/\/www.fiarebancaetica.coop\/app\/uploads\/sites\/2\/2023\/12\/cooperativas.jpg\",\"contentUrl\":\"https:\/\/www.fiarebancaetica.coop\/app\/uploads\/sites\/2\/2023\/12\/cooperativas.jpg\",\"width\":540,\"height\":189},{\"@type\":\"BreadcrumbList\",\"@id\":\"https:\/\/www.fiarebancaetica.coop\/eu\/cooperativas-el-modelo-de-negocio-para-el-futuro-de-europa\/#breadcrumb\",\"itemListElement\":[{\"@type\":\"ListItem\",\"position\":1,\"name\":\"Home\",\"item\":\"https:\/\/www.fiarebancaetica.coop\/eu\/\"},{\"@type\":\"ListItem\",\"position\":2,\"name\":\"Cooperativas: el modelo de negocio para el futuro de Europa\"}]},{\"@type\":\"WebSite\",\"@id\":\"https:\/\/www.fiarebancaetica.coop\/eu\/#website\",\"url\":\"https:\/\/www.fiarebancaetica.coop\/eu\/\",\"name\":\"Fiare Banca Etica\",\"description\":\"\",\"potentialAction\":[{\"@type\":\"SearchAction\",\"target\":{\"@type\":\"EntryPoint\",\"urlTemplate\":\"https:\/\/www.fiarebancaetica.coop\/eu\/?s={search_term_string}\"},\"query-input\":{\"@type\":\"PropertyValueSpecification\",\"valueRequired\":true,\"valueName\":\"search_term_string\"}}],\"inLanguage\":\"eu\"},{\"@type\":\"Person\",\"@id\":\"https:\/\/www.fiarebancaetica.coop\/eu\/#\/schema\/person\/579841e89c804b5db05d9141bd9b8272\",\"name\":\"crispyadmin0\",\"image\":{\"@type\":\"ImageObject\",\"inLanguage\":\"eu\",\"@id\":\"https:\/\/www.fiarebancaetica.coop\/eu\/#\/schema\/person\/image\/5f3a6b7786f32f4c35bd2b1a5a4698ea\",\"url\":\"https:\/\/secure.gravatar.com\/avatar\/4d2cfb499d497b6d49da659fab7404b243a87fe8e40d2cf97a1cae48f677f5b2?s=96&d=mm&r=g\",\"contentUrl\":\"https:\/\/secure.gravatar.com\/avatar\/4d2cfb499d497b6d49da659fab7404b243a87fe8e40d2cf97a1cae48f677f5b2?s=96&d=mm&r=g\",\"caption\":\"crispyadmin0\"},\"sameAs\":[\"crispyadmin0\"]}]}<\/script>\n<!-- \/ Yoast SEO plugin. -->","yoast_head_json":{"title":"Cooperativas: el modelo de negocio para el futuro de Europa - Fiare Banca Etica","robots":{"index":"index","follow":"follow","max-snippet":"max-snippet:-1","max-image-preview":"max-image-preview:large","max-video-preview":"max-video-preview:-1"},"canonical":"https:\/\/www.fiarebancaetica.coop\/eu\/cooperativas-el-modelo-de-negocio-para-el-futuro-de-europa\/","og_locale":"eu_ES","og_type":"article","og_title":"Cooperativas: el modelo de negocio para el futuro de Europa - Fiare Banca Etica","og_description":"Un mundo diverso, no solo entre diferentes pa\u00edses sino tambi\u00e9n dentro de cada pa\u00eds, las cooperativas representan las especificidades de las comunidades y sus necesidades.","og_url":"https:\/\/www.fiarebancaetica.coop\/eu\/cooperativas-el-modelo-de-negocio-para-el-futuro-de-europa\/","og_site_name":"Fiare Banca Etica","article_published_time":"2019-07-04T22:00:00+00:00","article_modified_time":"2024-02-21T14:31:17+00:00","og_image":[{"width":540,"height":189,"url":"https:\/\/www.fiarebancaetica.coop\/app\/uploads\/sites\/2\/2023\/12\/cooperativas.jpg","type":"image\/jpeg"}],"author":"crispyadmin0","twitter_card":"summary_large_image","schema":{"@context":"https:\/\/schema.org","@graph":[{"@type":"Article","@id":"https:\/\/www.fiarebancaetica.coop\/eu\/cooperativas-el-modelo-de-negocio-para-el-futuro-de-europa\/#article","isPartOf":{"@id":"https:\/\/www.fiarebancaetica.coop\/eu\/cooperativas-el-modelo-de-negocio-para-el-futuro-de-europa\/"},"author":{"name":"crispyadmin0","@id":"https:\/\/www.fiarebancaetica.coop\/eu\/#\/schema\/person\/579841e89c804b5db05d9141bd9b8272"},"headline":"Cooperativas: el modelo de negocio para el futuro de Europa","datePublished":"2019-07-04T22:00:00+00:00","dateModified":"2024-02-21T14:31:17+00:00","mainEntityOfPage":{"@id":"https:\/\/www.fiarebancaetica.coop\/eu\/cooperativas-el-modelo-de-negocio-para-el-futuro-de-europa\/"},"wordCount":1613,"commentCount":0,"image":{"@id":"https:\/\/www.fiarebancaetica.coop\/eu\/cooperativas-el-modelo-de-negocio-para-el-futuro-de-europa\/#primaryimage"},"thumbnailUrl":"https:\/\/www.fiarebancaetica.coop\/app\/uploads\/sites\/2\/2023\/12\/cooperativas.jpg","articleSection":["Finantza etikoak"],"inLanguage":"eu","potentialAction":[{"@type":"CommentAction","name":"Comment","target":["https:\/\/www.fiarebancaetica.coop\/eu\/cooperativas-el-modelo-de-negocio-para-el-futuro-de-europa\/#respond"]}]},{"@type":"WebPage","@id":"https:\/\/www.fiarebancaetica.coop\/eu\/cooperativas-el-modelo-de-negocio-para-el-futuro-de-europa\/","url":"https:\/\/www.fiarebancaetica.coop\/eu\/cooperativas-el-modelo-de-negocio-para-el-futuro-de-europa\/","name":"Cooperativas: el modelo de negocio para el futuro de Europa - Fiare Banca Etica","isPartOf":{"@id":"https:\/\/www.fiarebancaetica.coop\/eu\/#website"},"primaryImageOfPage":{"@id":"https:\/\/www.fiarebancaetica.coop\/eu\/cooperativas-el-modelo-de-negocio-para-el-futuro-de-europa\/#primaryimage"},"image":{"@id":"https:\/\/www.fiarebancaetica.coop\/eu\/cooperativas-el-modelo-de-negocio-para-el-futuro-de-europa\/#primaryimage"},"thumbnailUrl":"https:\/\/www.fiarebancaetica.coop\/app\/uploads\/sites\/2\/2023\/12\/cooperativas.jpg","datePublished":"2019-07-04T22:00:00+00:00","dateModified":"2024-02-21T14:31:17+00:00","author":{"@id":"https:\/\/www.fiarebancaetica.coop\/eu\/#\/schema\/person\/579841e89c804b5db05d9141bd9b8272"},"breadcrumb":{"@id":"https:\/\/www.fiarebancaetica.coop\/eu\/cooperativas-el-modelo-de-negocio-para-el-futuro-de-europa\/#breadcrumb"},"inLanguage":"eu","potentialAction":[{"@type":"ReadAction","target":["https:\/\/www.fiarebancaetica.coop\/eu\/cooperativas-el-modelo-de-negocio-para-el-futuro-de-europa\/"]}]},{"@type":"ImageObject","inLanguage":"eu","@id":"https:\/\/www.fiarebancaetica.coop\/eu\/cooperativas-el-modelo-de-negocio-para-el-futuro-de-europa\/#primaryimage","url":"https:\/\/www.fiarebancaetica.coop\/app\/uploads\/sites\/2\/2023\/12\/cooperativas.jpg","contentUrl":"https:\/\/www.fiarebancaetica.coop\/app\/uploads\/sites\/2\/2023\/12\/cooperativas.jpg","width":540,"height":189},{"@type":"BreadcrumbList","@id":"https:\/\/www.fiarebancaetica.coop\/eu\/cooperativas-el-modelo-de-negocio-para-el-futuro-de-europa\/#breadcrumb","itemListElement":[{"@type":"ListItem","position":1,"name":"Home","item":"https:\/\/www.fiarebancaetica.coop\/eu\/"},{"@type":"ListItem","position":2,"name":"Cooperativas: el modelo de negocio para el futuro de Europa"}]},{"@type":"WebSite","@id":"https:\/\/www.fiarebancaetica.coop\/eu\/#website","url":"https:\/\/www.fiarebancaetica.coop\/eu\/","name":"Fiare Banca Etica","description":"","potentialAction":[{"@type":"SearchAction","target":{"@type":"EntryPoint","urlTemplate":"https:\/\/www.fiarebancaetica.coop\/eu\/?s={search_term_string}"},"query-input":{"@type":"PropertyValueSpecification","valueRequired":true,"valueName":"search_term_string"}}],"inLanguage":"eu"},{"@type":"Person","@id":"https:\/\/www.fiarebancaetica.coop\/eu\/#\/schema\/person\/579841e89c804b5db05d9141bd9b8272","name":"crispyadmin0","image":{"@type":"ImageObject","inLanguage":"eu","@id":"https:\/\/www.fiarebancaetica.coop\/eu\/#\/schema\/person\/image\/5f3a6b7786f32f4c35bd2b1a5a4698ea","url":"https:\/\/secure.gravatar.com\/avatar\/4d2cfb499d497b6d49da659fab7404b243a87fe8e40d2cf97a1cae48f677f5b2?s=96&d=mm&r=g","contentUrl":"https:\/\/secure.gravatar.com\/avatar\/4d2cfb499d497b6d49da659fab7404b243a87fe8e40d2cf97a1cae48f677f5b2?s=96&d=mm&r=g","caption":"crispyadmin0"},"sameAs":["crispyadmin0"]}]}},"_links":{"self":[{"href":"https:\/\/www.fiarebancaetica.coop\/eu\/wp-json\/wp\/v2\/posts\/344651","targetHints":{"allow":["GET"]}}],"collection":[{"href":"https:\/\/www.fiarebancaetica.coop\/eu\/wp-json\/wp\/v2\/posts"}],"about":[{"href":"https:\/\/www.fiarebancaetica.coop\/eu\/wp-json\/wp\/v2\/types\/post"}],"author":[{"embeddable":true,"href":"https:\/\/www.fiarebancaetica.coop\/eu\/wp-json\/wp\/v2\/users\/2"}],"replies":[{"embeddable":true,"href":"https:\/\/www.fiarebancaetica.coop\/eu\/wp-json\/wp\/v2\/comments?post=344651"}],"version-history":[{"count":2,"href":"https:\/\/www.fiarebancaetica.coop\/eu\/wp-json\/wp\/v2\/posts\/344651\/revisions"}],"predecessor-version":[{"id":354316,"href":"https:\/\/www.fiarebancaetica.coop\/eu\/wp-json\/wp\/v2\/posts\/344651\/revisions\/354316"}],"wp:featuredmedia":[{"embeddable":true,"href":"https:\/\/www.fiarebancaetica.coop\/eu\/wp-json\/wp\/v2\/media\/328791"}],"wp:attachment":[{"href":"https:\/\/www.fiarebancaetica.coop\/eu\/wp-json\/wp\/v2\/media?parent=344651"}],"wp:term":[{"taxonomy":"category","embeddable":true,"href":"https:\/\/www.fiarebancaetica.coop\/eu\/wp-json\/wp\/v2\/categories?post=344651"},{"taxonomy":"post_tag","embeddable":true,"href":"https:\/\/www.fiarebancaetica.coop\/eu\/wp-json\/wp\/v2\/tags?post=344651"},{"taxonomy":"author","embeddable":true,"href":"https:\/\/www.fiarebancaetica.coop\/eu\/wp-json\/wp\/v2\/coauthors?post=344651"}],"curies":[{"name":"wp","href":"https:\/\/api.w.org\/{rel}","templated":true}]}}