{"id":344679,"date":"2019-06-11T00:00:00","date_gmt":"2019-06-10T22:00:00","guid":{"rendered":"https:\/\/www.fiarebancaetica.coop\/atenas-acoge-la-asamblea-de-la-banca-etica-en-europa\/"},"modified":"2024-02-21T15:31:35","modified_gmt":"2024-02-21T14:31:35","slug":"atenas-acoge-la-asamblea-de-la-banca-etica-en-europa","status":"publish","type":"post","link":"https:\/\/www.fiarebancaetica.coop\/eu\/atenas-acoge-la-asamblea-de-la-banca-etica-en-europa\/","title":{"rendered":"ATENAS ACOGE LA ASAMBLEA DE LA BANCA \u00c9TICA EN EUROPA"},"content":{"rendered":"\n\n<div class=\"wp-block-bancaetica-blocks-blocks-block-49\">\n    <div class=\"container-block-49\">\n\n        <div class=\"header-section \">\n                            <h1 class=\"section-title\"> Etica e cooperativa <\/h1>\n                                            <\/div>\n\n        \n        <div class=\"block-background\" style=\"background-image: url('https:\/\/www.fiarebancaetica.coop\/app\/uploads\/sites\/2\/2023\/12\/atenas-acoge-asamblea-de-banca-etica-en-europa.jpg')\">\n                            <div class=\"tile\">\n                    <h1 class=\"image-title\"> ATENAS ACOGE LA ASAMBLEA DE LA BANCA \u00c9TICA EN EUROPA <\/h1>\n                <\/div>             <!-- end .tile -->\n            <div class=\"bottom-content\">\n                            <\/div> <!-- end .button-content -->\n        <\/div> <!-- end .block-background -->\n    <\/div> <!-- end .container -->\n<\/div> <!-- end wp-block-bancaetica-blocks-blocks-block-06 -->\n\n\n<div class=\"wrapper-crispybacon-class wrapper-crispybacon-class-boxed \">\n    <p>El 31 de mayo tuvo lugar en Atenas la asamblea de la Federaci\u00f3n Europea de Bancos \u00c9ticos y Alternativos (<a href=\"https:\/\/www.febea.org\/\">FEBEA<\/a>), cuyo presidente actual es Peru Sasia, consejero de Fiare Banca Etica y vicepresidente de Banca Etica.&nbsp;<br \/>\n\t<br \/>\n\tEn nombre de Banca Etica intervinieron el vicepresidente, Andrea Baranes, y Valentina Patetta, responsable de Relaciones Institucionales e Internacionales. Jordi Iba\u00f1ez de la <a href=\"http:\/\/www.finanzaseticas.net\">Fundaci\u00f3n Finanzas \u00c9ticas<\/a> present\u00f3 el Informe <a href=\"https:\/\/www.fiarebancaetica.coop\/blog\/los-bancos-eticos-rinden-tres-veces-mas-que-los-tradicionales\">Las Finanzas \u00c9ticas y Sostenibles en Europa<\/a>. Estas fueron las intervenciones de Banca Etica en la asamblea:<\/p>\n<h2>\n\tBANCA ETICA A LA VANGUARDIA: POR UNAS FINANZAS REALMENTE SOSTENIBLES Y SOCIALES<\/h2>\n<p><em><strong>por Andrea Baranes<\/strong><\/em><\/p>\n<p><br \/>\n\tEste a\u00f1o, la <strong>asamblea de FEBEA ha sido muy participativa<\/strong>, lo que atestigua la importancia del momento: por fin, el debate sobre las \u00abfinanzas sostenibles\u00bb est\u00e1 entre los primeros puntos de la agenda de las instituciones europeas, que han trabajado al m\u00e1s alto nivel para definirlas y encuadrarlas.<br \/>\n\t<br \/>\n\tLa noticia en s\u00ed es seguramente positiva, pero hay varios inconvenientes en el trabajo que han llevado a cabo las instituciones de la Uni\u00f3n Europea. El principal de ellos tiene que ver con la visi\u00f3n de <strong>sostenibilidad <\/strong>que se promueve en Europa, que a d\u00eda de hoy <strong>coincide casi exclusivamente con la dimensi\u00f3n ambiental<\/strong>, o de manera a\u00fan m\u00e1s restrictiva, solo con el cambio clim\u00e1tico.<br \/>\n\t<br \/>\n\tEntend\u00e1monos, el <strong>medio ambiente<\/strong> y la lucha contra el <strong>cambio clim\u00e1tico<\/strong> son temas importantes y urgentes, pero r<strong>epresentan solo una de las dimensiones de la sostenibilidad<\/strong>, sobre todo cuando hablamos de finanzas.<\/p>\n<p><img decoding=\"async\" alt=\"\" src=\"http:\/\/www.fiarebancaetica.coop\/app\/uploads\/sites\/2\/2023\/12\/febea1-500x334-1.jpg\" style=\"width: 500px; height: 334px;\" \/><br \/>\n\t<br \/>\n\tVeamos un ejemplo elocuente: en los textos elaborados por la Comisi\u00f3n Europea <strong>no aparece nunca la palabra \u00abespeculaci\u00f3n\u00bb<\/strong>. Se intenta definir las finanzas sostenibles sin mencionar nunca los para\u00edsos fiscales, los productos financieros m\u00e1s complejos y arriesgados, ni la inestabilidad de los mercados.<br \/>\n\t<br \/>\n\tLa <strong>responsabilidad social corporativa se mide con los famosos criterios \u00abASG\u00bb (ambiental, social y de gobernanza<\/strong>), pero en las definiciones de las finanzas sostenibles elaboradas hasta ahora entre Bruselas y Estrasburgo <strong>faltan casi totalmente las referencias a la S (social) y la G (gobernanza)<\/strong>.<br \/>\n\tEl impacto ambiental es el \u00fanico que se ha tenido en consideraci\u00f3n porque es m\u00e1s sencillo encontrar criterios cuantitativos para medirlo.<br \/>\n\t<br \/>\n\tCreemos que es<strong> inaceptable ignorar las enormes repercusiones que el sistema financiero tiene en el conjunto de la sociedad.<\/strong> Incluso si miramos \u00fanicamente el medio ambiente y el clima, la especulaci\u00f3n es probablemente el motor principal que impulsa la devastaci\u00f3n de nuestro planeta. Los mercados financieros empujan a las empresas a trabajar con la mira puesta en plazos brev\u00edsimos. Se sacrifican el medio ambiente y los derechos para perseguir el objetivo \u00fanico de maximizar el valor de las acciones.<br \/>\n\t<br \/>\n\tPara el mundo de las finanzas \u00e9ticas, hay adem\u00e1s otro elemento preocupante. Si se aprobaran criterios demasiado vagos para la definici\u00f3n de las finanzas sostenibles, los grandes grupos bancarios podr\u00edan obtener ma\u00f1ana mismo una licencia de sostenibilidad, certificada por las instituciones europeas y sin cambiar un \u00e1pice sus negocios. El planeta y la humanidad <strong>no pueden permitirse abordar la sostenibilidad de una manera tan maquillada y superficial.<\/strong><br \/>\n\t<br \/>\n\tPor lo tanto, precisamos de definiciones estrictas y criterios claros para definir las finanzas sostenibles. Por ello es necesario tener una presencia fuerte en Europa que represente nuestros valores y nuestra visi\u00f3n y demuestre que las finanzas \u00e9ticas y sostenibles son una realidad s\u00f3lida y en crecimiento.<br \/>\n\t<br \/>\n\tUn reciente <a href=\"https:\/\/www.fiarebancaetica.coop\/blog\/los-bancos-eticos-rinden-tres-veces-mas-que-los-tradicionales\">informe sobre las finanzas \u00e9ticas y sostenibles en Europa<\/a> ha puesto de manifiesto que los bancos \u00e9ticos ofrecen mejores prestaciones no solo en los \u00e1mbitos de la transparencia, el medio ambiente o la defensa de los derechos humanos, sino tambi\u00e9n en t\u00e9rminos econ\u00f3micos y financieros.<br \/>\n\t<br \/>\n\tEsperamos que el Parlamento y la Comisi\u00f3n, que est\u00e1n a punto de tomar posesi\u00f3n, tengan la valent\u00eda y la altura de miras para comprender y relanzar este enfoque, ante una regulaci\u00f3n bancaria demasiado estandarizada y cortada a la medida de los grupos de grandes dimensiones.<br \/>\n\tComo Federaci\u00f3n que agrupa las principales experiencias de finanzas \u00e9ticas y alternativas, <strong>FEBEA est\u00e1 llamada a <\/strong>desarrollar una labor de gran importancia: <strong>acompa\u00f1ar y promover el proceso de reconocimiento de modelos alternativos.<\/strong><br \/>\n\t<br \/>\n\tLa historia y los valores de Banca Etica no nos permiten escindir la dimensi\u00f3n operativa de hacer banca de la cultural de proporcionar una <strong>educaci\u00f3n financiera cr\u00edtica y promover las finanzas \u00e9ticas<\/strong>. Por todo ello, queremos seguir trabajando en y con FEBEA, seguir a la vanguardia para continuar e intensificar el compromiso de estos a\u00f1os con las redes europeas e internacionales y en pro de un reconocimiento pleno de unas finanzas \u00e9ticas y sostenibles \u00abverdaderas\u00bb en Italia, Espa\u00f1a y a nivel europeo.<\/p>\n<h2>\n\tMEDICI\u00d3N DEL IMPACTO SOCIAL: EL PUNTO DE VISTA DE LOS BANCOS \u00c9TICOS<\/h2>\n<p><em><strong>por Valentina Patetta<\/strong><\/em><\/p>\n<p>La asamblea general de FEBEA fue un momento de <strong>intercambio y discusi\u00f3n<\/strong> sobre diversos temas de inter\u00e9s, incluida la <strong>medici\u00f3n del impacto social.<\/strong><br \/>\n\t<br \/>\n\tEl tema, m\u00e1s actual que nunca, ha creado un debate, a veces muy acalorado, entre quienes consideran que la evaluaci\u00f3n del impacto social es un <strong>remedio serio para los problemas existentes<\/strong> y quien, en cambio, lo considera <strong>un ejercicio de pura visibilidad<\/strong>. FEBEA ha pedido a sus miembros que comiencen una reflexi\u00f3n sobre la medici\u00f3n del impacto social, invitando a las diversas organizaciones miembros a compartir sus experiencias sobre el tema.<\/p>\n<\/div>","protected":false},"excerpt":{"rendered":"<p>El 31 de mayo tuvo lugar en Atenas la asamblea de la Federaci\u00f3n Europea de Bancos \u00c9ticos y Alternativos (FEBEA), cuyo presidente actual es Peru Sasia, consejero de Banca Etica. En nombre de Banca Etica intervinieron el vicepresidente, Andrea Baranes, y Valentina Patetta, responsable de Relaciones Institucionales e Internacionales. Estas fueron sus intervenciones en la asamblea:<\/p>\n","protected":false},"author":2,"featured_media":328761,"comment_status":"open","ping_status":"closed","sticky":false,"template":"","format":"standard","meta":{"_acf_changed":false,"footnotes":""},"categories":[11644],"tags":[],"coauthors":[],"class_list":["post-344679","post","type-post","status-publish","format-standard","has-post-thumbnail","hentry","category-finantza-etikoak"],"acf":[],"yoast_head":"<!-- This site is optimized with the Yoast SEO plugin v26.9 - https:\/\/yoast.com\/product\/yoast-seo-wordpress\/ -->\n<title>ATENAS ACOGE LA ASAMBLEA DE LA BANCA \u00c9TICA EN EUROPA - Fiare Banca Etica<\/title>\n<meta name=\"robots\" content=\"index, follow, max-snippet:-1, max-image-preview:large, max-video-preview:-1\" \/>\n<link rel=\"canonical\" href=\"https:\/\/www.fiarebancaetica.coop\/eu\/atenas-acoge-la-asamblea-de-la-banca-etica-en-europa\/\" \/>\n<meta property=\"og:locale\" content=\"eu_ES\" \/>\n<meta property=\"og:type\" content=\"article\" \/>\n<meta property=\"og:title\" content=\"ATENAS ACOGE LA ASAMBLEA DE LA BANCA \u00c9TICA EN EUROPA - Fiare Banca Etica\" \/>\n<meta property=\"og:description\" content=\"El 31 de mayo tuvo lugar en Atenas la asamblea de la Federaci\u00f3n Europea de Bancos \u00c9ticos y Alternativos (FEBEA), cuyo presidente actual es Peru Sasia, consejero de Banca Etica. En nombre de Banca Etica intervinieron el vicepresidente, Andrea Baranes, y Valentina Patetta, responsable de Relaciones Institucionales e Internacionales. Estas fueron sus intervenciones en la asamblea:\" \/>\n<meta property=\"og:url\" content=\"https:\/\/www.fiarebancaetica.coop\/eu\/atenas-acoge-la-asamblea-de-la-banca-etica-en-europa\/\" \/>\n<meta property=\"og:site_name\" content=\"Fiare Banca Etica\" \/>\n<meta property=\"article:published_time\" content=\"2019-06-10T22:00:00+00:00\" \/>\n<meta property=\"article:modified_time\" content=\"2024-02-21T14:31:35+00:00\" \/>\n<meta property=\"og:image\" content=\"https:\/\/www.fiarebancaetica.coop\/app\/uploads\/sites\/2\/2023\/12\/atenas-acoge-asamblea-de-banca-etica-en-europa.jpg\" \/>\n\t<meta property=\"og:image:width\" content=\"540\" \/>\n\t<meta property=\"og:image:height\" content=\"250\" \/>\n\t<meta property=\"og:image:type\" content=\"image\/jpeg\" \/>\n<meta name=\"author\" content=\"crispyadmin0\" \/>\n<meta name=\"twitter:card\" content=\"summary_large_image\" \/>\n<script type=\"application\/ld+json\" class=\"yoast-schema-graph\">{\"@context\":\"https:\/\/schema.org\",\"@graph\":[{\"@type\":\"Article\",\"@id\":\"https:\/\/www.fiarebancaetica.coop\/eu\/atenas-acoge-la-asamblea-de-la-banca-etica-en-europa\/#article\",\"isPartOf\":{\"@id\":\"https:\/\/www.fiarebancaetica.coop\/eu\/atenas-acoge-la-asamblea-de-la-banca-etica-en-europa\/\"},\"author\":{\"name\":\"crispyadmin0\",\"@id\":\"https:\/\/www.fiarebancaetica.coop\/eu\/#\/schema\/person\/579841e89c804b5db05d9141bd9b8272\"},\"headline\":\"ATENAS ACOGE LA ASAMBLEA DE LA BANCA \u00c9TICA EN EUROPA\",\"datePublished\":\"2019-06-10T22:00:00+00:00\",\"dateModified\":\"2024-02-21T14:31:35+00:00\",\"mainEntityOfPage\":{\"@id\":\"https:\/\/www.fiarebancaetica.coop\/eu\/atenas-acoge-la-asamblea-de-la-banca-etica-en-europa\/\"},\"wordCount\":920,\"commentCount\":0,\"image\":{\"@id\":\"https:\/\/www.fiarebancaetica.coop\/eu\/atenas-acoge-la-asamblea-de-la-banca-etica-en-europa\/#primaryimage\"},\"thumbnailUrl\":\"https:\/\/www.fiarebancaetica.coop\/app\/uploads\/sites\/2\/2023\/12\/atenas-acoge-asamblea-de-banca-etica-en-europa.jpg\",\"articleSection\":[\"Finantza etikoak\"],\"inLanguage\":\"eu\",\"potentialAction\":[{\"@type\":\"CommentAction\",\"name\":\"Comment\",\"target\":[\"https:\/\/www.fiarebancaetica.coop\/eu\/atenas-acoge-la-asamblea-de-la-banca-etica-en-europa\/#respond\"]}]},{\"@type\":\"WebPage\",\"@id\":\"https:\/\/www.fiarebancaetica.coop\/eu\/atenas-acoge-la-asamblea-de-la-banca-etica-en-europa\/\",\"url\":\"https:\/\/www.fiarebancaetica.coop\/eu\/atenas-acoge-la-asamblea-de-la-banca-etica-en-europa\/\",\"name\":\"ATENAS ACOGE LA ASAMBLEA DE LA BANCA \u00c9TICA EN EUROPA - Fiare Banca Etica\",\"isPartOf\":{\"@id\":\"https:\/\/www.fiarebancaetica.coop\/eu\/#website\"},\"primaryImageOfPage\":{\"@id\":\"https:\/\/www.fiarebancaetica.coop\/eu\/atenas-acoge-la-asamblea-de-la-banca-etica-en-europa\/#primaryimage\"},\"image\":{\"@id\":\"https:\/\/www.fiarebancaetica.coop\/eu\/atenas-acoge-la-asamblea-de-la-banca-etica-en-europa\/#primaryimage\"},\"thumbnailUrl\":\"https:\/\/www.fiarebancaetica.coop\/app\/uploads\/sites\/2\/2023\/12\/atenas-acoge-asamblea-de-banca-etica-en-europa.jpg\",\"datePublished\":\"2019-06-10T22:00:00+00:00\",\"dateModified\":\"2024-02-21T14:31:35+00:00\",\"author\":{\"@id\":\"https:\/\/www.fiarebancaetica.coop\/eu\/#\/schema\/person\/579841e89c804b5db05d9141bd9b8272\"},\"breadcrumb\":{\"@id\":\"https:\/\/www.fiarebancaetica.coop\/eu\/atenas-acoge-la-asamblea-de-la-banca-etica-en-europa\/#breadcrumb\"},\"inLanguage\":\"eu\",\"potentialAction\":[{\"@type\":\"ReadAction\",\"target\":[\"https:\/\/www.fiarebancaetica.coop\/eu\/atenas-acoge-la-asamblea-de-la-banca-etica-en-europa\/\"]}]},{\"@type\":\"ImageObject\",\"inLanguage\":\"eu\",\"@id\":\"https:\/\/www.fiarebancaetica.coop\/eu\/atenas-acoge-la-asamblea-de-la-banca-etica-en-europa\/#primaryimage\",\"url\":\"https:\/\/www.fiarebancaetica.coop\/app\/uploads\/sites\/2\/2023\/12\/atenas-acoge-asamblea-de-banca-etica-en-europa.jpg\",\"contentUrl\":\"https:\/\/www.fiarebancaetica.coop\/app\/uploads\/sites\/2\/2023\/12\/atenas-acoge-asamblea-de-banca-etica-en-europa.jpg\",\"width\":540,\"height\":250},{\"@type\":\"BreadcrumbList\",\"@id\":\"https:\/\/www.fiarebancaetica.coop\/eu\/atenas-acoge-la-asamblea-de-la-banca-etica-en-europa\/#breadcrumb\",\"itemListElement\":[{\"@type\":\"ListItem\",\"position\":1,\"name\":\"Home\",\"item\":\"https:\/\/www.fiarebancaetica.coop\/eu\/\"},{\"@type\":\"ListItem\",\"position\":2,\"name\":\"ATENAS ACOGE LA ASAMBLEA DE LA BANCA \u00c9TICA EN EUROPA\"}]},{\"@type\":\"WebSite\",\"@id\":\"https:\/\/www.fiarebancaetica.coop\/eu\/#website\",\"url\":\"https:\/\/www.fiarebancaetica.coop\/eu\/\",\"name\":\"Fiare Banca Etica\",\"description\":\"\",\"potentialAction\":[{\"@type\":\"SearchAction\",\"target\":{\"@type\":\"EntryPoint\",\"urlTemplate\":\"https:\/\/www.fiarebancaetica.coop\/eu\/?s={search_term_string}\"},\"query-input\":{\"@type\":\"PropertyValueSpecification\",\"valueRequired\":true,\"valueName\":\"search_term_string\"}}],\"inLanguage\":\"eu\"},{\"@type\":\"Person\",\"@id\":\"https:\/\/www.fiarebancaetica.coop\/eu\/#\/schema\/person\/579841e89c804b5db05d9141bd9b8272\",\"name\":\"crispyadmin0\",\"image\":{\"@type\":\"ImageObject\",\"inLanguage\":\"eu\",\"@id\":\"https:\/\/www.fiarebancaetica.coop\/eu\/#\/schema\/person\/image\/5f3a6b7786f32f4c35bd2b1a5a4698ea\",\"url\":\"https:\/\/secure.gravatar.com\/avatar\/4d2cfb499d497b6d49da659fab7404b243a87fe8e40d2cf97a1cae48f677f5b2?s=96&d=mm&r=g\",\"contentUrl\":\"https:\/\/secure.gravatar.com\/avatar\/4d2cfb499d497b6d49da659fab7404b243a87fe8e40d2cf97a1cae48f677f5b2?s=96&d=mm&r=g\",\"caption\":\"crispyadmin0\"},\"sameAs\":[\"crispyadmin0\"]}]}<\/script>\n<!-- \/ Yoast SEO plugin. -->","yoast_head_json":{"title":"ATENAS ACOGE LA ASAMBLEA DE LA BANCA \u00c9TICA EN EUROPA - Fiare Banca Etica","robots":{"index":"index","follow":"follow","max-snippet":"max-snippet:-1","max-image-preview":"max-image-preview:large","max-video-preview":"max-video-preview:-1"},"canonical":"https:\/\/www.fiarebancaetica.coop\/eu\/atenas-acoge-la-asamblea-de-la-banca-etica-en-europa\/","og_locale":"eu_ES","og_type":"article","og_title":"ATENAS ACOGE LA ASAMBLEA DE LA BANCA \u00c9TICA EN EUROPA - Fiare Banca Etica","og_description":"El 31 de mayo tuvo lugar en Atenas la asamblea de la Federaci\u00f3n Europea de Bancos \u00c9ticos y Alternativos (FEBEA), cuyo presidente actual es Peru Sasia, consejero de Banca Etica. En nombre de Banca Etica intervinieron el vicepresidente, Andrea Baranes, y Valentina Patetta, responsable de Relaciones Institucionales e Internacionales. Estas fueron sus intervenciones en la asamblea:","og_url":"https:\/\/www.fiarebancaetica.coop\/eu\/atenas-acoge-la-asamblea-de-la-banca-etica-en-europa\/","og_site_name":"Fiare Banca Etica","article_published_time":"2019-06-10T22:00:00+00:00","article_modified_time":"2024-02-21T14:31:35+00:00","og_image":[{"width":540,"height":250,"url":"https:\/\/www.fiarebancaetica.coop\/app\/uploads\/sites\/2\/2023\/12\/atenas-acoge-asamblea-de-banca-etica-en-europa.jpg","type":"image\/jpeg"}],"author":"crispyadmin0","twitter_card":"summary_large_image","schema":{"@context":"https:\/\/schema.org","@graph":[{"@type":"Article","@id":"https:\/\/www.fiarebancaetica.coop\/eu\/atenas-acoge-la-asamblea-de-la-banca-etica-en-europa\/#article","isPartOf":{"@id":"https:\/\/www.fiarebancaetica.coop\/eu\/atenas-acoge-la-asamblea-de-la-banca-etica-en-europa\/"},"author":{"name":"crispyadmin0","@id":"https:\/\/www.fiarebancaetica.coop\/eu\/#\/schema\/person\/579841e89c804b5db05d9141bd9b8272"},"headline":"ATENAS ACOGE LA ASAMBLEA DE LA BANCA \u00c9TICA EN EUROPA","datePublished":"2019-06-10T22:00:00+00:00","dateModified":"2024-02-21T14:31:35+00:00","mainEntityOfPage":{"@id":"https:\/\/www.fiarebancaetica.coop\/eu\/atenas-acoge-la-asamblea-de-la-banca-etica-en-europa\/"},"wordCount":920,"commentCount":0,"image":{"@id":"https:\/\/www.fiarebancaetica.coop\/eu\/atenas-acoge-la-asamblea-de-la-banca-etica-en-europa\/#primaryimage"},"thumbnailUrl":"https:\/\/www.fiarebancaetica.coop\/app\/uploads\/sites\/2\/2023\/12\/atenas-acoge-asamblea-de-banca-etica-en-europa.jpg","articleSection":["Finantza etikoak"],"inLanguage":"eu","potentialAction":[{"@type":"CommentAction","name":"Comment","target":["https:\/\/www.fiarebancaetica.coop\/eu\/atenas-acoge-la-asamblea-de-la-banca-etica-en-europa\/#respond"]}]},{"@type":"WebPage","@id":"https:\/\/www.fiarebancaetica.coop\/eu\/atenas-acoge-la-asamblea-de-la-banca-etica-en-europa\/","url":"https:\/\/www.fiarebancaetica.coop\/eu\/atenas-acoge-la-asamblea-de-la-banca-etica-en-europa\/","name":"ATENAS ACOGE LA ASAMBLEA DE LA BANCA \u00c9TICA EN EUROPA - Fiare Banca Etica","isPartOf":{"@id":"https:\/\/www.fiarebancaetica.coop\/eu\/#website"},"primaryImageOfPage":{"@id":"https:\/\/www.fiarebancaetica.coop\/eu\/atenas-acoge-la-asamblea-de-la-banca-etica-en-europa\/#primaryimage"},"image":{"@id":"https:\/\/www.fiarebancaetica.coop\/eu\/atenas-acoge-la-asamblea-de-la-banca-etica-en-europa\/#primaryimage"},"thumbnailUrl":"https:\/\/www.fiarebancaetica.coop\/app\/uploads\/sites\/2\/2023\/12\/atenas-acoge-asamblea-de-banca-etica-en-europa.jpg","datePublished":"2019-06-10T22:00:00+00:00","dateModified":"2024-02-21T14:31:35+00:00","author":{"@id":"https:\/\/www.fiarebancaetica.coop\/eu\/#\/schema\/person\/579841e89c804b5db05d9141bd9b8272"},"breadcrumb":{"@id":"https:\/\/www.fiarebancaetica.coop\/eu\/atenas-acoge-la-asamblea-de-la-banca-etica-en-europa\/#breadcrumb"},"inLanguage":"eu","potentialAction":[{"@type":"ReadAction","target":["https:\/\/www.fiarebancaetica.coop\/eu\/atenas-acoge-la-asamblea-de-la-banca-etica-en-europa\/"]}]},{"@type":"ImageObject","inLanguage":"eu","@id":"https:\/\/www.fiarebancaetica.coop\/eu\/atenas-acoge-la-asamblea-de-la-banca-etica-en-europa\/#primaryimage","url":"https:\/\/www.fiarebancaetica.coop\/app\/uploads\/sites\/2\/2023\/12\/atenas-acoge-asamblea-de-banca-etica-en-europa.jpg","contentUrl":"https:\/\/www.fiarebancaetica.coop\/app\/uploads\/sites\/2\/2023\/12\/atenas-acoge-asamblea-de-banca-etica-en-europa.jpg","width":540,"height":250},{"@type":"BreadcrumbList","@id":"https:\/\/www.fiarebancaetica.coop\/eu\/atenas-acoge-la-asamblea-de-la-banca-etica-en-europa\/#breadcrumb","itemListElement":[{"@type":"ListItem","position":1,"name":"Home","item":"https:\/\/www.fiarebancaetica.coop\/eu\/"},{"@type":"ListItem","position":2,"name":"ATENAS ACOGE LA ASAMBLEA DE LA BANCA \u00c9TICA EN EUROPA"}]},{"@type":"WebSite","@id":"https:\/\/www.fiarebancaetica.coop\/eu\/#website","url":"https:\/\/www.fiarebancaetica.coop\/eu\/","name":"Fiare Banca Etica","description":"","potentialAction":[{"@type":"SearchAction","target":{"@type":"EntryPoint","urlTemplate":"https:\/\/www.fiarebancaetica.coop\/eu\/?s={search_term_string}"},"query-input":{"@type":"PropertyValueSpecification","valueRequired":true,"valueName":"search_term_string"}}],"inLanguage":"eu"},{"@type":"Person","@id":"https:\/\/www.fiarebancaetica.coop\/eu\/#\/schema\/person\/579841e89c804b5db05d9141bd9b8272","name":"crispyadmin0","image":{"@type":"ImageObject","inLanguage":"eu","@id":"https:\/\/www.fiarebancaetica.coop\/eu\/#\/schema\/person\/image\/5f3a6b7786f32f4c35bd2b1a5a4698ea","url":"https:\/\/secure.gravatar.com\/avatar\/4d2cfb499d497b6d49da659fab7404b243a87fe8e40d2cf97a1cae48f677f5b2?s=96&d=mm&r=g","contentUrl":"https:\/\/secure.gravatar.com\/avatar\/4d2cfb499d497b6d49da659fab7404b243a87fe8e40d2cf97a1cae48f677f5b2?s=96&d=mm&r=g","caption":"crispyadmin0"},"sameAs":["crispyadmin0"]}]}},"_links":{"self":[{"href":"https:\/\/www.fiarebancaetica.coop\/eu\/wp-json\/wp\/v2\/posts\/344679","targetHints":{"allow":["GET"]}}],"collection":[{"href":"https:\/\/www.fiarebancaetica.coop\/eu\/wp-json\/wp\/v2\/posts"}],"about":[{"href":"https:\/\/www.fiarebancaetica.coop\/eu\/wp-json\/wp\/v2\/types\/post"}],"author":[{"embeddable":true,"href":"https:\/\/www.fiarebancaetica.coop\/eu\/wp-json\/wp\/v2\/users\/2"}],"replies":[{"embeddable":true,"href":"https:\/\/www.fiarebancaetica.coop\/eu\/wp-json\/wp\/v2\/comments?post=344679"}],"version-history":[{"count":1,"href":"https:\/\/www.fiarebancaetica.coop\/eu\/wp-json\/wp\/v2\/posts\/344679\/revisions"}],"predecessor-version":[{"id":354297,"href":"https:\/\/www.fiarebancaetica.coop\/eu\/wp-json\/wp\/v2\/posts\/344679\/revisions\/354297"}],"wp:featuredmedia":[{"embeddable":true,"href":"https:\/\/www.fiarebancaetica.coop\/eu\/wp-json\/wp\/v2\/media\/328761"}],"wp:attachment":[{"href":"https:\/\/www.fiarebancaetica.coop\/eu\/wp-json\/wp\/v2\/media?parent=344679"}],"wp:term":[{"taxonomy":"category","embeddable":true,"href":"https:\/\/www.fiarebancaetica.coop\/eu\/wp-json\/wp\/v2\/categories?post=344679"},{"taxonomy":"post_tag","embeddable":true,"href":"https:\/\/www.fiarebancaetica.coop\/eu\/wp-json\/wp\/v2\/tags?post=344679"},{"taxonomy":"author","embeddable":true,"href":"https:\/\/www.fiarebancaetica.coop\/eu\/wp-json\/wp\/v2\/coauthors?post=344679"}],"curies":[{"name":"wp","href":"https:\/\/api.w.org\/{rel}","templated":true}]}}