{"id":344732,"date":"2019-05-09T00:00:00","date_gmt":"2019-05-08T22:00:00","guid":{"rendered":"https:\/\/www.fiarebancaetica.coop\/comercio-justo-una-herramienta-en-tus-manos-para-reducir-las-desigualdades\/"},"modified":"2024-02-21T15:34:04","modified_gmt":"2024-02-21T14:34:04","slug":"comercio-justo-una-herramienta-en-tus-manos-para-reducir-las-desigualdades","status":"publish","type":"post","link":"https:\/\/www.fiarebancaetica.coop\/eu\/comercio-justo-una-herramienta-en-tus-manos-para-reducir-las-desigualdades\/","title":{"rendered":"Comercio justo, una herramienta en tus manos para reducir las desigualdades"},"content":{"rendered":"\n\n<div class=\"wp-block-bancaetica-blocks-blocks-block-49\">\n    <div class=\"container-block-49\">\n\n        <div class=\"header-section \">\n                            <h1 class=\"section-title\"> Etica e cooperativa <\/h1>\n                                            <\/div>\n\n        \n        <div class=\"block-background\" style=\"background-image: url('https:\/\/www.fiarebancaetica.coop\/app\/uploads\/sites\/2\/2023\/12\/comercio-justo-una-herramienta-en-tus-manos-para-reducir-las-desigualdades.jpg')\">\n                            <div class=\"tile\">\n                    <h1 class=\"image-title\"> Comercio justo, una herramienta en tus manos para reducir las desigualdades <\/h1>\n                <\/div>             <!-- end .tile -->\n            <div class=\"bottom-content\">\n                            <\/div> <!-- end .button-content -->\n        <\/div> <!-- end .block-background -->\n    <\/div> <!-- end .container -->\n<\/div> <!-- end wp-block-bancaetica-blocks-blocks-block-06 -->\n\n\n<div class=\"wrapper-crispybacon-class wrapper-crispybacon-class-boxed \">\n    <p>El <strong>12 de mayo, d\u00eda Mundial del Comercio Justo<\/strong>,&nbsp; es una jornada que reivindica otro tipo de relaciones econ\u00f3micas, que apuesta por unas relaciones laborales justas, respetuosas con el medio ambiente y particularmente sensible a las desigualdades, al favorecer unas relaciones comerciales igualitarias.<\/p>\n<p>A pesar de la disminuci\u00f3n de los \u00edndices de pobreza, <strong>836 millones de personas no tienen cubiertas sus necesidades b\u00e1sicas<\/strong> de nutrici\u00f3n, vivienda, agua, educaci\u00f3n o sanidad, seg\u00fan informes del PNUD. Por otro lado, <strong>la desigualdad es cada vez mayor.<\/strong> Hoy casi el 80% de la poblaci\u00f3n solo posee el 6% de la riqueza mundial mientras que el 1% m\u00e1s rico posee la mitad de la riqueza. Superar estas realidades es posible si se adoptan las medidas necesarias.<\/p>\n<p>El <strong>Comercio Justo<\/strong> se basa en criterios como unas c<strong>ondiciones de trabajo dignas y seguras<\/strong>, el <strong>pago de un salario adecuado<\/strong> y de un precio justo por la producci\u00f3n, y en asegurar la <strong>ausencia de explotaci\u00f3n laboral infanti<\/strong>l. Adem\u00e1s, sus pr\u00e1cticas comerciales respetan a las organizaciones productoras y no tratan de maximizar los beneficios a su costa.<\/p>\n<p>La transparencia en la gesti\u00f3n y la participaci\u00f3n de los trabajadores y trabajadoras en la toma de decisiones son otros de los principios de esta alternativa comercial. De esta manera el Comercio Justo contribuye activamente a disminuir la pobreza, lograr la seguridad alimentaria, promover el trabajo decente, reducir la desigualdad en y entre los pa\u00edses y promover sociedades justas, pac\u00edficas e inclusivas.<\/p>\n<h2>\n\tT\u00fa puedes ser parte del cambio<\/h2>\n<p>El&nbsp; Comercio Justo <strong>es una herramienta de cooperaci\u00f3n<\/strong>. Su objetivo es mejorar el acceso al mercado de los productores m\u00e1s desfavorecidos y cambiar las injustas reglas del comercio internacional que consolidan la pobreza y la desigualdad mundial.<\/p>\n<p>El D\u00eda Mundial del Comercio Justo destaca que un consumo m\u00e1s responsable <strong>reduce la desigualdad y la pobreza<\/strong>, y es ah\u00ed donde intervenimos los consumidores y consumidoras.<br \/>\n\t<br \/>\n\tA trav\u00e9s de nuestro consumo <strong>podemos mejorar la vida de las personas productoras, de sus familias y su comunidad<\/strong>, generando oportunidades y garantizando un futuro estable.<\/p>\n<p>A trav\u00e9s del Comercio Justo puedes combatir la grand\u00edsima desigualdad que existe entre lo que pagan los consumidores y las consumidoras y lo que reciben los peque\u00f1os agricultores y agricultoras por su trabajo. De esta manera se garantiza que estas millones de personas recibir\u00e1n una recompensa justa por su trabajo.<\/p>\n<p>El d\u00eda del Comercio Justo y los diferentes actos que se llevan a cabo quieren hacer un llamamiento a la ciudadan\u00eda para que realice un consumo que favorezca aquellas formas de producci\u00f3n respetuosas con los Derechos Humanos y laborales y con el medio ambiente.<\/p>\n<h2>\n\tD\u00f3nde encontrar Comercio Justo<\/h2>\n<p>Cada d\u00eda hay m\u00e1s posibilidades de encontrar productos de comercio justo cerca. Aqu\u00ed explicamos algunas de las entidades socias de Fiare Banca Etica que trabajan en este \u00e1mbito.<\/p>\n<p><strong>SETEM<\/strong><\/p>\n<p>SETEM lleva m\u00e1s de veinticinco a\u00f1os apostando por el Comercio Justo como herramienta de desarrollo que promueve unas relaciones m\u00e1s equilibradas entre el Norte y el Sur y fomenta a su vez el consumo responsable.<\/p>\n<p><a href=\"http:\/\/www.setem.org\/site\/es\/federacion\/comercio-justo\">http:\/\/www.setem.org\/site\/es\/federacion\/comercio-justo<\/a><\/p>\n<p><strong>Ideas<\/strong><\/p>\n<p>IDEAS (Iniciativas de Econom\u00eda Alternativa y Solidaria), es una Organizaci\u00f3n de Comercio Justo cuya misi\u00f3n es transformar el entorno econ\u00f3mico y social para construir un mundo m\u00e1s justo y sostenible, desarrollando iniciativas de Comercio Justo, Econom\u00eda Solidaria y Consumo Responsable, tanto en el \u00e1mbito local como internacional.<\/p>\n<p><a href=\"https:\/\/tienda.ideas.coop\/\">https:\/\/tienda.ideas.coop\/<\/a><\/p>\n<p><strong>Alternativa3<\/strong><\/p>\n<p>Alternativa3 es una cooperativa elaboradora de productos ecol\u00f3gicos de comercio justo. Su objetivo es ofrecer alternativas responsables, sostenibles y de calidad a los productos de consumo habitual, en especial caf\u00e9, cacao y az\u00facar de ca\u00f1a.<br \/>\n\tEl Comercio Justo es uno de los pilares m\u00e1s importantes de la cooperativa, su forma de trabajar, combinan la justicia social, el respeto al Medio Ambiente y la sostenibilidad econ\u00f3mica.<br \/>\n\t<a href=\"https:\/\/alternativa3.com\/comprar\">https:\/\/alternativa3.com\/comprar<\/a><\/p>\n<p><br \/>\n\t<strong>Oxfam Interm\u00f3n<\/strong><\/p>\n<p>Al consumir productos de comercio justo de Oxfam Interm\u00f3n contribuyes a mejorar la vida de muchos peque\u00f1os productores y productoras en Am\u00e9rica Latina, Asia y \u00c1frica. Los productos que cultivan o fabrican garantizan que el consumidor, puedas disfrutar de art\u00edculos de gran calidad distribuidos directamente sin intermediarios.<\/p>\n<p><a href=\"https:\/\/tienda.oxfamintermon.org\/\">https:\/\/tienda.oxfamintermon.org\/<\/a><\/p>\n<p><strong>Asociacion para o comercio xusto e solidario Panxea<\/strong><br \/>\n\t<br \/>\n\tEs una Cooperativa de Consumidores y Usuarios que quiere construir una econom\u00eda alternativa, social y de apoyo, a trav\u00e9s del Comercio Justo y el Consumo Responsable.<br \/>\n\t<a href=\"https:\/\/www.paxinasgalegas.es\/asociacion-para-o-comercio-xusto-e-solidario-252056em.html\">http:\/\/socios.panxea.org\/<\/a><\/p>\n<p><strong>Kidenda&nbsp;&nbsp;&nbsp;&nbsp;<br \/>\n\t&nbsp;<\/strong><br \/>\n\tKidenda es un proyecto de Comercio Justo, promovido por Alboan, C\u00e1ritas Bilbao.<br \/>\n\tEsta iniciativa pretende sensibilizar a la sociedad de la realidad del comercio internacional y su repercusi\u00f3n en las relaciones Norte-Sur, la alternativa que plantea el comercio justo y la apuesta por un consumo responsable.<br \/>\n\t<a href=\"https:\/\/kidenda.org\/\">https:\/\/kidenda.org\/<\/a><\/p>\n<p><strong>Solidariedade Internacional de Galicia <\/strong><\/p>\n<p>Defiende que existe una alternativa que promueve las relaciones Norte-Sur basadas en la equidad y el respeto mutuo, que defiende los derechos de los trabajadores del Sur y ofrece productos que garantizan un desarrollo social, econ\u00f3mico y ambientalmente sostenible; es el&nbsp; Comercio Justo<br \/>\n\t<a href=\"http:\/\/www.solidaridadgalicia.org\/\">http:\/\/www.solidaridadgalicia.org\/<\/a><\/p>\n<p><strong>Sodepaz <\/strong><\/p>\n<p>Es una organizaci\u00f3n que quieren contribuir a la movilizaci\u00f3n pol\u00edtica, el empoderamiento popular y la construcci\u00f3n de otros mundos posibles a trav\u00e9s de la cooperaci\u00f3n al desarrollo en los pa\u00edses empobrecidos, trabajando con organizaciones sociales locales y la construcci\u00f3n de conciencia colectiva cr\u00edtica en el Norte, siendo el Comercio Justo una de sus herramientas.<br \/>\n\t<a href=\"http:\/\/sodepaz.org\/index.php\">http:\/\/sodepaz.org\/index.php<\/a><\/p>\n<p><strong>Bico de grao <\/strong><\/p>\n<p>Son cooperativa de trabajo asociado y tienen una tienda en Lugo de producto ecol\u00f3gico, local y de proximidad, en la que tambi\u00e9n tienen productos de comercio justo.<br \/>\n\t<a href=\"https:\/\/www.fiarebancaetica.coop\/blog\/bico-de-grao-ilusion-granel\">https:\/\/www.fiarebancaetica.coop\/blog\/bico-de-grao-ilusion-granel<\/a><\/p>\n<p><strong>Fundaci\u00f3n Proclade<\/strong><br \/>\n\t<br \/>\n\tPara Fundaci\u00f3n Proclade el Comercio Justo es una herramienta de sensibilizaci\u00f3n enmarcada dentro de la lucha contra la pobreza y a favor de la justicia.<br \/>\n\t<a href=\"https:\/\/www.fundacionproclade.org\/hacemos\/comercio-justo-0\">https:\/\/www.fundacionproclade.org\/hacemos\/comercio-justo-0<\/a><\/p>\n<p><strong>S&#8217;altra senalla<\/strong><\/p>\n<p>Es una asociaci\u00f3n creada en 1994 en Palma de Mallorca para difundir el comercio justo y ofrecer alternativas de consumo responsable.<br \/>\n\t<a href=\"http:\/\/saltrasenalla.org\/ebotiga\/\">http:\/\/saltrasenalla.org\/ebotiga\/<\/a><\/p>\n<p><strong>Asociaci\u00f3n Proyde<\/strong><\/p>\n<p>La Asociaci\u00f3n PROYDE (Promoci\u00f3n y Desarrollo) es una ONGD con un objetivo social prioritario: La Cooperaci\u00f3n al Desarrollo; el desarrollo de las personas en los pa\u00edses empobrecidos, mediante la realizaci\u00f3n de Proyectos y Programas de Desarrollo, el compromiso con el Comercio Justo y el Consumo Responsable.<br \/>\n\t<a href=\"https:\/\/www.proyde.org\/index.php\/inicio-menu\/noticias-2\/76-sensibilizacion-comercio-justo\/1247-inauguramos-la-tienda-online-de-proyde-comercio-justo\">https:\/\/www.proyde.org\/index.php\/inicio-menu\/noticias-2\/76-sensibilizacion-comercio-justo\/1247-inauguramos-la-tienda-online-de-proyde-comercio-justo<\/a><\/p>\n<p><strong>M\u00e9dicus Mundi \u00c1lava<\/strong><\/p>\n<p>En Medicus Mundi \u00c1lava tambi\u00e9n tienen proyectos de cooperaci\u00f3n con el Comercio Justo. Cuentan con una tienda en Vitoria, donde, adem\u00e1s de vender productos y difundir el comercio justo, realizan talleres para adultos y ni\u00f1os.<br \/>\n\t<a href=\"http:\/\/www.dendamundi.com\">www.dendamundi.com<\/a><\/p>\n<p><strong>Equimercado<\/strong><\/p>\n<p>Entidad de Fundaci\u00f3n Adsis, creada en 1996 y que promueve la Cooperaci\u00f3n al Desarrollo desde el comercio justo y el consumo responsable.<br \/>\n\t<a href=\"https:\/\/www.equimercado.org\/shop\/\">https:\/\/www.equimercado.org\/shop\/<\/a><\/p>\n<h2>\n\tComp\u00e1rtelo<\/h2>\n<p>La celebraci\u00f3n del D\u00eda Mundial del Comercio Justo est\u00e1 promovida en nuestro pa\u00eds por la Coordinadora Estatal de Comercio Justo (CECJ).<\/p>\n<p>Las organizaciones invitan a la ciudadan\u00eda a participar en la campa\u00f1a en redes sociales <strong>#SomosComercioJusto <\/strong>a trav\u00e9s de mensajes y fotograf\u00edas en las que muestren su compromiso por un mundo m\u00e1s justo.<\/p>\n<\/div>","protected":false},"excerpt":{"rendered":"<p>El 12 de mayo , d\u00eda Mundial del Comercio Justo,&nbsp; es una jornada que reivindica otro tipo de relaciones econ\u00f3micas, que apuesta por unas relaciones laborales justas, respetuosas con el medio ambiente y particularmente sensible a las desigualdades, al favorecer unas relaciones comerciales igualitarias.<\/p>\n<p>A pesar de la disminuci\u00f3n de los \u00edndices de pobreza, 836 millones de personas no tienen cubiertas sus necesidades b\u00e1sicas de nutrici\u00f3n, vivienda, agua, educaci\u00f3n o sanidad, seg\u00fan el informe del PNUD de 2015. Por otro lado, la desigualdad es cada vez mayor. Hoy casi el 80% de la poblaci\u00f3n solo posee el 6% de la riqueza mundial mientras que el 1% m\u00e1s rico posee la mitad de la riqueza. Superar estas realidades es posible si se adoptan las medidas necesarias.<\/p>\n","protected":false},"author":2,"featured_media":328707,"comment_status":"open","ping_status":"closed","sticky":false,"template":"","format":"standard","meta":{"_acf_changed":false,"footnotes":""},"categories":[11644],"tags":[],"coauthors":[],"class_list":["post-344732","post","type-post","status-publish","format-standard","has-post-thumbnail","hentry","category-finantza-etikoak"],"acf":[],"yoast_head":"<!-- This site is optimized with the Yoast SEO plugin v26.9 - https:\/\/yoast.com\/product\/yoast-seo-wordpress\/ -->\n<title>Comercio justo, una herramienta en tus manos para reducir las desigualdades - Fiare Banca Etica<\/title>\n<meta name=\"robots\" content=\"index, follow, max-snippet:-1, max-image-preview:large, max-video-preview:-1\" \/>\n<link rel=\"canonical\" href=\"https:\/\/www.fiarebancaetica.coop\/eu\/comercio-justo-una-herramienta-en-tus-manos-para-reducir-las-desigualdades\/\" \/>\n<meta property=\"og:locale\" content=\"eu_ES\" \/>\n<meta property=\"og:type\" content=\"article\" \/>\n<meta property=\"og:title\" content=\"Comercio justo, una herramienta en tus manos para reducir las desigualdades - Fiare Banca Etica\" \/>\n<meta property=\"og:description\" content=\"El 12 de mayo , d\u00eda Mundial del Comercio Justo,&nbsp; es una jornada que reivindica otro tipo de relaciones econ\u00f3micas, que apuesta por unas relaciones laborales justas, respetuosas con el medio ambiente y particularmente sensible a las desigualdades, al favorecer unas relaciones comerciales igualitarias. A pesar de la disminuci\u00f3n de los \u00edndices de pobreza, 836 millones de personas no tienen cubiertas sus necesidades b\u00e1sicas de nutrici\u00f3n, vivienda, agua, educaci\u00f3n o sanidad, seg\u00fan el informe del PNUD de 2015. Por otro lado, la desigualdad es cada vez mayor. Hoy casi el 80% de la poblaci\u00f3n solo posee el 6% de la riqueza mundial mientras que el 1% m\u00e1s rico posee la mitad de la riqueza. Superar estas realidades es posible si se adoptan las medidas necesarias.\" \/>\n<meta property=\"og:url\" content=\"https:\/\/www.fiarebancaetica.coop\/eu\/comercio-justo-una-herramienta-en-tus-manos-para-reducir-las-desigualdades\/\" \/>\n<meta property=\"og:site_name\" content=\"Fiare Banca Etica\" \/>\n<meta property=\"article:published_time\" content=\"2019-05-08T22:00:00+00:00\" \/>\n<meta property=\"article:modified_time\" content=\"2024-02-21T14:34:04+00:00\" \/>\n<meta property=\"og:image\" content=\"https:\/\/www.fiarebancaetica.coop\/app\/uploads\/sites\/2\/2023\/12\/comercio-justo-una-herramienta-en-tus-manos-para-reducir-las-desigualdades.jpg\" \/>\n\t<meta property=\"og:image:width\" content=\"540\" \/>\n\t<meta property=\"og:image:height\" content=\"250\" \/>\n\t<meta property=\"og:image:type\" content=\"image\/jpeg\" \/>\n<meta name=\"author\" content=\"crispyadmin0\" \/>\n<meta name=\"twitter:card\" content=\"summary_large_image\" \/>\n<script type=\"application\/ld+json\" class=\"yoast-schema-graph\">{\"@context\":\"https:\/\/schema.org\",\"@graph\":[{\"@type\":\"Article\",\"@id\":\"https:\/\/www.fiarebancaetica.coop\/eu\/comercio-justo-una-herramienta-en-tus-manos-para-reducir-las-desigualdades\/#article\",\"isPartOf\":{\"@id\":\"https:\/\/www.fiarebancaetica.coop\/eu\/comercio-justo-una-herramienta-en-tus-manos-para-reducir-las-desigualdades\/\"},\"author\":{\"name\":\"crispyadmin0\",\"@id\":\"https:\/\/www.fiarebancaetica.coop\/eu\/#\/schema\/person\/579841e89c804b5db05d9141bd9b8272\"},\"headline\":\"Comercio justo, una herramienta en tus manos para reducir las desigualdades\",\"datePublished\":\"2019-05-08T22:00:00+00:00\",\"dateModified\":\"2024-02-21T14:34:04+00:00\",\"mainEntityOfPage\":{\"@id\":\"https:\/\/www.fiarebancaetica.coop\/eu\/comercio-justo-una-herramienta-en-tus-manos-para-reducir-las-desigualdades\/\"},\"wordCount\":1263,\"commentCount\":0,\"image\":{\"@id\":\"https:\/\/www.fiarebancaetica.coop\/eu\/comercio-justo-una-herramienta-en-tus-manos-para-reducir-las-desigualdades\/#primaryimage\"},\"thumbnailUrl\":\"https:\/\/www.fiarebancaetica.coop\/app\/uploads\/sites\/2\/2023\/12\/comercio-justo-una-herramienta-en-tus-manos-para-reducir-las-desigualdades.jpg\",\"articleSection\":[\"Finantza etikoak\"],\"inLanguage\":\"eu\",\"potentialAction\":[{\"@type\":\"CommentAction\",\"name\":\"Comment\",\"target\":[\"https:\/\/www.fiarebancaetica.coop\/eu\/comercio-justo-una-herramienta-en-tus-manos-para-reducir-las-desigualdades\/#respond\"]}]},{\"@type\":\"WebPage\",\"@id\":\"https:\/\/www.fiarebancaetica.coop\/eu\/comercio-justo-una-herramienta-en-tus-manos-para-reducir-las-desigualdades\/\",\"url\":\"https:\/\/www.fiarebancaetica.coop\/eu\/comercio-justo-una-herramienta-en-tus-manos-para-reducir-las-desigualdades\/\",\"name\":\"Comercio justo, una herramienta en tus manos para reducir las desigualdades - Fiare Banca Etica\",\"isPartOf\":{\"@id\":\"https:\/\/www.fiarebancaetica.coop\/eu\/#website\"},\"primaryImageOfPage\":{\"@id\":\"https:\/\/www.fiarebancaetica.coop\/eu\/comercio-justo-una-herramienta-en-tus-manos-para-reducir-las-desigualdades\/#primaryimage\"},\"image\":{\"@id\":\"https:\/\/www.fiarebancaetica.coop\/eu\/comercio-justo-una-herramienta-en-tus-manos-para-reducir-las-desigualdades\/#primaryimage\"},\"thumbnailUrl\":\"https:\/\/www.fiarebancaetica.coop\/app\/uploads\/sites\/2\/2023\/12\/comercio-justo-una-herramienta-en-tus-manos-para-reducir-las-desigualdades.jpg\",\"datePublished\":\"2019-05-08T22:00:00+00:00\",\"dateModified\":\"2024-02-21T14:34:04+00:00\",\"author\":{\"@id\":\"https:\/\/www.fiarebancaetica.coop\/eu\/#\/schema\/person\/579841e89c804b5db05d9141bd9b8272\"},\"breadcrumb\":{\"@id\":\"https:\/\/www.fiarebancaetica.coop\/eu\/comercio-justo-una-herramienta-en-tus-manos-para-reducir-las-desigualdades\/#breadcrumb\"},\"inLanguage\":\"eu\",\"potentialAction\":[{\"@type\":\"ReadAction\",\"target\":[\"https:\/\/www.fiarebancaetica.coop\/eu\/comercio-justo-una-herramienta-en-tus-manos-para-reducir-las-desigualdades\/\"]}]},{\"@type\":\"ImageObject\",\"inLanguage\":\"eu\",\"@id\":\"https:\/\/www.fiarebancaetica.coop\/eu\/comercio-justo-una-herramienta-en-tus-manos-para-reducir-las-desigualdades\/#primaryimage\",\"url\":\"https:\/\/www.fiarebancaetica.coop\/app\/uploads\/sites\/2\/2023\/12\/comercio-justo-una-herramienta-en-tus-manos-para-reducir-las-desigualdades.jpg\",\"contentUrl\":\"https:\/\/www.fiarebancaetica.coop\/app\/uploads\/sites\/2\/2023\/12\/comercio-justo-una-herramienta-en-tus-manos-para-reducir-las-desigualdades.jpg\",\"width\":540,\"height\":250},{\"@type\":\"BreadcrumbList\",\"@id\":\"https:\/\/www.fiarebancaetica.coop\/eu\/comercio-justo-una-herramienta-en-tus-manos-para-reducir-las-desigualdades\/#breadcrumb\",\"itemListElement\":[{\"@type\":\"ListItem\",\"position\":1,\"name\":\"Home\",\"item\":\"https:\/\/www.fiarebancaetica.coop\/eu\/\"},{\"@type\":\"ListItem\",\"position\":2,\"name\":\"Comercio justo, una herramienta en tus manos para reducir las desigualdades\"}]},{\"@type\":\"WebSite\",\"@id\":\"https:\/\/www.fiarebancaetica.coop\/eu\/#website\",\"url\":\"https:\/\/www.fiarebancaetica.coop\/eu\/\",\"name\":\"Fiare Banca Etica\",\"description\":\"\",\"potentialAction\":[{\"@type\":\"SearchAction\",\"target\":{\"@type\":\"EntryPoint\",\"urlTemplate\":\"https:\/\/www.fiarebancaetica.coop\/eu\/?s={search_term_string}\"},\"query-input\":{\"@type\":\"PropertyValueSpecification\",\"valueRequired\":true,\"valueName\":\"search_term_string\"}}],\"inLanguage\":\"eu\"},{\"@type\":\"Person\",\"@id\":\"https:\/\/www.fiarebancaetica.coop\/eu\/#\/schema\/person\/579841e89c804b5db05d9141bd9b8272\",\"name\":\"crispyadmin0\",\"image\":{\"@type\":\"ImageObject\",\"inLanguage\":\"eu\",\"@id\":\"https:\/\/www.fiarebancaetica.coop\/eu\/#\/schema\/person\/image\/5f3a6b7786f32f4c35bd2b1a5a4698ea\",\"url\":\"https:\/\/secure.gravatar.com\/avatar\/4d2cfb499d497b6d49da659fab7404b243a87fe8e40d2cf97a1cae48f677f5b2?s=96&d=mm&r=g\",\"contentUrl\":\"https:\/\/secure.gravatar.com\/avatar\/4d2cfb499d497b6d49da659fab7404b243a87fe8e40d2cf97a1cae48f677f5b2?s=96&d=mm&r=g\",\"caption\":\"crispyadmin0\"},\"sameAs\":[\"crispyadmin0\"]}]}<\/script>\n<!-- \/ Yoast SEO plugin. -->","yoast_head_json":{"title":"Comercio justo, una herramienta en tus manos para reducir las desigualdades - Fiare Banca Etica","robots":{"index":"index","follow":"follow","max-snippet":"max-snippet:-1","max-image-preview":"max-image-preview:large","max-video-preview":"max-video-preview:-1"},"canonical":"https:\/\/www.fiarebancaetica.coop\/eu\/comercio-justo-una-herramienta-en-tus-manos-para-reducir-las-desigualdades\/","og_locale":"eu_ES","og_type":"article","og_title":"Comercio justo, una herramienta en tus manos para reducir las desigualdades - Fiare Banca Etica","og_description":"El 12 de mayo , d\u00eda Mundial del Comercio Justo,&nbsp; es una jornada que reivindica otro tipo de relaciones econ\u00f3micas, que apuesta por unas relaciones laborales justas, respetuosas con el medio ambiente y particularmente sensible a las desigualdades, al favorecer unas relaciones comerciales igualitarias. A pesar de la disminuci\u00f3n de los \u00edndices de pobreza, 836 millones de personas no tienen cubiertas sus necesidades b\u00e1sicas de nutrici\u00f3n, vivienda, agua, educaci\u00f3n o sanidad, seg\u00fan el informe del PNUD de 2015. Por otro lado, la desigualdad es cada vez mayor. Hoy casi el 80% de la poblaci\u00f3n solo posee el 6% de la riqueza mundial mientras que el 1% m\u00e1s rico posee la mitad de la riqueza. Superar estas realidades es posible si se adoptan las medidas necesarias.","og_url":"https:\/\/www.fiarebancaetica.coop\/eu\/comercio-justo-una-herramienta-en-tus-manos-para-reducir-las-desigualdades\/","og_site_name":"Fiare Banca Etica","article_published_time":"2019-05-08T22:00:00+00:00","article_modified_time":"2024-02-21T14:34:04+00:00","og_image":[{"width":540,"height":250,"url":"https:\/\/www.fiarebancaetica.coop\/app\/uploads\/sites\/2\/2023\/12\/comercio-justo-una-herramienta-en-tus-manos-para-reducir-las-desigualdades.jpg","type":"image\/jpeg"}],"author":"crispyadmin0","twitter_card":"summary_large_image","schema":{"@context":"https:\/\/schema.org","@graph":[{"@type":"Article","@id":"https:\/\/www.fiarebancaetica.coop\/eu\/comercio-justo-una-herramienta-en-tus-manos-para-reducir-las-desigualdades\/#article","isPartOf":{"@id":"https:\/\/www.fiarebancaetica.coop\/eu\/comercio-justo-una-herramienta-en-tus-manos-para-reducir-las-desigualdades\/"},"author":{"name":"crispyadmin0","@id":"https:\/\/www.fiarebancaetica.coop\/eu\/#\/schema\/person\/579841e89c804b5db05d9141bd9b8272"},"headline":"Comercio justo, una herramienta en tus manos para reducir las desigualdades","datePublished":"2019-05-08T22:00:00+00:00","dateModified":"2024-02-21T14:34:04+00:00","mainEntityOfPage":{"@id":"https:\/\/www.fiarebancaetica.coop\/eu\/comercio-justo-una-herramienta-en-tus-manos-para-reducir-las-desigualdades\/"},"wordCount":1263,"commentCount":0,"image":{"@id":"https:\/\/www.fiarebancaetica.coop\/eu\/comercio-justo-una-herramienta-en-tus-manos-para-reducir-las-desigualdades\/#primaryimage"},"thumbnailUrl":"https:\/\/www.fiarebancaetica.coop\/app\/uploads\/sites\/2\/2023\/12\/comercio-justo-una-herramienta-en-tus-manos-para-reducir-las-desigualdades.jpg","articleSection":["Finantza etikoak"],"inLanguage":"eu","potentialAction":[{"@type":"CommentAction","name":"Comment","target":["https:\/\/www.fiarebancaetica.coop\/eu\/comercio-justo-una-herramienta-en-tus-manos-para-reducir-las-desigualdades\/#respond"]}]},{"@type":"WebPage","@id":"https:\/\/www.fiarebancaetica.coop\/eu\/comercio-justo-una-herramienta-en-tus-manos-para-reducir-las-desigualdades\/","url":"https:\/\/www.fiarebancaetica.coop\/eu\/comercio-justo-una-herramienta-en-tus-manos-para-reducir-las-desigualdades\/","name":"Comercio justo, una herramienta en tus manos para reducir las desigualdades - Fiare Banca Etica","isPartOf":{"@id":"https:\/\/www.fiarebancaetica.coop\/eu\/#website"},"primaryImageOfPage":{"@id":"https:\/\/www.fiarebancaetica.coop\/eu\/comercio-justo-una-herramienta-en-tus-manos-para-reducir-las-desigualdades\/#primaryimage"},"image":{"@id":"https:\/\/www.fiarebancaetica.coop\/eu\/comercio-justo-una-herramienta-en-tus-manos-para-reducir-las-desigualdades\/#primaryimage"},"thumbnailUrl":"https:\/\/www.fiarebancaetica.coop\/app\/uploads\/sites\/2\/2023\/12\/comercio-justo-una-herramienta-en-tus-manos-para-reducir-las-desigualdades.jpg","datePublished":"2019-05-08T22:00:00+00:00","dateModified":"2024-02-21T14:34:04+00:00","author":{"@id":"https:\/\/www.fiarebancaetica.coop\/eu\/#\/schema\/person\/579841e89c804b5db05d9141bd9b8272"},"breadcrumb":{"@id":"https:\/\/www.fiarebancaetica.coop\/eu\/comercio-justo-una-herramienta-en-tus-manos-para-reducir-las-desigualdades\/#breadcrumb"},"inLanguage":"eu","potentialAction":[{"@type":"ReadAction","target":["https:\/\/www.fiarebancaetica.coop\/eu\/comercio-justo-una-herramienta-en-tus-manos-para-reducir-las-desigualdades\/"]}]},{"@type":"ImageObject","inLanguage":"eu","@id":"https:\/\/www.fiarebancaetica.coop\/eu\/comercio-justo-una-herramienta-en-tus-manos-para-reducir-las-desigualdades\/#primaryimage","url":"https:\/\/www.fiarebancaetica.coop\/app\/uploads\/sites\/2\/2023\/12\/comercio-justo-una-herramienta-en-tus-manos-para-reducir-las-desigualdades.jpg","contentUrl":"https:\/\/www.fiarebancaetica.coop\/app\/uploads\/sites\/2\/2023\/12\/comercio-justo-una-herramienta-en-tus-manos-para-reducir-las-desigualdades.jpg","width":540,"height":250},{"@type":"BreadcrumbList","@id":"https:\/\/www.fiarebancaetica.coop\/eu\/comercio-justo-una-herramienta-en-tus-manos-para-reducir-las-desigualdades\/#breadcrumb","itemListElement":[{"@type":"ListItem","position":1,"name":"Home","item":"https:\/\/www.fiarebancaetica.coop\/eu\/"},{"@type":"ListItem","position":2,"name":"Comercio justo, una herramienta en tus manos para reducir las desigualdades"}]},{"@type":"WebSite","@id":"https:\/\/www.fiarebancaetica.coop\/eu\/#website","url":"https:\/\/www.fiarebancaetica.coop\/eu\/","name":"Fiare Banca Etica","description":"","potentialAction":[{"@type":"SearchAction","target":{"@type":"EntryPoint","urlTemplate":"https:\/\/www.fiarebancaetica.coop\/eu\/?s={search_term_string}"},"query-input":{"@type":"PropertyValueSpecification","valueRequired":true,"valueName":"search_term_string"}}],"inLanguage":"eu"},{"@type":"Person","@id":"https:\/\/www.fiarebancaetica.coop\/eu\/#\/schema\/person\/579841e89c804b5db05d9141bd9b8272","name":"crispyadmin0","image":{"@type":"ImageObject","inLanguage":"eu","@id":"https:\/\/www.fiarebancaetica.coop\/eu\/#\/schema\/person\/image\/5f3a6b7786f32f4c35bd2b1a5a4698ea","url":"https:\/\/secure.gravatar.com\/avatar\/4d2cfb499d497b6d49da659fab7404b243a87fe8e40d2cf97a1cae48f677f5b2?s=96&d=mm&r=g","contentUrl":"https:\/\/secure.gravatar.com\/avatar\/4d2cfb499d497b6d49da659fab7404b243a87fe8e40d2cf97a1cae48f677f5b2?s=96&d=mm&r=g","caption":"crispyadmin0"},"sameAs":["crispyadmin0"]}]}},"_links":{"self":[{"href":"https:\/\/www.fiarebancaetica.coop\/eu\/wp-json\/wp\/v2\/posts\/344732","targetHints":{"allow":["GET"]}}],"collection":[{"href":"https:\/\/www.fiarebancaetica.coop\/eu\/wp-json\/wp\/v2\/posts"}],"about":[{"href":"https:\/\/www.fiarebancaetica.coop\/eu\/wp-json\/wp\/v2\/types\/post"}],"author":[{"embeddable":true,"href":"https:\/\/www.fiarebancaetica.coop\/eu\/wp-json\/wp\/v2\/users\/2"}],"replies":[{"embeddable":true,"href":"https:\/\/www.fiarebancaetica.coop\/eu\/wp-json\/wp\/v2\/comments?post=344732"}],"version-history":[{"count":1,"href":"https:\/\/www.fiarebancaetica.coop\/eu\/wp-json\/wp\/v2\/posts\/344732\/revisions"}],"predecessor-version":[{"id":354260,"href":"https:\/\/www.fiarebancaetica.coop\/eu\/wp-json\/wp\/v2\/posts\/344732\/revisions\/354260"}],"wp:featuredmedia":[{"embeddable":true,"href":"https:\/\/www.fiarebancaetica.coop\/eu\/wp-json\/wp\/v2\/media\/328707"}],"wp:attachment":[{"href":"https:\/\/www.fiarebancaetica.coop\/eu\/wp-json\/wp\/v2\/media?parent=344732"}],"wp:term":[{"taxonomy":"category","embeddable":true,"href":"https:\/\/www.fiarebancaetica.coop\/eu\/wp-json\/wp\/v2\/categories?post=344732"},{"taxonomy":"post_tag","embeddable":true,"href":"https:\/\/www.fiarebancaetica.coop\/eu\/wp-json\/wp\/v2\/tags?post=344732"},{"taxonomy":"author","embeddable":true,"href":"https:\/\/www.fiarebancaetica.coop\/eu\/wp-json\/wp\/v2\/coauthors?post=344732"}],"curies":[{"name":"wp","href":"https:\/\/api.w.org\/{rel}","templated":true}]}}