{"id":344756,"date":"2019-04-23T00:00:00","date_gmt":"2019-04-22T22:00:00","guid":{"rendered":"https:\/\/www.fiarebancaetica.coop\/la-renovacion-del-consejo-de-administracion-decide-el-futuro\/"},"modified":"2024-02-21T15:34:25","modified_gmt":"2024-02-21T14:34:25","slug":"la-renovacion-del-consejo-de-administracion-decide-el-futuro","status":"publish","type":"post","link":"https:\/\/www.fiarebancaetica.coop\/eu\/la-renovacion-del-consejo-de-administracion-decide-el-futuro\/","title":{"rendered":"La renovaci\u00f3n del Consejo de Administraci\u00f3n, decide el futuro"},"content":{"rendered":"\n\n<div class=\"wp-block-bancaetica-blocks-blocks-block-49\">\n    <div class=\"container-block-49\">\n\n        <div class=\"header-section \">\n                            <h1 class=\"section-title\"> Etica e cooperativa <\/h1>\n                                            <\/div>\n\n        \n        <div class=\"block-background\" style=\"background-image: url('https:\/\/www.fiarebancaetica.coop\/app\/uploads\/sites\/2\/2023\/12\/renovacion-del-consejo-de-administracion-decide-el-futuro.jpg')\">\n                            <div class=\"tile\">\n                    <h1 class=\"image-title\"> La renovaci\u00f3n del Consejo de Administraci\u00f3n, decide el futuro <\/h1>\n                <\/div>             <!-- end .tile -->\n            <div class=\"bottom-content\">\n                            <\/div> <!-- end .button-content -->\n        <\/div> <!-- end .block-background -->\n    <\/div> <!-- end .container -->\n<\/div> <!-- end wp-block-bancaetica-blocks-blocks-block-06 -->\n\n\n<div class=\"wrapper-crispybacon-class wrapper-crispybacon-class-boxed \">\n    <p>El <strong>18 de mayo<\/strong> celebramos la <strong>Asamblea General de Fiare Banca Etica en Bilbao y Bolonia<\/strong>, que se podr\u00e1 <strong>seguir en directo a trav\u00e9s de internet<\/strong> desde cualquier lugar, incluso tu casa. La Asamblea es un \u00e1gora dentro de Fiare Banca Etica, donde hay intercambios de ideas, opiniones y donde las personas socias deciden conjuntamente el futuro de la entidad. Este a\u00f1o, adem\u00e1s, en el marco de la Asamblea se realizar\u00e1n las votaciones para <strong>renovar el Consejo de Administraci\u00f3n<\/strong>.<\/p>\n<h2>\n\t\u00bfQu\u00e9 es el Consejo de Administraci\u00f3n?<\/h2>\n<p>El Consejo de Administraci\u00f3n es el \u00f3rgano colegial al que se conf\u00eda la gesti\u00f3n de la actividad social del banco y el ejercicio de la actividad de direcci\u00f3n y coordinaci\u00f3n de las sociedades que componen el Grupo Banca Etica. Este \u00f3rgano es escogido democr\u00e1ticamente por las personas socias, de acuerdo con el proceso establecido por la Asamblea.<\/p>\n<h2>\n\t\u00bfC\u00f3mo se forman las lista de candidatos al Consejo de Administraci\u00f3n?<\/h2>\n<p>Las candidaturas al Consejo de Administraci\u00f3n se forman a partir de un comit\u00e9 promotor, formado por 3 personas, que han de recibir el apoyo de 50 personas socias. Cada lista tendr\u00e1 que respetar la diversidad de competencia y equilibrio de g\u00e9nero.<\/p>\n<p><strong>Existen distintas tipolog\u00edas de listas:<\/strong><\/p>\n<ol>\n\t<li>\n\t\t<strong>las participadas,<\/strong> que han de ser apoyadas por, m\u00ednimo, tres portadores de valor, que contribuyen en la formaci\u00f3n del programa y proponen personas candidatas.<\/li>\n\t<li>\n\t\t<strong>las aut\u00f3nomas,<\/strong> que deben recibir el apoyo de, como m\u00ednimo, 200 personas socias de al menos dos \u00e1reas territoriales.<\/li>\n\t<li>\n\t\t<strong>lista de personas candidatas individuales, <\/strong>han de recoger 50 firmas de personas socias<\/li>\n<\/ol>\n<p>La lista con mayor n\u00famero de votos tendr\u00e1<strong> 9 consejeros en el Consejo de Administraci\u00f3n<\/strong>, incluido el Presidente. Adem\u00e1s, si una lista sobrepasa el 33% de los votos, pero no es la m\u00e1s votada, tiene derecho a nombrar 2 consejeros. Asimismo, cada persona socia tiene dos votos: uno para una de las listas (participada o aut\u00f3noma) y otro para cualquiera de las personas candidatas individuales. Pueden salir escogidos un <strong>m\u00e1ximo de 4 personas candidatas individuales,<\/strong> 2 si la lista no electa tiene una cifra de preferencias iguales u superiores al 33% de los votos totales.<\/p>\n<h2>\n\t\u00bfC\u00f3mo puedo votar?<\/h2>\n<p>Si asistes presencialmente a la Asamblea, en Bilbao, se te facilitar\u00e1 un dispositivo de votaci\u00f3n y te explicar\u00e1n su funcionamiento en ese momento. Para agilizar los tr\u00e1mites es <strong>preferible que <a href=\"https:\/\/assemblea.bancaetica.it\/Registration\">te registres en l\u00ednea<\/a>, del 26 de abril al 12 de mayo<\/strong>.<br \/>\n\t<br \/>\n\tSi quieres participar de forma no presencial, puedes hacerlo a trav\u00e9s de internet (pero es obligatorio que te registres en l\u00ednea, del 26 de abril al 12 de mayo) con un sistema que se han utilizado satisfactoriamente en otras ocasiones. El per\u00edodo de votaci\u00f3n por internet se abrir\u00e1 el 16 de mayo y se cerrar\u00e1 el 18 del mismo mes.<\/p>\n<p>_________________________________________________________________<\/p>\n<h1>\n\tLa renovaci\u00f3n del Consejo de Administraci\u00f3n, decide el futuro<\/h1>\n<p>El <strong>18 de maig <\/strong>d\u2019enguany celebrarem l\u2019<strong>Assemblea General de Fiare Banca Etica a Bilbao i Bologna<\/strong>, que es podr\u00e0 seguir en directe a trav\u00e9s d\u2019internet des de qualsevol lloc, incl\u00f2s casa teva. L\u2019Assemblea \u00e9s una \u00e0gora dins de Fiare Banca Etica, on hi ha intercanvis d\u2019idees, opinions i on les persones s\u00f2cies decideixen conjuntament el futur de l\u2019entitat. Aquest any, a m\u00e9s, en el marc de l\u2019Assemblea es realitzaran les votacions per renovar el Consell d\u2019Administraci\u00f3.<\/p>\n<h2>\n\tQu\u00e8 \u00e9s el Consell d\u2019Administraci\u00f3?<\/h2>\n<p>El consell d\u2019Administraci\u00f3 \u00e9s l\u2019\u00f2rgan col\u00b7legial al qual es confia la gesti\u00f3 de l\u2019activitat social del banc i l\u2019exercici de l\u2019activitat de direcci\u00f3 i coordinaci\u00f3 de les societats que componen el Grup Banca Etica. Aquest \u00f2rgan \u00e9s escollit democr\u00e0ticament per les persones s\u00f2cies, d\u2019acord amb el proc\u00e9s establert per l\u2019Assemblea.<\/p>\n<h2>\n\tCom es formen les llistes de candidats al Consell d\u2019Administraci\u00f3?<\/h2>\n<p>Les candidatures al Consell d\u2019Administraci\u00f3 es formen a partir d\u2019un comit\u00e8 promotor, format per 3 persones, que han de rebre el suport de 50 persones s\u00f2cies. Cada llista haur\u00e0 de respectar la diversitat de compet\u00e8ncia i equilibri de g\u00e8neres.<\/p>\n<p><strong>Existeixen diferents tipologies de llistes:<\/strong><\/p>\n<ol>\n\t<li>\n\t\tles participades, que han de ser recolzades per, com a m\u00ednim, tres portadors de valor, que contribueixen en la formaci\u00f3 del programa i proposen persones candidates.<\/li>\n\t<li>\n\t\tles aut\u00f2nomes, que han de rebre suport, com a m\u00ednim, de 200 persones s\u00f2cies d\u2019almenys dues \u00e0rees territorials.<\/li>\n\t<li>\n\t\tllista de persones candidates individuals, han de recollir 50 signatures de persones s\u00f2cies<\/li>\n<\/ol>\n<p>La llista amb major nombre de vots tindr\u00e0 9 consellers al Consell d\u2019Administraci\u00f3, incl\u00f2s el President. Aix\u00ed mateix si una llista sobrepassa el 33% dels vots, per\u00f2 no \u00e9s la m\u00e9s votada, t\u00e9 dret a nomenar 2 consellers. D\u2019altra banda, cada persona s\u00f2cia t\u00e9 dos vots: un per una de les llistes (participada o aut\u00f2noma) i un altre per qualsevol de les persones candidates individuals. Poden sortir escollits un m\u00e0xim de 4 persones candidates individuals, 2 si la llista no electa t\u00e9 una xifra de prefer\u00e8ncies iguals o superiors al 33% dels vots totals.<\/p>\n<h2>\n\tCom puc votar?<\/h2>\n<p>Si assisteixes presencialment a l\u2019Assemblea, a Bilbao o a Bologna, se&#8217;t facilitar\u00e0 un dispositiu de votaci\u00f3 i t\u2019explicaran el seu funcionament en aquell moment. Per agilitzar els tr\u00e0mits \u00e9s <strong>preferible que realitzis <a href=\"https:\/\/assemblea.bancaetica.it\/Registration\">el registre en l\u00ednia<\/a>, obert del 26 d\u2019abril al 12 de mai<\/strong>g.<\/p>\n<p>Si vols participar de forma no presencial, pots fer-ho a trav\u00e9s d\u2019internet (per\u00f2 \u00e9s obligatori que et registris en l\u00ednia, del 26 d\u2019abril al 12 de maig) amb un sistema que ja s\u2019ha utilitzat satisfact\u00f2riament en altres ocasions. El per\u00edode de votaci\u00f3 per internet s\u2019obrir\u00e0 el 16 de maig i es tancar\u00e0 el 18 de maig.<br \/>\n\t<br \/>\n\t&nbsp;<\/p>\n<\/div>","protected":false},"excerpt":{"rendered":"<p>El 18 de mayo celebramos la Asamblea General de Fiare Banca Etica en Bilbao y Bolonia, que se podr\u00e1 seguir en directo a trav\u00e9s de internet desde cualquier lugar, incluso tu casa. La Asamblea hace la funci\u00f3n de un \u00e1gora dentro de Fiare Banca Etica, donde hay intercambios de ideas, opiniones y donde las personas socias deciden conjuntamente el futuro de la entidad. Este a\u00f1o, adem\u00e1s, en el marco de la Asamblea se realizar\u00e1n las votaciones para renovar el Consejo de Administraci\u00f3n.<\/p>\n","protected":false},"author":2,"featured_media":328683,"comment_status":"open","ping_status":"closed","sticky":false,"template":"","format":"standard","meta":{"_acf_changed":false,"footnotes":""},"categories":[11644],"tags":[],"coauthors":[],"class_list":["post-344756","post","type-post","status-publish","format-standard","has-post-thumbnail","hentry","category-finantza-etikoak"],"acf":[],"yoast_head":"<!-- This site is optimized with the Yoast SEO plugin v26.9 - https:\/\/yoast.com\/product\/yoast-seo-wordpress\/ -->\n<title>La renovaci\u00f3n del Consejo de Administraci\u00f3n, decide el futuro - Fiare Banca Etica<\/title>\n<meta name=\"robots\" content=\"index, follow, max-snippet:-1, max-image-preview:large, max-video-preview:-1\" \/>\n<link rel=\"canonical\" href=\"https:\/\/www.fiarebancaetica.coop\/eu\/la-renovacion-del-consejo-de-administracion-decide-el-futuro\/\" \/>\n<meta property=\"og:locale\" content=\"eu_ES\" \/>\n<meta property=\"og:type\" content=\"article\" \/>\n<meta property=\"og:title\" content=\"La renovaci\u00f3n del Consejo de Administraci\u00f3n, decide el futuro - Fiare Banca Etica\" \/>\n<meta property=\"og:description\" content=\"El 18 de mayo celebramos la Asamblea General de Fiare Banca Etica en Bilbao y Bolonia, que se podr\u00e1 seguir en directo a trav\u00e9s de internet desde cualquier lugar, incluso tu casa. La Asamblea hace la funci\u00f3n de un \u00e1gora dentro de Fiare Banca Etica, donde hay intercambios de ideas, opiniones y donde las personas socias deciden conjuntamente el futuro de la entidad. Este a\u00f1o, adem\u00e1s, en el marco de la Asamblea se realizar\u00e1n las votaciones para renovar el Consejo de Administraci\u00f3n.\" \/>\n<meta property=\"og:url\" content=\"https:\/\/www.fiarebancaetica.coop\/eu\/la-renovacion-del-consejo-de-administracion-decide-el-futuro\/\" \/>\n<meta property=\"og:site_name\" content=\"Fiare Banca Etica\" \/>\n<meta property=\"article:published_time\" content=\"2019-04-22T22:00:00+00:00\" \/>\n<meta property=\"article:modified_time\" content=\"2024-02-21T14:34:25+00:00\" \/>\n<meta property=\"og:image\" content=\"https:\/\/www.fiarebancaetica.coop\/app\/uploads\/sites\/2\/2023\/12\/renovacion-del-consejo-de-administracion-decide-el-futuro.jpg\" \/>\n\t<meta property=\"og:image:width\" content=\"540\" \/>\n\t<meta property=\"og:image:height\" content=\"250\" \/>\n\t<meta property=\"og:image:type\" content=\"image\/jpeg\" \/>\n<meta name=\"author\" content=\"crispyadmin0\" \/>\n<meta name=\"twitter:card\" content=\"summary_large_image\" \/>\n<script type=\"application\/ld+json\" class=\"yoast-schema-graph\">{\"@context\":\"https:\/\/schema.org\",\"@graph\":[{\"@type\":\"Article\",\"@id\":\"https:\/\/www.fiarebancaetica.coop\/eu\/la-renovacion-del-consejo-de-administracion-decide-el-futuro\/#article\",\"isPartOf\":{\"@id\":\"https:\/\/www.fiarebancaetica.coop\/eu\/la-renovacion-del-consejo-de-administracion-decide-el-futuro\/\"},\"author\":{\"name\":\"crispyadmin0\",\"@id\":\"https:\/\/www.fiarebancaetica.coop\/eu\/#\/schema\/person\/579841e89c804b5db05d9141bd9b8272\"},\"headline\":\"La renovaci\u00f3n del Consejo de Administraci\u00f3n, decide el futuro\",\"datePublished\":\"2019-04-22T22:00:00+00:00\",\"dateModified\":\"2024-02-21T14:34:25+00:00\",\"mainEntityOfPage\":{\"@id\":\"https:\/\/www.fiarebancaetica.coop\/eu\/la-renovacion-del-consejo-de-administracion-decide-el-futuro\/\"},\"wordCount\":977,\"commentCount\":0,\"image\":{\"@id\":\"https:\/\/www.fiarebancaetica.coop\/eu\/la-renovacion-del-consejo-de-administracion-decide-el-futuro\/#primaryimage\"},\"thumbnailUrl\":\"https:\/\/www.fiarebancaetica.coop\/app\/uploads\/sites\/2\/2023\/12\/renovacion-del-consejo-de-administracion-decide-el-futuro.jpg\",\"articleSection\":[\"Finantza etikoak\"],\"inLanguage\":\"eu\",\"potentialAction\":[{\"@type\":\"CommentAction\",\"name\":\"Comment\",\"target\":[\"https:\/\/www.fiarebancaetica.coop\/eu\/la-renovacion-del-consejo-de-administracion-decide-el-futuro\/#respond\"]}]},{\"@type\":\"WebPage\",\"@id\":\"https:\/\/www.fiarebancaetica.coop\/eu\/la-renovacion-del-consejo-de-administracion-decide-el-futuro\/\",\"url\":\"https:\/\/www.fiarebancaetica.coop\/eu\/la-renovacion-del-consejo-de-administracion-decide-el-futuro\/\",\"name\":\"La renovaci\u00f3n del Consejo de Administraci\u00f3n, decide el futuro - Fiare Banca Etica\",\"isPartOf\":{\"@id\":\"https:\/\/www.fiarebancaetica.coop\/eu\/#website\"},\"primaryImageOfPage\":{\"@id\":\"https:\/\/www.fiarebancaetica.coop\/eu\/la-renovacion-del-consejo-de-administracion-decide-el-futuro\/#primaryimage\"},\"image\":{\"@id\":\"https:\/\/www.fiarebancaetica.coop\/eu\/la-renovacion-del-consejo-de-administracion-decide-el-futuro\/#primaryimage\"},\"thumbnailUrl\":\"https:\/\/www.fiarebancaetica.coop\/app\/uploads\/sites\/2\/2023\/12\/renovacion-del-consejo-de-administracion-decide-el-futuro.jpg\",\"datePublished\":\"2019-04-22T22:00:00+00:00\",\"dateModified\":\"2024-02-21T14:34:25+00:00\",\"author\":{\"@id\":\"https:\/\/www.fiarebancaetica.coop\/eu\/#\/schema\/person\/579841e89c804b5db05d9141bd9b8272\"},\"breadcrumb\":{\"@id\":\"https:\/\/www.fiarebancaetica.coop\/eu\/la-renovacion-del-consejo-de-administracion-decide-el-futuro\/#breadcrumb\"},\"inLanguage\":\"eu\",\"potentialAction\":[{\"@type\":\"ReadAction\",\"target\":[\"https:\/\/www.fiarebancaetica.coop\/eu\/la-renovacion-del-consejo-de-administracion-decide-el-futuro\/\"]}]},{\"@type\":\"ImageObject\",\"inLanguage\":\"eu\",\"@id\":\"https:\/\/www.fiarebancaetica.coop\/eu\/la-renovacion-del-consejo-de-administracion-decide-el-futuro\/#primaryimage\",\"url\":\"https:\/\/www.fiarebancaetica.coop\/app\/uploads\/sites\/2\/2023\/12\/renovacion-del-consejo-de-administracion-decide-el-futuro.jpg\",\"contentUrl\":\"https:\/\/www.fiarebancaetica.coop\/app\/uploads\/sites\/2\/2023\/12\/renovacion-del-consejo-de-administracion-decide-el-futuro.jpg\",\"width\":540,\"height\":250},{\"@type\":\"BreadcrumbList\",\"@id\":\"https:\/\/www.fiarebancaetica.coop\/eu\/la-renovacion-del-consejo-de-administracion-decide-el-futuro\/#breadcrumb\",\"itemListElement\":[{\"@type\":\"ListItem\",\"position\":1,\"name\":\"Home\",\"item\":\"https:\/\/www.fiarebancaetica.coop\/eu\/\"},{\"@type\":\"ListItem\",\"position\":2,\"name\":\"La renovaci\u00f3n del Consejo de Administraci\u00f3n, decide el futuro\"}]},{\"@type\":\"WebSite\",\"@id\":\"https:\/\/www.fiarebancaetica.coop\/eu\/#website\",\"url\":\"https:\/\/www.fiarebancaetica.coop\/eu\/\",\"name\":\"Fiare Banca Etica\",\"description\":\"\",\"potentialAction\":[{\"@type\":\"SearchAction\",\"target\":{\"@type\":\"EntryPoint\",\"urlTemplate\":\"https:\/\/www.fiarebancaetica.coop\/eu\/?s={search_term_string}\"},\"query-input\":{\"@type\":\"PropertyValueSpecification\",\"valueRequired\":true,\"valueName\":\"search_term_string\"}}],\"inLanguage\":\"eu\"},{\"@type\":\"Person\",\"@id\":\"https:\/\/www.fiarebancaetica.coop\/eu\/#\/schema\/person\/579841e89c804b5db05d9141bd9b8272\",\"name\":\"crispyadmin0\",\"image\":{\"@type\":\"ImageObject\",\"inLanguage\":\"eu\",\"@id\":\"https:\/\/www.fiarebancaetica.coop\/eu\/#\/schema\/person\/image\/5f3a6b7786f32f4c35bd2b1a5a4698ea\",\"url\":\"https:\/\/secure.gravatar.com\/avatar\/4d2cfb499d497b6d49da659fab7404b243a87fe8e40d2cf97a1cae48f677f5b2?s=96&d=mm&r=g\",\"contentUrl\":\"https:\/\/secure.gravatar.com\/avatar\/4d2cfb499d497b6d49da659fab7404b243a87fe8e40d2cf97a1cae48f677f5b2?s=96&d=mm&r=g\",\"caption\":\"crispyadmin0\"},\"sameAs\":[\"crispyadmin0\"]}]}<\/script>\n<!-- \/ Yoast SEO plugin. -->","yoast_head_json":{"title":"La renovaci\u00f3n del Consejo de Administraci\u00f3n, decide el futuro - Fiare Banca Etica","robots":{"index":"index","follow":"follow","max-snippet":"max-snippet:-1","max-image-preview":"max-image-preview:large","max-video-preview":"max-video-preview:-1"},"canonical":"https:\/\/www.fiarebancaetica.coop\/eu\/la-renovacion-del-consejo-de-administracion-decide-el-futuro\/","og_locale":"eu_ES","og_type":"article","og_title":"La renovaci\u00f3n del Consejo de Administraci\u00f3n, decide el futuro - Fiare Banca Etica","og_description":"El 18 de mayo celebramos la Asamblea General de Fiare Banca Etica en Bilbao y Bolonia, que se podr\u00e1 seguir en directo a trav\u00e9s de internet desde cualquier lugar, incluso tu casa. La Asamblea hace la funci\u00f3n de un \u00e1gora dentro de Fiare Banca Etica, donde hay intercambios de ideas, opiniones y donde las personas socias deciden conjuntamente el futuro de la entidad. Este a\u00f1o, adem\u00e1s, en el marco de la Asamblea se realizar\u00e1n las votaciones para renovar el Consejo de Administraci\u00f3n.","og_url":"https:\/\/www.fiarebancaetica.coop\/eu\/la-renovacion-del-consejo-de-administracion-decide-el-futuro\/","og_site_name":"Fiare Banca Etica","article_published_time":"2019-04-22T22:00:00+00:00","article_modified_time":"2024-02-21T14:34:25+00:00","og_image":[{"width":540,"height":250,"url":"https:\/\/www.fiarebancaetica.coop\/app\/uploads\/sites\/2\/2023\/12\/renovacion-del-consejo-de-administracion-decide-el-futuro.jpg","type":"image\/jpeg"}],"author":"crispyadmin0","twitter_card":"summary_large_image","schema":{"@context":"https:\/\/schema.org","@graph":[{"@type":"Article","@id":"https:\/\/www.fiarebancaetica.coop\/eu\/la-renovacion-del-consejo-de-administracion-decide-el-futuro\/#article","isPartOf":{"@id":"https:\/\/www.fiarebancaetica.coop\/eu\/la-renovacion-del-consejo-de-administracion-decide-el-futuro\/"},"author":{"name":"crispyadmin0","@id":"https:\/\/www.fiarebancaetica.coop\/eu\/#\/schema\/person\/579841e89c804b5db05d9141bd9b8272"},"headline":"La renovaci\u00f3n del Consejo de Administraci\u00f3n, decide el futuro","datePublished":"2019-04-22T22:00:00+00:00","dateModified":"2024-02-21T14:34:25+00:00","mainEntityOfPage":{"@id":"https:\/\/www.fiarebancaetica.coop\/eu\/la-renovacion-del-consejo-de-administracion-decide-el-futuro\/"},"wordCount":977,"commentCount":0,"image":{"@id":"https:\/\/www.fiarebancaetica.coop\/eu\/la-renovacion-del-consejo-de-administracion-decide-el-futuro\/#primaryimage"},"thumbnailUrl":"https:\/\/www.fiarebancaetica.coop\/app\/uploads\/sites\/2\/2023\/12\/renovacion-del-consejo-de-administracion-decide-el-futuro.jpg","articleSection":["Finantza etikoak"],"inLanguage":"eu","potentialAction":[{"@type":"CommentAction","name":"Comment","target":["https:\/\/www.fiarebancaetica.coop\/eu\/la-renovacion-del-consejo-de-administracion-decide-el-futuro\/#respond"]}]},{"@type":"WebPage","@id":"https:\/\/www.fiarebancaetica.coop\/eu\/la-renovacion-del-consejo-de-administracion-decide-el-futuro\/","url":"https:\/\/www.fiarebancaetica.coop\/eu\/la-renovacion-del-consejo-de-administracion-decide-el-futuro\/","name":"La renovaci\u00f3n del Consejo de Administraci\u00f3n, decide el futuro - Fiare Banca Etica","isPartOf":{"@id":"https:\/\/www.fiarebancaetica.coop\/eu\/#website"},"primaryImageOfPage":{"@id":"https:\/\/www.fiarebancaetica.coop\/eu\/la-renovacion-del-consejo-de-administracion-decide-el-futuro\/#primaryimage"},"image":{"@id":"https:\/\/www.fiarebancaetica.coop\/eu\/la-renovacion-del-consejo-de-administracion-decide-el-futuro\/#primaryimage"},"thumbnailUrl":"https:\/\/www.fiarebancaetica.coop\/app\/uploads\/sites\/2\/2023\/12\/renovacion-del-consejo-de-administracion-decide-el-futuro.jpg","datePublished":"2019-04-22T22:00:00+00:00","dateModified":"2024-02-21T14:34:25+00:00","author":{"@id":"https:\/\/www.fiarebancaetica.coop\/eu\/#\/schema\/person\/579841e89c804b5db05d9141bd9b8272"},"breadcrumb":{"@id":"https:\/\/www.fiarebancaetica.coop\/eu\/la-renovacion-del-consejo-de-administracion-decide-el-futuro\/#breadcrumb"},"inLanguage":"eu","potentialAction":[{"@type":"ReadAction","target":["https:\/\/www.fiarebancaetica.coop\/eu\/la-renovacion-del-consejo-de-administracion-decide-el-futuro\/"]}]},{"@type":"ImageObject","inLanguage":"eu","@id":"https:\/\/www.fiarebancaetica.coop\/eu\/la-renovacion-del-consejo-de-administracion-decide-el-futuro\/#primaryimage","url":"https:\/\/www.fiarebancaetica.coop\/app\/uploads\/sites\/2\/2023\/12\/renovacion-del-consejo-de-administracion-decide-el-futuro.jpg","contentUrl":"https:\/\/www.fiarebancaetica.coop\/app\/uploads\/sites\/2\/2023\/12\/renovacion-del-consejo-de-administracion-decide-el-futuro.jpg","width":540,"height":250},{"@type":"BreadcrumbList","@id":"https:\/\/www.fiarebancaetica.coop\/eu\/la-renovacion-del-consejo-de-administracion-decide-el-futuro\/#breadcrumb","itemListElement":[{"@type":"ListItem","position":1,"name":"Home","item":"https:\/\/www.fiarebancaetica.coop\/eu\/"},{"@type":"ListItem","position":2,"name":"La renovaci\u00f3n del Consejo de Administraci\u00f3n, decide el futuro"}]},{"@type":"WebSite","@id":"https:\/\/www.fiarebancaetica.coop\/eu\/#website","url":"https:\/\/www.fiarebancaetica.coop\/eu\/","name":"Fiare Banca Etica","description":"","potentialAction":[{"@type":"SearchAction","target":{"@type":"EntryPoint","urlTemplate":"https:\/\/www.fiarebancaetica.coop\/eu\/?s={search_term_string}"},"query-input":{"@type":"PropertyValueSpecification","valueRequired":true,"valueName":"search_term_string"}}],"inLanguage":"eu"},{"@type":"Person","@id":"https:\/\/www.fiarebancaetica.coop\/eu\/#\/schema\/person\/579841e89c804b5db05d9141bd9b8272","name":"crispyadmin0","image":{"@type":"ImageObject","inLanguage":"eu","@id":"https:\/\/www.fiarebancaetica.coop\/eu\/#\/schema\/person\/image\/5f3a6b7786f32f4c35bd2b1a5a4698ea","url":"https:\/\/secure.gravatar.com\/avatar\/4d2cfb499d497b6d49da659fab7404b243a87fe8e40d2cf97a1cae48f677f5b2?s=96&d=mm&r=g","contentUrl":"https:\/\/secure.gravatar.com\/avatar\/4d2cfb499d497b6d49da659fab7404b243a87fe8e40d2cf97a1cae48f677f5b2?s=96&d=mm&r=g","caption":"crispyadmin0"},"sameAs":["crispyadmin0"]}]}},"_links":{"self":[{"href":"https:\/\/www.fiarebancaetica.coop\/eu\/wp-json\/wp\/v2\/posts\/344756","targetHints":{"allow":["GET"]}}],"collection":[{"href":"https:\/\/www.fiarebancaetica.coop\/eu\/wp-json\/wp\/v2\/posts"}],"about":[{"href":"https:\/\/www.fiarebancaetica.coop\/eu\/wp-json\/wp\/v2\/types\/post"}],"author":[{"embeddable":true,"href":"https:\/\/www.fiarebancaetica.coop\/eu\/wp-json\/wp\/v2\/users\/2"}],"replies":[{"embeddable":true,"href":"https:\/\/www.fiarebancaetica.coop\/eu\/wp-json\/wp\/v2\/comments?post=344756"}],"version-history":[{"count":2,"href":"https:\/\/www.fiarebancaetica.coop\/eu\/wp-json\/wp\/v2\/posts\/344756\/revisions"}],"predecessor-version":[{"id":354244,"href":"https:\/\/www.fiarebancaetica.coop\/eu\/wp-json\/wp\/v2\/posts\/344756\/revisions\/354244"}],"wp:featuredmedia":[{"embeddable":true,"href":"https:\/\/www.fiarebancaetica.coop\/eu\/wp-json\/wp\/v2\/media\/328683"}],"wp:attachment":[{"href":"https:\/\/www.fiarebancaetica.coop\/eu\/wp-json\/wp\/v2\/media?parent=344756"}],"wp:term":[{"taxonomy":"category","embeddable":true,"href":"https:\/\/www.fiarebancaetica.coop\/eu\/wp-json\/wp\/v2\/categories?post=344756"},{"taxonomy":"post_tag","embeddable":true,"href":"https:\/\/www.fiarebancaetica.coop\/eu\/wp-json\/wp\/v2\/tags?post=344756"},{"taxonomy":"author","embeddable":true,"href":"https:\/\/www.fiarebancaetica.coop\/eu\/wp-json\/wp\/v2\/coauthors?post=344756"}],"curies":[{"name":"wp","href":"https:\/\/api.w.org\/{rel}","templated":true}]}}