{"id":344900,"date":"2024-03-06T09:49:00","date_gmt":"2024-03-06T08:49:00","guid":{"rendered":"https:\/\/www.fiarebancaetica.coop\/femarec-casi-tres-decadas-de-inclusion-sociolaboral\/"},"modified":"2024-05-09T09:50:43","modified_gmt":"2024-05-09T07:50:43","slug":"femarec-casi-tres-decadas-de-inclusion-sociolaboral","status":"publish","type":"post","link":"https:\/\/www.fiarebancaetica.coop\/eu\/femarec-casi-tres-decadas-de-inclusion-sociolaboral\/","title":{"rendered":"Femarec, tres d\u00e9cadas de inclusi\u00f3n sociolaboral"},"content":{"rendered":"\n\n<div class=\"wp-block-bancaetica-blocks-blocks-block-49\">\n    <div class=\"container-block-49\">\n\n        <div class=\"header-section \">\n                            <h1 class=\"section-title\"> Etica e cooperativa <\/h1>\n                                            <\/div>\n\n        \n        <div class=\"block-background\" style=\"background-image: url('https:\/\/www.fiarebancaetica.coop\/app\/uploads\/sites\/2\/2023\/12\/femarec-casi-tres-decadas-de-inclusion-sociolaboral.jpg')\">\n                            <div class=\"tile\">\n                    <h1 class=\"image-title\"> Femarec, casi tres d\u00e9cadas de inclusi\u00f3n sociolaboral <\/h1>\n                <\/div>             <!-- end .tile -->\n            <div class=\"bottom-content\">\n                            <\/div> <!-- end .button-content -->\n        <\/div> <!-- end .block-background -->\n    <\/div> <!-- end .container -->\n<\/div> <!-- end wp-block-bancaetica-blocks-blocks-block-06 -->\n\n\n<div class=\"wrapper-crispybacon-class wrapper-crispybacon-class-boxed \">\n    \n<p><strong>2.296<\/strong> personas en situaci\u00f3n de vulnerabilidad atendidas, <strong>510<\/strong> inserciones en el mercado laboral,<strong> 598<\/strong> cursos realizados, <strong>7.819<\/strong> profesionales recualificadas. Son algunas de las cifras de la \u00faltima memoria de Femarec.<\/p>\n<p>El proyecto Femarec surge hace 28 a\u00f1os como una e<strong>ntidad sin \u00e1nimo de lucro<\/strong> que tiene por objetivo conseguir la <strong>inserci\u00f3n laboral<\/strong> y social de personas en <strong>situaci\u00f3n de vulnerabilidad<\/strong>. Promueven distintas iniciativas que buscan la exigencia en la eficacia de los resultados sociales y productivos, la formaci\u00f3n como eje principal de integraci\u00f3n y el intercambio permanente de experiencias y conocimientos.<\/p>\n<p>Dentro de Femarec encontramos cuatro ramas que engloban las actividades del proyecto, son: el <strong>Centro de Trabajo (CET<\/strong>) que favorece la integraci\u00f3n laboral de personas con discapacidad intelectual y\/o trastorno mental; el departamento para el Desarrollo Personal y de Capital Humano (DPCH) que orienta y forma a personas en activo o en situaci\u00f3n de paro y aplica metodolog\u00edas de inserci\u00f3n para personas en situaci\u00f3n de riesgo de exclusi\u00f3n; el <strong>Centro de D\u00eda <\/strong>de salud mental y la<strong> Fundaci\u00f3n<\/strong>. El CET da trabajo a alrededor de unas 4.000 personas y tiene una tasa de inserci\u00f3n en el mercado laboral de cerca del 30%. En cuanto al CET, las \u00faltimas cifras indican que han atendido a unas setenta personas y ofrecen servicios de atenci\u00f3n a las familias. Por su parte, la Fundaci\u00f3n se encarga de tareas como la promoci\u00f3n de valores como la tolerancia y la solidaridad.<\/p>\n<p>El proyecto Femarec, que <strong>recibe financiaci\u00f3n de Fiare Banca Etica<\/strong>, tiene 309 personas trabajadoras en plantilla, 146 de las cuales tienen alguna discapacidad o trastorno mental. A parte de actuar como agentes de inserci\u00f3n laboral y social, tambi\u00e9n ofrecen servicios para empresas, como por ejemplo en la gesti\u00f3n de residuos. Los \u00faltimos datos disponibles indican que gestionaron 5.621 toneladas de residuos el a\u00f1o 2017.<\/p>\n<h1>\n\t<br \/>\n\tFemarec, quasi tres d\u00e8cades d\u2019inclusi\u00f3 sociolaboral<\/h1>\n<p><strong>2.296<\/strong> persones en situaci\u00f3 de vulnerabilitat ateses, <strong>510<\/strong> insercions en el mercat laboral, <strong>598<\/strong> cursos realitzats, <strong>7.819 <\/strong>professionals requalificades. S\u00f3n algunes de les xifres de l\u2019\u00faltima mem\u00f2ria de Femarec.<\/p>\n<p>El projecte Femarec sorgeix fa 28 anys com una <strong>entitat sense \u00e0nim de lucre<\/strong> que t\u00e9 per objectiu aconseguir la <strong>inserci\u00f3 laboral i social <\/strong>de persones en<strong> situaci\u00f3 de vulnerabilitat. <\/strong>Promouen diferents iniciatives que cerquen l&#8217;exig\u00e8ncia en l\u2019efic\u00e0cia dels resultats socials i productius, la formaci\u00f3 com a eix principal d\u2019integraci\u00f3 i l\u2019intercanvi permanent d&#8217;experi\u00e8ncies i coneixements.<\/p>\n<p>Dins de Femarec trobem quatre branques que engloben les activitats del projecte, s\u00f3n: el <strong>Centre de Treball (CET)<\/strong> que afavoreix la integraci\u00f3 laboral de persones amb discapacitat intel\u2022lectual i\/o trastorn mental; el departament pel <strong>Desenvolupament Personal i del Capital Hum\u00e0 (DPCH)<\/strong> que orienta i forma a persones en actiu o en situaci\u00f3 d\u2019atur i aplica metodologies d\u2019inserci\u00f3 per a persones en situaci\u00f3 de risc d\u2019exclusi\u00f3; el Centre de Dia de salut mental i la <strong>Fundaci\u00f3<\/strong>. El CET d\u00f3na feina al voltant d\u2019uns 150 treballadors amb discapacitat i ofereix uns 13 serveis industrials. El DPCH, at\u00e9n a unes 4.000 persones i t\u00e9 una taxa d\u2019inserci\u00f3 al mercat laboral del voltant del 30%. Quan al CET, les \u00faltimes dades indiquen que han at\u00e8s a una setantena de persones i ofereixen serveis d\u2019atenci\u00f3 a les fam\u00edlies.&nbsp; Per la seva banda, la Fundaci\u00f3 s\u2019encarrega de tasques com la promoci\u00f3 de valors com la toler\u00e0ncia i la solidaritat.<\/p>\n<p>El projecte Femarec, que <strong>rep finan\u00e7ament de Fiare Banca Etica<\/strong>, t\u00e9 309 persones treballadores en plantilla, 146 de les quals tenen alguna discapacitat o trastorn mental. A banda d&#8217;actuar com agents d\u2019inserci\u00f3 laboral i social, tamb\u00e9 ofereixen serveis per a empreses, com per exemple en la gesti\u00f3 de residus, les \u00faltimes dades disponibles indiquen que van gestionar 5.261 tones de residus l\u2019any 2017.<\/p>\n\n<\/div>","protected":false},"excerpt":{"rendered":"<p>2.296 personas en situaci\u00f3n de vulnerabilidad atendidas, 510 inserciones en el mercado laboral, 598 cursos realizados, 7.819 profesionales recualificadas. Son algunas de las cifras de la \u00faltima memoria de Femarec.<\/p>\n","protected":false},"author":2,"featured_media":328538,"comment_status":"open","ping_status":"closed","sticky":false,"template":"","format":"standard","meta":{"_acf_changed":false,"footnotes":""},"categories":[11663],"tags":[],"coauthors":[],"class_list":["post-344900","post","type-post","status-publish","format-standard","has-post-thumbnail","hentry","category-eragin-positiboa-duten-istorioak"],"acf":[],"yoast_head":"<!-- This site is optimized with the Yoast SEO plugin v26.9 - https:\/\/yoast.com\/product\/yoast-seo-wordpress\/ -->\n<title>Femarec, tres d\u00e9cadas de inclusi\u00f3n sociolaboral - Fiare Banca Etica<\/title>\n<meta name=\"robots\" content=\"index, follow, max-snippet:-1, max-image-preview:large, max-video-preview:-1\" \/>\n<link rel=\"canonical\" href=\"https:\/\/www.fiarebancaetica.coop\/eu\/femarec-casi-tres-decadas-de-inclusion-sociolaboral\/\" \/>\n<meta property=\"og:locale\" content=\"eu_ES\" \/>\n<meta property=\"og:type\" content=\"article\" \/>\n<meta property=\"og:title\" content=\"Femarec, tres d\u00e9cadas de inclusi\u00f3n sociolaboral - Fiare Banca Etica\" \/>\n<meta property=\"og:description\" content=\"2.296 personas en situaci\u00f3n de vulnerabilidad atendidas, 510 inserciones en el mercado laboral, 598 cursos realizados, 7.819 profesionales recualificadas. Son algunas de las cifras de la \u00faltima memoria de Femarec.\" \/>\n<meta property=\"og:url\" content=\"https:\/\/www.fiarebancaetica.coop\/eu\/femarec-casi-tres-decadas-de-inclusion-sociolaboral\/\" \/>\n<meta property=\"og:site_name\" content=\"Fiare Banca Etica\" \/>\n<meta property=\"article:published_time\" content=\"2024-03-06T08:49:00+00:00\" \/>\n<meta property=\"article:modified_time\" content=\"2024-05-09T07:50:43+00:00\" \/>\n<meta property=\"og:image\" content=\"https:\/\/www.fiarebancaetica.coop\/app\/uploads\/sites\/2\/2023\/12\/femarec-casi-tres-decadas-de-inclusion-sociolaboral.jpg\" \/>\n\t<meta property=\"og:image:width\" content=\"591\" \/>\n\t<meta property=\"og:image:height\" content=\"299\" \/>\n\t<meta property=\"og:image:type\" content=\"image\/jpeg\" \/>\n<meta name=\"author\" content=\"crispyadmin0\" \/>\n<meta name=\"twitter:card\" content=\"summary_large_image\" \/>\n<script type=\"application\/ld+json\" class=\"yoast-schema-graph\">{\"@context\":\"https:\/\/schema.org\",\"@graph\":[{\"@type\":\"Article\",\"@id\":\"https:\/\/www.fiarebancaetica.coop\/eu\/femarec-casi-tres-decadas-de-inclusion-sociolaboral\/#article\",\"isPartOf\":{\"@id\":\"https:\/\/www.fiarebancaetica.coop\/eu\/femarec-casi-tres-decadas-de-inclusion-sociolaboral\/\"},\"author\":{\"name\":\"crispyadmin0\",\"@id\":\"https:\/\/www.fiarebancaetica.coop\/eu\/#\/schema\/person\/579841e89c804b5db05d9141bd9b8272\"},\"headline\":\"Femarec, tres d\u00e9cadas de inclusi\u00f3n sociolaboral\",\"datePublished\":\"2024-03-06T08:49:00+00:00\",\"dateModified\":\"2024-05-09T07:50:43+00:00\",\"mainEntityOfPage\":{\"@id\":\"https:\/\/www.fiarebancaetica.coop\/eu\/femarec-casi-tres-decadas-de-inclusion-sociolaboral\/\"},\"wordCount\":648,\"commentCount\":0,\"image\":{\"@id\":\"https:\/\/www.fiarebancaetica.coop\/eu\/femarec-casi-tres-decadas-de-inclusion-sociolaboral\/#primaryimage\"},\"thumbnailUrl\":\"https:\/\/www.fiarebancaetica.coop\/app\/uploads\/sites\/2\/2023\/12\/femarec-casi-tres-decadas-de-inclusion-sociolaboral.jpg\",\"articleSection\":[\"Eragin positiboa duten istorioak\"],\"inLanguage\":\"eu\",\"potentialAction\":[{\"@type\":\"CommentAction\",\"name\":\"Comment\",\"target\":[\"https:\/\/www.fiarebancaetica.coop\/eu\/femarec-casi-tres-decadas-de-inclusion-sociolaboral\/#respond\"]}]},{\"@type\":\"WebPage\",\"@id\":\"https:\/\/www.fiarebancaetica.coop\/eu\/femarec-casi-tres-decadas-de-inclusion-sociolaboral\/\",\"url\":\"https:\/\/www.fiarebancaetica.coop\/eu\/femarec-casi-tres-decadas-de-inclusion-sociolaboral\/\",\"name\":\"Femarec, tres d\u00e9cadas de inclusi\u00f3n sociolaboral - Fiare Banca Etica\",\"isPartOf\":{\"@id\":\"https:\/\/www.fiarebancaetica.coop\/eu\/#website\"},\"primaryImageOfPage\":{\"@id\":\"https:\/\/www.fiarebancaetica.coop\/eu\/femarec-casi-tres-decadas-de-inclusion-sociolaboral\/#primaryimage\"},\"image\":{\"@id\":\"https:\/\/www.fiarebancaetica.coop\/eu\/femarec-casi-tres-decadas-de-inclusion-sociolaboral\/#primaryimage\"},\"thumbnailUrl\":\"https:\/\/www.fiarebancaetica.coop\/app\/uploads\/sites\/2\/2023\/12\/femarec-casi-tres-decadas-de-inclusion-sociolaboral.jpg\",\"datePublished\":\"2024-03-06T08:49:00+00:00\",\"dateModified\":\"2024-05-09T07:50:43+00:00\",\"author\":{\"@id\":\"https:\/\/www.fiarebancaetica.coop\/eu\/#\/schema\/person\/579841e89c804b5db05d9141bd9b8272\"},\"breadcrumb\":{\"@id\":\"https:\/\/www.fiarebancaetica.coop\/eu\/femarec-casi-tres-decadas-de-inclusion-sociolaboral\/#breadcrumb\"},\"inLanguage\":\"eu\",\"potentialAction\":[{\"@type\":\"ReadAction\",\"target\":[\"https:\/\/www.fiarebancaetica.coop\/eu\/femarec-casi-tres-decadas-de-inclusion-sociolaboral\/\"]}]},{\"@type\":\"ImageObject\",\"inLanguage\":\"eu\",\"@id\":\"https:\/\/www.fiarebancaetica.coop\/eu\/femarec-casi-tres-decadas-de-inclusion-sociolaboral\/#primaryimage\",\"url\":\"https:\/\/www.fiarebancaetica.coop\/app\/uploads\/sites\/2\/2023\/12\/femarec-casi-tres-decadas-de-inclusion-sociolaboral.jpg\",\"contentUrl\":\"https:\/\/www.fiarebancaetica.coop\/app\/uploads\/sites\/2\/2023\/12\/femarec-casi-tres-decadas-de-inclusion-sociolaboral.jpg\",\"width\":591,\"height\":299},{\"@type\":\"BreadcrumbList\",\"@id\":\"https:\/\/www.fiarebancaetica.coop\/eu\/femarec-casi-tres-decadas-de-inclusion-sociolaboral\/#breadcrumb\",\"itemListElement\":[{\"@type\":\"ListItem\",\"position\":1,\"name\":\"Home\",\"item\":\"https:\/\/www.fiarebancaetica.coop\/eu\/\"},{\"@type\":\"ListItem\",\"position\":2,\"name\":\"Femarec, tres d\u00e9cadas de inclusi\u00f3n sociolaboral\"}]},{\"@type\":\"WebSite\",\"@id\":\"https:\/\/www.fiarebancaetica.coop\/eu\/#website\",\"url\":\"https:\/\/www.fiarebancaetica.coop\/eu\/\",\"name\":\"Fiare Banca Etica\",\"description\":\"\",\"potentialAction\":[{\"@type\":\"SearchAction\",\"target\":{\"@type\":\"EntryPoint\",\"urlTemplate\":\"https:\/\/www.fiarebancaetica.coop\/eu\/?s={search_term_string}\"},\"query-input\":{\"@type\":\"PropertyValueSpecification\",\"valueRequired\":true,\"valueName\":\"search_term_string\"}}],\"inLanguage\":\"eu\"},{\"@type\":\"Person\",\"@id\":\"https:\/\/www.fiarebancaetica.coop\/eu\/#\/schema\/person\/579841e89c804b5db05d9141bd9b8272\",\"name\":\"crispyadmin0\",\"image\":{\"@type\":\"ImageObject\",\"inLanguage\":\"eu\",\"@id\":\"https:\/\/www.fiarebancaetica.coop\/eu\/#\/schema\/person\/image\/5f3a6b7786f32f4c35bd2b1a5a4698ea\",\"url\":\"https:\/\/secure.gravatar.com\/avatar\/4d2cfb499d497b6d49da659fab7404b243a87fe8e40d2cf97a1cae48f677f5b2?s=96&d=mm&r=g\",\"contentUrl\":\"https:\/\/secure.gravatar.com\/avatar\/4d2cfb499d497b6d49da659fab7404b243a87fe8e40d2cf97a1cae48f677f5b2?s=96&d=mm&r=g\",\"caption\":\"crispyadmin0\"},\"sameAs\":[\"crispyadmin0\"]}]}<\/script>\n<!-- \/ Yoast SEO plugin. -->","yoast_head_json":{"title":"Femarec, tres d\u00e9cadas de inclusi\u00f3n sociolaboral - Fiare Banca Etica","robots":{"index":"index","follow":"follow","max-snippet":"max-snippet:-1","max-image-preview":"max-image-preview:large","max-video-preview":"max-video-preview:-1"},"canonical":"https:\/\/www.fiarebancaetica.coop\/eu\/femarec-casi-tres-decadas-de-inclusion-sociolaboral\/","og_locale":"eu_ES","og_type":"article","og_title":"Femarec, tres d\u00e9cadas de inclusi\u00f3n sociolaboral - Fiare Banca Etica","og_description":"2.296 personas en situaci\u00f3n de vulnerabilidad atendidas, 510 inserciones en el mercado laboral, 598 cursos realizados, 7.819 profesionales recualificadas. Son algunas de las cifras de la \u00faltima memoria de Femarec.","og_url":"https:\/\/www.fiarebancaetica.coop\/eu\/femarec-casi-tres-decadas-de-inclusion-sociolaboral\/","og_site_name":"Fiare Banca Etica","article_published_time":"2024-03-06T08:49:00+00:00","article_modified_time":"2024-05-09T07:50:43+00:00","og_image":[{"width":591,"height":299,"url":"https:\/\/www.fiarebancaetica.coop\/app\/uploads\/sites\/2\/2023\/12\/femarec-casi-tres-decadas-de-inclusion-sociolaboral.jpg","type":"image\/jpeg"}],"author":"crispyadmin0","twitter_card":"summary_large_image","schema":{"@context":"https:\/\/schema.org","@graph":[{"@type":"Article","@id":"https:\/\/www.fiarebancaetica.coop\/eu\/femarec-casi-tres-decadas-de-inclusion-sociolaboral\/#article","isPartOf":{"@id":"https:\/\/www.fiarebancaetica.coop\/eu\/femarec-casi-tres-decadas-de-inclusion-sociolaboral\/"},"author":{"name":"crispyadmin0","@id":"https:\/\/www.fiarebancaetica.coop\/eu\/#\/schema\/person\/579841e89c804b5db05d9141bd9b8272"},"headline":"Femarec, tres d\u00e9cadas de inclusi\u00f3n sociolaboral","datePublished":"2024-03-06T08:49:00+00:00","dateModified":"2024-05-09T07:50:43+00:00","mainEntityOfPage":{"@id":"https:\/\/www.fiarebancaetica.coop\/eu\/femarec-casi-tres-decadas-de-inclusion-sociolaboral\/"},"wordCount":648,"commentCount":0,"image":{"@id":"https:\/\/www.fiarebancaetica.coop\/eu\/femarec-casi-tres-decadas-de-inclusion-sociolaboral\/#primaryimage"},"thumbnailUrl":"https:\/\/www.fiarebancaetica.coop\/app\/uploads\/sites\/2\/2023\/12\/femarec-casi-tres-decadas-de-inclusion-sociolaboral.jpg","articleSection":["Eragin positiboa duten istorioak"],"inLanguage":"eu","potentialAction":[{"@type":"CommentAction","name":"Comment","target":["https:\/\/www.fiarebancaetica.coop\/eu\/femarec-casi-tres-decadas-de-inclusion-sociolaboral\/#respond"]}]},{"@type":"WebPage","@id":"https:\/\/www.fiarebancaetica.coop\/eu\/femarec-casi-tres-decadas-de-inclusion-sociolaboral\/","url":"https:\/\/www.fiarebancaetica.coop\/eu\/femarec-casi-tres-decadas-de-inclusion-sociolaboral\/","name":"Femarec, tres d\u00e9cadas de inclusi\u00f3n sociolaboral - Fiare Banca Etica","isPartOf":{"@id":"https:\/\/www.fiarebancaetica.coop\/eu\/#website"},"primaryImageOfPage":{"@id":"https:\/\/www.fiarebancaetica.coop\/eu\/femarec-casi-tres-decadas-de-inclusion-sociolaboral\/#primaryimage"},"image":{"@id":"https:\/\/www.fiarebancaetica.coop\/eu\/femarec-casi-tres-decadas-de-inclusion-sociolaboral\/#primaryimage"},"thumbnailUrl":"https:\/\/www.fiarebancaetica.coop\/app\/uploads\/sites\/2\/2023\/12\/femarec-casi-tres-decadas-de-inclusion-sociolaboral.jpg","datePublished":"2024-03-06T08:49:00+00:00","dateModified":"2024-05-09T07:50:43+00:00","author":{"@id":"https:\/\/www.fiarebancaetica.coop\/eu\/#\/schema\/person\/579841e89c804b5db05d9141bd9b8272"},"breadcrumb":{"@id":"https:\/\/www.fiarebancaetica.coop\/eu\/femarec-casi-tres-decadas-de-inclusion-sociolaboral\/#breadcrumb"},"inLanguage":"eu","potentialAction":[{"@type":"ReadAction","target":["https:\/\/www.fiarebancaetica.coop\/eu\/femarec-casi-tres-decadas-de-inclusion-sociolaboral\/"]}]},{"@type":"ImageObject","inLanguage":"eu","@id":"https:\/\/www.fiarebancaetica.coop\/eu\/femarec-casi-tres-decadas-de-inclusion-sociolaboral\/#primaryimage","url":"https:\/\/www.fiarebancaetica.coop\/app\/uploads\/sites\/2\/2023\/12\/femarec-casi-tres-decadas-de-inclusion-sociolaboral.jpg","contentUrl":"https:\/\/www.fiarebancaetica.coop\/app\/uploads\/sites\/2\/2023\/12\/femarec-casi-tres-decadas-de-inclusion-sociolaboral.jpg","width":591,"height":299},{"@type":"BreadcrumbList","@id":"https:\/\/www.fiarebancaetica.coop\/eu\/femarec-casi-tres-decadas-de-inclusion-sociolaboral\/#breadcrumb","itemListElement":[{"@type":"ListItem","position":1,"name":"Home","item":"https:\/\/www.fiarebancaetica.coop\/eu\/"},{"@type":"ListItem","position":2,"name":"Femarec, tres d\u00e9cadas de inclusi\u00f3n sociolaboral"}]},{"@type":"WebSite","@id":"https:\/\/www.fiarebancaetica.coop\/eu\/#website","url":"https:\/\/www.fiarebancaetica.coop\/eu\/","name":"Fiare Banca Etica","description":"","potentialAction":[{"@type":"SearchAction","target":{"@type":"EntryPoint","urlTemplate":"https:\/\/www.fiarebancaetica.coop\/eu\/?s={search_term_string}"},"query-input":{"@type":"PropertyValueSpecification","valueRequired":true,"valueName":"search_term_string"}}],"inLanguage":"eu"},{"@type":"Person","@id":"https:\/\/www.fiarebancaetica.coop\/eu\/#\/schema\/person\/579841e89c804b5db05d9141bd9b8272","name":"crispyadmin0","image":{"@type":"ImageObject","inLanguage":"eu","@id":"https:\/\/www.fiarebancaetica.coop\/eu\/#\/schema\/person\/image\/5f3a6b7786f32f4c35bd2b1a5a4698ea","url":"https:\/\/secure.gravatar.com\/avatar\/4d2cfb499d497b6d49da659fab7404b243a87fe8e40d2cf97a1cae48f677f5b2?s=96&d=mm&r=g","contentUrl":"https:\/\/secure.gravatar.com\/avatar\/4d2cfb499d497b6d49da659fab7404b243a87fe8e40d2cf97a1cae48f677f5b2?s=96&d=mm&r=g","caption":"crispyadmin0"},"sameAs":["crispyadmin0"]}]}},"_links":{"self":[{"href":"https:\/\/www.fiarebancaetica.coop\/eu\/wp-json\/wp\/v2\/posts\/344900","targetHints":{"allow":["GET"]}}],"collection":[{"href":"https:\/\/www.fiarebancaetica.coop\/eu\/wp-json\/wp\/v2\/posts"}],"about":[{"href":"https:\/\/www.fiarebancaetica.coop\/eu\/wp-json\/wp\/v2\/types\/post"}],"author":[{"embeddable":true,"href":"https:\/\/www.fiarebancaetica.coop\/eu\/wp-json\/wp\/v2\/users\/2"}],"replies":[{"embeddable":true,"href":"https:\/\/www.fiarebancaetica.coop\/eu\/wp-json\/wp\/v2\/comments?post=344900"}],"version-history":[{"count":2,"href":"https:\/\/www.fiarebancaetica.coop\/eu\/wp-json\/wp\/v2\/posts\/344900\/revisions"}],"predecessor-version":[{"id":374329,"href":"https:\/\/www.fiarebancaetica.coop\/eu\/wp-json\/wp\/v2\/posts\/344900\/revisions\/374329"}],"wp:featuredmedia":[{"embeddable":true,"href":"https:\/\/www.fiarebancaetica.coop\/eu\/wp-json\/wp\/v2\/media\/328538"}],"wp:attachment":[{"href":"https:\/\/www.fiarebancaetica.coop\/eu\/wp-json\/wp\/v2\/media?parent=344900"}],"wp:term":[{"taxonomy":"category","embeddable":true,"href":"https:\/\/www.fiarebancaetica.coop\/eu\/wp-json\/wp\/v2\/categories?post=344900"},{"taxonomy":"post_tag","embeddable":true,"href":"https:\/\/www.fiarebancaetica.coop\/eu\/wp-json\/wp\/v2\/tags?post=344900"},{"taxonomy":"author","embeddable":true,"href":"https:\/\/www.fiarebancaetica.coop\/eu\/wp-json\/wp\/v2\/coauthors?post=344900"}],"curies":[{"name":"wp","href":"https:\/\/api.w.org\/{rel}","templated":true}]}}