{"id":345246,"date":"2018-04-25T00:00:00","date_gmt":"2018-04-24T22:00:00","guid":{"rendered":"https:\/\/www.fiarebancaetica.coop\/acogida-e-integracion-de-migrantes-asamblea-2018\/"},"modified":"2024-02-21T15:45:57","modified_gmt":"2024-02-21T14:45:57","slug":"acogida-e-integracion-de-migrantes-asamblea-2018","status":"publish","type":"post","link":"https:\/\/www.fiarebancaetica.coop\/eu\/acogida-e-integracion-de-migrantes-asamblea-2018\/","title":{"rendered":"ACOGIDA E INTEGRACI\u00d3N DE MIGRANTES, ASAMBLEA 2018"},"content":{"rendered":"\n\n<div class=\"wp-block-bancaetica-blocks-blocks-block-49\">\n    <div class=\"container-block-49\">\n\n        <div class=\"header-section \">\n                            <h1 class=\"section-title\"> Etica e cooperativa <\/h1>\n                                            <\/div>\n\n        \n        <div class=\"block-background\" style=\"background-image: url('https:\/\/www.fiarebancaetica.coop\/app\/uploads\/sites\/2\/2023\/12\/acogida-integracion-de-migrantes-asamblea-2018.jpg')\">\n                            <div class=\"tile\">\n                    <h1 class=\"image-title\"> ACOGIDA E INTEGRACI\u00d3N DE MIGRANTES, ASAMBLEA 2018 <\/h1>\n                <\/div>             <!-- end .tile -->\n            <div class=\"bottom-content\">\n                            <\/div> <!-- end .button-content -->\n        <\/div> <!-- end .block-background -->\n    <\/div> <!-- end .container -->\n<\/div> <!-- end wp-block-bancaetica-blocks-blocks-block-06 -->\n\n\n<div class=\"wrapper-crispybacon-class wrapper-crispybacon-class-boxed \">\n    <p><br \/>\n\tEl 12 de mayo tendr\u00e1 lugar simult\u00e1neamente en Lamezia Terme y en Granada, la Asamblea de socios y socias de Banca Etica. Dos localidades en las que diversas entidades con las que colabora el banco trabajan activamente en la acogida e integraci\u00f3n de inmigrantes.<\/p>\n<p>Banca Etica se ha declarado a favor de los derechos de las personas migrantes y refugiadas en m\u00e1s de una ocasi\u00f3n y, en l\u00ednea con este inter\u00e9s, ha decidido dedicar una atenci\u00f3n especial a este tema durante esta asamblea.&nbsp;El s\u00e1bado a las 17h tendr\u00e1 lugar una Mesa Redonda sobre migraci\u00f3n y personas refugiadas.<\/p>\n<p>Con el fin de subrayar nuestro compromiso, os presentamos algunas de las iniciativas y entidades m\u00e1s significativas de este \u00e1mbito apoyadas por Fiare Banca Etica en Espa\u00f1a e Italia.<\/p>\n<h2>\n\tA favor del cierre del centro de internamiento para inmigrantes<\/h2>\n<p>Este a\u00f1o desde el GIT de Andaluc\u00eda Oriental se propuso la adhesi\u00f3n a la campa\u00f1a por el cierre del Centro de Internamiento para Inmigrantes en la localidad de Archidona, dentro de la campa\u00f1a Malaga Libre de CIES. El centro hab\u00eda recibido diversos informes, muy cr\u00edticos por actuaciones irregulares y varias infracciones, de numerosas organizaciones como el Defensor del Pueblo, C\u00e1ritas Espa\u00f1a y M\u00e1laga acoge.&nbsp; Desde el grupo de personas de Fiare en M\u00e1laga se elabor\u00f3 este extenso estudio sobre la situaci\u00f3n y un manifiesto a favor de las personas internas y sus derechos.<\/p>\n<p>&nbsp;<\/p>\n<h2>\n\t&#8220;Diritti al sud&#8221;, por el apoyo mutuo y la colaboraci\u00f3n entre personas italianas y extranjeras<\/h2>\n<p>Diritti a Sud significa respeto y protecci\u00f3n de los derechos fundamentales de las personas con el coraz\u00f3n vuelto hacia el sur del mundo. El nombre de esta asociaci\u00f3n cultural que opera desde 2014 en Nard\u00f2, Apulia, no es casual; se trata de una entidad joven que nace de la experiencia de lucha de los jornaleros\/as de Salento en defensa de las personas migrantes explotadas en labores agr\u00edcolas estacionales.<\/p>\n<p>\u00abDiritti a Sud nace desde la base como reacci\u00f3n com\u00fan de quienes viven en condiciones de dificultad social o precariedad laboral, afirma Rosa Vaglio, presidenta de Diritti a Sud. No queremos que se hable de integraci\u00f3n sino de convivencia de diferentes personas &#8211; inmigrantes, solicitantes de asilo y tambi\u00e9n residentes en el lugar &#8211; que colaboran juntas en un proyecto \u00fanico en el territorio en el que nos encontramos. Nuestra comunidad alberga historias y sensibilidades diferentes y, desde el pleno respeto al otro, hemos puesto en marcha un proyecto de apoyo rec\u00edproco y de colaboraci\u00f3n entre personas italianas y extranjeras\u00bb.<\/p>\n<p>Los cursos de \u00abeducaci\u00f3n popular\u00bb son un ejemplo de c\u00f3mo Diritti a Sud favorece la convivencia y el encuentro entre personas italianas y extranjeras. Se trata de iniciativas de car\u00e1cter cultural-formativo, como las clases gratuitas de italiano para extranjeros\/as y, a la inversa, los cursos de lengua extranjera dirigidos a personas italianas. Hace poco terminaron tambi\u00e9n el proyecto Opem para apoyar la sensibilizaci\u00f3n ante la multiculturalidad de su territorio.<\/p>\n<h3>\n\tCon la salsa de tomate sfruttazero luchamos contra la precariedad y la explotaci\u00f3n laboral<\/h3>\n<p>La lucha contra la explotaci\u00f3n laboral, sobre todo la m\u00e1s difundida en el entorno agr\u00edcola del sur de Italia, es parte integrante de la misi\u00f3n de Diritti a Sud. Con el proyecto Sfruttazero y gracias a \u00e9l, la asociaci\u00f3n est\u00e1 intentando contrarrestar este fen\u00f3meno, favoreciendo la inserci\u00f3n laboral de las personas migrantes y proponiendo al mismo tiempo un modelo econ\u00f3mico \u00e9tico y alternativo al tradicional.<\/p>\n<p>La iniciativa surgi\u00f3 en 2015, en colaboraci\u00f3n con la Associazione Solidaria di Bari, y consiste en la producci\u00f3n de salsa de tomate fabricada por personas migrantes pero tambi\u00e9n italianas en situaci\u00f3n precaria o en paro. La fase de puesta en marcha de la producci\u00f3n se financi\u00f3 gracias a la microfinanciaci\u00f3n colectiva&nbsp; de Produzioni dal basso.<\/p>\n<p>Diritti a Sud controla todo el proceso productivo y se encarga de todas las fases del trabajo: desde la elecci\u00f3n del terreno y la recogida de los tomates hasta la distribuci\u00f3n de la salsa fuera de los grandes circuitos de distribuci\u00f3n organizada. El tomate en salsa se vende en grupos de consumo \u00e9tico, en ferias o en tiendas de comercio solidario, adem\u00e1s de a particulares.<\/p>\n<p>La Asociaci\u00f3n ha elegido a Banca Etica porque apoya un modelo de econom\u00eda \u00e9tica. \u00abNos pregunt\u00e1bamos en qu\u00e9 entidad de cr\u00e9dito abrir una cuenta corriente. Desde el principio, Banca Etica nos ha dado una acogida y tratamiento especiales. Somos una entidad joven como socia y cliente y Banca Etica ha cre\u00eddo en nosotros\/as aunque no ten\u00edamos muchas garant\u00edas\u00bb.<\/p>\n<p>Hoy, Diritti a Sud es una referencia para las personas extranjeras que trabajan en el territorio y para m\u00e1s gente; desde 2015 hasta la fecha, la asociaci\u00f3n ha aumentado la producci\u00f3n y venta de salsa de tomate. Sus productos provienen de una agricultura respetuosa con la naturaleza y las personas. Est\u00e1n hechos s\u00f3lo de tomates no tratados y prestando gran atenci\u00f3n a las condiciones del personal (horario de trabajo, contrato laboral, etc.).<\/p>\n<p>Foto de Diritti a Sud @dirittiasud<\/p>\n<p>a cargo de Alessandra Certom\u00e0<\/p>\n<\/div>","protected":false},"excerpt":{"rendered":"<p>El 12 de mayo tendr\u00e1 lugar simult\u00e1neamente en Lamezia Terme y en Granada, la Asamblea de socios y socias de Banca Etica. Dos localidades en las que diversas entidades con las que colabora el banco trabajan activamente en la acogida e integraci\u00f3n de inmigrantes.<\/p>\n<p>Banca Etica se ha declarado a favor de los derechos de las personas migrantes y refugiadas en m\u00e1s de una ocasi\u00f3n y, en l\u00ednea con este inter\u00e9s, ha decidido dedicar una atenci\u00f3n especial a este tema durante esta asamblea.&nbsp; El s\u00e1bado a las 17h tendr\u00e1 lugar una Mesa Redonda sobre migraci\u00f3n y personas refugiadas.&nbsp;<\/p>\n","protected":false},"author":2,"featured_media":326037,"comment_status":"open","ping_status":"closed","sticky":false,"template":"","format":"standard","meta":{"_acf_changed":false,"footnotes":""},"categories":[11644],"tags":[],"coauthors":[],"class_list":["post-345246","post","type-post","status-publish","format-standard","has-post-thumbnail","hentry","category-finantza-etikoak"],"acf":[],"yoast_head":"<!-- This site is optimized with the Yoast SEO plugin v26.9 - https:\/\/yoast.com\/product\/yoast-seo-wordpress\/ -->\n<title>ACOGIDA E INTEGRACI\u00d3N DE MIGRANTES, ASAMBLEA 2018 - Fiare Banca Etica<\/title>\n<meta name=\"robots\" content=\"index, follow, max-snippet:-1, max-image-preview:large, max-video-preview:-1\" \/>\n<link rel=\"canonical\" href=\"https:\/\/www.fiarebancaetica.coop\/eu\/acogida-e-integracion-de-migrantes-asamblea-2018\/\" \/>\n<meta property=\"og:locale\" content=\"eu_ES\" \/>\n<meta property=\"og:type\" content=\"article\" \/>\n<meta property=\"og:title\" content=\"ACOGIDA E INTEGRACI\u00d3N DE MIGRANTES, ASAMBLEA 2018 - Fiare Banca Etica\" \/>\n<meta property=\"og:description\" content=\"El 12 de mayo tendr\u00e1 lugar simult\u00e1neamente en Lamezia Terme y en Granada, la Asamblea de socios y socias de Banca Etica. Dos localidades en las que diversas entidades con las que colabora el banco trabajan activamente en la acogida e integraci\u00f3n de inmigrantes. Banca Etica se ha declarado a favor de los derechos de las personas migrantes y refugiadas en m\u00e1s de una ocasi\u00f3n y, en l\u00ednea con este inter\u00e9s, ha decidido dedicar una atenci\u00f3n especial a este tema durante esta asamblea.&nbsp; El s\u00e1bado a las 17h tendr\u00e1 lugar una Mesa Redonda sobre migraci\u00f3n y personas refugiadas.&nbsp;\" \/>\n<meta property=\"og:url\" content=\"https:\/\/www.fiarebancaetica.coop\/eu\/acogida-e-integracion-de-migrantes-asamblea-2018\/\" \/>\n<meta property=\"og:site_name\" content=\"Fiare Banca Etica\" \/>\n<meta property=\"article:published_time\" content=\"2018-04-24T22:00:00+00:00\" \/>\n<meta property=\"article:modified_time\" content=\"2024-02-21T14:45:57+00:00\" \/>\n<meta property=\"og:image\" content=\"https:\/\/www.fiarebancaetica.coop\/app\/uploads\/sites\/2\/2023\/12\/acogida-integracion-de-migrantes-asamblea-2018.jpg\" \/>\n\t<meta property=\"og:image:width\" content=\"540\" \/>\n\t<meta property=\"og:image:height\" content=\"189\" \/>\n\t<meta property=\"og:image:type\" content=\"image\/jpeg\" \/>\n<meta name=\"author\" content=\"crispyadmin0\" \/>\n<meta name=\"twitter:card\" content=\"summary_large_image\" \/>\n<script type=\"application\/ld+json\" class=\"yoast-schema-graph\">{\"@context\":\"https:\/\/schema.org\",\"@graph\":[{\"@type\":\"Article\",\"@id\":\"https:\/\/www.fiarebancaetica.coop\/eu\/acogida-e-integracion-de-migrantes-asamblea-2018\/#article\",\"isPartOf\":{\"@id\":\"https:\/\/www.fiarebancaetica.coop\/eu\/acogida-e-integracion-de-migrantes-asamblea-2018\/\"},\"author\":{\"name\":\"crispyadmin0\",\"@id\":\"https:\/\/www.fiarebancaetica.coop\/eu\/#\/schema\/person\/579841e89c804b5db05d9141bd9b8272\"},\"headline\":\"ACOGIDA E INTEGRACI\u00d3N DE MIGRANTES, ASAMBLEA 2018\",\"datePublished\":\"2018-04-24T22:00:00+00:00\",\"dateModified\":\"2024-02-21T14:45:57+00:00\",\"mainEntityOfPage\":{\"@id\":\"https:\/\/www.fiarebancaetica.coop\/eu\/acogida-e-integracion-de-migrantes-asamblea-2018\/\"},\"wordCount\":903,\"commentCount\":0,\"image\":{\"@id\":\"https:\/\/www.fiarebancaetica.coop\/eu\/acogida-e-integracion-de-migrantes-asamblea-2018\/#primaryimage\"},\"thumbnailUrl\":\"https:\/\/www.fiarebancaetica.coop\/app\/uploads\/sites\/2\/2023\/12\/acogida-integracion-de-migrantes-asamblea-2018.jpg\",\"articleSection\":[\"Finantza etikoak\"],\"inLanguage\":\"eu\",\"potentialAction\":[{\"@type\":\"CommentAction\",\"name\":\"Comment\",\"target\":[\"https:\/\/www.fiarebancaetica.coop\/eu\/acogida-e-integracion-de-migrantes-asamblea-2018\/#respond\"]}]},{\"@type\":\"WebPage\",\"@id\":\"https:\/\/www.fiarebancaetica.coop\/eu\/acogida-e-integracion-de-migrantes-asamblea-2018\/\",\"url\":\"https:\/\/www.fiarebancaetica.coop\/eu\/acogida-e-integracion-de-migrantes-asamblea-2018\/\",\"name\":\"ACOGIDA E INTEGRACI\u00d3N DE MIGRANTES, ASAMBLEA 2018 - Fiare Banca Etica\",\"isPartOf\":{\"@id\":\"https:\/\/www.fiarebancaetica.coop\/eu\/#website\"},\"primaryImageOfPage\":{\"@id\":\"https:\/\/www.fiarebancaetica.coop\/eu\/acogida-e-integracion-de-migrantes-asamblea-2018\/#primaryimage\"},\"image\":{\"@id\":\"https:\/\/www.fiarebancaetica.coop\/eu\/acogida-e-integracion-de-migrantes-asamblea-2018\/#primaryimage\"},\"thumbnailUrl\":\"https:\/\/www.fiarebancaetica.coop\/app\/uploads\/sites\/2\/2023\/12\/acogida-integracion-de-migrantes-asamblea-2018.jpg\",\"datePublished\":\"2018-04-24T22:00:00+00:00\",\"dateModified\":\"2024-02-21T14:45:57+00:00\",\"author\":{\"@id\":\"https:\/\/www.fiarebancaetica.coop\/eu\/#\/schema\/person\/579841e89c804b5db05d9141bd9b8272\"},\"breadcrumb\":{\"@id\":\"https:\/\/www.fiarebancaetica.coop\/eu\/acogida-e-integracion-de-migrantes-asamblea-2018\/#breadcrumb\"},\"inLanguage\":\"eu\",\"potentialAction\":[{\"@type\":\"ReadAction\",\"target\":[\"https:\/\/www.fiarebancaetica.coop\/eu\/acogida-e-integracion-de-migrantes-asamblea-2018\/\"]}]},{\"@type\":\"ImageObject\",\"inLanguage\":\"eu\",\"@id\":\"https:\/\/www.fiarebancaetica.coop\/eu\/acogida-e-integracion-de-migrantes-asamblea-2018\/#primaryimage\",\"url\":\"https:\/\/www.fiarebancaetica.coop\/app\/uploads\/sites\/2\/2023\/12\/acogida-integracion-de-migrantes-asamblea-2018.jpg\",\"contentUrl\":\"https:\/\/www.fiarebancaetica.coop\/app\/uploads\/sites\/2\/2023\/12\/acogida-integracion-de-migrantes-asamblea-2018.jpg\",\"width\":540,\"height\":189},{\"@type\":\"BreadcrumbList\",\"@id\":\"https:\/\/www.fiarebancaetica.coop\/eu\/acogida-e-integracion-de-migrantes-asamblea-2018\/#breadcrumb\",\"itemListElement\":[{\"@type\":\"ListItem\",\"position\":1,\"name\":\"Home\",\"item\":\"https:\/\/www.fiarebancaetica.coop\/eu\/\"},{\"@type\":\"ListItem\",\"position\":2,\"name\":\"ACOGIDA E INTEGRACI\u00d3N DE MIGRANTES, ASAMBLEA 2018\"}]},{\"@type\":\"WebSite\",\"@id\":\"https:\/\/www.fiarebancaetica.coop\/eu\/#website\",\"url\":\"https:\/\/www.fiarebancaetica.coop\/eu\/\",\"name\":\"Fiare Banca Etica\",\"description\":\"\",\"potentialAction\":[{\"@type\":\"SearchAction\",\"target\":{\"@type\":\"EntryPoint\",\"urlTemplate\":\"https:\/\/www.fiarebancaetica.coop\/eu\/?s={search_term_string}\"},\"query-input\":{\"@type\":\"PropertyValueSpecification\",\"valueRequired\":true,\"valueName\":\"search_term_string\"}}],\"inLanguage\":\"eu\"},{\"@type\":\"Person\",\"@id\":\"https:\/\/www.fiarebancaetica.coop\/eu\/#\/schema\/person\/579841e89c804b5db05d9141bd9b8272\",\"name\":\"crispyadmin0\",\"image\":{\"@type\":\"ImageObject\",\"inLanguage\":\"eu\",\"@id\":\"https:\/\/www.fiarebancaetica.coop\/eu\/#\/schema\/person\/image\/5f3a6b7786f32f4c35bd2b1a5a4698ea\",\"url\":\"https:\/\/secure.gravatar.com\/avatar\/4d2cfb499d497b6d49da659fab7404b243a87fe8e40d2cf97a1cae48f677f5b2?s=96&d=mm&r=g\",\"contentUrl\":\"https:\/\/secure.gravatar.com\/avatar\/4d2cfb499d497b6d49da659fab7404b243a87fe8e40d2cf97a1cae48f677f5b2?s=96&d=mm&r=g\",\"caption\":\"crispyadmin0\"},\"sameAs\":[\"crispyadmin0\"]}]}<\/script>\n<!-- \/ Yoast SEO plugin. -->","yoast_head_json":{"title":"ACOGIDA E INTEGRACI\u00d3N DE MIGRANTES, ASAMBLEA 2018 - Fiare Banca Etica","robots":{"index":"index","follow":"follow","max-snippet":"max-snippet:-1","max-image-preview":"max-image-preview:large","max-video-preview":"max-video-preview:-1"},"canonical":"https:\/\/www.fiarebancaetica.coop\/eu\/acogida-e-integracion-de-migrantes-asamblea-2018\/","og_locale":"eu_ES","og_type":"article","og_title":"ACOGIDA E INTEGRACI\u00d3N DE MIGRANTES, ASAMBLEA 2018 - Fiare Banca Etica","og_description":"El 12 de mayo tendr\u00e1 lugar simult\u00e1neamente en Lamezia Terme y en Granada, la Asamblea de socios y socias de Banca Etica. Dos localidades en las que diversas entidades con las que colabora el banco trabajan activamente en la acogida e integraci\u00f3n de inmigrantes. Banca Etica se ha declarado a favor de los derechos de las personas migrantes y refugiadas en m\u00e1s de una ocasi\u00f3n y, en l\u00ednea con este inter\u00e9s, ha decidido dedicar una atenci\u00f3n especial a este tema durante esta asamblea.&nbsp; El s\u00e1bado a las 17h tendr\u00e1 lugar una Mesa Redonda sobre migraci\u00f3n y personas refugiadas.&nbsp;","og_url":"https:\/\/www.fiarebancaetica.coop\/eu\/acogida-e-integracion-de-migrantes-asamblea-2018\/","og_site_name":"Fiare Banca Etica","article_published_time":"2018-04-24T22:00:00+00:00","article_modified_time":"2024-02-21T14:45:57+00:00","og_image":[{"width":540,"height":189,"url":"https:\/\/www.fiarebancaetica.coop\/app\/uploads\/sites\/2\/2023\/12\/acogida-integracion-de-migrantes-asamblea-2018.jpg","type":"image\/jpeg"}],"author":"crispyadmin0","twitter_card":"summary_large_image","schema":{"@context":"https:\/\/schema.org","@graph":[{"@type":"Article","@id":"https:\/\/www.fiarebancaetica.coop\/eu\/acogida-e-integracion-de-migrantes-asamblea-2018\/#article","isPartOf":{"@id":"https:\/\/www.fiarebancaetica.coop\/eu\/acogida-e-integracion-de-migrantes-asamblea-2018\/"},"author":{"name":"crispyadmin0","@id":"https:\/\/www.fiarebancaetica.coop\/eu\/#\/schema\/person\/579841e89c804b5db05d9141bd9b8272"},"headline":"ACOGIDA E INTEGRACI\u00d3N DE MIGRANTES, ASAMBLEA 2018","datePublished":"2018-04-24T22:00:00+00:00","dateModified":"2024-02-21T14:45:57+00:00","mainEntityOfPage":{"@id":"https:\/\/www.fiarebancaetica.coop\/eu\/acogida-e-integracion-de-migrantes-asamblea-2018\/"},"wordCount":903,"commentCount":0,"image":{"@id":"https:\/\/www.fiarebancaetica.coop\/eu\/acogida-e-integracion-de-migrantes-asamblea-2018\/#primaryimage"},"thumbnailUrl":"https:\/\/www.fiarebancaetica.coop\/app\/uploads\/sites\/2\/2023\/12\/acogida-integracion-de-migrantes-asamblea-2018.jpg","articleSection":["Finantza etikoak"],"inLanguage":"eu","potentialAction":[{"@type":"CommentAction","name":"Comment","target":["https:\/\/www.fiarebancaetica.coop\/eu\/acogida-e-integracion-de-migrantes-asamblea-2018\/#respond"]}]},{"@type":"WebPage","@id":"https:\/\/www.fiarebancaetica.coop\/eu\/acogida-e-integracion-de-migrantes-asamblea-2018\/","url":"https:\/\/www.fiarebancaetica.coop\/eu\/acogida-e-integracion-de-migrantes-asamblea-2018\/","name":"ACOGIDA E INTEGRACI\u00d3N DE MIGRANTES, ASAMBLEA 2018 - Fiare Banca Etica","isPartOf":{"@id":"https:\/\/www.fiarebancaetica.coop\/eu\/#website"},"primaryImageOfPage":{"@id":"https:\/\/www.fiarebancaetica.coop\/eu\/acogida-e-integracion-de-migrantes-asamblea-2018\/#primaryimage"},"image":{"@id":"https:\/\/www.fiarebancaetica.coop\/eu\/acogida-e-integracion-de-migrantes-asamblea-2018\/#primaryimage"},"thumbnailUrl":"https:\/\/www.fiarebancaetica.coop\/app\/uploads\/sites\/2\/2023\/12\/acogida-integracion-de-migrantes-asamblea-2018.jpg","datePublished":"2018-04-24T22:00:00+00:00","dateModified":"2024-02-21T14:45:57+00:00","author":{"@id":"https:\/\/www.fiarebancaetica.coop\/eu\/#\/schema\/person\/579841e89c804b5db05d9141bd9b8272"},"breadcrumb":{"@id":"https:\/\/www.fiarebancaetica.coop\/eu\/acogida-e-integracion-de-migrantes-asamblea-2018\/#breadcrumb"},"inLanguage":"eu","potentialAction":[{"@type":"ReadAction","target":["https:\/\/www.fiarebancaetica.coop\/eu\/acogida-e-integracion-de-migrantes-asamblea-2018\/"]}]},{"@type":"ImageObject","inLanguage":"eu","@id":"https:\/\/www.fiarebancaetica.coop\/eu\/acogida-e-integracion-de-migrantes-asamblea-2018\/#primaryimage","url":"https:\/\/www.fiarebancaetica.coop\/app\/uploads\/sites\/2\/2023\/12\/acogida-integracion-de-migrantes-asamblea-2018.jpg","contentUrl":"https:\/\/www.fiarebancaetica.coop\/app\/uploads\/sites\/2\/2023\/12\/acogida-integracion-de-migrantes-asamblea-2018.jpg","width":540,"height":189},{"@type":"BreadcrumbList","@id":"https:\/\/www.fiarebancaetica.coop\/eu\/acogida-e-integracion-de-migrantes-asamblea-2018\/#breadcrumb","itemListElement":[{"@type":"ListItem","position":1,"name":"Home","item":"https:\/\/www.fiarebancaetica.coop\/eu\/"},{"@type":"ListItem","position":2,"name":"ACOGIDA E INTEGRACI\u00d3N DE MIGRANTES, ASAMBLEA 2018"}]},{"@type":"WebSite","@id":"https:\/\/www.fiarebancaetica.coop\/eu\/#website","url":"https:\/\/www.fiarebancaetica.coop\/eu\/","name":"Fiare Banca Etica","description":"","potentialAction":[{"@type":"SearchAction","target":{"@type":"EntryPoint","urlTemplate":"https:\/\/www.fiarebancaetica.coop\/eu\/?s={search_term_string}"},"query-input":{"@type":"PropertyValueSpecification","valueRequired":true,"valueName":"search_term_string"}}],"inLanguage":"eu"},{"@type":"Person","@id":"https:\/\/www.fiarebancaetica.coop\/eu\/#\/schema\/person\/579841e89c804b5db05d9141bd9b8272","name":"crispyadmin0","image":{"@type":"ImageObject","inLanguage":"eu","@id":"https:\/\/www.fiarebancaetica.coop\/eu\/#\/schema\/person\/image\/5f3a6b7786f32f4c35bd2b1a5a4698ea","url":"https:\/\/secure.gravatar.com\/avatar\/4d2cfb499d497b6d49da659fab7404b243a87fe8e40d2cf97a1cae48f677f5b2?s=96&d=mm&r=g","contentUrl":"https:\/\/secure.gravatar.com\/avatar\/4d2cfb499d497b6d49da659fab7404b243a87fe8e40d2cf97a1cae48f677f5b2?s=96&d=mm&r=g","caption":"crispyadmin0"},"sameAs":["crispyadmin0"]}]}},"_links":{"self":[{"href":"https:\/\/www.fiarebancaetica.coop\/eu\/wp-json\/wp\/v2\/posts\/345246","targetHints":{"allow":["GET"]}}],"collection":[{"href":"https:\/\/www.fiarebancaetica.coop\/eu\/wp-json\/wp\/v2\/posts"}],"about":[{"href":"https:\/\/www.fiarebancaetica.coop\/eu\/wp-json\/wp\/v2\/types\/post"}],"author":[{"embeddable":true,"href":"https:\/\/www.fiarebancaetica.coop\/eu\/wp-json\/wp\/v2\/users\/2"}],"replies":[{"embeddable":true,"href":"https:\/\/www.fiarebancaetica.coop\/eu\/wp-json\/wp\/v2\/comments?post=345246"}],"version-history":[{"count":1,"href":"https:\/\/www.fiarebancaetica.coop\/eu\/wp-json\/wp\/v2\/posts\/345246\/revisions"}],"predecessor-version":[{"id":353884,"href":"https:\/\/www.fiarebancaetica.coop\/eu\/wp-json\/wp\/v2\/posts\/345246\/revisions\/353884"}],"wp:featuredmedia":[{"embeddable":true,"href":"https:\/\/www.fiarebancaetica.coop\/eu\/wp-json\/wp\/v2\/media\/326037"}],"wp:attachment":[{"href":"https:\/\/www.fiarebancaetica.coop\/eu\/wp-json\/wp\/v2\/media?parent=345246"}],"wp:term":[{"taxonomy":"category","embeddable":true,"href":"https:\/\/www.fiarebancaetica.coop\/eu\/wp-json\/wp\/v2\/categories?post=345246"},{"taxonomy":"post_tag","embeddable":true,"href":"https:\/\/www.fiarebancaetica.coop\/eu\/wp-json\/wp\/v2\/tags?post=345246"},{"taxonomy":"author","embeddable":true,"href":"https:\/\/www.fiarebancaetica.coop\/eu\/wp-json\/wp\/v2\/coauthors?post=345246"}],"curies":[{"name":"wp","href":"https:\/\/api.w.org\/{rel}","templated":true}]}}