{"id":345554,"date":"2017-11-09T00:00:00","date_gmt":"2017-11-08T23:00:00","guid":{"rendered":"https:\/\/www.fiarebancaetica.coop\/banca-etica-en-el-parlamento-europeo-de-bruselas\/"},"modified":"2024-02-21T15:52:04","modified_gmt":"2024-02-21T14:52:04","slug":"banca-etica-en-el-parlamento-europeo-de-bruselas","status":"publish","type":"post","link":"https:\/\/www.fiarebancaetica.coop\/eu\/banca-etica-en-el-parlamento-europeo-de-bruselas\/","title":{"rendered":"Banca Etica en el Parlamento Europeo de Bruselas"},"content":{"rendered":"\n\n<div class=\"wp-block-bancaetica-blocks-blocks-block-49\">\n    <div class=\"container-block-49\">\n\n        <div class=\"header-section \">\n                            <h1 class=\"section-title\"> Etica e cooperativa <\/h1>\n                                            <\/div>\n\n        \n        <div class=\"block-background\" style=\"background-image: url('https:\/\/www.fiarebancaetica.coop\/app\/uploads\/sites\/2\/2023\/12\/banca-etica-en-el-parlamento-europeo-en-bruselas.jpg')\">\n                            <div class=\"tile\">\n                    <h1 class=\"image-title\"> Banca Etica en el Parlamento Europeo de Bruselas <\/h1>\n                <\/div>             <!-- end .tile -->\n            <div class=\"bottom-content\">\n                            <\/div> <!-- end .button-content -->\n        <\/div> <!-- end .block-background -->\n    <\/div> <!-- end .container -->\n<\/div> <!-- end wp-block-bancaetica-blocks-blocks-block-06 -->\n\n\n<div class=\"wrapper-crispybacon-class wrapper-crispybacon-class-boxed \">\n    <h2>\n\tUnas finanzas \u00e9ticas y sostenibles para el futuro de Europa<\/h2>\n<p>El Presidente de Banca Etica, <strong>Ugo Biggeri<\/strong>, ha participado en un encuentro dedicado a la ley sobre las finanzas \u00e9ticas y sostenibles en el Parlamento Europeo de Bruselas. La cita, promovida por las europarlamentarias Patrizia Toia y Silvia Costa (S&amp;D), llega un a\u00f1o despu\u00e9s de la introducci\u00f3n de la ley sobre las finanzas \u00e9ticas en Italia, que reconoce su impacto positivo desde el punto de vista econ\u00f3mico y social.<br \/>\n\t<br \/>\n\tLa introducci\u00f3n de un art\u00edculo en el ordenamiento italiano ha sido el primer paso hacia una conciencia real de la importancia de las finanzas \u00e9ticas y del papel de los bancos \u00e9ticos en el apoyo a la econom\u00eda real. <strong>Banca Etica est\u00e1 comprometida con una mayor difusi\u00f3n de los principios de las finanzas \u00e9ticas <\/strong>en Italia y Espa\u00f1a pero tambi\u00e9n con la posibilidad de <strong>adoptar una normativa similar a nivel europeo<\/strong>.<\/p>\n<p>Es necesario un reconocimiento de este tipo: en Europa, las finanzas sostenibles y las microfinanzas han sido instrumentos fundamentales de crecimiento y desarrollo territorial. Han demostrado ser capaces de apoyar el empleo, el bienestar y las empresas de econom\u00eda social. El crecimiento de la econom\u00eda sostenible y social en los pa\u00edses europeos pasa tambi\u00e9n por una legitimaci\u00f3n de su acci\u00f3n.<\/p>\n<p>Los principales agentes de las finanzas \u00e9ticas y sostenibles y de microfinanzas se encuentran en Bruselas para hacer frente com\u00fan y compartir las experiencias y buenas pr\u00e1cticas de las que son protagonistas en Europa.<\/p>\n<p>El cr\u00e9dito que las entidades adheridas a la Alianza Global por una Banca con Valores (Gabv) conceden en Europa y en el mundo suma m\u00e1s de 110.000 millones de euros. A nivel europeo, los bancos adheridos a la Federaci\u00f3n Europea de Bancos \u00c9ticos y Alternativos (FEBEA) financia la econom\u00eda social con m\u00e1s de 30.000 millones de euros. Las instituciones financieras adheridas a la Red Europea de Microfinanzas (REM) y al Microfinance Center (MFC) conceden financiaci\u00f3n por valor de 1.500 millones de euros*. Junto a ellos, Banca Etica sostiene especialmente el emprendimiento juvenil y femenino en Europa del Este. Se ha firmado un acuerdo espec\u00edfico con la REM y se firmar\u00e1 un segundo con el MFC durante el encuentro de Bruselas.<\/p>\n<p>En el acto participaron Patrizia Toia &#8211; Parlamentaria europea, Responsable de la Delegaci\u00f3n Italiana del Grupo S&amp;D;Giovanni Pugliese &#8211; Embajador de la Representaci\u00f3n Permanente de Italia en la Uni\u00f3n Europea, Silvia Costa &#8211; Parlamentaria europea; Pierre Moscovici- Comisario Europeo de Econom\u00eda y Asuntos Monetarios; Baudouin Baudru- Jefe de Gabinete de la DG de Empleo, Asuntos Sociales, Competencia y Movilidad Laboral de la Comisi\u00f3n Europea; Mario Nava&nbsp; &#8211; Director, Direcci\u00f3n D &#8211;&nbsp; Regulaci\u00f3n y Supervisi\u00f3n Prudenciales de las Instituciones Financieras, DG FISMA Roberto Ridolfi &#8211; Director, Direcci\u00f3n C &#8211; Crecimiento y Desarrollo Sostenibles DGDEVCO, Ugo Biggeri &#8211; Presidente de Banca Etica y Etica sgr; miembro del Consejo de la GABV, Dominique de Crayencour &#8211; Vicepresidenta de la Red Europea de Microfinanzas;Katarzyna Pawlak &#8211; Vicedirectora del Microfinance Center, Benoit lallemand &#8211; Secretario General de Finance Watch; Susanna Marietti &#8211; Coordinadora Nacional de la Asociaci\u00f3n Antigone &#8211; Presidenta del Atletico Diritti y Peru Sasia &#8211; Presidente de Febea (Federaci\u00f3n Europea de Bancos \u00c9ticos y Alternativos);<\/p>\n<\/div>","protected":false},"excerpt":{"rendered":"<p>El Presidente de Banca Etica, Ugo Biggeri, ha participado en un encuentro dedicado a la ley sobre las finanzas \u00e9ticas y sostenibles en el Parlamento Europeo de Bruselas. La cita, promovida por las europarlamentarias Patrizia Toia y Silvia Costa (S&amp;D), llega un a\u00f1o despu\u00e9s de la introducci\u00f3n de la ley sobre las finanzas \u00e9ticas en Italia, que reconoce su impacto positivo desde el punto de vista econ\u00f3mico y social.<\/p>\n","protected":false},"author":2,"featured_media":325829,"comment_status":"open","ping_status":"closed","sticky":false,"template":"","format":"standard","meta":{"_acf_changed":false,"footnotes":""},"categories":[11644],"tags":[],"coauthors":[],"class_list":["post-345554","post","type-post","status-publish","format-standard","has-post-thumbnail","hentry","category-finantza-etikoak"],"acf":[],"yoast_head":"<!-- This site is optimized with the Yoast SEO plugin v26.9 - https:\/\/yoast.com\/product\/yoast-seo-wordpress\/ -->\n<title>Banca Etica en el Parlamento Europeo de Bruselas - Fiare Banca Etica<\/title>\n<meta name=\"robots\" content=\"index, follow, max-snippet:-1, max-image-preview:large, max-video-preview:-1\" \/>\n<link rel=\"canonical\" href=\"https:\/\/www.fiarebancaetica.coop\/eu\/banca-etica-en-el-parlamento-europeo-de-bruselas\/\" \/>\n<meta property=\"og:locale\" content=\"eu_ES\" \/>\n<meta property=\"og:type\" content=\"article\" \/>\n<meta property=\"og:title\" content=\"Banca Etica en el Parlamento Europeo de Bruselas - Fiare Banca Etica\" \/>\n<meta property=\"og:description\" content=\"El Presidente de Banca Etica, Ugo Biggeri, ha participado en un encuentro dedicado a la ley sobre las finanzas \u00e9ticas y sostenibles en el Parlamento Europeo de Bruselas. La cita, promovida por las europarlamentarias Patrizia Toia y Silvia Costa (S&amp;D), llega un a\u00f1o despu\u00e9s de la introducci\u00f3n de la ley sobre las finanzas \u00e9ticas en Italia, que reconoce su impacto positivo desde el punto de vista econ\u00f3mico y social.\" \/>\n<meta property=\"og:url\" content=\"https:\/\/www.fiarebancaetica.coop\/eu\/banca-etica-en-el-parlamento-europeo-de-bruselas\/\" \/>\n<meta property=\"og:site_name\" content=\"Fiare Banca Etica\" \/>\n<meta property=\"article:published_time\" content=\"2017-11-08T23:00:00+00:00\" \/>\n<meta property=\"article:modified_time\" content=\"2024-02-21T14:52:04+00:00\" \/>\n<meta property=\"og:image\" content=\"https:\/\/www.fiarebancaetica.coop\/app\/uploads\/sites\/2\/2023\/12\/banca-etica-en-el-parlamento-europeo-en-bruselas.jpg\" \/>\n\t<meta property=\"og:image:width\" content=\"2048\" \/>\n\t<meta property=\"og:image:height\" content=\"1152\" \/>\n\t<meta property=\"og:image:type\" content=\"image\/jpeg\" \/>\n<meta name=\"author\" content=\"crispyadmin0\" \/>\n<meta name=\"twitter:card\" content=\"summary_large_image\" \/>\n<script type=\"application\/ld+json\" class=\"yoast-schema-graph\">{\"@context\":\"https:\/\/schema.org\",\"@graph\":[{\"@type\":\"Article\",\"@id\":\"https:\/\/www.fiarebancaetica.coop\/eu\/banca-etica-en-el-parlamento-europeo-de-bruselas\/#article\",\"isPartOf\":{\"@id\":\"https:\/\/www.fiarebancaetica.coop\/eu\/banca-etica-en-el-parlamento-europeo-de-bruselas\/\"},\"author\":{\"name\":\"crispyadmin0\",\"@id\":\"https:\/\/www.fiarebancaetica.coop\/eu\/#\/schema\/person\/579841e89c804b5db05d9141bd9b8272\"},\"headline\":\"Banca Etica en el Parlamento Europeo de Bruselas\",\"datePublished\":\"2017-11-08T23:00:00+00:00\",\"dateModified\":\"2024-02-21T14:52:04+00:00\",\"mainEntityOfPage\":{\"@id\":\"https:\/\/www.fiarebancaetica.coop\/eu\/banca-etica-en-el-parlamento-europeo-de-bruselas\/\"},\"wordCount\":575,\"commentCount\":0,\"image\":{\"@id\":\"https:\/\/www.fiarebancaetica.coop\/eu\/banca-etica-en-el-parlamento-europeo-de-bruselas\/#primaryimage\"},\"thumbnailUrl\":\"https:\/\/www.fiarebancaetica.coop\/app\/uploads\/sites\/2\/2023\/12\/banca-etica-en-el-parlamento-europeo-en-bruselas.jpg\",\"articleSection\":[\"Finantza etikoak\"],\"inLanguage\":\"eu\",\"potentialAction\":[{\"@type\":\"CommentAction\",\"name\":\"Comment\",\"target\":[\"https:\/\/www.fiarebancaetica.coop\/eu\/banca-etica-en-el-parlamento-europeo-de-bruselas\/#respond\"]}]},{\"@type\":\"WebPage\",\"@id\":\"https:\/\/www.fiarebancaetica.coop\/eu\/banca-etica-en-el-parlamento-europeo-de-bruselas\/\",\"url\":\"https:\/\/www.fiarebancaetica.coop\/eu\/banca-etica-en-el-parlamento-europeo-de-bruselas\/\",\"name\":\"Banca Etica en el Parlamento Europeo de Bruselas - Fiare Banca Etica\",\"isPartOf\":{\"@id\":\"https:\/\/www.fiarebancaetica.coop\/eu\/#website\"},\"primaryImageOfPage\":{\"@id\":\"https:\/\/www.fiarebancaetica.coop\/eu\/banca-etica-en-el-parlamento-europeo-de-bruselas\/#primaryimage\"},\"image\":{\"@id\":\"https:\/\/www.fiarebancaetica.coop\/eu\/banca-etica-en-el-parlamento-europeo-de-bruselas\/#primaryimage\"},\"thumbnailUrl\":\"https:\/\/www.fiarebancaetica.coop\/app\/uploads\/sites\/2\/2023\/12\/banca-etica-en-el-parlamento-europeo-en-bruselas.jpg\",\"datePublished\":\"2017-11-08T23:00:00+00:00\",\"dateModified\":\"2024-02-21T14:52:04+00:00\",\"author\":{\"@id\":\"https:\/\/www.fiarebancaetica.coop\/eu\/#\/schema\/person\/579841e89c804b5db05d9141bd9b8272\"},\"breadcrumb\":{\"@id\":\"https:\/\/www.fiarebancaetica.coop\/eu\/banca-etica-en-el-parlamento-europeo-de-bruselas\/#breadcrumb\"},\"inLanguage\":\"eu\",\"potentialAction\":[{\"@type\":\"ReadAction\",\"target\":[\"https:\/\/www.fiarebancaetica.coop\/eu\/banca-etica-en-el-parlamento-europeo-de-bruselas\/\"]}]},{\"@type\":\"ImageObject\",\"inLanguage\":\"eu\",\"@id\":\"https:\/\/www.fiarebancaetica.coop\/eu\/banca-etica-en-el-parlamento-europeo-de-bruselas\/#primaryimage\",\"url\":\"https:\/\/www.fiarebancaetica.coop\/app\/uploads\/sites\/2\/2023\/12\/banca-etica-en-el-parlamento-europeo-en-bruselas.jpg\",\"contentUrl\":\"https:\/\/www.fiarebancaetica.coop\/app\/uploads\/sites\/2\/2023\/12\/banca-etica-en-el-parlamento-europeo-en-bruselas.jpg\",\"width\":2048,\"height\":1152},{\"@type\":\"BreadcrumbList\",\"@id\":\"https:\/\/www.fiarebancaetica.coop\/eu\/banca-etica-en-el-parlamento-europeo-de-bruselas\/#breadcrumb\",\"itemListElement\":[{\"@type\":\"ListItem\",\"position\":1,\"name\":\"Home\",\"item\":\"https:\/\/www.fiarebancaetica.coop\/eu\/\"},{\"@type\":\"ListItem\",\"position\":2,\"name\":\"Banca Etica en el Parlamento Europeo de Bruselas\"}]},{\"@type\":\"WebSite\",\"@id\":\"https:\/\/www.fiarebancaetica.coop\/eu\/#website\",\"url\":\"https:\/\/www.fiarebancaetica.coop\/eu\/\",\"name\":\"Fiare Banca Etica\",\"description\":\"\",\"potentialAction\":[{\"@type\":\"SearchAction\",\"target\":{\"@type\":\"EntryPoint\",\"urlTemplate\":\"https:\/\/www.fiarebancaetica.coop\/eu\/?s={search_term_string}\"},\"query-input\":{\"@type\":\"PropertyValueSpecification\",\"valueRequired\":true,\"valueName\":\"search_term_string\"}}],\"inLanguage\":\"eu\"},{\"@type\":\"Person\",\"@id\":\"https:\/\/www.fiarebancaetica.coop\/eu\/#\/schema\/person\/579841e89c804b5db05d9141bd9b8272\",\"name\":\"crispyadmin0\",\"image\":{\"@type\":\"ImageObject\",\"inLanguage\":\"eu\",\"@id\":\"https:\/\/www.fiarebancaetica.coop\/eu\/#\/schema\/person\/image\/5f3a6b7786f32f4c35bd2b1a5a4698ea\",\"url\":\"https:\/\/secure.gravatar.com\/avatar\/4d2cfb499d497b6d49da659fab7404b243a87fe8e40d2cf97a1cae48f677f5b2?s=96&d=mm&r=g\",\"contentUrl\":\"https:\/\/secure.gravatar.com\/avatar\/4d2cfb499d497b6d49da659fab7404b243a87fe8e40d2cf97a1cae48f677f5b2?s=96&d=mm&r=g\",\"caption\":\"crispyadmin0\"},\"sameAs\":[\"crispyadmin0\"]}]}<\/script>\n<!-- \/ Yoast SEO plugin. -->","yoast_head_json":{"title":"Banca Etica en el Parlamento Europeo de Bruselas - Fiare Banca Etica","robots":{"index":"index","follow":"follow","max-snippet":"max-snippet:-1","max-image-preview":"max-image-preview:large","max-video-preview":"max-video-preview:-1"},"canonical":"https:\/\/www.fiarebancaetica.coop\/eu\/banca-etica-en-el-parlamento-europeo-de-bruselas\/","og_locale":"eu_ES","og_type":"article","og_title":"Banca Etica en el Parlamento Europeo de Bruselas - Fiare Banca Etica","og_description":"El Presidente de Banca Etica, Ugo Biggeri, ha participado en un encuentro dedicado a la ley sobre las finanzas \u00e9ticas y sostenibles en el Parlamento Europeo de Bruselas. La cita, promovida por las europarlamentarias Patrizia Toia y Silvia Costa (S&amp;D), llega un a\u00f1o despu\u00e9s de la introducci\u00f3n de la ley sobre las finanzas \u00e9ticas en Italia, que reconoce su impacto positivo desde el punto de vista econ\u00f3mico y social.","og_url":"https:\/\/www.fiarebancaetica.coop\/eu\/banca-etica-en-el-parlamento-europeo-de-bruselas\/","og_site_name":"Fiare Banca Etica","article_published_time":"2017-11-08T23:00:00+00:00","article_modified_time":"2024-02-21T14:52:04+00:00","og_image":[{"width":2048,"height":1152,"url":"https:\/\/www.fiarebancaetica.coop\/app\/uploads\/sites\/2\/2023\/12\/banca-etica-en-el-parlamento-europeo-en-bruselas.jpg","type":"image\/jpeg"}],"author":"crispyadmin0","twitter_card":"summary_large_image","schema":{"@context":"https:\/\/schema.org","@graph":[{"@type":"Article","@id":"https:\/\/www.fiarebancaetica.coop\/eu\/banca-etica-en-el-parlamento-europeo-de-bruselas\/#article","isPartOf":{"@id":"https:\/\/www.fiarebancaetica.coop\/eu\/banca-etica-en-el-parlamento-europeo-de-bruselas\/"},"author":{"name":"crispyadmin0","@id":"https:\/\/www.fiarebancaetica.coop\/eu\/#\/schema\/person\/579841e89c804b5db05d9141bd9b8272"},"headline":"Banca Etica en el Parlamento Europeo de Bruselas","datePublished":"2017-11-08T23:00:00+00:00","dateModified":"2024-02-21T14:52:04+00:00","mainEntityOfPage":{"@id":"https:\/\/www.fiarebancaetica.coop\/eu\/banca-etica-en-el-parlamento-europeo-de-bruselas\/"},"wordCount":575,"commentCount":0,"image":{"@id":"https:\/\/www.fiarebancaetica.coop\/eu\/banca-etica-en-el-parlamento-europeo-de-bruselas\/#primaryimage"},"thumbnailUrl":"https:\/\/www.fiarebancaetica.coop\/app\/uploads\/sites\/2\/2023\/12\/banca-etica-en-el-parlamento-europeo-en-bruselas.jpg","articleSection":["Finantza etikoak"],"inLanguage":"eu","potentialAction":[{"@type":"CommentAction","name":"Comment","target":["https:\/\/www.fiarebancaetica.coop\/eu\/banca-etica-en-el-parlamento-europeo-de-bruselas\/#respond"]}]},{"@type":"WebPage","@id":"https:\/\/www.fiarebancaetica.coop\/eu\/banca-etica-en-el-parlamento-europeo-de-bruselas\/","url":"https:\/\/www.fiarebancaetica.coop\/eu\/banca-etica-en-el-parlamento-europeo-de-bruselas\/","name":"Banca Etica en el Parlamento Europeo de Bruselas - Fiare Banca Etica","isPartOf":{"@id":"https:\/\/www.fiarebancaetica.coop\/eu\/#website"},"primaryImageOfPage":{"@id":"https:\/\/www.fiarebancaetica.coop\/eu\/banca-etica-en-el-parlamento-europeo-de-bruselas\/#primaryimage"},"image":{"@id":"https:\/\/www.fiarebancaetica.coop\/eu\/banca-etica-en-el-parlamento-europeo-de-bruselas\/#primaryimage"},"thumbnailUrl":"https:\/\/www.fiarebancaetica.coop\/app\/uploads\/sites\/2\/2023\/12\/banca-etica-en-el-parlamento-europeo-en-bruselas.jpg","datePublished":"2017-11-08T23:00:00+00:00","dateModified":"2024-02-21T14:52:04+00:00","author":{"@id":"https:\/\/www.fiarebancaetica.coop\/eu\/#\/schema\/person\/579841e89c804b5db05d9141bd9b8272"},"breadcrumb":{"@id":"https:\/\/www.fiarebancaetica.coop\/eu\/banca-etica-en-el-parlamento-europeo-de-bruselas\/#breadcrumb"},"inLanguage":"eu","potentialAction":[{"@type":"ReadAction","target":["https:\/\/www.fiarebancaetica.coop\/eu\/banca-etica-en-el-parlamento-europeo-de-bruselas\/"]}]},{"@type":"ImageObject","inLanguage":"eu","@id":"https:\/\/www.fiarebancaetica.coop\/eu\/banca-etica-en-el-parlamento-europeo-de-bruselas\/#primaryimage","url":"https:\/\/www.fiarebancaetica.coop\/app\/uploads\/sites\/2\/2023\/12\/banca-etica-en-el-parlamento-europeo-en-bruselas.jpg","contentUrl":"https:\/\/www.fiarebancaetica.coop\/app\/uploads\/sites\/2\/2023\/12\/banca-etica-en-el-parlamento-europeo-en-bruselas.jpg","width":2048,"height":1152},{"@type":"BreadcrumbList","@id":"https:\/\/www.fiarebancaetica.coop\/eu\/banca-etica-en-el-parlamento-europeo-de-bruselas\/#breadcrumb","itemListElement":[{"@type":"ListItem","position":1,"name":"Home","item":"https:\/\/www.fiarebancaetica.coop\/eu\/"},{"@type":"ListItem","position":2,"name":"Banca Etica en el Parlamento Europeo de Bruselas"}]},{"@type":"WebSite","@id":"https:\/\/www.fiarebancaetica.coop\/eu\/#website","url":"https:\/\/www.fiarebancaetica.coop\/eu\/","name":"Fiare Banca Etica","description":"","potentialAction":[{"@type":"SearchAction","target":{"@type":"EntryPoint","urlTemplate":"https:\/\/www.fiarebancaetica.coop\/eu\/?s={search_term_string}"},"query-input":{"@type":"PropertyValueSpecification","valueRequired":true,"valueName":"search_term_string"}}],"inLanguage":"eu"},{"@type":"Person","@id":"https:\/\/www.fiarebancaetica.coop\/eu\/#\/schema\/person\/579841e89c804b5db05d9141bd9b8272","name":"crispyadmin0","image":{"@type":"ImageObject","inLanguage":"eu","@id":"https:\/\/www.fiarebancaetica.coop\/eu\/#\/schema\/person\/image\/5f3a6b7786f32f4c35bd2b1a5a4698ea","url":"https:\/\/secure.gravatar.com\/avatar\/4d2cfb499d497b6d49da659fab7404b243a87fe8e40d2cf97a1cae48f677f5b2?s=96&d=mm&r=g","contentUrl":"https:\/\/secure.gravatar.com\/avatar\/4d2cfb499d497b6d49da659fab7404b243a87fe8e40d2cf97a1cae48f677f5b2?s=96&d=mm&r=g","caption":"crispyadmin0"},"sameAs":["crispyadmin0"]}]}},"_links":{"self":[{"href":"https:\/\/www.fiarebancaetica.coop\/eu\/wp-json\/wp\/v2\/posts\/345554","targetHints":{"allow":["GET"]}}],"collection":[{"href":"https:\/\/www.fiarebancaetica.coop\/eu\/wp-json\/wp\/v2\/posts"}],"about":[{"href":"https:\/\/www.fiarebancaetica.coop\/eu\/wp-json\/wp\/v2\/types\/post"}],"author":[{"embeddable":true,"href":"https:\/\/www.fiarebancaetica.coop\/eu\/wp-json\/wp\/v2\/users\/2"}],"replies":[{"embeddable":true,"href":"https:\/\/www.fiarebancaetica.coop\/eu\/wp-json\/wp\/v2\/comments?post=345554"}],"version-history":[{"count":1,"href":"https:\/\/www.fiarebancaetica.coop\/eu\/wp-json\/wp\/v2\/posts\/345554\/revisions"}],"predecessor-version":[{"id":353737,"href":"https:\/\/www.fiarebancaetica.coop\/eu\/wp-json\/wp\/v2\/posts\/345554\/revisions\/353737"}],"wp:featuredmedia":[{"embeddable":true,"href":"https:\/\/www.fiarebancaetica.coop\/eu\/wp-json\/wp\/v2\/media\/325829"}],"wp:attachment":[{"href":"https:\/\/www.fiarebancaetica.coop\/eu\/wp-json\/wp\/v2\/media?parent=345554"}],"wp:term":[{"taxonomy":"category","embeddable":true,"href":"https:\/\/www.fiarebancaetica.coop\/eu\/wp-json\/wp\/v2\/categories?post=345554"},{"taxonomy":"post_tag","embeddable":true,"href":"https:\/\/www.fiarebancaetica.coop\/eu\/wp-json\/wp\/v2\/tags?post=345554"},{"taxonomy":"author","embeddable":true,"href":"https:\/\/www.fiarebancaetica.coop\/eu\/wp-json\/wp\/v2\/coauthors?post=345554"}],"curies":[{"name":"wp","href":"https:\/\/api.w.org\/{rel}","templated":true}]}}