{"id":345701,"date":"2017-06-02T00:00:00","date_gmt":"2017-06-01T22:00:00","guid":{"rendered":"https:\/\/www.fiarebancaetica.coop\/a-la-asamblea-pasando-por-el-camino-de-santiago\/"},"modified":"2024-02-21T15:54:55","modified_gmt":"2024-02-21T14:54:55","slug":"a-la-asamblea-pasando-por-el-camino-de-santiago","status":"publish","type":"post","link":"https:\/\/www.fiarebancaetica.coop\/eu\/a-la-asamblea-pasando-por-el-camino-de-santiago\/","title":{"rendered":"A la asamblea pasando por el Camino de Santiago"},"content":{"rendered":"\n\n<div class=\"wp-block-bancaetica-blocks-blocks-block-49\">\n    <div class=\"container-block-49\">\n\n        <div class=\"header-section \">\n                            <h1 class=\"section-title\"> Etica e cooperativa <\/h1>\n                                            <\/div>\n\n        \n        <div class=\"block-background\" style=\"background-image: url('https:\/\/www.fiarebancaetica.coop\/app\/uploads\/sites\/2\/2023\/12\/asamblea-pasando-por-el-camino-de-santiago.jpg')\">\n                            <div class=\"tile\">\n                    <h1 class=\"image-title\"> A la asamblea pasando por el Camino de Santiago <\/h1>\n                <\/div>             <!-- end .tile -->\n            <div class=\"bottom-content\">\n                            <\/div> <!-- end .button-content -->\n        <\/div> <!-- end .block-background -->\n    <\/div> <!-- end .container -->\n<\/div> <!-- end wp-block-bancaetica-blocks-blocks-block-06 -->\n\n\n<div class=\"wrapper-crispybacon-class wrapper-crispybacon-class-boxed \">\n    <p>El 13 de mayo tuvo lugar, simult\u00e1neamente en Tur\u00edn y en Santiago de Compostela, la Asamblea de personas socias de Banca Etica. Un grupo de personas opt\u00f3 por llegar a la capital de Galicia a pie recorriendo una parte del Camino de Santiago. Entre estas personas estaba la consejera de administraci\u00f3n Nicoletta Dentico, que nos cuenta su experiencia:<\/p>\n<p>&#8220;El primer suceso hermoso fue que llegamos a la peque\u00f1a Plaza de la Constituci\u00f3n, en la parte vieja de Sarria, dispersos, casi sin conocernos y hasta con cierta timidez ling\u00fc\u00edstica. Un grupo italo-espa\u00f1ol organizado por la sabidur\u00eda conspiradora de Albert, el referente sociocultural de Barcelona, sin m\u00e1s antecedente que un prop\u00f3sito com\u00fan: caminar juntos hasta a Santiago a tiempo de participar en la <strong>Asamblea Anual de Fiare Banca Etica<\/strong>. Y as\u00ed, paso a paso, conferirle una sensaci\u00f3n in\u00e9dita de movimiento a un banco que, en su hacer, se siente cada vez m\u00e1s mediterr\u00e1neo y europeo.<\/p>\n<p>El segundo suceso hermoso fue que todos \u00e9ramos principiantes, ninguno hab\u00eda hecho antes el <strong>Camino de Santiago.<\/strong> As\u00ed pues, como ne\u00f3fitos, cultivamos al un\u00edsono el asombro de la primera vez. Enseguida nos tranquilizan las bolsas inconfundibles de Fiare, llenas de refinados alimentos que descubrimos caminando y que las tres j\u00f3venes socias y titulares de la cooperativa Bico de Grao de Lugo nos entregan por el camino. Son abundantes: no conseguiremos terminarlos, a pesar del esp\u00edritu de cordialidad que nos acompa\u00f1ar\u00e1 hasta Italia, recuerdo de los sabores del camino. Intentamos difuminar la espera de la partida con chistes sobre la Consejera de Administraci\u00f3n del banco llegando a la Asamblea como caminante, solo un reflejo de la chifladura de Banca Etica. Y luego, las iron\u00edas sobre la previsi\u00f3n del equipamiento o el peso de las mochilas, que algunos de nosotros han encomendado sabiamente al impecable servicio que las transporta de un albergue al siguiente para no llevar tanta carga durante el d\u00eda.<\/p>\n<p>Partimos y, para cuando llega el momento de poner el primer sello en el Monasterio de Sarria, ya ha desaparecido todo rastro de timidez. Nos llegan noticias de que en el pa\u00eds vecino ha ganado Macron, aunque en el fondo, Francia ha elegido entre lo malo y lo peor (entre Guatemala y Guatepeor, como se dice en castellano). Nos espera una primera etapa de 20 kil\u00f3metros, pero todav\u00eda no tenemos informaci\u00f3n de las distancias y adem\u00e1s lo peor vendr\u00e1 en los d\u00edas sucesivos, as\u00ed que nos sentimos tonificados, con curiosidad los unos por los otros, sorprendidos de ver que hay mucha m\u00e1s variedad humana a lo largo del camino de la que hab\u00edamos imaginado, tanto por proveniencia geogr\u00e1fica &#8211; hay una presencia constante de asi\u00e1ticos \u2013 como por la edad y la velocidad de paso.<br \/>\n\t<br \/>\n\tY luego est\u00e1 el sol, la intensidad buc\u00f3lica y olorosa de la campi\u00f1a gallega, el esp\u00edritu del camino, que r\u00e1pidamente nos acoge en su complicidad.<\/p>\n<p>Arturo y Raphael se afirman como l\u00edderes naturales del grupo. El primero nos anima briosamente (\u00abestamos aqu\u00ed para expiar nuestros pecados, ninguno de nosotros puede pretender que es inocente\u00bb) con la clara vocaci\u00f3n identitaria de los coordinadores de los GIT de Banca Etica, mientras reivindica la exigencia de informar a trav\u00e9s de los tweet que coordina Albert desde Barcelona. Rapha, con el paso silencioso pero c\u00f3modo, el peso de la mochila sobre la espalda llevado con pasmosa desenvoltura, encarna el carisma del andar seguro que le aporta la consulta rigurosa del mapa. Los socios Jes\u00fas y Santa son marido y mujer, vienen de la Murcia profunda y son nuestra divina dualidad: fluidifican nuestros pasos con su cultura positiva del camino y un repertorio de chistes inagotable.<br \/>\n\t<br \/>\n\tSobre este terreno de los chistes cimentar\u00e9 a lo largo de los d\u00edas mis conocimientos de espa\u00f1ol, la malicia de los juegos de palabras que debo traducir al italiano para Andrea y Roberto, los dos socios italianos (de Roma y Trento respectivamente), que no dominan el espa\u00f1ol pero que encontrar\u00e1n bien pronto la clave de nuestro intercambio ling\u00fc\u00edstico a lo largo de los tramos de camino, improvisando divertidas mezclas de palabras italianas con acento del V\u00e9neto y referencias al l\u00e9xico espa\u00f1ol cogidas de aqu\u00ed y de all\u00e1 (la esencia del ita\u00f1ol parecido al que est\u00e1 creciendo en el banco), mientras discutimos del Banco Mundial y de la econom\u00eda circular, de los eucaliptos y las emisiones de CO2, de la responsabilidad social de la empresa, los fondos \u00e9ticos y la desintermediaci\u00f3n. Y tambi\u00e9n de la paz y del T\u00edbet; Roberto ha hecho bien tray\u00e9ndose dos grandes banderas tem\u00e1ticas que saca de la mochila el \u00faltimo d\u00eda de camino y con las que literalmente arrasa, a juzgar por las peticiones de foto colectiva de los grupos de caminantes m\u00e1s diversos con los que nos hemos familiarizado a lo largo del Camino. Acompa\u00f1ados de las banderas por la paz y por la libertad del T\u00edbet, llegamos a la plaza de la Catedral de Santiago el viernes por la tarde, con una plausible sensaci\u00f3n de triunfo y la acogida de un aplauso inesperado.<\/p>\n<p><strong>S\u00ed, porque al ir a pie a Santiago, etapa a etapa, lo intangible se hace tangible<\/strong>: el universalismo de un peque\u00f1o pueblo en movimiento, cuya elecci\u00f3n destaca frente al frenes\u00ed existencial ordinario, un pueblo que busca una paciencia interior de vida; la fuerza aglutinante que surge del caminar y de la lentitud del paso, de la libertad de descansar y contemplar que permite el viaje a pie; la energ\u00eda espiritual que se alimenta del caminar de todos y todas en una direcci\u00f3n com\u00fan; la certeza de reencontrarse varias veces a lo largo del trayecto y de buscarse para sacarse una foto mutuamente o para compartir las fatigas y los pensamientos del sendero; La familiaridad y el esp\u00edritu de solidaridad.<br \/>\n\t<br \/>\n\tLo sabe la deportiva se\u00f1ora de Taiw\u00e1n que se cay\u00f3 al suelo mientras sacaba fotograf\u00edas y que experiment\u00f3 de primera mano la profesionalidad samaritana de Raphael y Arturo y su generosidad equipada con materiales inesperados. Se ganaron el aplauso de un nutrido grupo de peregrinos que la esperaba en el pr\u00f3ximo pueblo, lo l\u00f3gico en esas circunstancias.<\/p>\n<p>Pero hay m\u00e1s. Tambi\u00e9n hay silencios y caminatas en solitario ganadas al esp\u00edritu de grupo, est\u00e1 el caminar uno al lado del otro sin decir palabra porque no hace falta y la necesidad de hablar disminuye a medida que pasan los d\u00edas y se refuerza el sentimiento de amistad, a medida que las etapas se alargan (30 km el mi\u00e9rcoles) y la lluvia cae densa sobre nuestras cabezas y nuestros pasos. 2 d\u00edas de sol, 3 d\u00edas de aguaceros y lluvia, pero pod\u00eda haber sido peor.<br \/>\n\t<br \/>\n\tPara nuestro grupo originario, al que se uni\u00f3 Anna de Tenerife en la segunda parte del camino, el proceso ha tenido m\u00e1s implicaciones significativas. Gracias a la minuciosidad organizativa de Manuel, tuvimos la oportunidad de visitar a lo largo del camino algunos proyectos financiados por Fiare. La parada en el pueblo rural de Arqueixal, cercano a Palas de Rei, nos permiti\u00f3 conocer de cerca la experiencia visionaria de Jos\u00e9 Luis, un hombre de sabidur\u00eda antigua y elecciones pioneras que intenta enlazar de una forma original las antiguas costumbres agr\u00edcolas de Galicia con la necesidad de nuevos estilos sostenibles de vida, un trabajo que entreteje cultura y formaci\u00f3n, ecoturismo y producci\u00f3n agr\u00edcola de calidad. La cena de Arqueixal, preparada por el carism\u00e1tico Lucas, es un s\u00edmbolo de nutrici\u00f3n y salud inolvidable, como coment\u00f3 acertadamente Roberto.<\/p>\n<p>Volvimos a encontrar a Lucas, junto con Carmela, Jes\u00fas (el peque\u00f1o) y los dem\u00e1s amigos la noche de nuestra llegada a Santiago, cuando las socias y socios espa\u00f1oles, reunidos para la asamblea de Fiare, nos dieron una calurosa acogida, llena de curiosidad y sorpresa. Tampoco nosotros nos lo pod\u00edamos creer. No esper\u00e1bamos que todo fuera tan bien: la compa\u00f1\u00eda, el camino, la fuerte dimensi\u00f3n social y emotiva de esta semana. Estamos algo trastornados y tambi\u00e9n preocupados, m\u00e1s que cansados.<\/p>\n<p><strong>Nuestro viaje ha terminado. \u00bfPero no podr\u00edamos volver a empezar?&#8221;<\/strong><\/p>\n<p><br \/>\n\t&nbsp;<\/p>\n<\/div>","protected":false},"excerpt":{"rendered":"<p>El 13 de mayo tuvo lugar, simult\u00e1neamente en Tur\u00edn y en Santiago de Compostela, la Asamblea de personas socias de Banca Etica. Un grupo de personas opt\u00f3 por llegar a la capital de Galicia a pie recorriendo una parte del Camino de Santiago. Entre estas personas estaba la consejera de administraci\u00f3n Nicoletta Dentico, que nos cuenta su experiencia:<\/p>\n<p>El primer suceso hermoso fue que llegamos a la peque\u00f1a Plaza de la Constituci\u00f3n, en la parte vieja de Sarria, dispersos, casi sin conocernos y hasta con cierta timidez ling\u00fc\u00edstica. Un grupo italo-espa\u00f1ol organizado por la sabidur\u00eda conspiradora de Albert, el referente sociocultural de Barcelona, sin m\u00e1s antecedente que un prop\u00f3sito com\u00fan: caminar juntos hasta a Santiago a tiempo de participar en la Asamblea Anual de Fiare Banca Etica. Y as\u00ed, paso a paso, conferirle una sensaci\u00f3n in\u00e9dita de movimiento a un banco que, en su hacer, se siente cada vez m\u00e1s mediterr\u00e1neo y europeo.<\/p>\n","protected":false},"author":2,"featured_media":325671,"comment_status":"open","ping_status":"closed","sticky":false,"template":"","format":"standard","meta":{"_acf_changed":false,"footnotes":""},"categories":[11644],"tags":[],"coauthors":[],"class_list":["post-345701","post","type-post","status-publish","format-standard","has-post-thumbnail","hentry","category-finantza-etikoak"],"acf":[],"yoast_head":"<!-- This site is optimized with the Yoast SEO plugin v26.9 - https:\/\/yoast.com\/product\/yoast-seo-wordpress\/ -->\n<title>A la asamblea pasando por el Camino de Santiago - Fiare Banca Etica<\/title>\n<meta name=\"robots\" content=\"index, follow, max-snippet:-1, max-image-preview:large, max-video-preview:-1\" \/>\n<link rel=\"canonical\" href=\"https:\/\/www.fiarebancaetica.coop\/eu\/a-la-asamblea-pasando-por-el-camino-de-santiago\/\" \/>\n<meta property=\"og:locale\" content=\"eu_ES\" \/>\n<meta property=\"og:type\" content=\"article\" \/>\n<meta property=\"og:title\" content=\"A la asamblea pasando por el Camino de Santiago - Fiare Banca Etica\" \/>\n<meta property=\"og:description\" content=\"El 13 de mayo tuvo lugar, simult\u00e1neamente en Tur\u00edn y en Santiago de Compostela, la Asamblea de personas socias de Banca Etica. Un grupo de personas opt\u00f3 por llegar a la capital de Galicia a pie recorriendo una parte del Camino de Santiago. Entre estas personas estaba la consejera de administraci\u00f3n Nicoletta Dentico, que nos cuenta su experiencia: El primer suceso hermoso fue que llegamos a la peque\u00f1a Plaza de la Constituci\u00f3n, en la parte vieja de Sarria, dispersos, casi sin conocernos y hasta con cierta timidez ling\u00fc\u00edstica. Un grupo italo-espa\u00f1ol organizado por la sabidur\u00eda conspiradora de Albert, el referente sociocultural de Barcelona, sin m\u00e1s antecedente que un prop\u00f3sito com\u00fan: caminar juntos hasta a Santiago a tiempo de participar en la Asamblea Anual de Fiare Banca Etica. Y as\u00ed, paso a paso, conferirle una sensaci\u00f3n in\u00e9dita de movimiento a un banco que, en su hacer, se siente cada vez m\u00e1s mediterr\u00e1neo y europeo.\" \/>\n<meta property=\"og:url\" content=\"https:\/\/www.fiarebancaetica.coop\/eu\/a-la-asamblea-pasando-por-el-camino-de-santiago\/\" \/>\n<meta property=\"og:site_name\" content=\"Fiare Banca Etica\" \/>\n<meta property=\"article:published_time\" content=\"2017-06-01T22:00:00+00:00\" \/>\n<meta property=\"article:modified_time\" content=\"2024-02-21T14:54:55+00:00\" \/>\n<meta property=\"og:image\" content=\"https:\/\/www.fiarebancaetica.coop\/app\/uploads\/sites\/2\/2023\/12\/asamblea-pasando-por-el-camino-de-santiago.jpg\" \/>\n\t<meta property=\"og:image:width\" content=\"540\" \/>\n\t<meta property=\"og:image:height\" content=\"189\" \/>\n\t<meta property=\"og:image:type\" content=\"image\/jpeg\" \/>\n<meta name=\"author\" content=\"crispyadmin0\" \/>\n<meta name=\"twitter:card\" content=\"summary_large_image\" \/>\n<script type=\"application\/ld+json\" class=\"yoast-schema-graph\">{\"@context\":\"https:\/\/schema.org\",\"@graph\":[{\"@type\":\"Article\",\"@id\":\"https:\/\/www.fiarebancaetica.coop\/eu\/a-la-asamblea-pasando-por-el-camino-de-santiago\/#article\",\"isPartOf\":{\"@id\":\"https:\/\/www.fiarebancaetica.coop\/eu\/a-la-asamblea-pasando-por-el-camino-de-santiago\/\"},\"author\":{\"name\":\"crispyadmin0\",\"@id\":\"https:\/\/www.fiarebancaetica.coop\/eu\/#\/schema\/person\/579841e89c804b5db05d9141bd9b8272\"},\"headline\":\"A la asamblea pasando por el Camino de Santiago\",\"datePublished\":\"2017-06-01T22:00:00+00:00\",\"dateModified\":\"2024-02-21T14:54:55+00:00\",\"mainEntityOfPage\":{\"@id\":\"https:\/\/www.fiarebancaetica.coop\/eu\/a-la-asamblea-pasando-por-el-camino-de-santiago\/\"},\"wordCount\":1420,\"commentCount\":0,\"image\":{\"@id\":\"https:\/\/www.fiarebancaetica.coop\/eu\/a-la-asamblea-pasando-por-el-camino-de-santiago\/#primaryimage\"},\"thumbnailUrl\":\"https:\/\/www.fiarebancaetica.coop\/app\/uploads\/sites\/2\/2023\/12\/asamblea-pasando-por-el-camino-de-santiago.jpg\",\"articleSection\":[\"Finantza etikoak\"],\"inLanguage\":\"eu\",\"potentialAction\":[{\"@type\":\"CommentAction\",\"name\":\"Comment\",\"target\":[\"https:\/\/www.fiarebancaetica.coop\/eu\/a-la-asamblea-pasando-por-el-camino-de-santiago\/#respond\"]}]},{\"@type\":\"WebPage\",\"@id\":\"https:\/\/www.fiarebancaetica.coop\/eu\/a-la-asamblea-pasando-por-el-camino-de-santiago\/\",\"url\":\"https:\/\/www.fiarebancaetica.coop\/eu\/a-la-asamblea-pasando-por-el-camino-de-santiago\/\",\"name\":\"A la asamblea pasando por el Camino de Santiago - Fiare Banca Etica\",\"isPartOf\":{\"@id\":\"https:\/\/www.fiarebancaetica.coop\/eu\/#website\"},\"primaryImageOfPage\":{\"@id\":\"https:\/\/www.fiarebancaetica.coop\/eu\/a-la-asamblea-pasando-por-el-camino-de-santiago\/#primaryimage\"},\"image\":{\"@id\":\"https:\/\/www.fiarebancaetica.coop\/eu\/a-la-asamblea-pasando-por-el-camino-de-santiago\/#primaryimage\"},\"thumbnailUrl\":\"https:\/\/www.fiarebancaetica.coop\/app\/uploads\/sites\/2\/2023\/12\/asamblea-pasando-por-el-camino-de-santiago.jpg\",\"datePublished\":\"2017-06-01T22:00:00+00:00\",\"dateModified\":\"2024-02-21T14:54:55+00:00\",\"author\":{\"@id\":\"https:\/\/www.fiarebancaetica.coop\/eu\/#\/schema\/person\/579841e89c804b5db05d9141bd9b8272\"},\"breadcrumb\":{\"@id\":\"https:\/\/www.fiarebancaetica.coop\/eu\/a-la-asamblea-pasando-por-el-camino-de-santiago\/#breadcrumb\"},\"inLanguage\":\"eu\",\"potentialAction\":[{\"@type\":\"ReadAction\",\"target\":[\"https:\/\/www.fiarebancaetica.coop\/eu\/a-la-asamblea-pasando-por-el-camino-de-santiago\/\"]}]},{\"@type\":\"ImageObject\",\"inLanguage\":\"eu\",\"@id\":\"https:\/\/www.fiarebancaetica.coop\/eu\/a-la-asamblea-pasando-por-el-camino-de-santiago\/#primaryimage\",\"url\":\"https:\/\/www.fiarebancaetica.coop\/app\/uploads\/sites\/2\/2023\/12\/asamblea-pasando-por-el-camino-de-santiago.jpg\",\"contentUrl\":\"https:\/\/www.fiarebancaetica.coop\/app\/uploads\/sites\/2\/2023\/12\/asamblea-pasando-por-el-camino-de-santiago.jpg\",\"width\":540,\"height\":189},{\"@type\":\"BreadcrumbList\",\"@id\":\"https:\/\/www.fiarebancaetica.coop\/eu\/a-la-asamblea-pasando-por-el-camino-de-santiago\/#breadcrumb\",\"itemListElement\":[{\"@type\":\"ListItem\",\"position\":1,\"name\":\"Home\",\"item\":\"https:\/\/www.fiarebancaetica.coop\/eu\/\"},{\"@type\":\"ListItem\",\"position\":2,\"name\":\"A la asamblea pasando por el Camino de Santiago\"}]},{\"@type\":\"WebSite\",\"@id\":\"https:\/\/www.fiarebancaetica.coop\/eu\/#website\",\"url\":\"https:\/\/www.fiarebancaetica.coop\/eu\/\",\"name\":\"Fiare Banca Etica\",\"description\":\"\",\"potentialAction\":[{\"@type\":\"SearchAction\",\"target\":{\"@type\":\"EntryPoint\",\"urlTemplate\":\"https:\/\/www.fiarebancaetica.coop\/eu\/?s={search_term_string}\"},\"query-input\":{\"@type\":\"PropertyValueSpecification\",\"valueRequired\":true,\"valueName\":\"search_term_string\"}}],\"inLanguage\":\"eu\"},{\"@type\":\"Person\",\"@id\":\"https:\/\/www.fiarebancaetica.coop\/eu\/#\/schema\/person\/579841e89c804b5db05d9141bd9b8272\",\"name\":\"crispyadmin0\",\"image\":{\"@type\":\"ImageObject\",\"inLanguage\":\"eu\",\"@id\":\"https:\/\/www.fiarebancaetica.coop\/eu\/#\/schema\/person\/image\/5f3a6b7786f32f4c35bd2b1a5a4698ea\",\"url\":\"https:\/\/secure.gravatar.com\/avatar\/4d2cfb499d497b6d49da659fab7404b243a87fe8e40d2cf97a1cae48f677f5b2?s=96&d=mm&r=g\",\"contentUrl\":\"https:\/\/secure.gravatar.com\/avatar\/4d2cfb499d497b6d49da659fab7404b243a87fe8e40d2cf97a1cae48f677f5b2?s=96&d=mm&r=g\",\"caption\":\"crispyadmin0\"},\"sameAs\":[\"crispyadmin0\"]}]}<\/script>\n<!-- \/ Yoast SEO plugin. -->","yoast_head_json":{"title":"A la asamblea pasando por el Camino de Santiago - Fiare Banca Etica","robots":{"index":"index","follow":"follow","max-snippet":"max-snippet:-1","max-image-preview":"max-image-preview:large","max-video-preview":"max-video-preview:-1"},"canonical":"https:\/\/www.fiarebancaetica.coop\/eu\/a-la-asamblea-pasando-por-el-camino-de-santiago\/","og_locale":"eu_ES","og_type":"article","og_title":"A la asamblea pasando por el Camino de Santiago - Fiare Banca Etica","og_description":"El 13 de mayo tuvo lugar, simult\u00e1neamente en Tur\u00edn y en Santiago de Compostela, la Asamblea de personas socias de Banca Etica. Un grupo de personas opt\u00f3 por llegar a la capital de Galicia a pie recorriendo una parte del Camino de Santiago. Entre estas personas estaba la consejera de administraci\u00f3n Nicoletta Dentico, que nos cuenta su experiencia: El primer suceso hermoso fue que llegamos a la peque\u00f1a Plaza de la Constituci\u00f3n, en la parte vieja de Sarria, dispersos, casi sin conocernos y hasta con cierta timidez ling\u00fc\u00edstica. Un grupo italo-espa\u00f1ol organizado por la sabidur\u00eda conspiradora de Albert, el referente sociocultural de Barcelona, sin m\u00e1s antecedente que un prop\u00f3sito com\u00fan: caminar juntos hasta a Santiago a tiempo de participar en la Asamblea Anual de Fiare Banca Etica. Y as\u00ed, paso a paso, conferirle una sensaci\u00f3n in\u00e9dita de movimiento a un banco que, en su hacer, se siente cada vez m\u00e1s mediterr\u00e1neo y europeo.","og_url":"https:\/\/www.fiarebancaetica.coop\/eu\/a-la-asamblea-pasando-por-el-camino-de-santiago\/","og_site_name":"Fiare Banca Etica","article_published_time":"2017-06-01T22:00:00+00:00","article_modified_time":"2024-02-21T14:54:55+00:00","og_image":[{"width":540,"height":189,"url":"https:\/\/www.fiarebancaetica.coop\/app\/uploads\/sites\/2\/2023\/12\/asamblea-pasando-por-el-camino-de-santiago.jpg","type":"image\/jpeg"}],"author":"crispyadmin0","twitter_card":"summary_large_image","schema":{"@context":"https:\/\/schema.org","@graph":[{"@type":"Article","@id":"https:\/\/www.fiarebancaetica.coop\/eu\/a-la-asamblea-pasando-por-el-camino-de-santiago\/#article","isPartOf":{"@id":"https:\/\/www.fiarebancaetica.coop\/eu\/a-la-asamblea-pasando-por-el-camino-de-santiago\/"},"author":{"name":"crispyadmin0","@id":"https:\/\/www.fiarebancaetica.coop\/eu\/#\/schema\/person\/579841e89c804b5db05d9141bd9b8272"},"headline":"A la asamblea pasando por el Camino de Santiago","datePublished":"2017-06-01T22:00:00+00:00","dateModified":"2024-02-21T14:54:55+00:00","mainEntityOfPage":{"@id":"https:\/\/www.fiarebancaetica.coop\/eu\/a-la-asamblea-pasando-por-el-camino-de-santiago\/"},"wordCount":1420,"commentCount":0,"image":{"@id":"https:\/\/www.fiarebancaetica.coop\/eu\/a-la-asamblea-pasando-por-el-camino-de-santiago\/#primaryimage"},"thumbnailUrl":"https:\/\/www.fiarebancaetica.coop\/app\/uploads\/sites\/2\/2023\/12\/asamblea-pasando-por-el-camino-de-santiago.jpg","articleSection":["Finantza etikoak"],"inLanguage":"eu","potentialAction":[{"@type":"CommentAction","name":"Comment","target":["https:\/\/www.fiarebancaetica.coop\/eu\/a-la-asamblea-pasando-por-el-camino-de-santiago\/#respond"]}]},{"@type":"WebPage","@id":"https:\/\/www.fiarebancaetica.coop\/eu\/a-la-asamblea-pasando-por-el-camino-de-santiago\/","url":"https:\/\/www.fiarebancaetica.coop\/eu\/a-la-asamblea-pasando-por-el-camino-de-santiago\/","name":"A la asamblea pasando por el Camino de Santiago - Fiare Banca Etica","isPartOf":{"@id":"https:\/\/www.fiarebancaetica.coop\/eu\/#website"},"primaryImageOfPage":{"@id":"https:\/\/www.fiarebancaetica.coop\/eu\/a-la-asamblea-pasando-por-el-camino-de-santiago\/#primaryimage"},"image":{"@id":"https:\/\/www.fiarebancaetica.coop\/eu\/a-la-asamblea-pasando-por-el-camino-de-santiago\/#primaryimage"},"thumbnailUrl":"https:\/\/www.fiarebancaetica.coop\/app\/uploads\/sites\/2\/2023\/12\/asamblea-pasando-por-el-camino-de-santiago.jpg","datePublished":"2017-06-01T22:00:00+00:00","dateModified":"2024-02-21T14:54:55+00:00","author":{"@id":"https:\/\/www.fiarebancaetica.coop\/eu\/#\/schema\/person\/579841e89c804b5db05d9141bd9b8272"},"breadcrumb":{"@id":"https:\/\/www.fiarebancaetica.coop\/eu\/a-la-asamblea-pasando-por-el-camino-de-santiago\/#breadcrumb"},"inLanguage":"eu","potentialAction":[{"@type":"ReadAction","target":["https:\/\/www.fiarebancaetica.coop\/eu\/a-la-asamblea-pasando-por-el-camino-de-santiago\/"]}]},{"@type":"ImageObject","inLanguage":"eu","@id":"https:\/\/www.fiarebancaetica.coop\/eu\/a-la-asamblea-pasando-por-el-camino-de-santiago\/#primaryimage","url":"https:\/\/www.fiarebancaetica.coop\/app\/uploads\/sites\/2\/2023\/12\/asamblea-pasando-por-el-camino-de-santiago.jpg","contentUrl":"https:\/\/www.fiarebancaetica.coop\/app\/uploads\/sites\/2\/2023\/12\/asamblea-pasando-por-el-camino-de-santiago.jpg","width":540,"height":189},{"@type":"BreadcrumbList","@id":"https:\/\/www.fiarebancaetica.coop\/eu\/a-la-asamblea-pasando-por-el-camino-de-santiago\/#breadcrumb","itemListElement":[{"@type":"ListItem","position":1,"name":"Home","item":"https:\/\/www.fiarebancaetica.coop\/eu\/"},{"@type":"ListItem","position":2,"name":"A la asamblea pasando por el Camino de Santiago"}]},{"@type":"WebSite","@id":"https:\/\/www.fiarebancaetica.coop\/eu\/#website","url":"https:\/\/www.fiarebancaetica.coop\/eu\/","name":"Fiare Banca Etica","description":"","potentialAction":[{"@type":"SearchAction","target":{"@type":"EntryPoint","urlTemplate":"https:\/\/www.fiarebancaetica.coop\/eu\/?s={search_term_string}"},"query-input":{"@type":"PropertyValueSpecification","valueRequired":true,"valueName":"search_term_string"}}],"inLanguage":"eu"},{"@type":"Person","@id":"https:\/\/www.fiarebancaetica.coop\/eu\/#\/schema\/person\/579841e89c804b5db05d9141bd9b8272","name":"crispyadmin0","image":{"@type":"ImageObject","inLanguage":"eu","@id":"https:\/\/www.fiarebancaetica.coop\/eu\/#\/schema\/person\/image\/5f3a6b7786f32f4c35bd2b1a5a4698ea","url":"https:\/\/secure.gravatar.com\/avatar\/4d2cfb499d497b6d49da659fab7404b243a87fe8e40d2cf97a1cae48f677f5b2?s=96&d=mm&r=g","contentUrl":"https:\/\/secure.gravatar.com\/avatar\/4d2cfb499d497b6d49da659fab7404b243a87fe8e40d2cf97a1cae48f677f5b2?s=96&d=mm&r=g","caption":"crispyadmin0"},"sameAs":["crispyadmin0"]}]}},"_links":{"self":[{"href":"https:\/\/www.fiarebancaetica.coop\/eu\/wp-json\/wp\/v2\/posts\/345701","targetHints":{"allow":["GET"]}}],"collection":[{"href":"https:\/\/www.fiarebancaetica.coop\/eu\/wp-json\/wp\/v2\/posts"}],"about":[{"href":"https:\/\/www.fiarebancaetica.coop\/eu\/wp-json\/wp\/v2\/types\/post"}],"author":[{"embeddable":true,"href":"https:\/\/www.fiarebancaetica.coop\/eu\/wp-json\/wp\/v2\/users\/2"}],"replies":[{"embeddable":true,"href":"https:\/\/www.fiarebancaetica.coop\/eu\/wp-json\/wp\/v2\/comments?post=345701"}],"version-history":[{"count":1,"href":"https:\/\/www.fiarebancaetica.coop\/eu\/wp-json\/wp\/v2\/posts\/345701\/revisions"}],"predecessor-version":[{"id":353630,"href":"https:\/\/www.fiarebancaetica.coop\/eu\/wp-json\/wp\/v2\/posts\/345701\/revisions\/353630"}],"wp:featuredmedia":[{"embeddable":true,"href":"https:\/\/www.fiarebancaetica.coop\/eu\/wp-json\/wp\/v2\/media\/325671"}],"wp:attachment":[{"href":"https:\/\/www.fiarebancaetica.coop\/eu\/wp-json\/wp\/v2\/media?parent=345701"}],"wp:term":[{"taxonomy":"category","embeddable":true,"href":"https:\/\/www.fiarebancaetica.coop\/eu\/wp-json\/wp\/v2\/categories?post=345701"},{"taxonomy":"post_tag","embeddable":true,"href":"https:\/\/www.fiarebancaetica.coop\/eu\/wp-json\/wp\/v2\/tags?post=345701"},{"taxonomy":"author","embeddable":true,"href":"https:\/\/www.fiarebancaetica.coop\/eu\/wp-json\/wp\/v2\/coauthors?post=345701"}],"curies":[{"name":"wp","href":"https:\/\/api.w.org\/{rel}","templated":true}]}}