{"id":345702,"date":"2017-06-01T00:00:00","date_gmt":"2017-05-31T22:00:00","guid":{"rendered":"https:\/\/www.fiarebancaetica.coop\/peru-sasia-nuevo-presidente-de-la-federacion-europea-de-bancos-eticos-y-alternativos\/"},"modified":"2024-02-21T15:54:57","modified_gmt":"2024-02-21T14:54:57","slug":"peru-sasia-nuevo-presidente-de-la-federacion-europea-de-bancos-eticos-y-alternativos","status":"publish","type":"post","link":"https:\/\/www.fiarebancaetica.coop\/eu\/peru-sasia-nuevo-presidente-de-la-federacion-europea-de-bancos-eticos-y-alternativos\/","title":{"rendered":"Peru Sasia, nuevo presidente de la Federaci\u00f3n Europea de Bancos \u00c9ticos y Alternativos"},"content":{"rendered":"\n\n<div class=\"wp-block-bancaetica-blocks-blocks-block-49\">\n    <div class=\"container-block-49\">\n\n        <div class=\"header-section \">\n                            <h1 class=\"section-title\"> Etica e cooperativa <\/h1>\n                                            <\/div>\n\n        \n        <div class=\"block-background\" style=\"background-image: url('https:\/\/www.fiarebancaetica.coop\/app\/uploads\/sites\/2\/2023\/12\/peru-sasia-nuevo-presidente-de-federacion-europea-de-bancos-eticos-y-alternativos.jpg')\">\n                            <div class=\"tile\">\n                    <h1 class=\"image-title\"> Peru Sasia, nuevo presidente de la Federaci\u00f3n Europea de Bancos \u00c9ticos y Alternativos <\/h1>\n                <\/div>             <!-- end .tile -->\n            <div class=\"bottom-content\">\n                            <\/div> <!-- end .button-content -->\n        <\/div> <!-- end .block-background -->\n    <\/div> <!-- end .container -->\n<\/div> <!-- end wp-block-bancaetica-blocks-blocks-block-06 -->\n\n\n<div class=\"wrapper-crispybacon-class wrapper-crispybacon-class-boxed \">\n    <p><a href=\"#cat\">Catal\u00e0<\/a><\/p>\n<p>El Consejero de Banca Etica y presidente de la Fundaci\u00f3n Fiare ha sido elegido presidente de la Federaci\u00f3n&nbsp; que representa 26 organizaci\u00f3nes de finanzas \u00e9ticas en Europa<\/p>\n<p><em><strong>1 de junio de 2017&nbsp;<\/strong><\/em><\/p>\n<p>Ayer tuvo lugar en Varsovia, <strong>la asamblea de la Federaci\u00f3n Europea de Bancos \u00c9ticos y Alternativos, con la renovaci\u00f3n de su Consejo de Administraci\u00f3n y la elecci\u00f3n del nuevo presidente. <\/strong>Peru Sasia, Consejero de Administraci\u00f3n en representaci\u00f3n de Banca Etica, ha sido elegido como presidente una vez cumplido Fabio Salviato su ciclo de mandato.<\/p>\n<p>La Federaci\u00f3n Europea de Bancos \u00c9ticos y Alternativos, es una organizaci\u00f3n sin \u00e1nimo de lucro constituida en 2001 para el desarrollo de las finanzas \u00e9ticas y solidarias en Europa. Febea fue fundada por Banca Etica (Italia \/ Espa\u00f1a) junto a Cr\u00e9dit Coop\u00e9ratif y Caisse Solidaire du Nord Pas-de-Calais (Francia), Cr\u00e9dal y Hefboom (B\u00e9lgica) y TISE (Polonia).<\/p>\n<p>Tras la aprobaci\u00f3n ayer de la entrada de tres nuevos miembros de Portugal, Austria e Irlanda, la Federaci\u00f3n integra hoy 1<strong>3 bancos, 10 cooperativas financieras, 4 sociedades de inversi\u00f3n y 2 Fundaciones procedentes de 17 pa\u00edses europeos.<\/strong><\/p>\n<p>Las instituciones representadas en FEBEA tienen m\u00e1s de 3.300 empleados, 250 filiales y&nbsp; de 200.000 personas socias. Estas entidades presentan un activo total superior a los de 30 mil miliones de euros y 670.000 clientes.<\/p>\n<p><em><strong>\u201cEstoy muy orgulloso de poder representar la Federaci\u00f3n Europea de Bancos \u00c9ticos y Alternativos. <\/strong>A nivel europeo estamos viendo el constante desarrollo de las finanzas \u00e9ticas, pero de momento solo en un pa\u00eds, Italia, se ha definido a nivel legislativo la banca \u00e9tica. &#8211; ha comentado Peru Sasia &#8211; FEBEA puede crecer como movimento incluyendo y apoyando las diferentes experiencias de finanzas \u00e9ticas y alternativas que se est\u00e1n&nbsp; poniendo en marcha en estos a\u00f1os. Tenemos asimismo una buena oportunidad para impulsar un debate pol\u00edtico en Europa que reconozca la especificidad de las finanzas \u00e9ticas como realidades que impactan de manera muy significativa en el bienestar de muchas personas y comunidades y promueven la econom\u00eda social y solidaria&#8221;.<\/em><\/p>\n<p><strong>Para ampliar la informaci\u00f3n:&nbsp;<\/strong>www.febea.org<\/p>\n<p>&nbsp;<\/p>\n<p>__________________________________________________________________<\/p>\n<p>&nbsp;<\/p>\n<h2>\n\t<a id=\"cat\" name=\"cat\"><\/a>Peru Sasia, nou president de la Federaci\u00f3 Europea de Bancs \u00c8tics i Alternatius<\/h2>\n<p>El Conseller de Banca Etica i President de la Fundaci\u00f3 Fiare ha sigut elegit president de la Federaci\u00f3 que <strong>representa 26 organitzacions de finances \u00e8tiques en Europa<\/strong>.<br \/>\n\t<br \/>\n\tLa setmana passada va tenir lloc a Vars\u00f2via,<strong> l\u2019assemblea de la Federaci\u00f3 Europea de Bancs \u00c8tics i Alternatius, amb la renovaci\u00f3 del seu Consell d\u2019Administraci\u00f3 i l\u2019elecci\u00f3 del nou president. <\/strong>Peru Sasia, Conseller d\u2019Administraci\u00f3 en representaci\u00f3 de Banca \u00c8tica, ha estat escollit com a president una vegada s\u2019ha complert el cicle de mandat de Fabio Salviato.La Federaci\u00f3 Europea de Bancs \u00c8tics i Alternatius, \u00e9s una organitzaci\u00f3 sense \u00e0nim de lucre constitu\u00efda el 2001 per al desenvolupament de les finances \u00e8tiques i solid\u00e0ries a Europa. FEBEA va ser fundada per Banca \u00c8tica (It\u00e0lia\/Espanya) amb Cr\u00e8dit Coop\u00e9ratif i Caisse Solidaire du Nord Pas-de-Calais (Fran\u00e7a), Cr\u00e9dal i Hefboom (B\u00e8lgica) i TISE (Pol\u00f2nia).<br \/>\n\t<br \/>\n\tDespr\u00e9s de l\u2019aprovaci\u00f3 ahir de l\u2019entrada de tres nous membres de Portugal, \u00c0ustria e Irlanda, la Federaci\u00f3 <strong>integra avui 13 bancs, 10 cooperatives financeres, 4 societats d\u2019inversi\u00f3 i 2 Fundacions procedents de 17 pa\u00efsos europeus.<\/strong><\/p>\n<p>Las institucions representades en FEBEA tenen m\u00e9s de 3.300 treballadors, 250 filials i m\u00e9s de 200.000 persones s\u00f2cies. Aquestes entitats presenten un actiu total superior a 30 mil milions d\u2019euros i 670.000 clients.<\/p>\n<p><strong>M\u00e9s informaci\u00f3: <\/strong>www.febea.org<\/p>\n<p>&nbsp;<\/p>\n<p>&nbsp;<\/p>\n<\/div>","protected":false},"excerpt":{"rendered":"<p>El Consejero de Banca Etica y presidente de la Fundaci\u00f3n Fiare &nbsp;ha sido elegido presidente de la Federaci\u00f3n&nbsp; que representa 26 organizaci\u00f3nes de finanzas \u00e9ticas en Europa<\/p>\n","protected":false},"author":2,"featured_media":325665,"comment_status":"open","ping_status":"closed","sticky":false,"template":"","format":"standard","meta":{"_acf_changed":false,"footnotes":""},"categories":[11644],"tags":[],"coauthors":[],"class_list":["post-345702","post","type-post","status-publish","format-standard","has-post-thumbnail","hentry","category-finantza-etikoak"],"acf":[],"yoast_head":"<!-- This site is optimized with the Yoast SEO plugin v26.9 - https:\/\/yoast.com\/product\/yoast-seo-wordpress\/ -->\n<title>Peru Sasia, nuevo presidente de la Federaci\u00f3n Europea de Bancos \u00c9ticos y Alternativos - Fiare Banca Etica<\/title>\n<meta name=\"robots\" content=\"index, follow, max-snippet:-1, max-image-preview:large, max-video-preview:-1\" \/>\n<link rel=\"canonical\" href=\"https:\/\/www.fiarebancaetica.coop\/eu\/peru-sasia-nuevo-presidente-de-la-federacion-europea-de-bancos-eticos-y-alternativos\/\" \/>\n<meta property=\"og:locale\" content=\"eu_ES\" \/>\n<meta property=\"og:type\" content=\"article\" \/>\n<meta property=\"og:title\" content=\"Peru Sasia, nuevo presidente de la Federaci\u00f3n Europea de Bancos \u00c9ticos y Alternativos - Fiare Banca Etica\" \/>\n<meta property=\"og:description\" content=\"El Consejero de Banca Etica y presidente de la Fundaci\u00f3n Fiare &nbsp;ha sido elegido presidente de la Federaci\u00f3n&nbsp; que representa 26 organizaci\u00f3nes de finanzas \u00e9ticas en Europa\" \/>\n<meta property=\"og:url\" content=\"https:\/\/www.fiarebancaetica.coop\/eu\/peru-sasia-nuevo-presidente-de-la-federacion-europea-de-bancos-eticos-y-alternativos\/\" \/>\n<meta property=\"og:site_name\" content=\"Fiare Banca Etica\" \/>\n<meta property=\"article:published_time\" content=\"2017-05-31T22:00:00+00:00\" \/>\n<meta property=\"article:modified_time\" content=\"2024-02-21T14:54:57+00:00\" \/>\n<meta property=\"og:image\" content=\"https:\/\/www.fiarebancaetica.coop\/app\/uploads\/sites\/2\/2023\/12\/peru-sasia-nuevo-presidente-de-federacion-europea-de-bancos-eticos-y-alternativos.jpg\" \/>\n\t<meta property=\"og:image:width\" content=\"540\" \/>\n\t<meta property=\"og:image:height\" content=\"189\" \/>\n\t<meta property=\"og:image:type\" content=\"image\/jpeg\" \/>\n<meta name=\"author\" content=\"crispyadmin0\" \/>\n<meta name=\"twitter:card\" content=\"summary_large_image\" \/>\n<script type=\"application\/ld+json\" class=\"yoast-schema-graph\">{\"@context\":\"https:\/\/schema.org\",\"@graph\":[{\"@type\":\"Article\",\"@id\":\"https:\/\/www.fiarebancaetica.coop\/eu\/peru-sasia-nuevo-presidente-de-la-federacion-europea-de-bancos-eticos-y-alternativos\/#article\",\"isPartOf\":{\"@id\":\"https:\/\/www.fiarebancaetica.coop\/eu\/peru-sasia-nuevo-presidente-de-la-federacion-europea-de-bancos-eticos-y-alternativos\/\"},\"author\":{\"name\":\"crispyadmin0\",\"@id\":\"https:\/\/www.fiarebancaetica.coop\/eu\/#\/schema\/person\/579841e89c804b5db05d9141bd9b8272\"},\"headline\":\"Peru Sasia, nuevo presidente de la Federaci\u00f3n Europea de Bancos \u00c9ticos y Alternativos\",\"datePublished\":\"2017-05-31T22:00:00+00:00\",\"dateModified\":\"2024-02-21T14:54:57+00:00\",\"mainEntityOfPage\":{\"@id\":\"https:\/\/www.fiarebancaetica.coop\/eu\/peru-sasia-nuevo-presidente-de-la-federacion-europea-de-bancos-eticos-y-alternativos\/\"},\"wordCount\":612,\"commentCount\":0,\"image\":{\"@id\":\"https:\/\/www.fiarebancaetica.coop\/eu\/peru-sasia-nuevo-presidente-de-la-federacion-europea-de-bancos-eticos-y-alternativos\/#primaryimage\"},\"thumbnailUrl\":\"https:\/\/www.fiarebancaetica.coop\/app\/uploads\/sites\/2\/2023\/12\/peru-sasia-nuevo-presidente-de-federacion-europea-de-bancos-eticos-y-alternativos.jpg\",\"articleSection\":[\"Finantza etikoak\"],\"inLanguage\":\"eu\",\"potentialAction\":[{\"@type\":\"CommentAction\",\"name\":\"Comment\",\"target\":[\"https:\/\/www.fiarebancaetica.coop\/eu\/peru-sasia-nuevo-presidente-de-la-federacion-europea-de-bancos-eticos-y-alternativos\/#respond\"]}]},{\"@type\":\"WebPage\",\"@id\":\"https:\/\/www.fiarebancaetica.coop\/eu\/peru-sasia-nuevo-presidente-de-la-federacion-europea-de-bancos-eticos-y-alternativos\/\",\"url\":\"https:\/\/www.fiarebancaetica.coop\/eu\/peru-sasia-nuevo-presidente-de-la-federacion-europea-de-bancos-eticos-y-alternativos\/\",\"name\":\"Peru Sasia, nuevo presidente de la Federaci\u00f3n Europea de Bancos \u00c9ticos y Alternativos - Fiare Banca Etica\",\"isPartOf\":{\"@id\":\"https:\/\/www.fiarebancaetica.coop\/eu\/#website\"},\"primaryImageOfPage\":{\"@id\":\"https:\/\/www.fiarebancaetica.coop\/eu\/peru-sasia-nuevo-presidente-de-la-federacion-europea-de-bancos-eticos-y-alternativos\/#primaryimage\"},\"image\":{\"@id\":\"https:\/\/www.fiarebancaetica.coop\/eu\/peru-sasia-nuevo-presidente-de-la-federacion-europea-de-bancos-eticos-y-alternativos\/#primaryimage\"},\"thumbnailUrl\":\"https:\/\/www.fiarebancaetica.coop\/app\/uploads\/sites\/2\/2023\/12\/peru-sasia-nuevo-presidente-de-federacion-europea-de-bancos-eticos-y-alternativos.jpg\",\"datePublished\":\"2017-05-31T22:00:00+00:00\",\"dateModified\":\"2024-02-21T14:54:57+00:00\",\"author\":{\"@id\":\"https:\/\/www.fiarebancaetica.coop\/eu\/#\/schema\/person\/579841e89c804b5db05d9141bd9b8272\"},\"breadcrumb\":{\"@id\":\"https:\/\/www.fiarebancaetica.coop\/eu\/peru-sasia-nuevo-presidente-de-la-federacion-europea-de-bancos-eticos-y-alternativos\/#breadcrumb\"},\"inLanguage\":\"eu\",\"potentialAction\":[{\"@type\":\"ReadAction\",\"target\":[\"https:\/\/www.fiarebancaetica.coop\/eu\/peru-sasia-nuevo-presidente-de-la-federacion-europea-de-bancos-eticos-y-alternativos\/\"]}]},{\"@type\":\"ImageObject\",\"inLanguage\":\"eu\",\"@id\":\"https:\/\/www.fiarebancaetica.coop\/eu\/peru-sasia-nuevo-presidente-de-la-federacion-europea-de-bancos-eticos-y-alternativos\/#primaryimage\",\"url\":\"https:\/\/www.fiarebancaetica.coop\/app\/uploads\/sites\/2\/2023\/12\/peru-sasia-nuevo-presidente-de-federacion-europea-de-bancos-eticos-y-alternativos.jpg\",\"contentUrl\":\"https:\/\/www.fiarebancaetica.coop\/app\/uploads\/sites\/2\/2023\/12\/peru-sasia-nuevo-presidente-de-federacion-europea-de-bancos-eticos-y-alternativos.jpg\",\"width\":540,\"height\":189},{\"@type\":\"BreadcrumbList\",\"@id\":\"https:\/\/www.fiarebancaetica.coop\/eu\/peru-sasia-nuevo-presidente-de-la-federacion-europea-de-bancos-eticos-y-alternativos\/#breadcrumb\",\"itemListElement\":[{\"@type\":\"ListItem\",\"position\":1,\"name\":\"Home\",\"item\":\"https:\/\/www.fiarebancaetica.coop\/eu\/\"},{\"@type\":\"ListItem\",\"position\":2,\"name\":\"Peru Sasia, nuevo presidente de la Federaci\u00f3n Europea de Bancos \u00c9ticos y Alternativos\"}]},{\"@type\":\"WebSite\",\"@id\":\"https:\/\/www.fiarebancaetica.coop\/eu\/#website\",\"url\":\"https:\/\/www.fiarebancaetica.coop\/eu\/\",\"name\":\"Fiare Banca Etica\",\"description\":\"\",\"potentialAction\":[{\"@type\":\"SearchAction\",\"target\":{\"@type\":\"EntryPoint\",\"urlTemplate\":\"https:\/\/www.fiarebancaetica.coop\/eu\/?s={search_term_string}\"},\"query-input\":{\"@type\":\"PropertyValueSpecification\",\"valueRequired\":true,\"valueName\":\"search_term_string\"}}],\"inLanguage\":\"eu\"},{\"@type\":\"Person\",\"@id\":\"https:\/\/www.fiarebancaetica.coop\/eu\/#\/schema\/person\/579841e89c804b5db05d9141bd9b8272\",\"name\":\"crispyadmin0\",\"image\":{\"@type\":\"ImageObject\",\"inLanguage\":\"eu\",\"@id\":\"https:\/\/www.fiarebancaetica.coop\/eu\/#\/schema\/person\/image\/5f3a6b7786f32f4c35bd2b1a5a4698ea\",\"url\":\"https:\/\/secure.gravatar.com\/avatar\/4d2cfb499d497b6d49da659fab7404b243a87fe8e40d2cf97a1cae48f677f5b2?s=96&d=mm&r=g\",\"contentUrl\":\"https:\/\/secure.gravatar.com\/avatar\/4d2cfb499d497b6d49da659fab7404b243a87fe8e40d2cf97a1cae48f677f5b2?s=96&d=mm&r=g\",\"caption\":\"crispyadmin0\"},\"sameAs\":[\"crispyadmin0\"]}]}<\/script>\n<!-- \/ Yoast SEO plugin. -->","yoast_head_json":{"title":"Peru Sasia, nuevo presidente de la Federaci\u00f3n Europea de Bancos \u00c9ticos y Alternativos - Fiare Banca Etica","robots":{"index":"index","follow":"follow","max-snippet":"max-snippet:-1","max-image-preview":"max-image-preview:large","max-video-preview":"max-video-preview:-1"},"canonical":"https:\/\/www.fiarebancaetica.coop\/eu\/peru-sasia-nuevo-presidente-de-la-federacion-europea-de-bancos-eticos-y-alternativos\/","og_locale":"eu_ES","og_type":"article","og_title":"Peru Sasia, nuevo presidente de la Federaci\u00f3n Europea de Bancos \u00c9ticos y Alternativos - Fiare Banca Etica","og_description":"El Consejero de Banca Etica y presidente de la Fundaci\u00f3n Fiare &nbsp;ha sido elegido presidente de la Federaci\u00f3n&nbsp; que representa 26 organizaci\u00f3nes de finanzas \u00e9ticas en Europa","og_url":"https:\/\/www.fiarebancaetica.coop\/eu\/peru-sasia-nuevo-presidente-de-la-federacion-europea-de-bancos-eticos-y-alternativos\/","og_site_name":"Fiare Banca Etica","article_published_time":"2017-05-31T22:00:00+00:00","article_modified_time":"2024-02-21T14:54:57+00:00","og_image":[{"width":540,"height":189,"url":"https:\/\/www.fiarebancaetica.coop\/app\/uploads\/sites\/2\/2023\/12\/peru-sasia-nuevo-presidente-de-federacion-europea-de-bancos-eticos-y-alternativos.jpg","type":"image\/jpeg"}],"author":"crispyadmin0","twitter_card":"summary_large_image","schema":{"@context":"https:\/\/schema.org","@graph":[{"@type":"Article","@id":"https:\/\/www.fiarebancaetica.coop\/eu\/peru-sasia-nuevo-presidente-de-la-federacion-europea-de-bancos-eticos-y-alternativos\/#article","isPartOf":{"@id":"https:\/\/www.fiarebancaetica.coop\/eu\/peru-sasia-nuevo-presidente-de-la-federacion-europea-de-bancos-eticos-y-alternativos\/"},"author":{"name":"crispyadmin0","@id":"https:\/\/www.fiarebancaetica.coop\/eu\/#\/schema\/person\/579841e89c804b5db05d9141bd9b8272"},"headline":"Peru Sasia, nuevo presidente de la Federaci\u00f3n Europea de Bancos \u00c9ticos y Alternativos","datePublished":"2017-05-31T22:00:00+00:00","dateModified":"2024-02-21T14:54:57+00:00","mainEntityOfPage":{"@id":"https:\/\/www.fiarebancaetica.coop\/eu\/peru-sasia-nuevo-presidente-de-la-federacion-europea-de-bancos-eticos-y-alternativos\/"},"wordCount":612,"commentCount":0,"image":{"@id":"https:\/\/www.fiarebancaetica.coop\/eu\/peru-sasia-nuevo-presidente-de-la-federacion-europea-de-bancos-eticos-y-alternativos\/#primaryimage"},"thumbnailUrl":"https:\/\/www.fiarebancaetica.coop\/app\/uploads\/sites\/2\/2023\/12\/peru-sasia-nuevo-presidente-de-federacion-europea-de-bancos-eticos-y-alternativos.jpg","articleSection":["Finantza etikoak"],"inLanguage":"eu","potentialAction":[{"@type":"CommentAction","name":"Comment","target":["https:\/\/www.fiarebancaetica.coop\/eu\/peru-sasia-nuevo-presidente-de-la-federacion-europea-de-bancos-eticos-y-alternativos\/#respond"]}]},{"@type":"WebPage","@id":"https:\/\/www.fiarebancaetica.coop\/eu\/peru-sasia-nuevo-presidente-de-la-federacion-europea-de-bancos-eticos-y-alternativos\/","url":"https:\/\/www.fiarebancaetica.coop\/eu\/peru-sasia-nuevo-presidente-de-la-federacion-europea-de-bancos-eticos-y-alternativos\/","name":"Peru Sasia, nuevo presidente de la Federaci\u00f3n Europea de Bancos \u00c9ticos y Alternativos - Fiare Banca Etica","isPartOf":{"@id":"https:\/\/www.fiarebancaetica.coop\/eu\/#website"},"primaryImageOfPage":{"@id":"https:\/\/www.fiarebancaetica.coop\/eu\/peru-sasia-nuevo-presidente-de-la-federacion-europea-de-bancos-eticos-y-alternativos\/#primaryimage"},"image":{"@id":"https:\/\/www.fiarebancaetica.coop\/eu\/peru-sasia-nuevo-presidente-de-la-federacion-europea-de-bancos-eticos-y-alternativos\/#primaryimage"},"thumbnailUrl":"https:\/\/www.fiarebancaetica.coop\/app\/uploads\/sites\/2\/2023\/12\/peru-sasia-nuevo-presidente-de-federacion-europea-de-bancos-eticos-y-alternativos.jpg","datePublished":"2017-05-31T22:00:00+00:00","dateModified":"2024-02-21T14:54:57+00:00","author":{"@id":"https:\/\/www.fiarebancaetica.coop\/eu\/#\/schema\/person\/579841e89c804b5db05d9141bd9b8272"},"breadcrumb":{"@id":"https:\/\/www.fiarebancaetica.coop\/eu\/peru-sasia-nuevo-presidente-de-la-federacion-europea-de-bancos-eticos-y-alternativos\/#breadcrumb"},"inLanguage":"eu","potentialAction":[{"@type":"ReadAction","target":["https:\/\/www.fiarebancaetica.coop\/eu\/peru-sasia-nuevo-presidente-de-la-federacion-europea-de-bancos-eticos-y-alternativos\/"]}]},{"@type":"ImageObject","inLanguage":"eu","@id":"https:\/\/www.fiarebancaetica.coop\/eu\/peru-sasia-nuevo-presidente-de-la-federacion-europea-de-bancos-eticos-y-alternativos\/#primaryimage","url":"https:\/\/www.fiarebancaetica.coop\/app\/uploads\/sites\/2\/2023\/12\/peru-sasia-nuevo-presidente-de-federacion-europea-de-bancos-eticos-y-alternativos.jpg","contentUrl":"https:\/\/www.fiarebancaetica.coop\/app\/uploads\/sites\/2\/2023\/12\/peru-sasia-nuevo-presidente-de-federacion-europea-de-bancos-eticos-y-alternativos.jpg","width":540,"height":189},{"@type":"BreadcrumbList","@id":"https:\/\/www.fiarebancaetica.coop\/eu\/peru-sasia-nuevo-presidente-de-la-federacion-europea-de-bancos-eticos-y-alternativos\/#breadcrumb","itemListElement":[{"@type":"ListItem","position":1,"name":"Home","item":"https:\/\/www.fiarebancaetica.coop\/eu\/"},{"@type":"ListItem","position":2,"name":"Peru Sasia, nuevo presidente de la Federaci\u00f3n Europea de Bancos \u00c9ticos y Alternativos"}]},{"@type":"WebSite","@id":"https:\/\/www.fiarebancaetica.coop\/eu\/#website","url":"https:\/\/www.fiarebancaetica.coop\/eu\/","name":"Fiare Banca Etica","description":"","potentialAction":[{"@type":"SearchAction","target":{"@type":"EntryPoint","urlTemplate":"https:\/\/www.fiarebancaetica.coop\/eu\/?s={search_term_string}"},"query-input":{"@type":"PropertyValueSpecification","valueRequired":true,"valueName":"search_term_string"}}],"inLanguage":"eu"},{"@type":"Person","@id":"https:\/\/www.fiarebancaetica.coop\/eu\/#\/schema\/person\/579841e89c804b5db05d9141bd9b8272","name":"crispyadmin0","image":{"@type":"ImageObject","inLanguage":"eu","@id":"https:\/\/www.fiarebancaetica.coop\/eu\/#\/schema\/person\/image\/5f3a6b7786f32f4c35bd2b1a5a4698ea","url":"https:\/\/secure.gravatar.com\/avatar\/4d2cfb499d497b6d49da659fab7404b243a87fe8e40d2cf97a1cae48f677f5b2?s=96&d=mm&r=g","contentUrl":"https:\/\/secure.gravatar.com\/avatar\/4d2cfb499d497b6d49da659fab7404b243a87fe8e40d2cf97a1cae48f677f5b2?s=96&d=mm&r=g","caption":"crispyadmin0"},"sameAs":["crispyadmin0"]}]}},"_links":{"self":[{"href":"https:\/\/www.fiarebancaetica.coop\/eu\/wp-json\/wp\/v2\/posts\/345702","targetHints":{"allow":["GET"]}}],"collection":[{"href":"https:\/\/www.fiarebancaetica.coop\/eu\/wp-json\/wp\/v2\/posts"}],"about":[{"href":"https:\/\/www.fiarebancaetica.coop\/eu\/wp-json\/wp\/v2\/types\/post"}],"author":[{"embeddable":true,"href":"https:\/\/www.fiarebancaetica.coop\/eu\/wp-json\/wp\/v2\/users\/2"}],"replies":[{"embeddable":true,"href":"https:\/\/www.fiarebancaetica.coop\/eu\/wp-json\/wp\/v2\/comments?post=345702"}],"version-history":[{"count":1,"href":"https:\/\/www.fiarebancaetica.coop\/eu\/wp-json\/wp\/v2\/posts\/345702\/revisions"}],"predecessor-version":[{"id":353624,"href":"https:\/\/www.fiarebancaetica.coop\/eu\/wp-json\/wp\/v2\/posts\/345702\/revisions\/353624"}],"wp:featuredmedia":[{"embeddable":true,"href":"https:\/\/www.fiarebancaetica.coop\/eu\/wp-json\/wp\/v2\/media\/325665"}],"wp:attachment":[{"href":"https:\/\/www.fiarebancaetica.coop\/eu\/wp-json\/wp\/v2\/media?parent=345702"}],"wp:term":[{"taxonomy":"category","embeddable":true,"href":"https:\/\/www.fiarebancaetica.coop\/eu\/wp-json\/wp\/v2\/categories?post=345702"},{"taxonomy":"post_tag","embeddable":true,"href":"https:\/\/www.fiarebancaetica.coop\/eu\/wp-json\/wp\/v2\/tags?post=345702"},{"taxonomy":"author","embeddable":true,"href":"https:\/\/www.fiarebancaetica.coop\/eu\/wp-json\/wp\/v2\/coauthors?post=345702"}],"curies":[{"name":"wp","href":"https:\/\/api.w.org\/{rel}","templated":true}]}}