{"id":345712,"date":"2017-05-26T00:00:00","date_gmt":"2017-05-25T22:00:00","guid":{"rendered":"https:\/\/www.fiarebancaetica.coop\/stop-a-las-muertes-en-el-mediterraneo\/"},"modified":"2024-02-21T15:55:06","modified_gmt":"2024-02-21T14:55:06","slug":"stop-a-las-muertes-en-el-mediterraneo","status":"publish","type":"post","link":"https:\/\/www.fiarebancaetica.coop\/eu\/stop-a-las-muertes-en-el-mediterraneo\/","title":{"rendered":"Stop a las muertes en el Mediterr\u00e1neo"},"content":{"rendered":"\n\n<div class=\"wp-block-bancaetica-blocks-blocks-block-49\">\n    <div class=\"container-block-49\">\n\n        <div class=\"header-section \">\n                            <h1 class=\"section-title\"> Etica e cooperativa <\/h1>\n                                            <\/div>\n\n        \n        <div class=\"block-background\" style=\"background-image: url('https:\/\/www.fiarebancaetica.coop\/app\/uploads\/sites\/2\/2023\/12\/stop-las-muertes-en-el-mediterraneo.png')\">\n                            <div class=\"tile\">\n                    <h1 class=\"image-title\"> Stop a las muertes en el Mediterr\u00e1neo <\/h1>\n                <\/div>             <!-- end .tile -->\n            <div class=\"bottom-content\">\n                            <\/div> <!-- end .button-content -->\n        <\/div> <!-- end .block-background -->\n    <\/div> <!-- end .container -->\n<\/div> <!-- end wp-block-bancaetica-blocks-blocks-block-06 -->\n\n\n<div class=\"wrapper-crispybacon-class wrapper-crispybacon-class-boxed \">\n    <p><a href=\"#cat\">Catal\u00e0<\/a><\/p>\n<p><a href=\"#eu\">Euskera<\/a><\/p>\n<p><a href=\"#ga\">Galego<\/a><\/p>\n<p>1.520 son las personas muertas o desaparecidas en el Mediterr\u00e1neo desde enero de 2017. (fuente ACNUR-UNHCR)<\/p>\n<p>En Fiare Banca Etica no nos acostumbramos al hecho de que todav\u00eda&nbsp; miles de mujeres, hombres y ni\u00f1os sigan muriendo en el mar .<\/p>\n<p><strong>Apoyamos el trabajo de las ONGs que act\u00faan para rescatar vidas humanas. <\/strong>En algunos pa\u00edses, estas organizaciones <a href=\"http:\/\/www.eldiario.es\/desalambre\/acusacion-italiano-ONG-refugiados-xenofobos_0_640436221.html\" target=\"_blank\" rel=\"noopener\">sufren ataques y obst\u00e1culos en su trabajo<\/a> diario de atenci\u00f3n a las personas y de denuncia pol\u00edtica, como ha ocurrido con alguna socia de Banca Etica en las \u00e1reas italianas. Como entidad de finanzas \u00e9ticas seguimos con nuestro compromiso de apoyar bajo un punto de vista financiero a todas las entidades que trabajan para acoger con dignidad a las personas que huyen de la guerra y la pobreza.<\/p>\n<p>Creemos que es urgente cambiar las pol\u00edticas europeas sobre la exportaci\u00f3n de armas, para no ser c\u00f3mplices de una de las principales causas de esta oleada migratoria.<\/p>\n<p>Creemos que la pol\u00edtica tiene que intervenir para abrir corredores humanitarios, quitando el poder a la organizaciones criminales que gestionan los flujos migratorios, y reduciendo as\u00ed el riesgo para las personas refugiadas<\/p>\n<h3>\n\tTE INVITAMOS A ACTUAR<\/h3>\n<p><strong>-&gt; inform\u00e1ndote desde organizaciones independiendes:<\/strong><\/p>\n<p><strong>\u00b7&nbsp; ACNUR &#8211; <\/strong><a href=\"https:\/\/eacnur.org\/es\/actualidad\/noticias\/emergencias\/refugiados-en-europa-italia-y-espana-dos-vias-de-entrada-en-aumento\">refugiados en Europa: Italia y Espa\u00f1a, dos v\u00edas de entrada en aumento<\/a><\/p>\n<p>\u00b7&nbsp; <strong>ACNUR &#8211; <\/strong><a href=\"http:\/\/data2.unhcr.org\/en\/situations\/mediterranean\">datos sobre refugiados<\/a><\/p>\n<p><strong>\u00b7&nbsp; Entreculturas &#8211;<\/strong> <a href=\"https:\/\/www.entreculturas.org\/noticias\/sin-proteccion-en-la-frontera-sur-entre-nador-y-melilla\">Sin protecci\u00f3n en la frontera Sur: entre Nador y Melilla<\/a><\/p>\n<p><strong>-&gt; apoyando realidades como:<\/strong><\/p>\n<p>\u00b7<strong>&nbsp; Open Arms \u2013<\/strong> <a href=\"https:\/\/www.proactivaopenarms.org\/es\">ONG de rescate en el mar de refugiados<\/a><\/p>\n<p><strong>\u00b7&nbsp; Oxfam Intermon &#8211; <\/strong><a href=\"http:\/\/www.oxfamintermon.org\/es\/accion-humanitaria\/proyectos\/vias-seguras\">Proyecto V\u00edas Seguras&nbsp;<\/a><\/p>\n<p><strong>-&gt; Firmando campa\u00f1as como:<\/strong><\/p>\n<p><a href=\"http:\/\/www.uerfanos.org\/\">\u2022UErfanos de CEAR<\/a><\/p>\n<p><br \/>\n\t<strong>-&gt; promoviendo una cultura de respeto y acogida<\/strong><\/p>\n<p><br \/>\n\tLa fuente sobre el dato de las personas muertas y desaparecidas es de ACNUR y se refiere al a\u00f1o 2017. Para m\u00e1s informaci\u00f3n visita: <a href=\"http:\/\/data2.unhcr.org\/en\/situations\/mediterranean\">http:\/\/data2.unhcr.org\/en\/situations\/mediterranean<\/a><\/p>\n<p>________________________________________________________<\/p>\n<h2>\n\t<a id=\"cat\" name=\"cat\"><\/a>STOP A LES MORTS AL MEDITERRANI<\/h2>\n<p>1.520 s\u00f3n les persones mortes o desaparegudes al Mediterrani des del gener del 2017 (font ACNUR-UNHCR)<br \/>\n\tCom a Fiare Banca Etica no ens acostumem al fet que encara milers de dones, homes i nens continu\u00efn morint al mar.<\/p>\n<p><br \/>\n\tDonem suport a la tasca de les ONG que actuen per rescatar vides humanes. En alguns pa\u00efsos, aquestes organitzacions pateixen atacs i obstacles en la feina di\u00e0ria d\u2019atenci\u00f3 a les persones i de den\u00fancia pol\u00edtica, com ha passat amb alguna s\u00f2cia de Banca Etica a les \u00e0rees italianes. Com a entitat de finances \u00e8tiques continuem amb el nostre comprom\u00eds de donar suport des d\u2019un punt de vista financer a totes les entitats que treballen per acollir amb dignitat les persones que fugen de la guerra i la pobresa.<\/p>\n<p><br \/>\n\tCreiem que \u00e9s urgent canviar les pol\u00edtiques europees sobre l\u2019exportaci\u00f3 d\u2019armes, per no ser c\u00f2mplices d\u2019una de les principals causes d\u2019aquesta onada migrat\u00f2ria.<br \/>\n\tCreiem que la pol\u00edtica ha d\u2019intervenir per obrir corredors humanitaris, prendre el poder a les organitzacions criminals que gestionen els fluxos migratoris, i reduir aix\u00ed el risc per a les persones refugiades.<\/p>\n<h3>\n\t<br \/>\n\tET CONVIDEM A ACTUAR<\/h3>\n<p><strong>-&gt; cercant informacions i dades d\u2019organitzacions independents:<\/strong><br \/>\n\t<strong>\u2022 ACNUR &#8211; <\/strong><a href=\"https:\/\/eacnur.org\/es\/actualidad\/noticias\/emergencias\/refugiados-en-europa-italia-y-espana-dos-vias-de-entrada-en-aumento\">Refugiats a Europa: It\u00e0lia i Espanya, dues vies d\u2019entrada en augment<\/a><br \/>\n\t<strong>\u2022 ACNUR &#8211; <\/strong><a href=\"http:\/\/data2.unhcr.org\/en\/situations\/mediterranean\">Dades sobre refugiats<\/a><br \/>\n\t<strong>\u2022 Entreculturas &#8211;<\/strong> <a href=\"https:\/\/www.entreculturas.org\/noticias\/sin-proteccion-en-la-frontera-sur-entre-nador-y-melilla\">Sense protecci\u00f3 a la frontera Sud: entre Nador i Melilla<\/a><\/p>\n<p><br \/>\n\t<strong>-&gt; donant suport a realitats com:<\/strong><br \/>\n\t\u2022<strong> Open Arms &#8211; <\/strong><a href=\"https:\/\/www.proactivaopenarms.org\/es\">ONG de rescat al mar de refugiats<\/a><br \/>\n\t<strong>\u2022 Oxfam Intermon &#8211; <\/strong><a href=\"http:\/\/www.oxfamintermon.org\/es\/accion-humanitaria\/proyectos\/vias-seguras\">Projecte Vies Segures<\/a><\/p>\n<p><strong>-&gt; Signant campanyes com:<\/strong><\/p>\n<p><a href=\"http:\/\/www.uerfanos.org\/\">\u2022UErfanos de CEAR<\/a><\/p>\n<p><strong>-&gt; promovent una cultura de respecte i acolliment<\/strong><\/p>\n<p>La font sobre la dada de les persones mortes i desaparegudes \u00e9s d&#8217;ACNUR i es refereix a l&#8217;any 2017. Per a m\u00e9s informaci\u00f3 visita: <a href=\"http:\/\/data2.unhcr.org\/en\/situations\/mediterranean\">http:\/\/data2.unhcr.org\/en\/situations\/mediterranean<\/a><\/p>\n<p>________________________________________________________<\/p>\n<h2>\n\t<a id=\"eu\" name=\"eu\"><\/a>STOP MEDITERRANEOKO HERIOTZEI<\/h2>\n<p>2017ko urtarriletik, 1.520 pertsona hil edo desagertu dira Mediterraneoan. (iturria: ACNUR-UNHCR)<br \/>\n\tFiare Banca Etican ez garenez ohitu itsasoan oraindik milaka emakume, gizon eta haur itsasoan hiltzen ikustera, gizakien erreskatean diharduten GKEen lanari babesa ematen diogu. Zenbait herrialdetan, pertsonez arduratzea eta salaketa politikoa egitea helburu duten erakunde horiek erasoak jasaten ari dira beren eguneroko jardunean; horixe gertatu zitzaion, esaterako, Banca Eticaren bazkide bati Italia aldean. Finantza etikoen arloan diharduen erakundea garen aldetik, finantzaketaren bidez babesten ditugu gerratik eta pobreziatik ihesi joandako pertsona guztiak duintasunez hartzeko lanean ari diren erakunde guztiak.<br \/>\n\t<br \/>\n\tBeharrezkoa iruditzen zaigu armen esportazioari buruzko Europako politikak lehenbailehen aldatzea, migrazio-olde berri honen eragile nagusietakoa den horretan gaizkide izan ez gaitezen.<br \/>\n\t<br \/>\n\tGure ustez, politikak esku hartu behar du korridore humanitarioak irekitzeko, migrazio-fluxuak kudeatzen dituzten talde kriminalei boterea kendu eta, horrela, errefuxiatuek arrisku gutxiago izan dezaten.<\/p>\n<h3>\n\t<br \/>\n\tESKU HARTZERA ANIMATZEN ZAITUGU<\/h3>\n<p><strong>-&gt; erakunde independente hauetatik informazioak eta datuak bilduz:<\/strong><br \/>\n\t<strong>\u2022 ACNUR <a href=\"https:\/\/eacnur.org\/es\/actualidad\/noticias\/emergencias\/refugiados-en-europa-italia-y-espana-dos-vias-de-entrada-en-aumento\">&#8211; <\/a><\/strong><a href=\"https:\/\/eacnur.org\/es\/actualidad\/noticias\/emergencias\/refugiados-en-europa-italia-y-espana-dos-vias-de-entrada-en-aumento\">errefuxiatuak Europan: Italia eta Espainia, sarbide gero eta ohikoagoak<\/a><br \/>\n\t\u2022 ACNUR \u2013 <a href=\"http:\/\/data2.unhcr.org\/en\/situations\/mediterranean\">errefuxiatuei buruzko datuak<\/a><br \/>\n\t<strong>\u2022 Entreculturas <\/strong>\u2013 <a href=\"https:\/\/www.entreculturas.org\/noticias\/sin-proteccion-en-la-frontera-sur-entre-nador-y-melilla\">babesik gabe Hegoaldeko mugan: Nador eta Melilla artean<\/a><\/p>\n<p><br \/>\n\t<strong>-&gt; egoera hauetan laguntza emanez:<\/strong><br \/>\n\t<strong>\u2022 Open Arms \u2013<a href=\"https:\/\/www.proactivaopenarms.org\/es\"> <\/a><\/strong><a href=\"https:\/\/www.proactivaopenarms.org\/es\">errefuxiatuak itsasoan erreskatatzeko GKEa<\/a><br \/>\n\t<strong>\u2022 Oxfam Intermon \u2013 <\/strong><a href=\"http:\/\/www.oxfamintermon.org\/es\/accion-humanitaria\/proyectos\/vias-seguras\">Bide Seguruak proiektua&nbsp;<\/a><\/p>\n<p>________________________________________________________<\/p>\n<h2>\n\t<a id=\"ga\" name=\"ga\"><\/a>STOP \u00c1S MORTES NO MEDITERR\u00c1NEO<\/h2>\n<p>1.520 son as persoas mortas ou desaparecidas no Mediterr\u00e1neo desde xaneiro de 2017. (Fonte: ACNUR-UNHCR)<br \/>\n\tComo Fiare Banca Etica, non nos afacemos ao feito de que a\u00ednda miles de mulleres, homes e nenos sigan a morrer no mar.<br \/>\n\t<br \/>\n\t<strong>Apoiamos o traballo das ONG que act\u00faan para rescatar vidas humanas<\/strong>. Nalg\u00fans pa\u00edses, estas organizaci\u00f3ns sofren ataques e obst\u00e1culos no seu traballo diario de atenci\u00f3n \u00e1s persoas e de denuncia pol\u00edtica, como ocorreu con algunha socia de Banca Etica nas \u00e1reas italianas. Como entidade de finanzas \u00e9ticas seguimos co noso compromiso de apoiar baixo un punto de vista financeiro a todas as entidades que traballan para acoller con dignidade \u00e1s persoas que foxen da guerra e da pobreza.<br \/>\n\t<br \/>\n\tCremos que \u00e9 urxente cambiar as pol\u00edticas europeas sobre a exportaci\u00f3n de armas, para non ser c\u00f3mplices dunha das principais causas desta vaga migratoria.<br \/>\n\tCremos que a pol\u00edtica ten que intervir para abrir corredoiros humanitarios, quitando o poder \u00e1s organizaci\u00f3ns criminais que xestionan os fluxos migratorios e reducindo as\u00ed o risco para as persoas refuxiadas.<\/p>\n<h3>\n\t<br \/>\n\tCONVID\u00c1MOSTE A ACTUAR<\/h3>\n<p><strong>-&gt; tomando informaci\u00f3n e datos de organizaci\u00f3ns independentes:<\/strong><\/p>\n<p><strong>\u2022 ACNUR &#8211;<\/strong><a href=\"https:\/\/eacnur.org\/es\/actualidad\/noticias\/emergencias\/refugiados-en-europa-italia-y-espana-dos-vias-de-entrada-en-aumento\"> refuxiados en Europa: Italia e Espa\u00f1a, d\u00faas v\u00edas de entrada en aumento<\/a><br \/>\n\t<strong>\u2022 ACNUR &#8211; <\/strong><a href=\"http:\/\/data2.unhcr.org\/en\/situations\/mediterranean\">datos sobre refuxiados<\/a><br \/>\n\t<strong>\u2022 Entreculturas &#8211;<\/strong> <a href=\"https:\/\/www.entreculturas.org\/noticias\/sin-proteccion-en-la-frontera-sur-entre-nador-y-melilla\">Sen protecci\u00f3n na fronteira Sur: entre Nador e Melilla<\/a><\/p>\n<p><br \/>\n\t<strong>-&gt; apoiando realidades como:<\/strong><br \/>\n\t<strong>\u2022 Open Arms \u2013<\/strong> <a href=\"https:\/\/www.proactivaopenarms.org\/es\">ONG de rescate no mar de refuxiados<\/a><br \/>\n\t<strong>\u2022 Oxfam Intermon &#8211; <\/strong><a href=\"http:\/\/www.oxfamintermon.org\/es\/accion-humanitaria\/proyectos\/vias-seguras\">Proxecto V\u00edas Seguras&nbsp;<\/a><\/p>\n<p>&nbsp;<\/p>\n<p><strong>&gt;&nbsp;&nbsp;&nbsp;&nbsp;&nbsp; Asinando campa\u00f1as como:<\/strong><\/p>\n<p><a href=\"http:\/\/www.uerfanos.org\/\">\u00b7 UErfanos de CEAR<\/a><\/p>\n<p><strong>&gt; &nbsp; &nbsp; &nbsp;Promovendo unha cultura de respecto e acollida<\/strong><\/p>\n<p><br \/>\n\tA fonte sobre o dato das persoas mortas e desaparecidas \u00e9 de ACNUR e ref\u00edrese ao ano 2017.<\/p>\n<p>Para m\u00e1is informaci\u00f3n, visita: <a href=\"http:\/\/data2.unhcr.org\/en\/situations\/mediterranean\">http:\/\/data2.unhcr.org\/en\/situations\/mediterranean<\/a><\/p>\n<\/div>","protected":false},"excerpt":{"rendered":"<p>&nbsp;<\/p>\n<p>1.520 son las personas muertas o desaparecidas en el Mediterr\u00e1neo desde enero de 2017(fuente ACNUR-UNHCR).<\/p>\n<p>En Fiare Banca Etica no nos acostumbramos al hecho de que todav\u00eda&nbsp; miles de mujeres, hombres y ni\u00f1os sigan muriendo en el mar .<\/p>\n<p><strong>Apoyamos el trabajo de las ONGs que act\u00faan para rescatar vidas humanas.<\/strong> En algunos pa\u00edses, estas organizaciones sufren ataques y obst\u00e1culos en su trabajo diario de atenci\u00f3n a las personas y de denuncia pol\u00edtica, como ha ocurrido con alguna socia de Banca Etica en las \u00e1reas italianas. Como entidad de finanzas \u00e9ticas seguimos con nuestro compromiso de apoyar bajo un punto de vista financiero a todas las entidades que trabajan para acoger con dignidad a las personas que huyen de la guerra y la pobreza.<\/p>\n<p>&nbsp;<\/p>\n","protected":false},"author":2,"featured_media":325653,"comment_status":"open","ping_status":"closed","sticky":false,"template":"","format":"standard","meta":{"_acf_changed":false,"footnotes":""},"categories":[11644],"tags":[],"coauthors":[],"class_list":["post-345712","post","type-post","status-publish","format-standard","has-post-thumbnail","hentry","category-finantza-etikoak"],"acf":[],"yoast_head":"<!-- This site is optimized with the Yoast SEO plugin v26.9 - https:\/\/yoast.com\/product\/yoast-seo-wordpress\/ -->\n<title>Stop a las muertes en el Mediterr\u00e1neo - Fiare Banca Etica<\/title>\n<meta name=\"robots\" content=\"index, follow, max-snippet:-1, max-image-preview:large, max-video-preview:-1\" \/>\n<link rel=\"canonical\" href=\"https:\/\/www.fiarebancaetica.coop\/eu\/stop-a-las-muertes-en-el-mediterraneo\/\" \/>\n<meta property=\"og:locale\" content=\"eu_ES\" \/>\n<meta property=\"og:type\" content=\"article\" \/>\n<meta property=\"og:title\" content=\"Stop a las muertes en el Mediterr\u00e1neo - Fiare Banca Etica\" \/>\n<meta property=\"og:description\" content=\"&nbsp; 1.520 son las personas muertas o desaparecidas en el Mediterr\u00e1neo desde enero de 2017(fuente ACNUR-UNHCR). En Fiare Banca Etica no nos acostumbramos al hecho de que todav\u00eda&nbsp; miles de mujeres, hombres y ni\u00f1os sigan muriendo en el mar . Apoyamos el trabajo de las ONGs que act\u00faan para rescatar vidas humanas. En algunos pa\u00edses, estas organizaciones sufren ataques y obst\u00e1culos en su trabajo diario de atenci\u00f3n a las personas y de denuncia pol\u00edtica, como ha ocurrido con alguna socia de Banca Etica en las \u00e1reas italianas. Como entidad de finanzas \u00e9ticas seguimos con nuestro compromiso de apoyar bajo un punto de vista financiero a todas las entidades que trabajan para acoger con dignidad a las personas que huyen de la guerra y la pobreza. &nbsp;\" \/>\n<meta property=\"og:url\" content=\"https:\/\/www.fiarebancaetica.coop\/eu\/stop-a-las-muertes-en-el-mediterraneo\/\" \/>\n<meta property=\"og:site_name\" content=\"Fiare Banca Etica\" \/>\n<meta property=\"article:published_time\" content=\"2017-05-25T22:00:00+00:00\" \/>\n<meta property=\"article:modified_time\" content=\"2024-02-21T14:55:06+00:00\" \/>\n<meta property=\"og:image\" content=\"https:\/\/www.fiarebancaetica.coop\/app\/uploads\/sites\/2\/2023\/12\/stop-las-muertes-en-el-mediterraneo.png\" \/>\n\t<meta property=\"og:image:width\" content=\"540\" \/>\n\t<meta property=\"og:image:height\" content=\"189\" \/>\n\t<meta property=\"og:image:type\" content=\"image\/png\" \/>\n<meta name=\"author\" content=\"crispyadmin0\" \/>\n<meta name=\"twitter:card\" content=\"summary_large_image\" \/>\n<script type=\"application\/ld+json\" class=\"yoast-schema-graph\">{\"@context\":\"https:\/\/schema.org\",\"@graph\":[{\"@type\":\"Article\",\"@id\":\"https:\/\/www.fiarebancaetica.coop\/eu\/stop-a-las-muertes-en-el-mediterraneo\/#article\",\"isPartOf\":{\"@id\":\"https:\/\/www.fiarebancaetica.coop\/eu\/stop-a-las-muertes-en-el-mediterraneo\/\"},\"author\":{\"name\":\"crispyadmin0\",\"@id\":\"https:\/\/www.fiarebancaetica.coop\/eu\/#\/schema\/person\/579841e89c804b5db05d9141bd9b8272\"},\"headline\":\"Stop a las muertes en el Mediterr\u00e1neo\",\"datePublished\":\"2017-05-25T22:00:00+00:00\",\"dateModified\":\"2024-02-21T14:55:06+00:00\",\"mainEntityOfPage\":{\"@id\":\"https:\/\/www.fiarebancaetica.coop\/eu\/stop-a-las-muertes-en-el-mediterraneo\/\"},\"wordCount\":1156,\"commentCount\":0,\"image\":{\"@id\":\"https:\/\/www.fiarebancaetica.coop\/eu\/stop-a-las-muertes-en-el-mediterraneo\/#primaryimage\"},\"thumbnailUrl\":\"https:\/\/www.fiarebancaetica.coop\/app\/uploads\/sites\/2\/2023\/12\/stop-las-muertes-en-el-mediterraneo.png\",\"articleSection\":[\"Finantza etikoak\"],\"inLanguage\":\"eu\",\"potentialAction\":[{\"@type\":\"CommentAction\",\"name\":\"Comment\",\"target\":[\"https:\/\/www.fiarebancaetica.coop\/eu\/stop-a-las-muertes-en-el-mediterraneo\/#respond\"]}]},{\"@type\":\"WebPage\",\"@id\":\"https:\/\/www.fiarebancaetica.coop\/eu\/stop-a-las-muertes-en-el-mediterraneo\/\",\"url\":\"https:\/\/www.fiarebancaetica.coop\/eu\/stop-a-las-muertes-en-el-mediterraneo\/\",\"name\":\"Stop a las muertes en el Mediterr\u00e1neo - Fiare Banca Etica\",\"isPartOf\":{\"@id\":\"https:\/\/www.fiarebancaetica.coop\/eu\/#website\"},\"primaryImageOfPage\":{\"@id\":\"https:\/\/www.fiarebancaetica.coop\/eu\/stop-a-las-muertes-en-el-mediterraneo\/#primaryimage\"},\"image\":{\"@id\":\"https:\/\/www.fiarebancaetica.coop\/eu\/stop-a-las-muertes-en-el-mediterraneo\/#primaryimage\"},\"thumbnailUrl\":\"https:\/\/www.fiarebancaetica.coop\/app\/uploads\/sites\/2\/2023\/12\/stop-las-muertes-en-el-mediterraneo.png\",\"datePublished\":\"2017-05-25T22:00:00+00:00\",\"dateModified\":\"2024-02-21T14:55:06+00:00\",\"author\":{\"@id\":\"https:\/\/www.fiarebancaetica.coop\/eu\/#\/schema\/person\/579841e89c804b5db05d9141bd9b8272\"},\"breadcrumb\":{\"@id\":\"https:\/\/www.fiarebancaetica.coop\/eu\/stop-a-las-muertes-en-el-mediterraneo\/#breadcrumb\"},\"inLanguage\":\"eu\",\"potentialAction\":[{\"@type\":\"ReadAction\",\"target\":[\"https:\/\/www.fiarebancaetica.coop\/eu\/stop-a-las-muertes-en-el-mediterraneo\/\"]}]},{\"@type\":\"ImageObject\",\"inLanguage\":\"eu\",\"@id\":\"https:\/\/www.fiarebancaetica.coop\/eu\/stop-a-las-muertes-en-el-mediterraneo\/#primaryimage\",\"url\":\"https:\/\/www.fiarebancaetica.coop\/app\/uploads\/sites\/2\/2023\/12\/stop-las-muertes-en-el-mediterraneo.png\",\"contentUrl\":\"https:\/\/www.fiarebancaetica.coop\/app\/uploads\/sites\/2\/2023\/12\/stop-las-muertes-en-el-mediterraneo.png\",\"width\":540,\"height\":189},{\"@type\":\"BreadcrumbList\",\"@id\":\"https:\/\/www.fiarebancaetica.coop\/eu\/stop-a-las-muertes-en-el-mediterraneo\/#breadcrumb\",\"itemListElement\":[{\"@type\":\"ListItem\",\"position\":1,\"name\":\"Home\",\"item\":\"https:\/\/www.fiarebancaetica.coop\/eu\/\"},{\"@type\":\"ListItem\",\"position\":2,\"name\":\"Stop a las muertes en el Mediterr\u00e1neo\"}]},{\"@type\":\"WebSite\",\"@id\":\"https:\/\/www.fiarebancaetica.coop\/eu\/#website\",\"url\":\"https:\/\/www.fiarebancaetica.coop\/eu\/\",\"name\":\"Fiare Banca Etica\",\"description\":\"\",\"potentialAction\":[{\"@type\":\"SearchAction\",\"target\":{\"@type\":\"EntryPoint\",\"urlTemplate\":\"https:\/\/www.fiarebancaetica.coop\/eu\/?s={search_term_string}\"},\"query-input\":{\"@type\":\"PropertyValueSpecification\",\"valueRequired\":true,\"valueName\":\"search_term_string\"}}],\"inLanguage\":\"eu\"},{\"@type\":\"Person\",\"@id\":\"https:\/\/www.fiarebancaetica.coop\/eu\/#\/schema\/person\/579841e89c804b5db05d9141bd9b8272\",\"name\":\"crispyadmin0\",\"image\":{\"@type\":\"ImageObject\",\"inLanguage\":\"eu\",\"@id\":\"https:\/\/www.fiarebancaetica.coop\/eu\/#\/schema\/person\/image\/5f3a6b7786f32f4c35bd2b1a5a4698ea\",\"url\":\"https:\/\/secure.gravatar.com\/avatar\/4d2cfb499d497b6d49da659fab7404b243a87fe8e40d2cf97a1cae48f677f5b2?s=96&d=mm&r=g\",\"contentUrl\":\"https:\/\/secure.gravatar.com\/avatar\/4d2cfb499d497b6d49da659fab7404b243a87fe8e40d2cf97a1cae48f677f5b2?s=96&d=mm&r=g\",\"caption\":\"crispyadmin0\"},\"sameAs\":[\"crispyadmin0\"]}]}<\/script>\n<!-- \/ Yoast SEO plugin. -->","yoast_head_json":{"title":"Stop a las muertes en el Mediterr\u00e1neo - Fiare Banca Etica","robots":{"index":"index","follow":"follow","max-snippet":"max-snippet:-1","max-image-preview":"max-image-preview:large","max-video-preview":"max-video-preview:-1"},"canonical":"https:\/\/www.fiarebancaetica.coop\/eu\/stop-a-las-muertes-en-el-mediterraneo\/","og_locale":"eu_ES","og_type":"article","og_title":"Stop a las muertes en el Mediterr\u00e1neo - Fiare Banca Etica","og_description":"&nbsp; 1.520 son las personas muertas o desaparecidas en el Mediterr\u00e1neo desde enero de 2017(fuente ACNUR-UNHCR). En Fiare Banca Etica no nos acostumbramos al hecho de que todav\u00eda&nbsp; miles de mujeres, hombres y ni\u00f1os sigan muriendo en el mar . Apoyamos el trabajo de las ONGs que act\u00faan para rescatar vidas humanas. En algunos pa\u00edses, estas organizaciones sufren ataques y obst\u00e1culos en su trabajo diario de atenci\u00f3n a las personas y de denuncia pol\u00edtica, como ha ocurrido con alguna socia de Banca Etica en las \u00e1reas italianas. Como entidad de finanzas \u00e9ticas seguimos con nuestro compromiso de apoyar bajo un punto de vista financiero a todas las entidades que trabajan para acoger con dignidad a las personas que huyen de la guerra y la pobreza. &nbsp;","og_url":"https:\/\/www.fiarebancaetica.coop\/eu\/stop-a-las-muertes-en-el-mediterraneo\/","og_site_name":"Fiare Banca Etica","article_published_time":"2017-05-25T22:00:00+00:00","article_modified_time":"2024-02-21T14:55:06+00:00","og_image":[{"width":540,"height":189,"url":"https:\/\/www.fiarebancaetica.coop\/app\/uploads\/sites\/2\/2023\/12\/stop-las-muertes-en-el-mediterraneo.png","type":"image\/png"}],"author":"crispyadmin0","twitter_card":"summary_large_image","schema":{"@context":"https:\/\/schema.org","@graph":[{"@type":"Article","@id":"https:\/\/www.fiarebancaetica.coop\/eu\/stop-a-las-muertes-en-el-mediterraneo\/#article","isPartOf":{"@id":"https:\/\/www.fiarebancaetica.coop\/eu\/stop-a-las-muertes-en-el-mediterraneo\/"},"author":{"name":"crispyadmin0","@id":"https:\/\/www.fiarebancaetica.coop\/eu\/#\/schema\/person\/579841e89c804b5db05d9141bd9b8272"},"headline":"Stop a las muertes en el Mediterr\u00e1neo","datePublished":"2017-05-25T22:00:00+00:00","dateModified":"2024-02-21T14:55:06+00:00","mainEntityOfPage":{"@id":"https:\/\/www.fiarebancaetica.coop\/eu\/stop-a-las-muertes-en-el-mediterraneo\/"},"wordCount":1156,"commentCount":0,"image":{"@id":"https:\/\/www.fiarebancaetica.coop\/eu\/stop-a-las-muertes-en-el-mediterraneo\/#primaryimage"},"thumbnailUrl":"https:\/\/www.fiarebancaetica.coop\/app\/uploads\/sites\/2\/2023\/12\/stop-las-muertes-en-el-mediterraneo.png","articleSection":["Finantza etikoak"],"inLanguage":"eu","potentialAction":[{"@type":"CommentAction","name":"Comment","target":["https:\/\/www.fiarebancaetica.coop\/eu\/stop-a-las-muertes-en-el-mediterraneo\/#respond"]}]},{"@type":"WebPage","@id":"https:\/\/www.fiarebancaetica.coop\/eu\/stop-a-las-muertes-en-el-mediterraneo\/","url":"https:\/\/www.fiarebancaetica.coop\/eu\/stop-a-las-muertes-en-el-mediterraneo\/","name":"Stop a las muertes en el Mediterr\u00e1neo - Fiare Banca Etica","isPartOf":{"@id":"https:\/\/www.fiarebancaetica.coop\/eu\/#website"},"primaryImageOfPage":{"@id":"https:\/\/www.fiarebancaetica.coop\/eu\/stop-a-las-muertes-en-el-mediterraneo\/#primaryimage"},"image":{"@id":"https:\/\/www.fiarebancaetica.coop\/eu\/stop-a-las-muertes-en-el-mediterraneo\/#primaryimage"},"thumbnailUrl":"https:\/\/www.fiarebancaetica.coop\/app\/uploads\/sites\/2\/2023\/12\/stop-las-muertes-en-el-mediterraneo.png","datePublished":"2017-05-25T22:00:00+00:00","dateModified":"2024-02-21T14:55:06+00:00","author":{"@id":"https:\/\/www.fiarebancaetica.coop\/eu\/#\/schema\/person\/579841e89c804b5db05d9141bd9b8272"},"breadcrumb":{"@id":"https:\/\/www.fiarebancaetica.coop\/eu\/stop-a-las-muertes-en-el-mediterraneo\/#breadcrumb"},"inLanguage":"eu","potentialAction":[{"@type":"ReadAction","target":["https:\/\/www.fiarebancaetica.coop\/eu\/stop-a-las-muertes-en-el-mediterraneo\/"]}]},{"@type":"ImageObject","inLanguage":"eu","@id":"https:\/\/www.fiarebancaetica.coop\/eu\/stop-a-las-muertes-en-el-mediterraneo\/#primaryimage","url":"https:\/\/www.fiarebancaetica.coop\/app\/uploads\/sites\/2\/2023\/12\/stop-las-muertes-en-el-mediterraneo.png","contentUrl":"https:\/\/www.fiarebancaetica.coop\/app\/uploads\/sites\/2\/2023\/12\/stop-las-muertes-en-el-mediterraneo.png","width":540,"height":189},{"@type":"BreadcrumbList","@id":"https:\/\/www.fiarebancaetica.coop\/eu\/stop-a-las-muertes-en-el-mediterraneo\/#breadcrumb","itemListElement":[{"@type":"ListItem","position":1,"name":"Home","item":"https:\/\/www.fiarebancaetica.coop\/eu\/"},{"@type":"ListItem","position":2,"name":"Stop a las muertes en el Mediterr\u00e1neo"}]},{"@type":"WebSite","@id":"https:\/\/www.fiarebancaetica.coop\/eu\/#website","url":"https:\/\/www.fiarebancaetica.coop\/eu\/","name":"Fiare Banca Etica","description":"","potentialAction":[{"@type":"SearchAction","target":{"@type":"EntryPoint","urlTemplate":"https:\/\/www.fiarebancaetica.coop\/eu\/?s={search_term_string}"},"query-input":{"@type":"PropertyValueSpecification","valueRequired":true,"valueName":"search_term_string"}}],"inLanguage":"eu"},{"@type":"Person","@id":"https:\/\/www.fiarebancaetica.coop\/eu\/#\/schema\/person\/579841e89c804b5db05d9141bd9b8272","name":"crispyadmin0","image":{"@type":"ImageObject","inLanguage":"eu","@id":"https:\/\/www.fiarebancaetica.coop\/eu\/#\/schema\/person\/image\/5f3a6b7786f32f4c35bd2b1a5a4698ea","url":"https:\/\/secure.gravatar.com\/avatar\/4d2cfb499d497b6d49da659fab7404b243a87fe8e40d2cf97a1cae48f677f5b2?s=96&d=mm&r=g","contentUrl":"https:\/\/secure.gravatar.com\/avatar\/4d2cfb499d497b6d49da659fab7404b243a87fe8e40d2cf97a1cae48f677f5b2?s=96&d=mm&r=g","caption":"crispyadmin0"},"sameAs":["crispyadmin0"]}]}},"_links":{"self":[{"href":"https:\/\/www.fiarebancaetica.coop\/eu\/wp-json\/wp\/v2\/posts\/345712","targetHints":{"allow":["GET"]}}],"collection":[{"href":"https:\/\/www.fiarebancaetica.coop\/eu\/wp-json\/wp\/v2\/posts"}],"about":[{"href":"https:\/\/www.fiarebancaetica.coop\/eu\/wp-json\/wp\/v2\/types\/post"}],"author":[{"embeddable":true,"href":"https:\/\/www.fiarebancaetica.coop\/eu\/wp-json\/wp\/v2\/users\/2"}],"replies":[{"embeddable":true,"href":"https:\/\/www.fiarebancaetica.coop\/eu\/wp-json\/wp\/v2\/comments?post=345712"}],"version-history":[{"count":1,"href":"https:\/\/www.fiarebancaetica.coop\/eu\/wp-json\/wp\/v2\/posts\/345712\/revisions"}],"predecessor-version":[{"id":353617,"href":"https:\/\/www.fiarebancaetica.coop\/eu\/wp-json\/wp\/v2\/posts\/345712\/revisions\/353617"}],"wp:featuredmedia":[{"embeddable":true,"href":"https:\/\/www.fiarebancaetica.coop\/eu\/wp-json\/wp\/v2\/media\/325653"}],"wp:attachment":[{"href":"https:\/\/www.fiarebancaetica.coop\/eu\/wp-json\/wp\/v2\/media?parent=345712"}],"wp:term":[{"taxonomy":"category","embeddable":true,"href":"https:\/\/www.fiarebancaetica.coop\/eu\/wp-json\/wp\/v2\/categories?post=345712"},{"taxonomy":"post_tag","embeddable":true,"href":"https:\/\/www.fiarebancaetica.coop\/eu\/wp-json\/wp\/v2\/tags?post=345712"},{"taxonomy":"author","embeddable":true,"href":"https:\/\/www.fiarebancaetica.coop\/eu\/wp-json\/wp\/v2\/coauthors?post=345712"}],"curies":[{"name":"wp","href":"https:\/\/api.w.org\/{rel}","templated":true}]}}