{"id":345768,"date":"2017-05-02T00:00:00","date_gmt":"2017-05-01T22:00:00","guid":{"rendered":"https:\/\/www.fiarebancaetica.coop\/proyectos-financiados-en-febrero-y-marzo-por-fiare\/"},"modified":"2024-02-21T15:55:47","modified_gmt":"2024-02-21T14:55:47","slug":"proyectos-financiados-en-febrero-y-marzo-por-fiare","status":"publish","type":"post","link":"https:\/\/www.fiarebancaetica.coop\/eu\/proyectos-financiados-en-febrero-y-marzo-por-fiare\/","title":{"rendered":"Proyectos financiados en febrero y marzo por Fiare"},"content":{"rendered":"\n\n<div class=\"wp-block-bancaetica-blocks-blocks-block-49\">\n    <div class=\"container-block-49\">\n\n        <div class=\"header-section \">\n                            <h1 class=\"section-title\"> Etica e cooperativa <\/h1>\n                                            <\/div>\n\n        \n        <div class=\"block-background\" style=\"background-image: url('https:\/\/www.fiarebancaetica.coop\/app\/uploads\/sites\/2\/2023\/12\/proyectos-financiados-en-febrero-y-marzo.jpg')\">\n                            <div class=\"tile\">\n                    <h1 class=\"image-title\"> Proyectos financiados en febrero y marzo por Fiare <\/h1>\n                <\/div>             <!-- end .tile -->\n            <div class=\"bottom-content\">\n                            <\/div> <!-- end .button-content -->\n        <\/div> <!-- end .block-background -->\n    <\/div> <!-- end .container -->\n<\/div> <!-- end wp-block-bancaetica-blocks-blocks-block-06 -->\n\n\n<div class=\"wrapper-crispybacon-class wrapper-crispybacon-class-boxed \">\n    <p>Estas son las financiaciones firmadas durante los meses de febrero y marzo por Fiare Banca Etica.<\/p>\n<h2>\n\tA Tenda da gata &#8211; Pontevedra<\/h2>\n<p>Es una tienda de consumo responsable \u2013 alimento ecol\u00f3gico, de km0 &#8211; y de turismo responsable que adem\u00e1s incluye actividades de catering responsable y sostenible y organizaci\u00f3n de eventos gastron\u00f3micos. Colaboran con productores locales, ecol\u00f3gicos y artesanales con el objetivo de empoderar la econom\u00eda local tanto en actividades propias como en las de otros proyectos locales. El a\u00f1o pasado ya se le concedi\u00f3 un pr\u00e9stamo para inversiones y reorganizaci\u00f3n de cuentas, y ahora se ha firmado un cr\u00e9dito para anticipo de facturas.<\/p>\n<h2>\n\tSocietat Cooperativa Es Porxos &#8211; Ibiza<\/h2>\n<p>Este pr\u00e9stamo es para la adquisici\u00f3n del terreno y la construcci\u00f3n de una vivienda para 3 familias que se constituyen en r\u00e9gimen de cooperativa de vivienda con derecho de cesi\u00f3n de uso. Esto hace que sea un proyecto de car\u00e1cter innovador considerando que precisamente el acceso a la vivienda en este territorio es una de las problem\u00e1ticas m\u00e1s extendidas por la especulaci\u00f3n que existe en este sector.<\/p>\n<h2>\n\tAsociaci\u00f3n Fondo Andaluz de Municipios para la Solidaridad Internacional (FAMSI) &#8211; C\u00f3rdoba<\/h2>\n<p>Es un cr\u00e9dito para anticipo de contratos que tienen a nivel europeo. FAMSI es una red de gobiernos locales y otras entidades cuyo objetivo es promover el desarrollo humano local desde la cooperaci\u00f3n internacional mediante procesos de coordinaci\u00f3n, participaci\u00f3n y articulaci\u00f3n en red, y compartiendo recursos t\u00e9cnicos y financieros.<\/p>\n<h2>\n\t<br \/>\n\tGanader\u00eda El Aprisco &nbsp;&#8211; Madrid<\/h2>\n<p>Es una explotaci\u00f3n de ganader\u00eda caprina extensiva (raza aut\u00f3ctona espa\u00f1ola), con pastoreo diario y enfocado a la producci\u00f3n y transformaci\u00f3n de la leche y a la venta de carne.<\/p>\n<p>Una explotaci\u00f3n enfocada al bienestar animal y a la generaci\u00f3n de productos de alta calidad que garanticen la protecci\u00f3n de la salud del consumidor. El pr\u00e9stamo se destina a la inversi\u00f3n necesaria para llevar la cabo la transformaci\u00f3n de la leche en queso y yogur.<\/p>\n<h2>\n\tAsociaci\u00f3n Evang\u00e9lica Nueva Vida &#8211; Cantabria<\/h2>\n<p>Se trata de una asociaci\u00f3n que trabaja para promover el pleno desarrollo de los derechos sociales y civiles de los colectivos m\u00e1s desfavorecidos (v\u00edctimas de violencia de g\u00e9nero y de explotaci\u00f3n sexual, reclusos y ex-reclusos, familias en riesgo de exclusi\u00f3n, etc), dedic\u00e1ndose a la inclusi\u00f3n social y el desarrollo local a trav\u00e9s de diferentes programas.<\/p>\n<h2>\n\t<br \/>\n\tAyuntamiento de San Sebasti\u00e1n \u2013 Donostiako Udala &#8211; Gipuzkoa<\/h2>\n<p>El apoyo de este ayuntamiento al proyecto Fiare y el compromiso con las finanzas \u00e9ticas viene de hace tiempo y se ha mantenido en los diferentes mandatos. Colaboran con el git de Gipuzkoa en la difusi\u00f3n de las finanzas \u00e9ticas, son clientes y est\u00e1n en proceso de ser socios. El cr\u00e9dito es para financiaci\u00f3n para las actividades generales del Ayuntamiento (Semana del Jazz -Jazzaldia, Festival de cine de Donostia, Festival de cine y derechos humanos,&#8230;) y ha sido adjudicado en concurso p\u00fablico.<\/p>\n<h2>\n\tRecuperaciones Redoble SL &nbsp;&#8211; Ja\u00e9n<\/h2>\n<p>Es una empresa de inserci\u00f3n creada por C\u00e1ritas Ja\u00e9n que se dedica al reciclaje y venta de ropa usada. Con estas actividades genera empleo de calidad a personas en riesgo de exclusi\u00f3n social.<\/p>\n<h2>\n\t<br \/>\n\tHeliconia S. Coop. Mad &#8211; Madrid<\/h2>\n<p>Heliconia es una empresa cooperativa especializada en la prestaci\u00f3n de servicios ambientales y sociales para el desarrollo de diferentes proyectos en las \u00e1reas de planificaci\u00f3n del territorio y gesti\u00f3n ambiental, agroecolog\u00eda y desarrollo local, jardiner\u00eda y restauraci\u00f3n del paisaje e intervenci\u00f3n socioeducativa.<\/p>\n<\/div>","protected":false},"excerpt":{"rendered":"<p>Estas son las financiaciones firmadas durante los meses de febrero y marzo por Fiare Banca Etica.<\/p>\n<h2>\n\tA Tenda da gata &#8211; Pontevedra<\/h2>\n<p>Es una tienda de consumo responsable \u2013 alimento ecol\u00f3gico, de km0 &#8211; y de turismo responsable que adem\u00e1s incluye actividades de catering responsable y sostenible y organizaci\u00f3n de eventos gastron\u00f3micos. Colaboran con productores locales, ecol\u00f3gicos y artesanales con el objetivo de empoderar la econom\u00eda local tanto en actividades propias como en las de otros proyectos locales. El a\u00f1o pasado ya se le concedi\u00f3 un pr\u00e9stamo para inversiones y reorganizaci\u00f3n de cuentas, y ahora se ha firmado un cr\u00e9dito para anticipo de facturas.<\/p>\n","protected":false},"author":2,"featured_media":325617,"comment_status":"open","ping_status":"closed","sticky":false,"template":"","format":"standard","meta":{"_acf_changed":false,"footnotes":""},"categories":[11644],"tags":[],"coauthors":[],"class_list":["post-345768","post","type-post","status-publish","format-standard","has-post-thumbnail","hentry","category-finantza-etikoak"],"acf":[],"yoast_head":"<!-- This site is optimized with the Yoast SEO plugin v26.9 - https:\/\/yoast.com\/product\/yoast-seo-wordpress\/ -->\n<title>Proyectos financiados en febrero y marzo por Fiare - Fiare Banca Etica<\/title>\n<meta name=\"robots\" content=\"index, follow, max-snippet:-1, max-image-preview:large, max-video-preview:-1\" \/>\n<link rel=\"canonical\" href=\"https:\/\/www.fiarebancaetica.coop\/eu\/proyectos-financiados-en-febrero-y-marzo-por-fiare\/\" \/>\n<meta property=\"og:locale\" content=\"eu_ES\" \/>\n<meta property=\"og:type\" content=\"article\" \/>\n<meta property=\"og:title\" content=\"Proyectos financiados en febrero y marzo por Fiare - Fiare Banca Etica\" \/>\n<meta property=\"og:description\" content=\"Estas son las financiaciones firmadas durante los meses de febrero y marzo por Fiare Banca Etica.  A Tenda da gata - Pontevedra Es una tienda de consumo responsable \u2013 alimento ecol\u00f3gico, de km0 - y de turismo responsable que adem\u00e1s incluye actividades de catering responsable y sostenible y organizaci\u00f3n de eventos gastron\u00f3micos. Colaboran con productores locales, ecol\u00f3gicos y artesanales con el objetivo de empoderar la econom\u00eda local tanto en actividades propias como en las de otros proyectos locales. El a\u00f1o pasado ya se le concedi\u00f3 un pr\u00e9stamo para inversiones y reorganizaci\u00f3n de cuentas, y ahora se ha firmado un cr\u00e9dito para anticipo de facturas.\" \/>\n<meta property=\"og:url\" content=\"https:\/\/www.fiarebancaetica.coop\/eu\/proyectos-financiados-en-febrero-y-marzo-por-fiare\/\" \/>\n<meta property=\"og:site_name\" content=\"Fiare Banca Etica\" \/>\n<meta property=\"article:published_time\" content=\"2017-05-01T22:00:00+00:00\" \/>\n<meta property=\"article:modified_time\" content=\"2024-02-21T14:55:47+00:00\" \/>\n<meta property=\"og:image\" content=\"https:\/\/www.fiarebancaetica.coop\/app\/uploads\/sites\/2\/2023\/12\/proyectos-financiados-en-febrero-y-marzo.jpg\" \/>\n\t<meta property=\"og:image:width\" content=\"1260\" \/>\n\t<meta property=\"og:image:height\" content=\"372\" \/>\n\t<meta property=\"og:image:type\" content=\"image\/jpeg\" \/>\n<meta name=\"author\" content=\"crispyadmin0\" \/>\n<meta name=\"twitter:card\" content=\"summary_large_image\" \/>\n<script type=\"application\/ld+json\" class=\"yoast-schema-graph\">{\"@context\":\"https:\/\/schema.org\",\"@graph\":[{\"@type\":\"Article\",\"@id\":\"https:\/\/www.fiarebancaetica.coop\/eu\/proyectos-financiados-en-febrero-y-marzo-por-fiare\/#article\",\"isPartOf\":{\"@id\":\"https:\/\/www.fiarebancaetica.coop\/eu\/proyectos-financiados-en-febrero-y-marzo-por-fiare\/\"},\"author\":{\"name\":\"crispyadmin0\",\"@id\":\"https:\/\/www.fiarebancaetica.coop\/eu\/#\/schema\/person\/579841e89c804b5db05d9141bd9b8272\"},\"headline\":\"Proyectos financiados en febrero y marzo por Fiare\",\"datePublished\":\"2017-05-01T22:00:00+00:00\",\"dateModified\":\"2024-02-21T14:55:47+00:00\",\"mainEntityOfPage\":{\"@id\":\"https:\/\/www.fiarebancaetica.coop\/eu\/proyectos-financiados-en-febrero-y-marzo-por-fiare\/\"},\"wordCount\":631,\"commentCount\":0,\"image\":{\"@id\":\"https:\/\/www.fiarebancaetica.coop\/eu\/proyectos-financiados-en-febrero-y-marzo-por-fiare\/#primaryimage\"},\"thumbnailUrl\":\"https:\/\/www.fiarebancaetica.coop\/app\/uploads\/sites\/2\/2023\/12\/proyectos-financiados-en-febrero-y-marzo.jpg\",\"articleSection\":[\"Finantza etikoak\"],\"inLanguage\":\"eu\",\"potentialAction\":[{\"@type\":\"CommentAction\",\"name\":\"Comment\",\"target\":[\"https:\/\/www.fiarebancaetica.coop\/eu\/proyectos-financiados-en-febrero-y-marzo-por-fiare\/#respond\"]}]},{\"@type\":\"WebPage\",\"@id\":\"https:\/\/www.fiarebancaetica.coop\/eu\/proyectos-financiados-en-febrero-y-marzo-por-fiare\/\",\"url\":\"https:\/\/www.fiarebancaetica.coop\/eu\/proyectos-financiados-en-febrero-y-marzo-por-fiare\/\",\"name\":\"Proyectos financiados en febrero y marzo por Fiare - Fiare Banca Etica\",\"isPartOf\":{\"@id\":\"https:\/\/www.fiarebancaetica.coop\/eu\/#website\"},\"primaryImageOfPage\":{\"@id\":\"https:\/\/www.fiarebancaetica.coop\/eu\/proyectos-financiados-en-febrero-y-marzo-por-fiare\/#primaryimage\"},\"image\":{\"@id\":\"https:\/\/www.fiarebancaetica.coop\/eu\/proyectos-financiados-en-febrero-y-marzo-por-fiare\/#primaryimage\"},\"thumbnailUrl\":\"https:\/\/www.fiarebancaetica.coop\/app\/uploads\/sites\/2\/2023\/12\/proyectos-financiados-en-febrero-y-marzo.jpg\",\"datePublished\":\"2017-05-01T22:00:00+00:00\",\"dateModified\":\"2024-02-21T14:55:47+00:00\",\"author\":{\"@id\":\"https:\/\/www.fiarebancaetica.coop\/eu\/#\/schema\/person\/579841e89c804b5db05d9141bd9b8272\"},\"breadcrumb\":{\"@id\":\"https:\/\/www.fiarebancaetica.coop\/eu\/proyectos-financiados-en-febrero-y-marzo-por-fiare\/#breadcrumb\"},\"inLanguage\":\"eu\",\"potentialAction\":[{\"@type\":\"ReadAction\",\"target\":[\"https:\/\/www.fiarebancaetica.coop\/eu\/proyectos-financiados-en-febrero-y-marzo-por-fiare\/\"]}]},{\"@type\":\"ImageObject\",\"inLanguage\":\"eu\",\"@id\":\"https:\/\/www.fiarebancaetica.coop\/eu\/proyectos-financiados-en-febrero-y-marzo-por-fiare\/#primaryimage\",\"url\":\"https:\/\/www.fiarebancaetica.coop\/app\/uploads\/sites\/2\/2023\/12\/proyectos-financiados-en-febrero-y-marzo.jpg\",\"contentUrl\":\"https:\/\/www.fiarebancaetica.coop\/app\/uploads\/sites\/2\/2023\/12\/proyectos-financiados-en-febrero-y-marzo.jpg\",\"width\":1260,\"height\":372},{\"@type\":\"BreadcrumbList\",\"@id\":\"https:\/\/www.fiarebancaetica.coop\/eu\/proyectos-financiados-en-febrero-y-marzo-por-fiare\/#breadcrumb\",\"itemListElement\":[{\"@type\":\"ListItem\",\"position\":1,\"name\":\"Home\",\"item\":\"https:\/\/www.fiarebancaetica.coop\/eu\/\"},{\"@type\":\"ListItem\",\"position\":2,\"name\":\"Proyectos financiados en febrero y marzo por Fiare\"}]},{\"@type\":\"WebSite\",\"@id\":\"https:\/\/www.fiarebancaetica.coop\/eu\/#website\",\"url\":\"https:\/\/www.fiarebancaetica.coop\/eu\/\",\"name\":\"Fiare Banca Etica\",\"description\":\"\",\"potentialAction\":[{\"@type\":\"SearchAction\",\"target\":{\"@type\":\"EntryPoint\",\"urlTemplate\":\"https:\/\/www.fiarebancaetica.coop\/eu\/?s={search_term_string}\"},\"query-input\":{\"@type\":\"PropertyValueSpecification\",\"valueRequired\":true,\"valueName\":\"search_term_string\"}}],\"inLanguage\":\"eu\"},{\"@type\":\"Person\",\"@id\":\"https:\/\/www.fiarebancaetica.coop\/eu\/#\/schema\/person\/579841e89c804b5db05d9141bd9b8272\",\"name\":\"crispyadmin0\",\"image\":{\"@type\":\"ImageObject\",\"inLanguage\":\"eu\",\"@id\":\"https:\/\/www.fiarebancaetica.coop\/eu\/#\/schema\/person\/image\/5f3a6b7786f32f4c35bd2b1a5a4698ea\",\"url\":\"https:\/\/secure.gravatar.com\/avatar\/4d2cfb499d497b6d49da659fab7404b243a87fe8e40d2cf97a1cae48f677f5b2?s=96&d=mm&r=g\",\"contentUrl\":\"https:\/\/secure.gravatar.com\/avatar\/4d2cfb499d497b6d49da659fab7404b243a87fe8e40d2cf97a1cae48f677f5b2?s=96&d=mm&r=g\",\"caption\":\"crispyadmin0\"},\"sameAs\":[\"crispyadmin0\"]}]}<\/script>\n<!-- \/ Yoast SEO plugin. -->","yoast_head_json":{"title":"Proyectos financiados en febrero y marzo por Fiare - Fiare Banca Etica","robots":{"index":"index","follow":"follow","max-snippet":"max-snippet:-1","max-image-preview":"max-image-preview:large","max-video-preview":"max-video-preview:-1"},"canonical":"https:\/\/www.fiarebancaetica.coop\/eu\/proyectos-financiados-en-febrero-y-marzo-por-fiare\/","og_locale":"eu_ES","og_type":"article","og_title":"Proyectos financiados en febrero y marzo por Fiare - Fiare Banca Etica","og_description":"Estas son las financiaciones firmadas durante los meses de febrero y marzo por Fiare Banca Etica.  A Tenda da gata - Pontevedra Es una tienda de consumo responsable \u2013 alimento ecol\u00f3gico, de km0 - y de turismo responsable que adem\u00e1s incluye actividades de catering responsable y sostenible y organizaci\u00f3n de eventos gastron\u00f3micos. Colaboran con productores locales, ecol\u00f3gicos y artesanales con el objetivo de empoderar la econom\u00eda local tanto en actividades propias como en las de otros proyectos locales. El a\u00f1o pasado ya se le concedi\u00f3 un pr\u00e9stamo para inversiones y reorganizaci\u00f3n de cuentas, y ahora se ha firmado un cr\u00e9dito para anticipo de facturas.","og_url":"https:\/\/www.fiarebancaetica.coop\/eu\/proyectos-financiados-en-febrero-y-marzo-por-fiare\/","og_site_name":"Fiare Banca Etica","article_published_time":"2017-05-01T22:00:00+00:00","article_modified_time":"2024-02-21T14:55:47+00:00","og_image":[{"width":1260,"height":372,"url":"https:\/\/www.fiarebancaetica.coop\/app\/uploads\/sites\/2\/2023\/12\/proyectos-financiados-en-febrero-y-marzo.jpg","type":"image\/jpeg"}],"author":"crispyadmin0","twitter_card":"summary_large_image","schema":{"@context":"https:\/\/schema.org","@graph":[{"@type":"Article","@id":"https:\/\/www.fiarebancaetica.coop\/eu\/proyectos-financiados-en-febrero-y-marzo-por-fiare\/#article","isPartOf":{"@id":"https:\/\/www.fiarebancaetica.coop\/eu\/proyectos-financiados-en-febrero-y-marzo-por-fiare\/"},"author":{"name":"crispyadmin0","@id":"https:\/\/www.fiarebancaetica.coop\/eu\/#\/schema\/person\/579841e89c804b5db05d9141bd9b8272"},"headline":"Proyectos financiados en febrero y marzo por Fiare","datePublished":"2017-05-01T22:00:00+00:00","dateModified":"2024-02-21T14:55:47+00:00","mainEntityOfPage":{"@id":"https:\/\/www.fiarebancaetica.coop\/eu\/proyectos-financiados-en-febrero-y-marzo-por-fiare\/"},"wordCount":631,"commentCount":0,"image":{"@id":"https:\/\/www.fiarebancaetica.coop\/eu\/proyectos-financiados-en-febrero-y-marzo-por-fiare\/#primaryimage"},"thumbnailUrl":"https:\/\/www.fiarebancaetica.coop\/app\/uploads\/sites\/2\/2023\/12\/proyectos-financiados-en-febrero-y-marzo.jpg","articleSection":["Finantza etikoak"],"inLanguage":"eu","potentialAction":[{"@type":"CommentAction","name":"Comment","target":["https:\/\/www.fiarebancaetica.coop\/eu\/proyectos-financiados-en-febrero-y-marzo-por-fiare\/#respond"]}]},{"@type":"WebPage","@id":"https:\/\/www.fiarebancaetica.coop\/eu\/proyectos-financiados-en-febrero-y-marzo-por-fiare\/","url":"https:\/\/www.fiarebancaetica.coop\/eu\/proyectos-financiados-en-febrero-y-marzo-por-fiare\/","name":"Proyectos financiados en febrero y marzo por Fiare - Fiare Banca Etica","isPartOf":{"@id":"https:\/\/www.fiarebancaetica.coop\/eu\/#website"},"primaryImageOfPage":{"@id":"https:\/\/www.fiarebancaetica.coop\/eu\/proyectos-financiados-en-febrero-y-marzo-por-fiare\/#primaryimage"},"image":{"@id":"https:\/\/www.fiarebancaetica.coop\/eu\/proyectos-financiados-en-febrero-y-marzo-por-fiare\/#primaryimage"},"thumbnailUrl":"https:\/\/www.fiarebancaetica.coop\/app\/uploads\/sites\/2\/2023\/12\/proyectos-financiados-en-febrero-y-marzo.jpg","datePublished":"2017-05-01T22:00:00+00:00","dateModified":"2024-02-21T14:55:47+00:00","author":{"@id":"https:\/\/www.fiarebancaetica.coop\/eu\/#\/schema\/person\/579841e89c804b5db05d9141bd9b8272"},"breadcrumb":{"@id":"https:\/\/www.fiarebancaetica.coop\/eu\/proyectos-financiados-en-febrero-y-marzo-por-fiare\/#breadcrumb"},"inLanguage":"eu","potentialAction":[{"@type":"ReadAction","target":["https:\/\/www.fiarebancaetica.coop\/eu\/proyectos-financiados-en-febrero-y-marzo-por-fiare\/"]}]},{"@type":"ImageObject","inLanguage":"eu","@id":"https:\/\/www.fiarebancaetica.coop\/eu\/proyectos-financiados-en-febrero-y-marzo-por-fiare\/#primaryimage","url":"https:\/\/www.fiarebancaetica.coop\/app\/uploads\/sites\/2\/2023\/12\/proyectos-financiados-en-febrero-y-marzo.jpg","contentUrl":"https:\/\/www.fiarebancaetica.coop\/app\/uploads\/sites\/2\/2023\/12\/proyectos-financiados-en-febrero-y-marzo.jpg","width":1260,"height":372},{"@type":"BreadcrumbList","@id":"https:\/\/www.fiarebancaetica.coop\/eu\/proyectos-financiados-en-febrero-y-marzo-por-fiare\/#breadcrumb","itemListElement":[{"@type":"ListItem","position":1,"name":"Home","item":"https:\/\/www.fiarebancaetica.coop\/eu\/"},{"@type":"ListItem","position":2,"name":"Proyectos financiados en febrero y marzo por Fiare"}]},{"@type":"WebSite","@id":"https:\/\/www.fiarebancaetica.coop\/eu\/#website","url":"https:\/\/www.fiarebancaetica.coop\/eu\/","name":"Fiare Banca Etica","description":"","potentialAction":[{"@type":"SearchAction","target":{"@type":"EntryPoint","urlTemplate":"https:\/\/www.fiarebancaetica.coop\/eu\/?s={search_term_string}"},"query-input":{"@type":"PropertyValueSpecification","valueRequired":true,"valueName":"search_term_string"}}],"inLanguage":"eu"},{"@type":"Person","@id":"https:\/\/www.fiarebancaetica.coop\/eu\/#\/schema\/person\/579841e89c804b5db05d9141bd9b8272","name":"crispyadmin0","image":{"@type":"ImageObject","inLanguage":"eu","@id":"https:\/\/www.fiarebancaetica.coop\/eu\/#\/schema\/person\/image\/5f3a6b7786f32f4c35bd2b1a5a4698ea","url":"https:\/\/secure.gravatar.com\/avatar\/4d2cfb499d497b6d49da659fab7404b243a87fe8e40d2cf97a1cae48f677f5b2?s=96&d=mm&r=g","contentUrl":"https:\/\/secure.gravatar.com\/avatar\/4d2cfb499d497b6d49da659fab7404b243a87fe8e40d2cf97a1cae48f677f5b2?s=96&d=mm&r=g","caption":"crispyadmin0"},"sameAs":["crispyadmin0"]}]}},"_links":{"self":[{"href":"https:\/\/www.fiarebancaetica.coop\/eu\/wp-json\/wp\/v2\/posts\/345768","targetHints":{"allow":["GET"]}}],"collection":[{"href":"https:\/\/www.fiarebancaetica.coop\/eu\/wp-json\/wp\/v2\/posts"}],"about":[{"href":"https:\/\/www.fiarebancaetica.coop\/eu\/wp-json\/wp\/v2\/types\/post"}],"author":[{"embeddable":true,"href":"https:\/\/www.fiarebancaetica.coop\/eu\/wp-json\/wp\/v2\/users\/2"}],"replies":[{"embeddable":true,"href":"https:\/\/www.fiarebancaetica.coop\/eu\/wp-json\/wp\/v2\/comments?post=345768"}],"version-history":[{"count":2,"href":"https:\/\/www.fiarebancaetica.coop\/eu\/wp-json\/wp\/v2\/posts\/345768\/revisions"}],"predecessor-version":[{"id":353592,"href":"https:\/\/www.fiarebancaetica.coop\/eu\/wp-json\/wp\/v2\/posts\/345768\/revisions\/353592"}],"wp:featuredmedia":[{"embeddable":true,"href":"https:\/\/www.fiarebancaetica.coop\/eu\/wp-json\/wp\/v2\/media\/325617"}],"wp:attachment":[{"href":"https:\/\/www.fiarebancaetica.coop\/eu\/wp-json\/wp\/v2\/media?parent=345768"}],"wp:term":[{"taxonomy":"category","embeddable":true,"href":"https:\/\/www.fiarebancaetica.coop\/eu\/wp-json\/wp\/v2\/categories?post=345768"},{"taxonomy":"post_tag","embeddable":true,"href":"https:\/\/www.fiarebancaetica.coop\/eu\/wp-json\/wp\/v2\/tags?post=345768"},{"taxonomy":"author","embeddable":true,"href":"https:\/\/www.fiarebancaetica.coop\/eu\/wp-json\/wp\/v2\/coauthors?post=345768"}],"curies":[{"name":"wp","href":"https:\/\/api.w.org\/{rel}","templated":true}]}}