{"id":345778,"date":"2017-04-27T00:00:00","date_gmt":"2017-04-26T22:00:00","guid":{"rendered":"https:\/\/www.fiarebancaetica.coop\/asamblea-2017-el-presidente-escribe-a-las-personas-socias\/"},"modified":"2024-02-21T15:56:39","modified_gmt":"2024-02-21T14:56:39","slug":"asamblea-2017-el-presidente-escribe-a-las-personas-socias","status":"publish","type":"post","link":"https:\/\/www.fiarebancaetica.coop\/eu\/asamblea-2017-el-presidente-escribe-a-las-personas-socias\/","title":{"rendered":"ASAMBLEA 2017: EL PRESIDENTE ESCRIBE A LAS PERSONAS SOCIAS"},"content":{"rendered":"\n\n<div class=\"wp-block-bancaetica-blocks-blocks-block-49\">\n    <div class=\"container-block-49\">\n\n        <div class=\"header-section \">\n                            <h1 class=\"section-title\"> Etica e cooperativa <\/h1>\n                                            <\/div>\n\n        \n        <div class=\"block-background\" style=\"background-image: url('https:\/\/www.fiarebancaetica.coop\/app\/uploads\/sites\/2\/2023\/12\/asamblea-2017-el-presidente-escribe-las-personas-socias.jpg')\">\n                            <div class=\"tile\">\n                    <h1 class=\"image-title\"> ASAMBLEA 2017: EL PRESIDENTE ESCRIBE A LAS PERSONAS SOCIAS <\/h1>\n                <\/div>             <!-- end .tile -->\n            <div class=\"bottom-content\">\n                            <\/div> <!-- end .button-content -->\n        <\/div> <!-- end .block-background -->\n    <\/div> <!-- end .container -->\n<\/div> <!-- end wp-block-bancaetica-blocks-blocks-block-06 -->\n\n\n<div class=\"wrapper-crispybacon-class wrapper-crispybacon-class-boxed \">\n    <p>Estimadas personas y entidades socias de Banca Etica,<br \/>\n\t<br \/>\n\tSe acerca el 13 de mayo, d\u00eda de nuestra <a href=\"http:\/\/partecipazione.bancaetica.it\/es\/\">Asamblea general,<\/a> y quiero compartir con vosotros algunas informaciones y reflexiones.<br \/>\n\t<br \/>\n\tEs el primer a\u00f1o desde el nacimiento de Banca Etica, que la<strong> Presidencia y la Secretar\u00eda de la Asamblea estar\u00e1n en Espa\u00f1a,<\/strong> en la sede de Santiago de Compostela, mientras las labores en la sede italiana, en Torino, ser\u00e1n coordinadores por la vicepresidenta Anna Fasano.<br \/>\n\t<br \/>\n\tEsta decisi\u00f3n reviste un fuerte significado simb\u00f3lico y se visualiza as\u00ed la dimensi\u00f3n internacional de Banca Etica y su progresivo fortalecimiento en los dos estados. Ser\u00e1 posible seguir la Asamblea en italiano o en espa\u00f1ol, gracias a la traducci\u00f3n simult\u00e1nea.<br \/>\n\t<br \/>\n\tEl 13 de mayo, las personas socias est\u00e1n llamadas a elegir el nuevo <strong><a href=\"http:\/\/partecipazione.bancaetica.it\/es\/blog\/20\/\">Comit\u00e9 de \u00c9tica.<\/a><\/strong><br \/>\n\t<br \/>\n\tQuiero dar las gracias a la Presidenta saliente, Marina Galati, por c\u00f3mo ha interpretado su rol y por c\u00f3mo ha conseguido favorecer el car\u00e1cter colegiado de este \u00f3rgano social que, en estos a\u00f1os, ha aportado ideas importantes y con eficacia al Consejo de Administraci\u00f3n.&nbsp;&nbsp;<br \/>\n\t<br \/>\n\tTenemos una amplia variedad de candidaturas, se\u00f1al de que el proceso de selecci\u00f3n ha funcionado bien gracias a la acci\u00f3n de los diferentes portadores de valor.<br \/>\n\t<br \/>\n\tOs invito a escoger los candidatos y candidatas que cre\u00e1is mejores para trabajar en el Comit\u00e9 de \u00c9tica de Banca Etica, superando l\u00f3gicas de pertenencia y de intereses, dando prioridad en su lugar a la experiencia y la preparaci\u00f3n. Creo que es importante imaginar cual tiene que ser una composici\u00f3n equilibrada del Comit\u00e9 de \u00c9tica de una entidad, que trabaja en un mercado complejo inspir\u00e1ndose en una visi\u00f3n de cambio de las finanzas y de la econom\u00eda y que ha desarrollado una propuesta de alianzas internacionales cada vez m\u00e1s significativa.<br \/>\n\t<br \/>\n\tEn la plataforma dedicada a la participaci\u00f3n, pod\u00e9is informaros sobre los distintos <a href=\"http:\/\/partecipazione.bancaetica.it\/es\/blog\/20\/\">perfiles de las personas candidatas<\/a>; os recuerdo que el 6 de mayo desde las 10 a las 13 horas, las personas candidatas se presentar\u00e1n en directo v\u00eda streaming desde la filial de Bolonia. Ser\u00e1 posible seguir el encuentro desde p<a href=\"http:\/\/Partecipazione.bancaetica.it\/es\/\">artecipazione.bancaetica.it\/es\/<\/a><br \/>\n\t<br \/>\n\tEn estas semanas la preparaci\u00f3n de la asamblea est\u00e1 viviendo intensos momentos a nivel local <a href=\"http:\/\/www.fiarebancaetica.coop\/git\/\">[contacta con tu grupo local para saber m\u00e1s] <\/a>y adem\u00e1s ahora tambi\u00e9n puedes participar en el nuevo <a href=\"https:\/\/partecipazione.bancaetica.it\/es\/\">Foro online.<\/a><br \/>\n\tY gracias a esta combinaci\u00f3n de la dimensi\u00f3n local y el uso de la tecnolog\u00eda que podemos extender la participaci\u00f3n activa: de hecho ser\u00e1 posible votar&nbsp; en persona u online. El voto online requiere de un prerregistro obligatorio hasta el 7 de mayo y permite votar desde el 11 de mayo hasta el fin de las votaciones en Asamblea.<br \/>\n\t<br \/>\n\tPor \u00faltimo, os anticipo que la Asamblea de este a\u00f1o marcar\u00e1 tambi\u00e9n un importante momento para recoger vuestras ideas para elaborar el plan estrat\u00e9gico de Banca Etica por el trienio 2018-2020, mientras, en Espa\u00f1a, las personas socias estar\u00e1n invitadas a reflexionar juntas sobre los fondos de inversi\u00f3n socialmente responsables.<br \/>\n\t<br \/>\n\tEn estos d\u00edas es importante invitar a cuantas m\u00e1s personas socias sea posible, a participar como protagonistas en la pr\u00f3xima Asamblea contribuyendo a fortalecer de este modo la dimensi\u00f3n cooperativa de nuestro banco.<\/p>\n<p><br \/>\n\tGracias por vuestro compromiso.<\/p>\n<p><br \/>\n\t<em><strong>Ugo Biggeri<\/strong><\/em><\/p>\n<\/div>","protected":false},"excerpt":{"rendered":"<p>Estimadas personas y entidades socias de Banca Etica,<\/p>\n<p>Se acerca el 13 de mayo, d\u00eda de <a href=\"http:\/\/partecipazione.bancaetica.it\/es\/\">nuestra Asamblea general <\/a>, y quiero compartir con vosotros algunas informaciones y reflexiones.<br \/>\n\tEs el primer a\u00f1o desde el nacimiento de Banca Etica, que la Presidencia y la Secretar\u00eda de la Asamblea estar\u00e1n en Espa\u00f1a, en la sede de Santiago de Compostela, mientras las labores en la sede italiana, en Torino, ser\u00e1n coordinadores por la vicepresidenta Anna Fasano.<\/p>\n","protected":false},"author":2,"featured_media":325610,"comment_status":"open","ping_status":"closed","sticky":false,"template":"","format":"standard","meta":{"_acf_changed":false,"footnotes":""},"categories":[11644],"tags":[],"coauthors":[],"class_list":["post-345778","post","type-post","status-publish","format-standard","has-post-thumbnail","hentry","category-finantza-etikoak"],"acf":[],"yoast_head":"<!-- This site is optimized with the Yoast SEO plugin v26.9 - https:\/\/yoast.com\/product\/yoast-seo-wordpress\/ -->\n<title>ASAMBLEA 2017: EL PRESIDENTE ESCRIBE A LAS PERSONAS SOCIAS - Fiare Banca Etica<\/title>\n<meta name=\"robots\" content=\"index, follow, max-snippet:-1, max-image-preview:large, max-video-preview:-1\" \/>\n<link rel=\"canonical\" href=\"https:\/\/www.fiarebancaetica.coop\/eu\/asamblea-2017-el-presidente-escribe-a-las-personas-socias\/\" \/>\n<meta property=\"og:locale\" content=\"eu_ES\" \/>\n<meta property=\"og:type\" content=\"article\" \/>\n<meta property=\"og:title\" content=\"ASAMBLEA 2017: EL PRESIDENTE ESCRIBE A LAS PERSONAS SOCIAS - Fiare Banca Etica\" \/>\n<meta property=\"og:description\" content=\"Estimadas personas y entidades socias de Banca Etica, Se acerca el 13 de mayo, d\u00eda de nuestra Asamblea general , y quiero compartir con vosotros algunas informaciones y reflexiones. Es el primer a\u00f1o desde el nacimiento de Banca Etica, que la Presidencia y la Secretar\u00eda de la Asamblea estar\u00e1n en Espa\u00f1a, en la sede de Santiago de Compostela, mientras las labores en la sede italiana, en Torino, ser\u00e1n coordinadores por la vicepresidenta Anna Fasano.\" \/>\n<meta property=\"og:url\" content=\"https:\/\/www.fiarebancaetica.coop\/eu\/asamblea-2017-el-presidente-escribe-a-las-personas-socias\/\" \/>\n<meta property=\"og:site_name\" content=\"Fiare Banca Etica\" \/>\n<meta property=\"article:published_time\" content=\"2017-04-26T22:00:00+00:00\" \/>\n<meta property=\"article:modified_time\" content=\"2024-02-21T14:56:39+00:00\" \/>\n<meta property=\"og:image\" content=\"https:\/\/www.fiarebancaetica.coop\/app\/uploads\/sites\/2\/2023\/12\/asamblea-2017-el-presidente-escribe-las-personas-socias.jpg\" \/>\n\t<meta property=\"og:image:width\" content=\"540\" \/>\n\t<meta property=\"og:image:height\" content=\"189\" \/>\n\t<meta property=\"og:image:type\" content=\"image\/jpeg\" \/>\n<meta name=\"author\" content=\"crispyadmin0\" \/>\n<meta name=\"twitter:card\" content=\"summary_large_image\" \/>\n<script type=\"application\/ld+json\" class=\"yoast-schema-graph\">{\"@context\":\"https:\/\/schema.org\",\"@graph\":[{\"@type\":\"Article\",\"@id\":\"https:\/\/www.fiarebancaetica.coop\/eu\/asamblea-2017-el-presidente-escribe-a-las-personas-socias\/#article\",\"isPartOf\":{\"@id\":\"https:\/\/www.fiarebancaetica.coop\/eu\/asamblea-2017-el-presidente-escribe-a-las-personas-socias\/\"},\"author\":{\"name\":\"crispyadmin0\",\"@id\":\"https:\/\/www.fiarebancaetica.coop\/eu\/#\/schema\/person\/579841e89c804b5db05d9141bd9b8272\"},\"headline\":\"ASAMBLEA 2017: EL PRESIDENTE ESCRIBE A LAS PERSONAS SOCIAS\",\"datePublished\":\"2017-04-26T22:00:00+00:00\",\"dateModified\":\"2024-02-21T14:56:39+00:00\",\"mainEntityOfPage\":{\"@id\":\"https:\/\/www.fiarebancaetica.coop\/eu\/asamblea-2017-el-presidente-escribe-a-las-personas-socias\/\"},\"wordCount\":580,\"commentCount\":0,\"image\":{\"@id\":\"https:\/\/www.fiarebancaetica.coop\/eu\/asamblea-2017-el-presidente-escribe-a-las-personas-socias\/#primaryimage\"},\"thumbnailUrl\":\"https:\/\/www.fiarebancaetica.coop\/app\/uploads\/sites\/2\/2023\/12\/asamblea-2017-el-presidente-escribe-las-personas-socias.jpg\",\"articleSection\":[\"Finantza etikoak\"],\"inLanguage\":\"eu\",\"potentialAction\":[{\"@type\":\"CommentAction\",\"name\":\"Comment\",\"target\":[\"https:\/\/www.fiarebancaetica.coop\/eu\/asamblea-2017-el-presidente-escribe-a-las-personas-socias\/#respond\"]}]},{\"@type\":\"WebPage\",\"@id\":\"https:\/\/www.fiarebancaetica.coop\/eu\/asamblea-2017-el-presidente-escribe-a-las-personas-socias\/\",\"url\":\"https:\/\/www.fiarebancaetica.coop\/eu\/asamblea-2017-el-presidente-escribe-a-las-personas-socias\/\",\"name\":\"ASAMBLEA 2017: EL PRESIDENTE ESCRIBE A LAS PERSONAS SOCIAS - Fiare Banca Etica\",\"isPartOf\":{\"@id\":\"https:\/\/www.fiarebancaetica.coop\/eu\/#website\"},\"primaryImageOfPage\":{\"@id\":\"https:\/\/www.fiarebancaetica.coop\/eu\/asamblea-2017-el-presidente-escribe-a-las-personas-socias\/#primaryimage\"},\"image\":{\"@id\":\"https:\/\/www.fiarebancaetica.coop\/eu\/asamblea-2017-el-presidente-escribe-a-las-personas-socias\/#primaryimage\"},\"thumbnailUrl\":\"https:\/\/www.fiarebancaetica.coop\/app\/uploads\/sites\/2\/2023\/12\/asamblea-2017-el-presidente-escribe-las-personas-socias.jpg\",\"datePublished\":\"2017-04-26T22:00:00+00:00\",\"dateModified\":\"2024-02-21T14:56:39+00:00\",\"author\":{\"@id\":\"https:\/\/www.fiarebancaetica.coop\/eu\/#\/schema\/person\/579841e89c804b5db05d9141bd9b8272\"},\"breadcrumb\":{\"@id\":\"https:\/\/www.fiarebancaetica.coop\/eu\/asamblea-2017-el-presidente-escribe-a-las-personas-socias\/#breadcrumb\"},\"inLanguage\":\"eu\",\"potentialAction\":[{\"@type\":\"ReadAction\",\"target\":[\"https:\/\/www.fiarebancaetica.coop\/eu\/asamblea-2017-el-presidente-escribe-a-las-personas-socias\/\"]}]},{\"@type\":\"ImageObject\",\"inLanguage\":\"eu\",\"@id\":\"https:\/\/www.fiarebancaetica.coop\/eu\/asamblea-2017-el-presidente-escribe-a-las-personas-socias\/#primaryimage\",\"url\":\"https:\/\/www.fiarebancaetica.coop\/app\/uploads\/sites\/2\/2023\/12\/asamblea-2017-el-presidente-escribe-las-personas-socias.jpg\",\"contentUrl\":\"https:\/\/www.fiarebancaetica.coop\/app\/uploads\/sites\/2\/2023\/12\/asamblea-2017-el-presidente-escribe-las-personas-socias.jpg\",\"width\":540,\"height\":189},{\"@type\":\"BreadcrumbList\",\"@id\":\"https:\/\/www.fiarebancaetica.coop\/eu\/asamblea-2017-el-presidente-escribe-a-las-personas-socias\/#breadcrumb\",\"itemListElement\":[{\"@type\":\"ListItem\",\"position\":1,\"name\":\"Home\",\"item\":\"https:\/\/www.fiarebancaetica.coop\/eu\/\"},{\"@type\":\"ListItem\",\"position\":2,\"name\":\"ASAMBLEA 2017: EL PRESIDENTE ESCRIBE A LAS PERSONAS SOCIAS\"}]},{\"@type\":\"WebSite\",\"@id\":\"https:\/\/www.fiarebancaetica.coop\/eu\/#website\",\"url\":\"https:\/\/www.fiarebancaetica.coop\/eu\/\",\"name\":\"Fiare Banca Etica\",\"description\":\"\",\"potentialAction\":[{\"@type\":\"SearchAction\",\"target\":{\"@type\":\"EntryPoint\",\"urlTemplate\":\"https:\/\/www.fiarebancaetica.coop\/eu\/?s={search_term_string}\"},\"query-input\":{\"@type\":\"PropertyValueSpecification\",\"valueRequired\":true,\"valueName\":\"search_term_string\"}}],\"inLanguage\":\"eu\"},{\"@type\":\"Person\",\"@id\":\"https:\/\/www.fiarebancaetica.coop\/eu\/#\/schema\/person\/579841e89c804b5db05d9141bd9b8272\",\"name\":\"crispyadmin0\",\"image\":{\"@type\":\"ImageObject\",\"inLanguage\":\"eu\",\"@id\":\"https:\/\/www.fiarebancaetica.coop\/eu\/#\/schema\/person\/image\/5f3a6b7786f32f4c35bd2b1a5a4698ea\",\"url\":\"https:\/\/secure.gravatar.com\/avatar\/4d2cfb499d497b6d49da659fab7404b243a87fe8e40d2cf97a1cae48f677f5b2?s=96&d=mm&r=g\",\"contentUrl\":\"https:\/\/secure.gravatar.com\/avatar\/4d2cfb499d497b6d49da659fab7404b243a87fe8e40d2cf97a1cae48f677f5b2?s=96&d=mm&r=g\",\"caption\":\"crispyadmin0\"},\"sameAs\":[\"crispyadmin0\"]}]}<\/script>\n<!-- \/ Yoast SEO plugin. -->","yoast_head_json":{"title":"ASAMBLEA 2017: EL PRESIDENTE ESCRIBE A LAS PERSONAS SOCIAS - Fiare Banca Etica","robots":{"index":"index","follow":"follow","max-snippet":"max-snippet:-1","max-image-preview":"max-image-preview:large","max-video-preview":"max-video-preview:-1"},"canonical":"https:\/\/www.fiarebancaetica.coop\/eu\/asamblea-2017-el-presidente-escribe-a-las-personas-socias\/","og_locale":"eu_ES","og_type":"article","og_title":"ASAMBLEA 2017: EL PRESIDENTE ESCRIBE A LAS PERSONAS SOCIAS - Fiare Banca Etica","og_description":"Estimadas personas y entidades socias de Banca Etica, Se acerca el 13 de mayo, d\u00eda de nuestra Asamblea general , y quiero compartir con vosotros algunas informaciones y reflexiones. Es el primer a\u00f1o desde el nacimiento de Banca Etica, que la Presidencia y la Secretar\u00eda de la Asamblea estar\u00e1n en Espa\u00f1a, en la sede de Santiago de Compostela, mientras las labores en la sede italiana, en Torino, ser\u00e1n coordinadores por la vicepresidenta Anna Fasano.","og_url":"https:\/\/www.fiarebancaetica.coop\/eu\/asamblea-2017-el-presidente-escribe-a-las-personas-socias\/","og_site_name":"Fiare Banca Etica","article_published_time":"2017-04-26T22:00:00+00:00","article_modified_time":"2024-02-21T14:56:39+00:00","og_image":[{"width":540,"height":189,"url":"https:\/\/www.fiarebancaetica.coop\/app\/uploads\/sites\/2\/2023\/12\/asamblea-2017-el-presidente-escribe-las-personas-socias.jpg","type":"image\/jpeg"}],"author":"crispyadmin0","twitter_card":"summary_large_image","schema":{"@context":"https:\/\/schema.org","@graph":[{"@type":"Article","@id":"https:\/\/www.fiarebancaetica.coop\/eu\/asamblea-2017-el-presidente-escribe-a-las-personas-socias\/#article","isPartOf":{"@id":"https:\/\/www.fiarebancaetica.coop\/eu\/asamblea-2017-el-presidente-escribe-a-las-personas-socias\/"},"author":{"name":"crispyadmin0","@id":"https:\/\/www.fiarebancaetica.coop\/eu\/#\/schema\/person\/579841e89c804b5db05d9141bd9b8272"},"headline":"ASAMBLEA 2017: EL PRESIDENTE ESCRIBE A LAS PERSONAS SOCIAS","datePublished":"2017-04-26T22:00:00+00:00","dateModified":"2024-02-21T14:56:39+00:00","mainEntityOfPage":{"@id":"https:\/\/www.fiarebancaetica.coop\/eu\/asamblea-2017-el-presidente-escribe-a-las-personas-socias\/"},"wordCount":580,"commentCount":0,"image":{"@id":"https:\/\/www.fiarebancaetica.coop\/eu\/asamblea-2017-el-presidente-escribe-a-las-personas-socias\/#primaryimage"},"thumbnailUrl":"https:\/\/www.fiarebancaetica.coop\/app\/uploads\/sites\/2\/2023\/12\/asamblea-2017-el-presidente-escribe-las-personas-socias.jpg","articleSection":["Finantza etikoak"],"inLanguage":"eu","potentialAction":[{"@type":"CommentAction","name":"Comment","target":["https:\/\/www.fiarebancaetica.coop\/eu\/asamblea-2017-el-presidente-escribe-a-las-personas-socias\/#respond"]}]},{"@type":"WebPage","@id":"https:\/\/www.fiarebancaetica.coop\/eu\/asamblea-2017-el-presidente-escribe-a-las-personas-socias\/","url":"https:\/\/www.fiarebancaetica.coop\/eu\/asamblea-2017-el-presidente-escribe-a-las-personas-socias\/","name":"ASAMBLEA 2017: EL PRESIDENTE ESCRIBE A LAS PERSONAS SOCIAS - Fiare Banca Etica","isPartOf":{"@id":"https:\/\/www.fiarebancaetica.coop\/eu\/#website"},"primaryImageOfPage":{"@id":"https:\/\/www.fiarebancaetica.coop\/eu\/asamblea-2017-el-presidente-escribe-a-las-personas-socias\/#primaryimage"},"image":{"@id":"https:\/\/www.fiarebancaetica.coop\/eu\/asamblea-2017-el-presidente-escribe-a-las-personas-socias\/#primaryimage"},"thumbnailUrl":"https:\/\/www.fiarebancaetica.coop\/app\/uploads\/sites\/2\/2023\/12\/asamblea-2017-el-presidente-escribe-las-personas-socias.jpg","datePublished":"2017-04-26T22:00:00+00:00","dateModified":"2024-02-21T14:56:39+00:00","author":{"@id":"https:\/\/www.fiarebancaetica.coop\/eu\/#\/schema\/person\/579841e89c804b5db05d9141bd9b8272"},"breadcrumb":{"@id":"https:\/\/www.fiarebancaetica.coop\/eu\/asamblea-2017-el-presidente-escribe-a-las-personas-socias\/#breadcrumb"},"inLanguage":"eu","potentialAction":[{"@type":"ReadAction","target":["https:\/\/www.fiarebancaetica.coop\/eu\/asamblea-2017-el-presidente-escribe-a-las-personas-socias\/"]}]},{"@type":"ImageObject","inLanguage":"eu","@id":"https:\/\/www.fiarebancaetica.coop\/eu\/asamblea-2017-el-presidente-escribe-a-las-personas-socias\/#primaryimage","url":"https:\/\/www.fiarebancaetica.coop\/app\/uploads\/sites\/2\/2023\/12\/asamblea-2017-el-presidente-escribe-las-personas-socias.jpg","contentUrl":"https:\/\/www.fiarebancaetica.coop\/app\/uploads\/sites\/2\/2023\/12\/asamblea-2017-el-presidente-escribe-las-personas-socias.jpg","width":540,"height":189},{"@type":"BreadcrumbList","@id":"https:\/\/www.fiarebancaetica.coop\/eu\/asamblea-2017-el-presidente-escribe-a-las-personas-socias\/#breadcrumb","itemListElement":[{"@type":"ListItem","position":1,"name":"Home","item":"https:\/\/www.fiarebancaetica.coop\/eu\/"},{"@type":"ListItem","position":2,"name":"ASAMBLEA 2017: EL PRESIDENTE ESCRIBE A LAS PERSONAS SOCIAS"}]},{"@type":"WebSite","@id":"https:\/\/www.fiarebancaetica.coop\/eu\/#website","url":"https:\/\/www.fiarebancaetica.coop\/eu\/","name":"Fiare Banca Etica","description":"","potentialAction":[{"@type":"SearchAction","target":{"@type":"EntryPoint","urlTemplate":"https:\/\/www.fiarebancaetica.coop\/eu\/?s={search_term_string}"},"query-input":{"@type":"PropertyValueSpecification","valueRequired":true,"valueName":"search_term_string"}}],"inLanguage":"eu"},{"@type":"Person","@id":"https:\/\/www.fiarebancaetica.coop\/eu\/#\/schema\/person\/579841e89c804b5db05d9141bd9b8272","name":"crispyadmin0","image":{"@type":"ImageObject","inLanguage":"eu","@id":"https:\/\/www.fiarebancaetica.coop\/eu\/#\/schema\/person\/image\/5f3a6b7786f32f4c35bd2b1a5a4698ea","url":"https:\/\/secure.gravatar.com\/avatar\/4d2cfb499d497b6d49da659fab7404b243a87fe8e40d2cf97a1cae48f677f5b2?s=96&d=mm&r=g","contentUrl":"https:\/\/secure.gravatar.com\/avatar\/4d2cfb499d497b6d49da659fab7404b243a87fe8e40d2cf97a1cae48f677f5b2?s=96&d=mm&r=g","caption":"crispyadmin0"},"sameAs":["crispyadmin0"]}]}},"_links":{"self":[{"href":"https:\/\/www.fiarebancaetica.coop\/eu\/wp-json\/wp\/v2\/posts\/345778","targetHints":{"allow":["GET"]}}],"collection":[{"href":"https:\/\/www.fiarebancaetica.coop\/eu\/wp-json\/wp\/v2\/posts"}],"about":[{"href":"https:\/\/www.fiarebancaetica.coop\/eu\/wp-json\/wp\/v2\/types\/post"}],"author":[{"embeddable":true,"href":"https:\/\/www.fiarebancaetica.coop\/eu\/wp-json\/wp\/v2\/users\/2"}],"replies":[{"embeddable":true,"href":"https:\/\/www.fiarebancaetica.coop\/eu\/wp-json\/wp\/v2\/comments?post=345778"}],"version-history":[{"count":2,"href":"https:\/\/www.fiarebancaetica.coop\/eu\/wp-json\/wp\/v2\/posts\/345778\/revisions"}],"predecessor-version":[{"id":353586,"href":"https:\/\/www.fiarebancaetica.coop\/eu\/wp-json\/wp\/v2\/posts\/345778\/revisions\/353586"}],"wp:featuredmedia":[{"embeddable":true,"href":"https:\/\/www.fiarebancaetica.coop\/eu\/wp-json\/wp\/v2\/media\/325610"}],"wp:attachment":[{"href":"https:\/\/www.fiarebancaetica.coop\/eu\/wp-json\/wp\/v2\/media?parent=345778"}],"wp:term":[{"taxonomy":"category","embeddable":true,"href":"https:\/\/www.fiarebancaetica.coop\/eu\/wp-json\/wp\/v2\/categories?post=345778"},{"taxonomy":"post_tag","embeddable":true,"href":"https:\/\/www.fiarebancaetica.coop\/eu\/wp-json\/wp\/v2\/tags?post=345778"},{"taxonomy":"author","embeddable":true,"href":"https:\/\/www.fiarebancaetica.coop\/eu\/wp-json\/wp\/v2\/coauthors?post=345778"}],"curies":[{"name":"wp","href":"https:\/\/api.w.org\/{rel}","templated":true}]}}