{"id":345789,"date":"2017-04-18T00:00:00","date_gmt":"2017-04-17T22:00:00","guid":{"rendered":"https:\/\/www.fiarebancaetica.coop\/ugo-biggeri-elegido-miembro-del-consejo-de-la-alianza-global-por-una-banca-con-valores\/"},"modified":"2024-02-21T15:56:48","modified_gmt":"2024-02-21T14:56:48","slug":"ugo-biggeri-elegido-miembro-del-consejo-de-la-alianza-global-por-una-banca-con-valores","status":"publish","type":"post","link":"https:\/\/www.fiarebancaetica.coop\/eu\/ugo-biggeri-elegido-miembro-del-consejo-de-la-alianza-global-por-una-banca-con-valores\/","title":{"rendered":"Ugo Biggeri elegido miembro del Consejo de la Alianza Global por una Banca con Valores"},"content":{"rendered":"\n\n<div class=\"wp-block-bancaetica-blocks-blocks-block-49\">\n    <div class=\"container-block-49\">\n\n        <div class=\"header-section \">\n                            <h1 class=\"section-title\"> Etica e cooperativa <\/h1>\n                                            <\/div>\n\n        \n        <div class=\"block-background\" style=\"background-image: url('https:\/\/www.fiarebancaetica.coop\/app\/uploads\/sites\/2\/2023\/12\/ugo-biggeri-elegido-miembro-del-consejo-de-alianza-global-por-una-banca-valores.jpg')\">\n                            <div class=\"tile\">\n                    <h1 class=\"image-title\"> Ugo Biggeri elegido miembro del Consejo de la Alianza Global por una Banca con Valores <\/h1>\n                <\/div>             <!-- end .tile -->\n            <div class=\"bottom-content\">\n                            <\/div> <!-- end .button-content -->\n        <\/div> <!-- end .block-background -->\n    <\/div> <!-- end .container -->\n<\/div> <!-- end wp-block-bancaetica-blocks-blocks-block-06 -->\n\n\n<div class=\"wrapper-crispybacon-class wrapper-crispybacon-class-boxed \">\n    <p><a href=\"#cat\">Catal\u00e0<\/a><br \/>\n\t<a href=\"#eu\">Euskera<\/a><br \/>\n\t<a href=\"#ga\">Galego<\/a><\/p>\n<p>El Presidente de Banca Etica, Ugo Biggeri, ha sido <strong>elegido miembro del Consejo de la Alianza Global por una Banca con Valores (GABV)<\/strong>, una red de 40 bancos que operan por todo el mundo para promover una econom\u00eda respetuosa con el medio ambiente y los seres humanos.<\/p>\n<p>La elecci\u00f3n ha tenido lugar en la cumbre celebrada estos d\u00edas pasados en Katmand\u00fa (Nepal) en la que han participado conferenciantes de todos los bancos adheridos. <strong>El movimiento de las finanzas responsables y sostenibles est\u00e1 creciendo<\/strong>: los 40 bancos adheridos a d\u00eda de hoy atienden a 24 millones de clientes entre Norteam\u00e9rica, Sudam\u00e9rica, Europa, \u00c1frica, Asia y Australia, emplean 42.000 colaboradores y colaboradoras y gestionan activos por un valor de 110.000 millones de d\u00f3lares.<br \/>\n\t<br \/>\n\tEn Katmand\u00fa, las personas responsables de estos bancos inspirados en criterios de responsabilidad social y ambiental se han comprometido a redoblar sus esfuerzos por promover un desarrollo sostenible en sus comunidades de pertenencia y a escala mundial, a hacer crecer en la ciudadan\u00eda, los medios de comunicaci\u00f3n y las instituciones la conciencia de los grandes cambios positivos que se pueden conseguir con un uso responsable del dinero y a integrar la revoluci\u00f3n tecnol\u00f3gica y digital en los procesos de crecimiento de las finanzas responsables para alcanzar a un n\u00famero cada vez mayor de personas sin sacrificar el valor de las relaciones.<br \/>\n\t&nbsp;<br \/>\n\tLa GABV es la representante mundial de las finanzas sostenibles y responsables y de su modelo popular, nacido desde la base, desde la ciudadan\u00eda y las ONGs y a partir de una idea de cambio. Las cifras en aumento demuestran hasta qu\u00e9 punto son necesarias las finanzas responsables en el mundo. <strong>La elecci\u00f3n al Consejo de la GABV supone un reconocimiento importante para Banca Etica<\/strong> y para la pasi\u00f3n que ponemos a la hora de interpretar las finanzas \u00e9ticas participativas vincul\u00e1ndolas a redes de agentes sociales, una caracter\u00edstica que tambi\u00e9n representa la mayor contribuci\u00f3n que Banca Etica aportar\u00e1 al Consejo.<\/p>\n<p>__________________________________________________________________________________<\/p>\n<h2>\n\t<a id=\"cat\" name=\"cat\"><\/a>Ugo Biggeri al Consell de l\u2019Alian\u00e7a Global per a una Banca amb Valors<\/h2>\n<p>El president de Banca Etica, Ugo Biggeri, <strong>ha estat elegit membre del Consell de l\u2019Alian\u00e7a Global per una Banca amb Valors (GABV)<\/strong>, una xarxa de 40 bancs que operen arreu del m\u00f3n per promoure una economia respectuosa amb el medi ambient i els \u00e9ssers humans.<\/p>\n<p>L\u2019elecci\u00f3 ha tingut lloc a la cimera celebrada aquests dies passats a Katmand\u00fa (Nepal), en la qual han participat conferenciants de tots els bancs adherits. <strong>El moviment de les finances responsables i sostenibles creix: <\/strong>els 40 bancs adherits el dia d\u2019avui atenen 24 milions de clients entre Nord-am\u00e8rica, Sud-am\u00e8rica, Europa, \u00c0frica, \u00c0sia i Austr\u00e0lia, ocupen 42.000 col\u00b7laboradors i col\u00b7laboradores i gestionen actius per un valor de 110.000 milions de d\u00f2lars.<\/p>\n<p>A Katmand\u00fa, les persones responsables d\u2019aquests bancs inspirats en criteris de responsabilitat social i ambiental s\u2019han comprom\u00e8s a redoblar els esfor\u00e7os per promoure un desenvolupament sostenible a les seves comunitats de pertinen\u00e7a i a escala mundial, a fer cr\u00e9ixer en la ciutadania, els mitjans de comunicaci\u00f3 i les institucions la consci\u00e8ncia dels grans canvis positius que es poden aconseguir amb un \u00fas responsable dels diners i a integrar la revoluci\u00f3 tecnol\u00f2gica i digital en els processos de creixement de les finances responsables per assolir un nombre cada cop m\u00e9s gran de persones sense sacrificar el valor de les relacions.<br \/>\n\t&nbsp;<br \/>\n\tLa GABV \u00e9s la representant mundial de les finances sostenibles i responsables i del seu model popular, nascut de la base, de la ciutadania i les ONG i a partir d\u2019una idea de canvi. Les xifres en augment demostren fins a quin punt s\u00f3n necess\u00e0ries les finances responsables al m\u00f3n. <strong>L\u2019elecci\u00f3 al Consell de la GABV suposa un reconeixement important per a Banca Etica<\/strong> i per a la passi\u00f3 que posem a l\u2019hora d\u2019interpretar les finances \u00e8tiques participatives en vincular-les a xarxes d\u2019agents socials, una caracter\u00edstica que tamb\u00e9 representa la contribuci\u00f3 m\u00e9s gran que Banca Etica aportar\u00e0 al consell.<\/p>\n<p>_____________________________________________________________________________________________<\/p>\n<h2>\n\t<a id=\"eu\" name=\"eu\"><\/a>Ugo Biggeri Balioetan oinarritutako Banka baten aldeko Aliantza Globalaren Kontseiluan<\/h2>\n<p><br \/>\n\tUgo Biggeri, Banka Etikako presidentea, hautatu dute Balioetan oinarritutako Banka baten aldeko Aliantza Globaleko Kontseiluko (GABV) kide izateko. 40 bankuko sare bat da aliantza hori, eta mundu osoan dihardu lanean, ingurumena eta gizakiak errespetatzen dituen ekonomia bat sustatzeko.<\/p>\n<p>Azken egun hauetan Katmandun (Nepal) izan den goi-bileran egin da hautaketa, eta bertan aliantzako banku kide guztietako hizlariek hartu dute parte. Finantza arduratsuen eta iraunkorren mugimendua goraka doa: aliantzako 40 banku kideek 24 milioi bezero dituzte gaur egun Ipar Amerikan, Hego Amerikan, Europan, Afrikan, Asian eta Australian, 42.000 langile lankideri ematen diete lan eta 110.000 milioi dolarreko balioa duten aktiboak kudeatzen dituzte.<\/p>\n<p><br \/>\n\tKatmandun, gizarte- eta ingurumen-arduran oinarritutako banku horien arduradunek konpromiso hauek hartu dituzte: beren ahaleginak areagotzekoa, norberaren komunitatean eta mundu osoan garapen iraunkorra sustatzeko; herritarrengan, komunikabideetan eta erakundeetan, diruaren erabilera arduratsu batek ekar ditzakeen aldaketa positibo handien kontzientzia sustatzekoa; eta iraultza teknologikoa eta digitala finantza arduratsuen hazkunde-prozesuetan sartzekoa, gero eta pertsona gehiagorengana iritsi daitezen, harremanen balioa alde batera utzi gabe.<br \/>\n\t&nbsp;<br \/>\n\tGABV da finantza iraunkorren eta arduratsuen munduko ordezkaria, bai eta finantza horien eredu herritarrarena ere: oinarritik sortu zen, herritarrengandik eta GKEetatik, eta aldaketarako ideia bati jarraituz. Zifren gorakadak erakusten du zenbateraino diren beharrezkoak finantza arduratsuak munduan. GABVeko Kontseiluko kide izateko hautatatu dute Banka Etikoa, eta hori aitorpen garrantzitsua da harentzat, bai eta finantza etikoari izaera parte-hartzailea eta sare sozialei lotua emateko jartzen duen grinarentzat ere; hain zuzen ere, ezaugarri horixe da Banka Etikoak Kontseiluari egingo dion ekarpen handiena.<\/p>\n<p>_____________________________________________________________________________________________<\/p>\n<h2>\n\t<a id=\"ga\" name=\"ga\"><\/a>Ugo Biggeri no Consello da Alianza Global por unha Banca con Valores<\/h2>\n<p><br \/>\n\tO Presidente de Banca Etica, <strong>Ugo Biggeri, foi elixido membro do Consello da Alianza Global por unha Banca con Valores (GABV)<\/strong>, unha rede de 40 bancos que operan por todo o mundo para promover unha econom\u00eda respectuosa co medio e os seres humanos.<\/p>\n<p>A elecci\u00f3n tivo lugar no cumio celebrado estes d\u00edas pasados en Katmand\u00fa (Nepal), no que participaron conferenciantes de todos os bancos adheridos. <strong>O movemento das finanzas responsables e sustentables est\u00e1 a medrar<\/strong>: os 40 bancos adheridos a d\u00eda de hoxe atenden a 24 mill\u00f3ns de clientes entre Am\u00e9rica do Norte, Am\u00e9rica do Sur, Europa, \u00c1frica, Asia e Australia, empregan 42.000 colaboradores e colaboradoras, e xestionan activos por un valor de 110.000 mill\u00f3ns de d\u00f3lares.<\/p>\n<p>En Katmand\u00fa, as persoas responsables destes bancos inspirados en criterios de responsabilidade social e ambiental compromet\u00e9ronse a redobrar os seus esforzos por promover un desenvolvemento sostible nas s\u00faas comunidades de pertenza e a escala mundial, a facer crecer na cidadan\u00eda, os medios de comunicaci\u00f3n e as instituci\u00f3ns a conciencia dos grandes cambios positivos que se poden conseguir cun uso responsable do di\u00f1eiro e a integrar a revoluci\u00f3n tecnol\u00f3xica e dixital nos procesos de crecemento das finanzas responsables para alcanzar un n\u00famero cada vez maior de persoas sen sacrificar o valor das relaci\u00f3ns.<\/p>\n<p>A GABV \u00e9 a representante mundial das finanzas sustentables e responsables e do seu modelo popular, nado desde a base, desde a cidadan\u00eda e as ONG, e a partir dunha idea de cambio. As cifras en aumento demostran ata que punto son necesarias as finanzas responsables no mundo.<strong> A elecci\u00f3n para o Consello da GABV sup\u00f3n un reco\u00f1ecemento importante para Banca Etica <\/strong>e para a paix\u00f3n que po\u00f1emos \u00e1 hora de interpretar as finanzas \u00e9ticas participativas, lig\u00e1ndoas a redes de axentes sociais, unha caracter\u00edstica que tam\u00e9n representa a maior contribuci\u00f3n que Banca Etica aportar\u00e1 ao Consello.<\/p>\n<\/div>","protected":false},"excerpt":{"rendered":"<p><a href=\"#\">#<\/a>El Presidente de Banca Etica, Ugo Biggeri, ha sido elegido miembro del Consejo de la Alianza Global por una Banca con Valores (GABV), una red de 40 bancos que operan por todo el mundo para promover una econom\u00eda respetuosa con el medio ambiente y los seres humanos.<\/p>\n","protected":false},"author":2,"featured_media":325598,"comment_status":"open","ping_status":"closed","sticky":false,"template":"","format":"standard","meta":{"_acf_changed":false,"footnotes":""},"categories":[11644],"tags":[],"coauthors":[],"class_list":["post-345789","post","type-post","status-publish","format-standard","has-post-thumbnail","hentry","category-finantza-etikoak"],"acf":[],"yoast_head":"<!-- This site is optimized with the Yoast SEO plugin v26.9 - https:\/\/yoast.com\/product\/yoast-seo-wordpress\/ -->\n<title>Ugo Biggeri elegido miembro del Consejo de la Alianza Global por una Banca con Valores - Fiare Banca Etica<\/title>\n<meta name=\"robots\" content=\"index, follow, max-snippet:-1, max-image-preview:large, max-video-preview:-1\" \/>\n<link rel=\"canonical\" href=\"https:\/\/www.fiarebancaetica.coop\/eu\/ugo-biggeri-elegido-miembro-del-consejo-de-la-alianza-global-por-una-banca-con-valores\/\" \/>\n<meta property=\"og:locale\" content=\"eu_ES\" \/>\n<meta property=\"og:type\" content=\"article\" \/>\n<meta property=\"og:title\" content=\"Ugo Biggeri elegido miembro del Consejo de la Alianza Global por una Banca con Valores - Fiare Banca Etica\" \/>\n<meta property=\"og:description\" content=\"#El Presidente de Banca Etica, Ugo Biggeri, ha sido elegido miembro del Consejo de la Alianza Global por una Banca con Valores (GABV), una red de 40 bancos que operan por todo el mundo para promover una econom\u00eda respetuosa con el medio ambiente y los seres humanos.\" \/>\n<meta property=\"og:url\" content=\"https:\/\/www.fiarebancaetica.coop\/eu\/ugo-biggeri-elegido-miembro-del-consejo-de-la-alianza-global-por-una-banca-con-valores\/\" \/>\n<meta property=\"og:site_name\" content=\"Fiare Banca Etica\" \/>\n<meta property=\"article:published_time\" content=\"2017-04-17T22:00:00+00:00\" \/>\n<meta property=\"article:modified_time\" content=\"2024-02-21T14:56:48+00:00\" \/>\n<meta property=\"og:image\" content=\"https:\/\/www.fiarebancaetica.coop\/app\/uploads\/sites\/2\/2023\/12\/ugo-biggeri-elegido-miembro-del-consejo-de-alianza-global-por-una-banca-valores.jpg\" \/>\n\t<meta property=\"og:image:width\" content=\"540\" \/>\n\t<meta property=\"og:image:height\" content=\"189\" \/>\n\t<meta property=\"og:image:type\" content=\"image\/jpeg\" \/>\n<meta name=\"author\" content=\"crispyadmin0\" \/>\n<meta name=\"twitter:card\" content=\"summary_large_image\" \/>\n<script type=\"application\/ld+json\" class=\"yoast-schema-graph\">{\"@context\":\"https:\/\/schema.org\",\"@graph\":[{\"@type\":\"Article\",\"@id\":\"https:\/\/www.fiarebancaetica.coop\/eu\/ugo-biggeri-elegido-miembro-del-consejo-de-la-alianza-global-por-una-banca-con-valores\/#article\",\"isPartOf\":{\"@id\":\"https:\/\/www.fiarebancaetica.coop\/eu\/ugo-biggeri-elegido-miembro-del-consejo-de-la-alianza-global-por-una-banca-con-valores\/\"},\"author\":{\"name\":\"crispyadmin0\",\"@id\":\"https:\/\/www.fiarebancaetica.coop\/eu\/#\/schema\/person\/579841e89c804b5db05d9141bd9b8272\"},\"headline\":\"Ugo Biggeri elegido miembro del Consejo de la Alianza Global por una Banca con Valores\",\"datePublished\":\"2017-04-17T22:00:00+00:00\",\"dateModified\":\"2024-02-21T14:56:48+00:00\",\"mainEntityOfPage\":{\"@id\":\"https:\/\/www.fiarebancaetica.coop\/eu\/ugo-biggeri-elegido-miembro-del-consejo-de-la-alianza-global-por-una-banca-con-valores\/\"},\"wordCount\":1291,\"commentCount\":0,\"image\":{\"@id\":\"https:\/\/www.fiarebancaetica.coop\/eu\/ugo-biggeri-elegido-miembro-del-consejo-de-la-alianza-global-por-una-banca-con-valores\/#primaryimage\"},\"thumbnailUrl\":\"https:\/\/www.fiarebancaetica.coop\/app\/uploads\/sites\/2\/2023\/12\/ugo-biggeri-elegido-miembro-del-consejo-de-alianza-global-por-una-banca-valores.jpg\",\"articleSection\":[\"Finantza etikoak\"],\"inLanguage\":\"eu\",\"potentialAction\":[{\"@type\":\"CommentAction\",\"name\":\"Comment\",\"target\":[\"https:\/\/www.fiarebancaetica.coop\/eu\/ugo-biggeri-elegido-miembro-del-consejo-de-la-alianza-global-por-una-banca-con-valores\/#respond\"]}]},{\"@type\":\"WebPage\",\"@id\":\"https:\/\/www.fiarebancaetica.coop\/eu\/ugo-biggeri-elegido-miembro-del-consejo-de-la-alianza-global-por-una-banca-con-valores\/\",\"url\":\"https:\/\/www.fiarebancaetica.coop\/eu\/ugo-biggeri-elegido-miembro-del-consejo-de-la-alianza-global-por-una-banca-con-valores\/\",\"name\":\"Ugo Biggeri elegido miembro del Consejo de la Alianza Global por una Banca con Valores - Fiare Banca Etica\",\"isPartOf\":{\"@id\":\"https:\/\/www.fiarebancaetica.coop\/eu\/#website\"},\"primaryImageOfPage\":{\"@id\":\"https:\/\/www.fiarebancaetica.coop\/eu\/ugo-biggeri-elegido-miembro-del-consejo-de-la-alianza-global-por-una-banca-con-valores\/#primaryimage\"},\"image\":{\"@id\":\"https:\/\/www.fiarebancaetica.coop\/eu\/ugo-biggeri-elegido-miembro-del-consejo-de-la-alianza-global-por-una-banca-con-valores\/#primaryimage\"},\"thumbnailUrl\":\"https:\/\/www.fiarebancaetica.coop\/app\/uploads\/sites\/2\/2023\/12\/ugo-biggeri-elegido-miembro-del-consejo-de-alianza-global-por-una-banca-valores.jpg\",\"datePublished\":\"2017-04-17T22:00:00+00:00\",\"dateModified\":\"2024-02-21T14:56:48+00:00\",\"author\":{\"@id\":\"https:\/\/www.fiarebancaetica.coop\/eu\/#\/schema\/person\/579841e89c804b5db05d9141bd9b8272\"},\"breadcrumb\":{\"@id\":\"https:\/\/www.fiarebancaetica.coop\/eu\/ugo-biggeri-elegido-miembro-del-consejo-de-la-alianza-global-por-una-banca-con-valores\/#breadcrumb\"},\"inLanguage\":\"eu\",\"potentialAction\":[{\"@type\":\"ReadAction\",\"target\":[\"https:\/\/www.fiarebancaetica.coop\/eu\/ugo-biggeri-elegido-miembro-del-consejo-de-la-alianza-global-por-una-banca-con-valores\/\"]}]},{\"@type\":\"ImageObject\",\"inLanguage\":\"eu\",\"@id\":\"https:\/\/www.fiarebancaetica.coop\/eu\/ugo-biggeri-elegido-miembro-del-consejo-de-la-alianza-global-por-una-banca-con-valores\/#primaryimage\",\"url\":\"https:\/\/www.fiarebancaetica.coop\/app\/uploads\/sites\/2\/2023\/12\/ugo-biggeri-elegido-miembro-del-consejo-de-alianza-global-por-una-banca-valores.jpg\",\"contentUrl\":\"https:\/\/www.fiarebancaetica.coop\/app\/uploads\/sites\/2\/2023\/12\/ugo-biggeri-elegido-miembro-del-consejo-de-alianza-global-por-una-banca-valores.jpg\",\"width\":540,\"height\":189},{\"@type\":\"BreadcrumbList\",\"@id\":\"https:\/\/www.fiarebancaetica.coop\/eu\/ugo-biggeri-elegido-miembro-del-consejo-de-la-alianza-global-por-una-banca-con-valores\/#breadcrumb\",\"itemListElement\":[{\"@type\":\"ListItem\",\"position\":1,\"name\":\"Home\",\"item\":\"https:\/\/www.fiarebancaetica.coop\/eu\/\"},{\"@type\":\"ListItem\",\"position\":2,\"name\":\"Ugo Biggeri elegido miembro del Consejo de la Alianza Global por una Banca con Valores\"}]},{\"@type\":\"WebSite\",\"@id\":\"https:\/\/www.fiarebancaetica.coop\/eu\/#website\",\"url\":\"https:\/\/www.fiarebancaetica.coop\/eu\/\",\"name\":\"Fiare Banca Etica\",\"description\":\"\",\"potentialAction\":[{\"@type\":\"SearchAction\",\"target\":{\"@type\":\"EntryPoint\",\"urlTemplate\":\"https:\/\/www.fiarebancaetica.coop\/eu\/?s={search_term_string}\"},\"query-input\":{\"@type\":\"PropertyValueSpecification\",\"valueRequired\":true,\"valueName\":\"search_term_string\"}}],\"inLanguage\":\"eu\"},{\"@type\":\"Person\",\"@id\":\"https:\/\/www.fiarebancaetica.coop\/eu\/#\/schema\/person\/579841e89c804b5db05d9141bd9b8272\",\"name\":\"crispyadmin0\",\"image\":{\"@type\":\"ImageObject\",\"inLanguage\":\"eu\",\"@id\":\"https:\/\/www.fiarebancaetica.coop\/eu\/#\/schema\/person\/image\/5f3a6b7786f32f4c35bd2b1a5a4698ea\",\"url\":\"https:\/\/secure.gravatar.com\/avatar\/4d2cfb499d497b6d49da659fab7404b243a87fe8e40d2cf97a1cae48f677f5b2?s=96&d=mm&r=g\",\"contentUrl\":\"https:\/\/secure.gravatar.com\/avatar\/4d2cfb499d497b6d49da659fab7404b243a87fe8e40d2cf97a1cae48f677f5b2?s=96&d=mm&r=g\",\"caption\":\"crispyadmin0\"},\"sameAs\":[\"crispyadmin0\"]}]}<\/script>\n<!-- \/ Yoast SEO plugin. -->","yoast_head_json":{"title":"Ugo Biggeri elegido miembro del Consejo de la Alianza Global por una Banca con Valores - Fiare Banca Etica","robots":{"index":"index","follow":"follow","max-snippet":"max-snippet:-1","max-image-preview":"max-image-preview:large","max-video-preview":"max-video-preview:-1"},"canonical":"https:\/\/www.fiarebancaetica.coop\/eu\/ugo-biggeri-elegido-miembro-del-consejo-de-la-alianza-global-por-una-banca-con-valores\/","og_locale":"eu_ES","og_type":"article","og_title":"Ugo Biggeri elegido miembro del Consejo de la Alianza Global por una Banca con Valores - Fiare Banca Etica","og_description":"#El Presidente de Banca Etica, Ugo Biggeri, ha sido elegido miembro del Consejo de la Alianza Global por una Banca con Valores (GABV), una red de 40 bancos que operan por todo el mundo para promover una econom\u00eda respetuosa con el medio ambiente y los seres humanos.","og_url":"https:\/\/www.fiarebancaetica.coop\/eu\/ugo-biggeri-elegido-miembro-del-consejo-de-la-alianza-global-por-una-banca-con-valores\/","og_site_name":"Fiare Banca Etica","article_published_time":"2017-04-17T22:00:00+00:00","article_modified_time":"2024-02-21T14:56:48+00:00","og_image":[{"width":540,"height":189,"url":"https:\/\/www.fiarebancaetica.coop\/app\/uploads\/sites\/2\/2023\/12\/ugo-biggeri-elegido-miembro-del-consejo-de-alianza-global-por-una-banca-valores.jpg","type":"image\/jpeg"}],"author":"crispyadmin0","twitter_card":"summary_large_image","schema":{"@context":"https:\/\/schema.org","@graph":[{"@type":"Article","@id":"https:\/\/www.fiarebancaetica.coop\/eu\/ugo-biggeri-elegido-miembro-del-consejo-de-la-alianza-global-por-una-banca-con-valores\/#article","isPartOf":{"@id":"https:\/\/www.fiarebancaetica.coop\/eu\/ugo-biggeri-elegido-miembro-del-consejo-de-la-alianza-global-por-una-banca-con-valores\/"},"author":{"name":"crispyadmin0","@id":"https:\/\/www.fiarebancaetica.coop\/eu\/#\/schema\/person\/579841e89c804b5db05d9141bd9b8272"},"headline":"Ugo Biggeri elegido miembro del Consejo de la Alianza Global por una Banca con Valores","datePublished":"2017-04-17T22:00:00+00:00","dateModified":"2024-02-21T14:56:48+00:00","mainEntityOfPage":{"@id":"https:\/\/www.fiarebancaetica.coop\/eu\/ugo-biggeri-elegido-miembro-del-consejo-de-la-alianza-global-por-una-banca-con-valores\/"},"wordCount":1291,"commentCount":0,"image":{"@id":"https:\/\/www.fiarebancaetica.coop\/eu\/ugo-biggeri-elegido-miembro-del-consejo-de-la-alianza-global-por-una-banca-con-valores\/#primaryimage"},"thumbnailUrl":"https:\/\/www.fiarebancaetica.coop\/app\/uploads\/sites\/2\/2023\/12\/ugo-biggeri-elegido-miembro-del-consejo-de-alianza-global-por-una-banca-valores.jpg","articleSection":["Finantza etikoak"],"inLanguage":"eu","potentialAction":[{"@type":"CommentAction","name":"Comment","target":["https:\/\/www.fiarebancaetica.coop\/eu\/ugo-biggeri-elegido-miembro-del-consejo-de-la-alianza-global-por-una-banca-con-valores\/#respond"]}]},{"@type":"WebPage","@id":"https:\/\/www.fiarebancaetica.coop\/eu\/ugo-biggeri-elegido-miembro-del-consejo-de-la-alianza-global-por-una-banca-con-valores\/","url":"https:\/\/www.fiarebancaetica.coop\/eu\/ugo-biggeri-elegido-miembro-del-consejo-de-la-alianza-global-por-una-banca-con-valores\/","name":"Ugo Biggeri elegido miembro del Consejo de la Alianza Global por una Banca con Valores - Fiare Banca Etica","isPartOf":{"@id":"https:\/\/www.fiarebancaetica.coop\/eu\/#website"},"primaryImageOfPage":{"@id":"https:\/\/www.fiarebancaetica.coop\/eu\/ugo-biggeri-elegido-miembro-del-consejo-de-la-alianza-global-por-una-banca-con-valores\/#primaryimage"},"image":{"@id":"https:\/\/www.fiarebancaetica.coop\/eu\/ugo-biggeri-elegido-miembro-del-consejo-de-la-alianza-global-por-una-banca-con-valores\/#primaryimage"},"thumbnailUrl":"https:\/\/www.fiarebancaetica.coop\/app\/uploads\/sites\/2\/2023\/12\/ugo-biggeri-elegido-miembro-del-consejo-de-alianza-global-por-una-banca-valores.jpg","datePublished":"2017-04-17T22:00:00+00:00","dateModified":"2024-02-21T14:56:48+00:00","author":{"@id":"https:\/\/www.fiarebancaetica.coop\/eu\/#\/schema\/person\/579841e89c804b5db05d9141bd9b8272"},"breadcrumb":{"@id":"https:\/\/www.fiarebancaetica.coop\/eu\/ugo-biggeri-elegido-miembro-del-consejo-de-la-alianza-global-por-una-banca-con-valores\/#breadcrumb"},"inLanguage":"eu","potentialAction":[{"@type":"ReadAction","target":["https:\/\/www.fiarebancaetica.coop\/eu\/ugo-biggeri-elegido-miembro-del-consejo-de-la-alianza-global-por-una-banca-con-valores\/"]}]},{"@type":"ImageObject","inLanguage":"eu","@id":"https:\/\/www.fiarebancaetica.coop\/eu\/ugo-biggeri-elegido-miembro-del-consejo-de-la-alianza-global-por-una-banca-con-valores\/#primaryimage","url":"https:\/\/www.fiarebancaetica.coop\/app\/uploads\/sites\/2\/2023\/12\/ugo-biggeri-elegido-miembro-del-consejo-de-alianza-global-por-una-banca-valores.jpg","contentUrl":"https:\/\/www.fiarebancaetica.coop\/app\/uploads\/sites\/2\/2023\/12\/ugo-biggeri-elegido-miembro-del-consejo-de-alianza-global-por-una-banca-valores.jpg","width":540,"height":189},{"@type":"BreadcrumbList","@id":"https:\/\/www.fiarebancaetica.coop\/eu\/ugo-biggeri-elegido-miembro-del-consejo-de-la-alianza-global-por-una-banca-con-valores\/#breadcrumb","itemListElement":[{"@type":"ListItem","position":1,"name":"Home","item":"https:\/\/www.fiarebancaetica.coop\/eu\/"},{"@type":"ListItem","position":2,"name":"Ugo Biggeri elegido miembro del Consejo de la Alianza Global por una Banca con Valores"}]},{"@type":"WebSite","@id":"https:\/\/www.fiarebancaetica.coop\/eu\/#website","url":"https:\/\/www.fiarebancaetica.coop\/eu\/","name":"Fiare Banca Etica","description":"","potentialAction":[{"@type":"SearchAction","target":{"@type":"EntryPoint","urlTemplate":"https:\/\/www.fiarebancaetica.coop\/eu\/?s={search_term_string}"},"query-input":{"@type":"PropertyValueSpecification","valueRequired":true,"valueName":"search_term_string"}}],"inLanguage":"eu"},{"@type":"Person","@id":"https:\/\/www.fiarebancaetica.coop\/eu\/#\/schema\/person\/579841e89c804b5db05d9141bd9b8272","name":"crispyadmin0","image":{"@type":"ImageObject","inLanguage":"eu","@id":"https:\/\/www.fiarebancaetica.coop\/eu\/#\/schema\/person\/image\/5f3a6b7786f32f4c35bd2b1a5a4698ea","url":"https:\/\/secure.gravatar.com\/avatar\/4d2cfb499d497b6d49da659fab7404b243a87fe8e40d2cf97a1cae48f677f5b2?s=96&d=mm&r=g","contentUrl":"https:\/\/secure.gravatar.com\/avatar\/4d2cfb499d497b6d49da659fab7404b243a87fe8e40d2cf97a1cae48f677f5b2?s=96&d=mm&r=g","caption":"crispyadmin0"},"sameAs":["crispyadmin0"]}]}},"_links":{"self":[{"href":"https:\/\/www.fiarebancaetica.coop\/eu\/wp-json\/wp\/v2\/posts\/345789","targetHints":{"allow":["GET"]}}],"collection":[{"href":"https:\/\/www.fiarebancaetica.coop\/eu\/wp-json\/wp\/v2\/posts"}],"about":[{"href":"https:\/\/www.fiarebancaetica.coop\/eu\/wp-json\/wp\/v2\/types\/post"}],"author":[{"embeddable":true,"href":"https:\/\/www.fiarebancaetica.coop\/eu\/wp-json\/wp\/v2\/users\/2"}],"replies":[{"embeddable":true,"href":"https:\/\/www.fiarebancaetica.coop\/eu\/wp-json\/wp\/v2\/comments?post=345789"}],"version-history":[{"count":2,"href":"https:\/\/www.fiarebancaetica.coop\/eu\/wp-json\/wp\/v2\/posts\/345789\/revisions"}],"predecessor-version":[{"id":353577,"href":"https:\/\/www.fiarebancaetica.coop\/eu\/wp-json\/wp\/v2\/posts\/345789\/revisions\/353577"}],"wp:featuredmedia":[{"embeddable":true,"href":"https:\/\/www.fiarebancaetica.coop\/eu\/wp-json\/wp\/v2\/media\/325598"}],"wp:attachment":[{"href":"https:\/\/www.fiarebancaetica.coop\/eu\/wp-json\/wp\/v2\/media?parent=345789"}],"wp:term":[{"taxonomy":"category","embeddable":true,"href":"https:\/\/www.fiarebancaetica.coop\/eu\/wp-json\/wp\/v2\/categories?post=345789"},{"taxonomy":"post_tag","embeddable":true,"href":"https:\/\/www.fiarebancaetica.coop\/eu\/wp-json\/wp\/v2\/tags?post=345789"},{"taxonomy":"author","embeddable":true,"href":"https:\/\/www.fiarebancaetica.coop\/eu\/wp-json\/wp\/v2\/coauthors?post=345789"}],"curies":[{"name":"wp","href":"https:\/\/api.w.org\/{rel}","templated":true}]}}