{"id":345827,"date":"2017-04-03T00:00:00","date_gmt":"2017-04-02T22:00:00","guid":{"rendered":"https:\/\/www.fiarebancaetica.coop\/fiare-apoya-las-campanas-zonas-libres-de-paraisos-fiscales-y-noalescaqueo-de-oxfam-intermon\/"},"modified":"2024-02-21T15:57:06","modified_gmt":"2024-02-21T14:57:06","slug":"fiare-apoya-las-campanas-zonas-libres-de-paraisos-fiscales-y-noalescaqueo-de-oxfam-intermon","status":"publish","type":"post","link":"https:\/\/www.fiarebancaetica.coop\/eu\/fiare-apoya-las-campanas-zonas-libres-de-paraisos-fiscales-y-noalescaqueo-de-oxfam-intermon\/","title":{"rendered":"Fiare apoya las campa\u00f1as Zonas Libres de Para\u00edsos Fiscales y Noalescaqueo de Oxfam Interm\u00f3n"},"content":{"rendered":"\n\n<div class=\"wp-block-bancaetica-blocks-blocks-block-49\">\n    <div class=\"container-block-49\">\n\n        <div class=\"header-section \">\n                            <h1 class=\"section-title\"> Etica e cooperativa <\/h1>\n                                            <\/div>\n\n        \n        <div class=\"block-background\" style=\"background-image: url('https:\/\/www.fiarebancaetica.coop\/app\/uploads\/sites\/2\/2023\/12\/fiare-campana-zonas-libres-de-paraisos-fiscales-de-oxfam-intermon.jpg')\">\n                            <div class=\"tile\">\n                    <h1 class=\"image-title\"> Fiare apoya las campa\u00f1as Zonas Libres de Para\u00edsos Fiscales y Noalescaqueo de Oxfam Interm\u00f3n <\/h1>\n                <\/div>             <!-- end .tile -->\n            <div class=\"bottom-content\">\n                            <\/div> <!-- end .button-content -->\n        <\/div> <!-- end .block-background -->\n    <\/div> <!-- end .container -->\n<\/div> <!-- end wp-block-bancaetica-blocks-blocks-block-06 -->\n\n\n<div class=\"wrapper-crispybacon-class wrapper-crispybacon-class-boxed \">\n    <div>\n\t&nbsp;<\/div>\n<div>\n\tEl esc\u00e1ndalo de los de Papeles de Panam\u00e1, salt\u00f3 a los medios el 3 de abril del pasado a\u00f1o. Fecha que ser\u00e1 recordada por la mayor filtraci\u00f3n de documentos de la historia del periodismo, a cargo del Consorcio Internacional de Periodistas de Investigaci\u00f3n . A partir de este a\u00f1o en esa fecha se celebra el&nbsp;<strong>D\u00eda de Acci\u00f3n Global Contra los Para\u00edsos Fiscales<\/strong>.<br \/>\n\t<br \/>\n\tAdem\u00e1s esta semana se celebra la<strong> Semana de global de Acci\u00f3n <\/strong>en la que cientos de organizaciones y plataformas de la sociedad civil est\u00e1n saliendo a la calle a demandar soluciones y compromisos, tan claros como contundentes.<\/div>\n<div>\n\t&nbsp;<\/div>\n<div>\n\tFiare Banca Etica apoya las campa\u00f1as de Oxfam Intermon, entidad socia y cliente de nuestro banco. T\u00fa puedes sumarte a las &nbsp;inciativas <a href=\"http:\/\/www.noalescaqueo.org\/\">Noalescaqueo<\/a> y <a href=\"http:\/\/www.oxfamintermon.org\/minisites\/zonaslibres\/#sumate\">Zonas Libres de Para\u00edsos Fiscales<\/a>&nbsp;firmando las peticiones.<\/div>\n<div>\n\t&nbsp;<\/div>\n<p>La desigualdad entre las personas ricas y las pobres es extrema y sigue aumentando. Oxfam Interm\u00f3n &nbsp;lanz\u00f3 en octubre de 2014 la <strong>campa\u00f1a IGUALES<\/strong>, apoyada por Fiare Banca Etica, con el objetivo de denunciar que la desigualdad extrema y creciente es la principal causa de la pobreza en el mundo, al tiempo que cercena las oportunidades de desarrollo de millones de personas en todo el mundo.<\/p>\n<p><strong>Una de las soluciones que defienden para combatir la desigualdad es la fiscalidad. <\/strong>Una fiscalidad justa y progresiva contribuye a redistribuir los recursos y a conformar sociedades m\u00e1s equitativas y cohesionadas. Todas las personas, ciudadanos\/as y empresas tenemos que pagar en funci\u00f3n de nuestra capacidad econ\u00f3mica real. Pero la evasi\u00f3n y elusi\u00f3n fiscal cuesta mucho dinero a la ciudadan\u00eda.<\/p>\n<h2>\n\tNoalescaqueo<\/h2>\n<p>Oxfam Interm\u00f3n junto a la Plataforma por la Justicia Fiscal,&nbsp;ha entregado esta semana m\u00e1s de 180.000 firmas en el Congreso de los Diputados para que los grupos pol\u00edticos pidan al Gobierno una ley contra la evasi\u00f3n y elusi\u00f3n fiscal &#8220;que acabe con la era de los para\u00edsos fiscales&#8221;.<\/p>\n<p>La iniciativa pide redefinir el concepto de para\u00edso fiscal para incluir, adem\u00e1s de los criterios de falta de transparencia y de cooperaci\u00f3n con otras administraciones tributarias, los &#8220;niveles de tributaci\u00f3n muy bajos o nulos y la existencia de pr\u00e1cticas fiscales perjudiciales que garanticen reducciones fiscales sustanciales&#8221;.<\/p>\n<p>Por \u00faltimo, reclaman el establecimiento de un r\u00e9gimen sancionador &#8220;amplio y exigente con los territorios incluidos en el listado y con los agentes, sean personas f\u00edsicas o jur\u00eddicas, que se sirven de estos territorios para ocultar capitales o desviar beneficios o son actores necesarios para los mismos, con el prop\u00f3sito de eludir el cumplimiento de sus obligaciones tributarias&#8221;.<\/p>\n<p>La <a href=\"http:\/\/www.noalescaqueo.org\/\">campa\u00f1a seguir\u00e1 activa <\/a>hasta que el Gobierno y el Parlamento pongan en marcha una ley contra el fraude fiscal.<\/p>\n<h2>\n\tZonas libres de Para\u00edsos fiscales<\/h2>\n<p>Desgraciadamente, la utilizaci\u00f3n de para\u00edsos fiscales es una pr\u00e1ctica que se consolida, como lo demuestra que la inversi\u00f3n espa\u00f1ola en para\u00edsos fiscales aument\u00f3 en un 2000% en un a\u00f1o, representando el 24% del total de la inversi\u00f3n espa\u00f1ola en el extranjero y todas menos una de las empresas del Ibex35 tienen presencia en ellos.<\/p>\n<p>Oxfam Interm\u00f3n cree que para luchar contra los para\u00edsos fiscales son necesarios cambios legales y el compromiso de las empresas para introducir pol\u00edticas de responsabilidad fiscal que excluyan su utilizaci\u00f3n. Adem\u00e1s, existe una tercera v\u00eda, que el Estado como actor econ\u00f3mico introduzca criterios de responsabilidad fiscal en sus contrataciones. Dado que las <strong>contrataciones p\u00fablicas en Espa\u00f1a equivalen al 25% del PI<\/strong>B, representa una porci\u00f3n de negocio que el sector privado no est\u00e1 dispuesto a renunciar, por lo que se trata de una forma de modelar el comportamiento de las empresas desde una perspectiva de negocio.<\/p>\n<p>El uso de para\u00edsos fiscales es una pr\u00e1ctica de elusi\u00f3n de impuestos que causa graves mermas en la capacidad de financiaci\u00f3n de los organismos p\u00fablicos y tiene un impacto negativo en la reducci\u00f3n de la desigualdad, parece bastante razonable que los poderes p\u00fablicos incentiven y premien a las empresas que no llevan a cabo estas pr\u00e1cticas en el acceso a la contrataci\u00f3n de cualquier tipo con los organismos p\u00fablicos.<\/p>\n<p><strong><a href=\"http:\/\/www.oxfamintermon.org\/minisites\/zonaslibres\/\">http:\/\/www.oxfamintermon.org\/minisites\/zonaslibres\/<\/a><\/strong><\/p>\n<\/div>","protected":false},"excerpt":{"rendered":"<p>El esc\u00e1ndalo de los de Papeles de Panam\u00e1, salt\u00f3 a los medios el 3 de abril del pasado a\u00f1o. Fecha que ser\u00e1 recordada por la mayor filtraci\u00f3n de documentos de la historia del periodismo, a cargo del Consorcio Internacional de Periodistas de Investigaci\u00f3n . A partir de este a\u00f1o en esa fecha se celebra el D\u00eda de Acci\u00f3n Global Contra los Para\u00edsos Fiscales. Adem\u00e1s esta semana se celebra la Semana de global de Acci\u00f3n en la que cientos de organizaciones y plataformas de la sociedad civil est\u00e1n saliendo a la calle a demandar soluciones y compromisos, tan claros como contundentes.<br \/>\n\tFiare Banca Etica apoya la campa\u00f1a &#8220;Zonas Libres de Para\u00edsos Fiscales&#8221; de Oxfam Intermon, entidad socia y cliente de nuestro banco. <a href=\"http:\/\/www.oxfamintermon.org\/minisites\/zonaslibres\/#sumate\">T\u00fa puedes sumarte a la inciativa y firmar la petici\u00f3n de la campa\u00f1a aqu\u00ed.<\/a><\/p>\n","protected":false},"author":2,"featured_media":325585,"comment_status":"open","ping_status":"closed","sticky":false,"template":"","format":"standard","meta":{"_acf_changed":false,"footnotes":""},"categories":[11644],"tags":[],"coauthors":[],"class_list":["post-345827","post","type-post","status-publish","format-standard","has-post-thumbnail","hentry","category-finantza-etikoak"],"acf":[],"yoast_head":"<!-- This site is optimized with the Yoast SEO plugin v26.9 - https:\/\/yoast.com\/product\/yoast-seo-wordpress\/ -->\n<title>Fiare apoya las campa\u00f1as Zonas Libres de Para\u00edsos Fiscales y Noalescaqueo de Oxfam Interm\u00f3n - Fiare Banca Etica<\/title>\n<meta name=\"robots\" content=\"index, follow, max-snippet:-1, max-image-preview:large, max-video-preview:-1\" \/>\n<link rel=\"canonical\" href=\"https:\/\/www.fiarebancaetica.coop\/eu\/fiare-apoya-las-campanas-zonas-libres-de-paraisos-fiscales-y-noalescaqueo-de-oxfam-intermon\/\" \/>\n<meta property=\"og:locale\" content=\"eu_ES\" \/>\n<meta property=\"og:type\" content=\"article\" \/>\n<meta property=\"og:title\" content=\"Fiare apoya las campa\u00f1as Zonas Libres de Para\u00edsos Fiscales y Noalescaqueo de Oxfam Interm\u00f3n - Fiare Banca Etica\" \/>\n<meta property=\"og:description\" content=\"El esc\u00e1ndalo de los de Papeles de Panam\u00e1, salt\u00f3 a los medios el 3 de abril del pasado a\u00f1o. Fecha que ser\u00e1 recordada por la mayor filtraci\u00f3n de documentos de la historia del periodismo, a cargo del Consorcio Internacional de Periodistas de Investigaci\u00f3n . A partir de este a\u00f1o en esa fecha se celebra el D\u00eda de Acci\u00f3n Global Contra los Para\u00edsos Fiscales. Adem\u00e1s esta semana se celebra la Semana de global de Acci\u00f3n en la que cientos de organizaciones y plataformas de la sociedad civil est\u00e1n saliendo a la calle a demandar soluciones y compromisos, tan claros como contundentes. Fiare Banca Etica apoya la campa\u00f1a &quot;Zonas Libres de Para\u00edsos Fiscales&quot; de Oxfam Intermon, entidad socia y cliente de nuestro banco. T\u00fa puedes sumarte a la inciativa y firmar la petici\u00f3n de la campa\u00f1a aqu\u00ed.\" \/>\n<meta property=\"og:url\" content=\"https:\/\/www.fiarebancaetica.coop\/eu\/fiare-apoya-las-campanas-zonas-libres-de-paraisos-fiscales-y-noalescaqueo-de-oxfam-intermon\/\" \/>\n<meta property=\"og:site_name\" content=\"Fiare Banca Etica\" \/>\n<meta property=\"article:published_time\" content=\"2017-04-02T22:00:00+00:00\" \/>\n<meta property=\"article:modified_time\" content=\"2024-02-21T14:57:06+00:00\" \/>\n<meta property=\"og:image\" content=\"https:\/\/www.fiarebancaetica.coop\/app\/uploads\/sites\/2\/2023\/12\/fiare-campana-zonas-libres-de-paraisos-fiscales-de-oxfam-intermon.jpg\" \/>\n\t<meta property=\"og:image:width\" content=\"1257\" \/>\n\t<meta property=\"og:image:height\" content=\"450\" \/>\n\t<meta property=\"og:image:type\" content=\"image\/jpeg\" \/>\n<meta name=\"author\" content=\"crispyadmin0\" \/>\n<meta name=\"twitter:card\" content=\"summary_large_image\" \/>\n<script type=\"application\/ld+json\" class=\"yoast-schema-graph\">{\"@context\":\"https:\/\/schema.org\",\"@graph\":[{\"@type\":\"Article\",\"@id\":\"https:\/\/www.fiarebancaetica.coop\/eu\/fiare-apoya-las-campanas-zonas-libres-de-paraisos-fiscales-y-noalescaqueo-de-oxfam-intermon\/#article\",\"isPartOf\":{\"@id\":\"https:\/\/www.fiarebancaetica.coop\/eu\/fiare-apoya-las-campanas-zonas-libres-de-paraisos-fiscales-y-noalescaqueo-de-oxfam-intermon\/\"},\"author\":{\"name\":\"crispyadmin0\",\"@id\":\"https:\/\/www.fiarebancaetica.coop\/eu\/#\/schema\/person\/579841e89c804b5db05d9141bd9b8272\"},\"headline\":\"Fiare apoya las campa\u00f1as Zonas Libres de Para\u00edsos Fiscales y Noalescaqueo de Oxfam Interm\u00f3n\",\"datePublished\":\"2017-04-02T22:00:00+00:00\",\"dateModified\":\"2024-02-21T14:57:06+00:00\",\"mainEntityOfPage\":{\"@id\":\"https:\/\/www.fiarebancaetica.coop\/eu\/fiare-apoya-las-campanas-zonas-libres-de-paraisos-fiscales-y-noalescaqueo-de-oxfam-intermon\/\"},\"wordCount\":746,\"commentCount\":0,\"image\":{\"@id\":\"https:\/\/www.fiarebancaetica.coop\/eu\/fiare-apoya-las-campanas-zonas-libres-de-paraisos-fiscales-y-noalescaqueo-de-oxfam-intermon\/#primaryimage\"},\"thumbnailUrl\":\"https:\/\/www.fiarebancaetica.coop\/app\/uploads\/sites\/2\/2023\/12\/fiare-campana-zonas-libres-de-paraisos-fiscales-de-oxfam-intermon.jpg\",\"articleSection\":[\"Finantza etikoak\"],\"inLanguage\":\"eu\",\"potentialAction\":[{\"@type\":\"CommentAction\",\"name\":\"Comment\",\"target\":[\"https:\/\/www.fiarebancaetica.coop\/eu\/fiare-apoya-las-campanas-zonas-libres-de-paraisos-fiscales-y-noalescaqueo-de-oxfam-intermon\/#respond\"]}]},{\"@type\":\"WebPage\",\"@id\":\"https:\/\/www.fiarebancaetica.coop\/eu\/fiare-apoya-las-campanas-zonas-libres-de-paraisos-fiscales-y-noalescaqueo-de-oxfam-intermon\/\",\"url\":\"https:\/\/www.fiarebancaetica.coop\/eu\/fiare-apoya-las-campanas-zonas-libres-de-paraisos-fiscales-y-noalescaqueo-de-oxfam-intermon\/\",\"name\":\"Fiare apoya las campa\u00f1as Zonas Libres de Para\u00edsos Fiscales y Noalescaqueo de Oxfam Interm\u00f3n - Fiare Banca Etica\",\"isPartOf\":{\"@id\":\"https:\/\/www.fiarebancaetica.coop\/eu\/#website\"},\"primaryImageOfPage\":{\"@id\":\"https:\/\/www.fiarebancaetica.coop\/eu\/fiare-apoya-las-campanas-zonas-libres-de-paraisos-fiscales-y-noalescaqueo-de-oxfam-intermon\/#primaryimage\"},\"image\":{\"@id\":\"https:\/\/www.fiarebancaetica.coop\/eu\/fiare-apoya-las-campanas-zonas-libres-de-paraisos-fiscales-y-noalescaqueo-de-oxfam-intermon\/#primaryimage\"},\"thumbnailUrl\":\"https:\/\/www.fiarebancaetica.coop\/app\/uploads\/sites\/2\/2023\/12\/fiare-campana-zonas-libres-de-paraisos-fiscales-de-oxfam-intermon.jpg\",\"datePublished\":\"2017-04-02T22:00:00+00:00\",\"dateModified\":\"2024-02-21T14:57:06+00:00\",\"author\":{\"@id\":\"https:\/\/www.fiarebancaetica.coop\/eu\/#\/schema\/person\/579841e89c804b5db05d9141bd9b8272\"},\"breadcrumb\":{\"@id\":\"https:\/\/www.fiarebancaetica.coop\/eu\/fiare-apoya-las-campanas-zonas-libres-de-paraisos-fiscales-y-noalescaqueo-de-oxfam-intermon\/#breadcrumb\"},\"inLanguage\":\"eu\",\"potentialAction\":[{\"@type\":\"ReadAction\",\"target\":[\"https:\/\/www.fiarebancaetica.coop\/eu\/fiare-apoya-las-campanas-zonas-libres-de-paraisos-fiscales-y-noalescaqueo-de-oxfam-intermon\/\"]}]},{\"@type\":\"ImageObject\",\"inLanguage\":\"eu\",\"@id\":\"https:\/\/www.fiarebancaetica.coop\/eu\/fiare-apoya-las-campanas-zonas-libres-de-paraisos-fiscales-y-noalescaqueo-de-oxfam-intermon\/#primaryimage\",\"url\":\"https:\/\/www.fiarebancaetica.coop\/app\/uploads\/sites\/2\/2023\/12\/fiare-campana-zonas-libres-de-paraisos-fiscales-de-oxfam-intermon.jpg\",\"contentUrl\":\"https:\/\/www.fiarebancaetica.coop\/app\/uploads\/sites\/2\/2023\/12\/fiare-campana-zonas-libres-de-paraisos-fiscales-de-oxfam-intermon.jpg\",\"width\":1257,\"height\":450},{\"@type\":\"BreadcrumbList\",\"@id\":\"https:\/\/www.fiarebancaetica.coop\/eu\/fiare-apoya-las-campanas-zonas-libres-de-paraisos-fiscales-y-noalescaqueo-de-oxfam-intermon\/#breadcrumb\",\"itemListElement\":[{\"@type\":\"ListItem\",\"position\":1,\"name\":\"Home\",\"item\":\"https:\/\/www.fiarebancaetica.coop\/eu\/\"},{\"@type\":\"ListItem\",\"position\":2,\"name\":\"Fiare apoya las campa\u00f1as Zonas Libres de Para\u00edsos Fiscales y Noalescaqueo de Oxfam Interm\u00f3n\"}]},{\"@type\":\"WebSite\",\"@id\":\"https:\/\/www.fiarebancaetica.coop\/eu\/#website\",\"url\":\"https:\/\/www.fiarebancaetica.coop\/eu\/\",\"name\":\"Fiare Banca Etica\",\"description\":\"\",\"potentialAction\":[{\"@type\":\"SearchAction\",\"target\":{\"@type\":\"EntryPoint\",\"urlTemplate\":\"https:\/\/www.fiarebancaetica.coop\/eu\/?s={search_term_string}\"},\"query-input\":{\"@type\":\"PropertyValueSpecification\",\"valueRequired\":true,\"valueName\":\"search_term_string\"}}],\"inLanguage\":\"eu\"},{\"@type\":\"Person\",\"@id\":\"https:\/\/www.fiarebancaetica.coop\/eu\/#\/schema\/person\/579841e89c804b5db05d9141bd9b8272\",\"name\":\"crispyadmin0\",\"image\":{\"@type\":\"ImageObject\",\"inLanguage\":\"eu\",\"@id\":\"https:\/\/www.fiarebancaetica.coop\/eu\/#\/schema\/person\/image\/5f3a6b7786f32f4c35bd2b1a5a4698ea\",\"url\":\"https:\/\/secure.gravatar.com\/avatar\/4d2cfb499d497b6d49da659fab7404b243a87fe8e40d2cf97a1cae48f677f5b2?s=96&d=mm&r=g\",\"contentUrl\":\"https:\/\/secure.gravatar.com\/avatar\/4d2cfb499d497b6d49da659fab7404b243a87fe8e40d2cf97a1cae48f677f5b2?s=96&d=mm&r=g\",\"caption\":\"crispyadmin0\"},\"sameAs\":[\"crispyadmin0\"]}]}<\/script>\n<!-- \/ Yoast SEO plugin. -->","yoast_head_json":{"title":"Fiare apoya las campa\u00f1as Zonas Libres de Para\u00edsos Fiscales y Noalescaqueo de Oxfam Interm\u00f3n - Fiare Banca Etica","robots":{"index":"index","follow":"follow","max-snippet":"max-snippet:-1","max-image-preview":"max-image-preview:large","max-video-preview":"max-video-preview:-1"},"canonical":"https:\/\/www.fiarebancaetica.coop\/eu\/fiare-apoya-las-campanas-zonas-libres-de-paraisos-fiscales-y-noalescaqueo-de-oxfam-intermon\/","og_locale":"eu_ES","og_type":"article","og_title":"Fiare apoya las campa\u00f1as Zonas Libres de Para\u00edsos Fiscales y Noalescaqueo de Oxfam Interm\u00f3n - Fiare Banca Etica","og_description":"El esc\u00e1ndalo de los de Papeles de Panam\u00e1, salt\u00f3 a los medios el 3 de abril del pasado a\u00f1o. Fecha que ser\u00e1 recordada por la mayor filtraci\u00f3n de documentos de la historia del periodismo, a cargo del Consorcio Internacional de Periodistas de Investigaci\u00f3n . A partir de este a\u00f1o en esa fecha se celebra el D\u00eda de Acci\u00f3n Global Contra los Para\u00edsos Fiscales. Adem\u00e1s esta semana se celebra la Semana de global de Acci\u00f3n en la que cientos de organizaciones y plataformas de la sociedad civil est\u00e1n saliendo a la calle a demandar soluciones y compromisos, tan claros como contundentes. Fiare Banca Etica apoya la campa\u00f1a \"Zonas Libres de Para\u00edsos Fiscales\" de Oxfam Intermon, entidad socia y cliente de nuestro banco. T\u00fa puedes sumarte a la inciativa y firmar la petici\u00f3n de la campa\u00f1a aqu\u00ed.","og_url":"https:\/\/www.fiarebancaetica.coop\/eu\/fiare-apoya-las-campanas-zonas-libres-de-paraisos-fiscales-y-noalescaqueo-de-oxfam-intermon\/","og_site_name":"Fiare Banca Etica","article_published_time":"2017-04-02T22:00:00+00:00","article_modified_time":"2024-02-21T14:57:06+00:00","og_image":[{"width":1257,"height":450,"url":"https:\/\/www.fiarebancaetica.coop\/app\/uploads\/sites\/2\/2023\/12\/fiare-campana-zonas-libres-de-paraisos-fiscales-de-oxfam-intermon.jpg","type":"image\/jpeg"}],"author":"crispyadmin0","twitter_card":"summary_large_image","schema":{"@context":"https:\/\/schema.org","@graph":[{"@type":"Article","@id":"https:\/\/www.fiarebancaetica.coop\/eu\/fiare-apoya-las-campanas-zonas-libres-de-paraisos-fiscales-y-noalescaqueo-de-oxfam-intermon\/#article","isPartOf":{"@id":"https:\/\/www.fiarebancaetica.coop\/eu\/fiare-apoya-las-campanas-zonas-libres-de-paraisos-fiscales-y-noalescaqueo-de-oxfam-intermon\/"},"author":{"name":"crispyadmin0","@id":"https:\/\/www.fiarebancaetica.coop\/eu\/#\/schema\/person\/579841e89c804b5db05d9141bd9b8272"},"headline":"Fiare apoya las campa\u00f1as Zonas Libres de Para\u00edsos Fiscales y Noalescaqueo de Oxfam Interm\u00f3n","datePublished":"2017-04-02T22:00:00+00:00","dateModified":"2024-02-21T14:57:06+00:00","mainEntityOfPage":{"@id":"https:\/\/www.fiarebancaetica.coop\/eu\/fiare-apoya-las-campanas-zonas-libres-de-paraisos-fiscales-y-noalescaqueo-de-oxfam-intermon\/"},"wordCount":746,"commentCount":0,"image":{"@id":"https:\/\/www.fiarebancaetica.coop\/eu\/fiare-apoya-las-campanas-zonas-libres-de-paraisos-fiscales-y-noalescaqueo-de-oxfam-intermon\/#primaryimage"},"thumbnailUrl":"https:\/\/www.fiarebancaetica.coop\/app\/uploads\/sites\/2\/2023\/12\/fiare-campana-zonas-libres-de-paraisos-fiscales-de-oxfam-intermon.jpg","articleSection":["Finantza etikoak"],"inLanguage":"eu","potentialAction":[{"@type":"CommentAction","name":"Comment","target":["https:\/\/www.fiarebancaetica.coop\/eu\/fiare-apoya-las-campanas-zonas-libres-de-paraisos-fiscales-y-noalescaqueo-de-oxfam-intermon\/#respond"]}]},{"@type":"WebPage","@id":"https:\/\/www.fiarebancaetica.coop\/eu\/fiare-apoya-las-campanas-zonas-libres-de-paraisos-fiscales-y-noalescaqueo-de-oxfam-intermon\/","url":"https:\/\/www.fiarebancaetica.coop\/eu\/fiare-apoya-las-campanas-zonas-libres-de-paraisos-fiscales-y-noalescaqueo-de-oxfam-intermon\/","name":"Fiare apoya las campa\u00f1as Zonas Libres de Para\u00edsos Fiscales y Noalescaqueo de Oxfam Interm\u00f3n - Fiare Banca Etica","isPartOf":{"@id":"https:\/\/www.fiarebancaetica.coop\/eu\/#website"},"primaryImageOfPage":{"@id":"https:\/\/www.fiarebancaetica.coop\/eu\/fiare-apoya-las-campanas-zonas-libres-de-paraisos-fiscales-y-noalescaqueo-de-oxfam-intermon\/#primaryimage"},"image":{"@id":"https:\/\/www.fiarebancaetica.coop\/eu\/fiare-apoya-las-campanas-zonas-libres-de-paraisos-fiscales-y-noalescaqueo-de-oxfam-intermon\/#primaryimage"},"thumbnailUrl":"https:\/\/www.fiarebancaetica.coop\/app\/uploads\/sites\/2\/2023\/12\/fiare-campana-zonas-libres-de-paraisos-fiscales-de-oxfam-intermon.jpg","datePublished":"2017-04-02T22:00:00+00:00","dateModified":"2024-02-21T14:57:06+00:00","author":{"@id":"https:\/\/www.fiarebancaetica.coop\/eu\/#\/schema\/person\/579841e89c804b5db05d9141bd9b8272"},"breadcrumb":{"@id":"https:\/\/www.fiarebancaetica.coop\/eu\/fiare-apoya-las-campanas-zonas-libres-de-paraisos-fiscales-y-noalescaqueo-de-oxfam-intermon\/#breadcrumb"},"inLanguage":"eu","potentialAction":[{"@type":"ReadAction","target":["https:\/\/www.fiarebancaetica.coop\/eu\/fiare-apoya-las-campanas-zonas-libres-de-paraisos-fiscales-y-noalescaqueo-de-oxfam-intermon\/"]}]},{"@type":"ImageObject","inLanguage":"eu","@id":"https:\/\/www.fiarebancaetica.coop\/eu\/fiare-apoya-las-campanas-zonas-libres-de-paraisos-fiscales-y-noalescaqueo-de-oxfam-intermon\/#primaryimage","url":"https:\/\/www.fiarebancaetica.coop\/app\/uploads\/sites\/2\/2023\/12\/fiare-campana-zonas-libres-de-paraisos-fiscales-de-oxfam-intermon.jpg","contentUrl":"https:\/\/www.fiarebancaetica.coop\/app\/uploads\/sites\/2\/2023\/12\/fiare-campana-zonas-libres-de-paraisos-fiscales-de-oxfam-intermon.jpg","width":1257,"height":450},{"@type":"BreadcrumbList","@id":"https:\/\/www.fiarebancaetica.coop\/eu\/fiare-apoya-las-campanas-zonas-libres-de-paraisos-fiscales-y-noalescaqueo-de-oxfam-intermon\/#breadcrumb","itemListElement":[{"@type":"ListItem","position":1,"name":"Home","item":"https:\/\/www.fiarebancaetica.coop\/eu\/"},{"@type":"ListItem","position":2,"name":"Fiare apoya las campa\u00f1as Zonas Libres de Para\u00edsos Fiscales y Noalescaqueo de Oxfam Interm\u00f3n"}]},{"@type":"WebSite","@id":"https:\/\/www.fiarebancaetica.coop\/eu\/#website","url":"https:\/\/www.fiarebancaetica.coop\/eu\/","name":"Fiare Banca Etica","description":"","potentialAction":[{"@type":"SearchAction","target":{"@type":"EntryPoint","urlTemplate":"https:\/\/www.fiarebancaetica.coop\/eu\/?s={search_term_string}"},"query-input":{"@type":"PropertyValueSpecification","valueRequired":true,"valueName":"search_term_string"}}],"inLanguage":"eu"},{"@type":"Person","@id":"https:\/\/www.fiarebancaetica.coop\/eu\/#\/schema\/person\/579841e89c804b5db05d9141bd9b8272","name":"crispyadmin0","image":{"@type":"ImageObject","inLanguage":"eu","@id":"https:\/\/www.fiarebancaetica.coop\/eu\/#\/schema\/person\/image\/5f3a6b7786f32f4c35bd2b1a5a4698ea","url":"https:\/\/secure.gravatar.com\/avatar\/4d2cfb499d497b6d49da659fab7404b243a87fe8e40d2cf97a1cae48f677f5b2?s=96&d=mm&r=g","contentUrl":"https:\/\/secure.gravatar.com\/avatar\/4d2cfb499d497b6d49da659fab7404b243a87fe8e40d2cf97a1cae48f677f5b2?s=96&d=mm&r=g","caption":"crispyadmin0"},"sameAs":["crispyadmin0"]}]}},"_links":{"self":[{"href":"https:\/\/www.fiarebancaetica.coop\/eu\/wp-json\/wp\/v2\/posts\/345827","targetHints":{"allow":["GET"]}}],"collection":[{"href":"https:\/\/www.fiarebancaetica.coop\/eu\/wp-json\/wp\/v2\/posts"}],"about":[{"href":"https:\/\/www.fiarebancaetica.coop\/eu\/wp-json\/wp\/v2\/types\/post"}],"author":[{"embeddable":true,"href":"https:\/\/www.fiarebancaetica.coop\/eu\/wp-json\/wp\/v2\/users\/2"}],"replies":[{"embeddable":true,"href":"https:\/\/www.fiarebancaetica.coop\/eu\/wp-json\/wp\/v2\/comments?post=345827"}],"version-history":[{"count":1,"href":"https:\/\/www.fiarebancaetica.coop\/eu\/wp-json\/wp\/v2\/posts\/345827\/revisions"}],"predecessor-version":[{"id":353571,"href":"https:\/\/www.fiarebancaetica.coop\/eu\/wp-json\/wp\/v2\/posts\/345827\/revisions\/353571"}],"wp:featuredmedia":[{"embeddable":true,"href":"https:\/\/www.fiarebancaetica.coop\/eu\/wp-json\/wp\/v2\/media\/325585"}],"wp:attachment":[{"href":"https:\/\/www.fiarebancaetica.coop\/eu\/wp-json\/wp\/v2\/media?parent=345827"}],"wp:term":[{"taxonomy":"category","embeddable":true,"href":"https:\/\/www.fiarebancaetica.coop\/eu\/wp-json\/wp\/v2\/categories?post=345827"},{"taxonomy":"post_tag","embeddable":true,"href":"https:\/\/www.fiarebancaetica.coop\/eu\/wp-json\/wp\/v2\/tags?post=345827"},{"taxonomy":"author","embeddable":true,"href":"https:\/\/www.fiarebancaetica.coop\/eu\/wp-json\/wp\/v2\/coauthors?post=345827"}],"curies":[{"name":"wp","href":"https:\/\/api.w.org\/{rel}","templated":true}]}}