{"id":345880,"date":"2017-02-01T00:00:00","date_gmt":"2017-01-31T23:00:00","guid":{"rendered":"https:\/\/www.fiarebancaetica.coop\/banca-finanzas-y-etica-mas-alla-del-mito-del-crecimiento\/"},"modified":"2024-02-21T15:57:51","modified_gmt":"2024-02-21T14:57:51","slug":"banca-finanzas-y-etica-mas-alla-del-mito-del-crecimiento","status":"publish","type":"post","link":"https:\/\/www.fiarebancaetica.coop\/eu\/banca-finanzas-y-etica-mas-alla-del-mito-del-crecimiento\/","title":{"rendered":"Banca, finanzas y \u00e9tica (m\u00e1s all\u00e1 del mito del crecimiento)"},"content":{"rendered":"\n\n<div class=\"wp-block-bancaetica-blocks-blocks-block-49\">\n    <div class=\"container-block-49\">\n\n        <div class=\"header-section \">\n                            <h1 class=\"section-title\"> Etica e cooperativa <\/h1>\n                                            <\/div>\n\n        \n        <div class=\"block-background\" style=\"background-image: url('https:\/\/www.fiarebancaetica.coop\/app\/uploads\/sites\/2\/2023\/12\/banca-finanzas-y-etica-mas-alla-del-mito-del-crecimiento.jpg')\">\n                            <div class=\"tile\">\n                    <h1 class=\"image-title\"> Banca, finanzas y \u00e9tica (m\u00e1s all\u00e1 del mito del crecimiento) <\/h1>\n                <\/div>             <!-- end .tile -->\n            <div class=\"bottom-content\">\n                            <\/div> <!-- end .button-content -->\n        <\/div> <!-- end .block-background -->\n    <\/div> <!-- end .container -->\n<\/div> <!-- end wp-block-bancaetica-blocks-blocks-block-06 -->\n\n\n<div class=\"wrapper-crispybacon-class wrapper-crispybacon-class-boxed \">\n    <p><em><strong>Charla-Coloquio Club Faro. Auditorio Municipal do Areal (Areal, esquina Oporto)<\/strong><\/em><\/p>\n<p><em><strong>10 de Febrero- 20h<\/strong><\/em><br \/>\n\t&nbsp;<\/p>\n<p>\u00bfC\u00f3mo se puede definir el dinero? \u00bfd\u00f3nde nos ha llevado esta crisis financiera y el rescate de los bancos con dinero p\u00fablico? \u00bfc\u00f3mo podemos cambiar las finanzas, la relaci\u00f3n entre los mercados financieros y el cambio clim\u00e1tico? y la pregunta m\u00e1s personal \u00bfqu\u00e9 hago yo personalmente con mis ahorros? A estas y otras cuestiones responder\u00e1n en su charla en el Club FARO.<\/p>\n<p><strong>Ugo Biggeri <\/strong>(Florencia, 1966), autor de \u201cEl valor del dinero\u201d (Sal-Terrae) y <strong>Peru Sasia<\/strong>, presidente de la Fundaci\u00f3n Fiare en Espa\u00f1a. Nos ofrecer\u00e1n una reflexi\u00f3n cr\u00edtica sobre el valor social de las finanzas, su dimensi\u00f3n relacional y el potencial que cabe reconocer a los procesos de construcci\u00f3n colectiva de alternativas econ\u00f3micas a nivel local, estatal e internacional. Una reflexi\u00f3n que nos invitar\u00e1 a preguntarnos por cuestiones como el valor social que tienen hoy del dinero y las finanzas, el impacto de la tecnolog\u00eda y la globalizaci\u00f3n en el sector financiero y la importancia de construir una ciudadan\u00eda cr\u00edtica y consciente, que se responsabilice de las consecuencias de sus decisiones econ\u00f3micas.<\/p>\n<p>Licenciado en F\u00edsica, despu\u00e9s de trabajar algunos a\u00f1os en la universidad, Ugo Biggeri empez\u00f3 a dedicarse al campo medioambiental y, posteriormente, al de las finanzas \u00e9ticas. En la actualidad es Presidente de Banca Popolare Etica. Tambi\u00e9n imparte clases sobre finanzas \u00e9ticas y microcr\u00e9ditos en la universidad.<\/p>\n<\/div>","protected":false},"excerpt":{"rendered":"<p>\u00bfC\u00f3mo se puede definir el dinero? \u00bfd\u00f3nde nos ha llevado esta crisis financiera y el rescate de los bancos con dinero p\u00fablico? \u00bfc\u00f3mo podemos cambiar las finanzas, la relaci\u00f3n entre los mercados financieros y el cambio clim\u00e1tico? y la pregunta m\u00e1s personal \u00bfqu\u00e9 hago yo personalmente con mis ahorros? A estas y otras cuestiones responder\u00e1n en su charla en Club FARO.<\/p>\n","protected":false},"author":2,"featured_media":325518,"comment_status":"open","ping_status":"closed","sticky":false,"template":"","format":"standard","meta":{"_acf_changed":false,"footnotes":""},"categories":[11644],"tags":[],"coauthors":[],"class_list":["post-345880","post","type-post","status-publish","format-standard","has-post-thumbnail","hentry","category-finantza-etikoak"],"acf":[],"yoast_head":"<!-- This site is optimized with the Yoast SEO plugin v26.9 - https:\/\/yoast.com\/product\/yoast-seo-wordpress\/ -->\n<title>Banca, finanzas y \u00e9tica (m\u00e1s all\u00e1 del mito del crecimiento) - Fiare Banca Etica<\/title>\n<meta name=\"robots\" content=\"index, follow, max-snippet:-1, max-image-preview:large, max-video-preview:-1\" \/>\n<link rel=\"canonical\" href=\"https:\/\/www.fiarebancaetica.coop\/eu\/banca-finanzas-y-etica-mas-alla-del-mito-del-crecimiento\/\" \/>\n<meta property=\"og:locale\" content=\"eu_ES\" \/>\n<meta property=\"og:type\" content=\"article\" \/>\n<meta property=\"og:title\" content=\"Banca, finanzas y \u00e9tica (m\u00e1s all\u00e1 del mito del crecimiento) - Fiare Banca Etica\" \/>\n<meta property=\"og:description\" content=\"\u00bfC\u00f3mo se puede definir el dinero? \u00bfd\u00f3nde nos ha llevado esta crisis financiera y el rescate de los bancos con dinero p\u00fablico? \u00bfc\u00f3mo podemos cambiar las finanzas, la relaci\u00f3n entre los mercados financieros y el cambio clim\u00e1tico? y la pregunta m\u00e1s personal \u00bfqu\u00e9 hago yo personalmente con mis ahorros? A estas y otras cuestiones responder\u00e1n en su charla en Club FARO.\" \/>\n<meta property=\"og:url\" content=\"https:\/\/www.fiarebancaetica.coop\/eu\/banca-finanzas-y-etica-mas-alla-del-mito-del-crecimiento\/\" \/>\n<meta property=\"og:site_name\" content=\"Fiare Banca Etica\" \/>\n<meta property=\"article:published_time\" content=\"2017-01-31T23:00:00+00:00\" \/>\n<meta property=\"article:modified_time\" content=\"2024-02-21T14:57:51+00:00\" \/>\n<meta property=\"og:image\" content=\"https:\/\/www.fiarebancaetica.coop\/app\/uploads\/sites\/2\/2023\/12\/banca-finanzas-y-etica-mas-alla-del-mito-del-crecimiento.jpg\" \/>\n\t<meta property=\"og:image:width\" content=\"680\" \/>\n\t<meta property=\"og:image:height\" content=\"271\" \/>\n\t<meta property=\"og:image:type\" content=\"image\/jpeg\" \/>\n<meta name=\"author\" content=\"crispyadmin0\" \/>\n<meta name=\"twitter:card\" content=\"summary_large_image\" \/>\n<script type=\"application\/ld+json\" class=\"yoast-schema-graph\">{\"@context\":\"https:\/\/schema.org\",\"@graph\":[{\"@type\":\"Article\",\"@id\":\"https:\/\/www.fiarebancaetica.coop\/eu\/banca-finanzas-y-etica-mas-alla-del-mito-del-crecimiento\/#article\",\"isPartOf\":{\"@id\":\"https:\/\/www.fiarebancaetica.coop\/eu\/banca-finanzas-y-etica-mas-alla-del-mito-del-crecimiento\/\"},\"author\":{\"name\":\"crispyadmin0\",\"@id\":\"https:\/\/www.fiarebancaetica.coop\/eu\/#\/schema\/person\/579841e89c804b5db05d9141bd9b8272\"},\"headline\":\"Banca, finanzas y \u00e9tica (m\u00e1s all\u00e1 del mito del crecimiento)\",\"datePublished\":\"2017-01-31T23:00:00+00:00\",\"dateModified\":\"2024-02-21T14:57:51+00:00\",\"mainEntityOfPage\":{\"@id\":\"https:\/\/www.fiarebancaetica.coop\/eu\/banca-finanzas-y-etica-mas-alla-del-mito-del-crecimiento\/\"},\"wordCount\":269,\"commentCount\":0,\"image\":{\"@id\":\"https:\/\/www.fiarebancaetica.coop\/eu\/banca-finanzas-y-etica-mas-alla-del-mito-del-crecimiento\/#primaryimage\"},\"thumbnailUrl\":\"https:\/\/www.fiarebancaetica.coop\/app\/uploads\/sites\/2\/2023\/12\/banca-finanzas-y-etica-mas-alla-del-mito-del-crecimiento.jpg\",\"articleSection\":[\"Finantza etikoak\"],\"inLanguage\":\"eu\",\"potentialAction\":[{\"@type\":\"CommentAction\",\"name\":\"Comment\",\"target\":[\"https:\/\/www.fiarebancaetica.coop\/eu\/banca-finanzas-y-etica-mas-alla-del-mito-del-crecimiento\/#respond\"]}]},{\"@type\":\"WebPage\",\"@id\":\"https:\/\/www.fiarebancaetica.coop\/eu\/banca-finanzas-y-etica-mas-alla-del-mito-del-crecimiento\/\",\"url\":\"https:\/\/www.fiarebancaetica.coop\/eu\/banca-finanzas-y-etica-mas-alla-del-mito-del-crecimiento\/\",\"name\":\"Banca, finanzas y \u00e9tica (m\u00e1s all\u00e1 del mito del crecimiento) - Fiare Banca Etica\",\"isPartOf\":{\"@id\":\"https:\/\/www.fiarebancaetica.coop\/eu\/#website\"},\"primaryImageOfPage\":{\"@id\":\"https:\/\/www.fiarebancaetica.coop\/eu\/banca-finanzas-y-etica-mas-alla-del-mito-del-crecimiento\/#primaryimage\"},\"image\":{\"@id\":\"https:\/\/www.fiarebancaetica.coop\/eu\/banca-finanzas-y-etica-mas-alla-del-mito-del-crecimiento\/#primaryimage\"},\"thumbnailUrl\":\"https:\/\/www.fiarebancaetica.coop\/app\/uploads\/sites\/2\/2023\/12\/banca-finanzas-y-etica-mas-alla-del-mito-del-crecimiento.jpg\",\"datePublished\":\"2017-01-31T23:00:00+00:00\",\"dateModified\":\"2024-02-21T14:57:51+00:00\",\"author\":{\"@id\":\"https:\/\/www.fiarebancaetica.coop\/eu\/#\/schema\/person\/579841e89c804b5db05d9141bd9b8272\"},\"breadcrumb\":{\"@id\":\"https:\/\/www.fiarebancaetica.coop\/eu\/banca-finanzas-y-etica-mas-alla-del-mito-del-crecimiento\/#breadcrumb\"},\"inLanguage\":\"eu\",\"potentialAction\":[{\"@type\":\"ReadAction\",\"target\":[\"https:\/\/www.fiarebancaetica.coop\/eu\/banca-finanzas-y-etica-mas-alla-del-mito-del-crecimiento\/\"]}]},{\"@type\":\"ImageObject\",\"inLanguage\":\"eu\",\"@id\":\"https:\/\/www.fiarebancaetica.coop\/eu\/banca-finanzas-y-etica-mas-alla-del-mito-del-crecimiento\/#primaryimage\",\"url\":\"https:\/\/www.fiarebancaetica.coop\/app\/uploads\/sites\/2\/2023\/12\/banca-finanzas-y-etica-mas-alla-del-mito-del-crecimiento.jpg\",\"contentUrl\":\"https:\/\/www.fiarebancaetica.coop\/app\/uploads\/sites\/2\/2023\/12\/banca-finanzas-y-etica-mas-alla-del-mito-del-crecimiento.jpg\",\"width\":680,\"height\":271},{\"@type\":\"BreadcrumbList\",\"@id\":\"https:\/\/www.fiarebancaetica.coop\/eu\/banca-finanzas-y-etica-mas-alla-del-mito-del-crecimiento\/#breadcrumb\",\"itemListElement\":[{\"@type\":\"ListItem\",\"position\":1,\"name\":\"Home\",\"item\":\"https:\/\/www.fiarebancaetica.coop\/eu\/\"},{\"@type\":\"ListItem\",\"position\":2,\"name\":\"Banca, finanzas y \u00e9tica (m\u00e1s all\u00e1 del mito del crecimiento)\"}]},{\"@type\":\"WebSite\",\"@id\":\"https:\/\/www.fiarebancaetica.coop\/eu\/#website\",\"url\":\"https:\/\/www.fiarebancaetica.coop\/eu\/\",\"name\":\"Fiare Banca Etica\",\"description\":\"\",\"potentialAction\":[{\"@type\":\"SearchAction\",\"target\":{\"@type\":\"EntryPoint\",\"urlTemplate\":\"https:\/\/www.fiarebancaetica.coop\/eu\/?s={search_term_string}\"},\"query-input\":{\"@type\":\"PropertyValueSpecification\",\"valueRequired\":true,\"valueName\":\"search_term_string\"}}],\"inLanguage\":\"eu\"},{\"@type\":\"Person\",\"@id\":\"https:\/\/www.fiarebancaetica.coop\/eu\/#\/schema\/person\/579841e89c804b5db05d9141bd9b8272\",\"name\":\"crispyadmin0\",\"image\":{\"@type\":\"ImageObject\",\"inLanguage\":\"eu\",\"@id\":\"https:\/\/www.fiarebancaetica.coop\/eu\/#\/schema\/person\/image\/5f3a6b7786f32f4c35bd2b1a5a4698ea\",\"url\":\"https:\/\/secure.gravatar.com\/avatar\/4d2cfb499d497b6d49da659fab7404b243a87fe8e40d2cf97a1cae48f677f5b2?s=96&d=mm&r=g\",\"contentUrl\":\"https:\/\/secure.gravatar.com\/avatar\/4d2cfb499d497b6d49da659fab7404b243a87fe8e40d2cf97a1cae48f677f5b2?s=96&d=mm&r=g\",\"caption\":\"crispyadmin0\"},\"sameAs\":[\"crispyadmin0\"]}]}<\/script>\n<!-- \/ Yoast SEO plugin. -->","yoast_head_json":{"title":"Banca, finanzas y \u00e9tica (m\u00e1s all\u00e1 del mito del crecimiento) - Fiare Banca Etica","robots":{"index":"index","follow":"follow","max-snippet":"max-snippet:-1","max-image-preview":"max-image-preview:large","max-video-preview":"max-video-preview:-1"},"canonical":"https:\/\/www.fiarebancaetica.coop\/eu\/banca-finanzas-y-etica-mas-alla-del-mito-del-crecimiento\/","og_locale":"eu_ES","og_type":"article","og_title":"Banca, finanzas y \u00e9tica (m\u00e1s all\u00e1 del mito del crecimiento) - Fiare Banca Etica","og_description":"\u00bfC\u00f3mo se puede definir el dinero? \u00bfd\u00f3nde nos ha llevado esta crisis financiera y el rescate de los bancos con dinero p\u00fablico? \u00bfc\u00f3mo podemos cambiar las finanzas, la relaci\u00f3n entre los mercados financieros y el cambio clim\u00e1tico? y la pregunta m\u00e1s personal \u00bfqu\u00e9 hago yo personalmente con mis ahorros? A estas y otras cuestiones responder\u00e1n en su charla en Club FARO.","og_url":"https:\/\/www.fiarebancaetica.coop\/eu\/banca-finanzas-y-etica-mas-alla-del-mito-del-crecimiento\/","og_site_name":"Fiare Banca Etica","article_published_time":"2017-01-31T23:00:00+00:00","article_modified_time":"2024-02-21T14:57:51+00:00","og_image":[{"width":680,"height":271,"url":"https:\/\/www.fiarebancaetica.coop\/app\/uploads\/sites\/2\/2023\/12\/banca-finanzas-y-etica-mas-alla-del-mito-del-crecimiento.jpg","type":"image\/jpeg"}],"author":"crispyadmin0","twitter_card":"summary_large_image","schema":{"@context":"https:\/\/schema.org","@graph":[{"@type":"Article","@id":"https:\/\/www.fiarebancaetica.coop\/eu\/banca-finanzas-y-etica-mas-alla-del-mito-del-crecimiento\/#article","isPartOf":{"@id":"https:\/\/www.fiarebancaetica.coop\/eu\/banca-finanzas-y-etica-mas-alla-del-mito-del-crecimiento\/"},"author":{"name":"crispyadmin0","@id":"https:\/\/www.fiarebancaetica.coop\/eu\/#\/schema\/person\/579841e89c804b5db05d9141bd9b8272"},"headline":"Banca, finanzas y \u00e9tica (m\u00e1s all\u00e1 del mito del crecimiento)","datePublished":"2017-01-31T23:00:00+00:00","dateModified":"2024-02-21T14:57:51+00:00","mainEntityOfPage":{"@id":"https:\/\/www.fiarebancaetica.coop\/eu\/banca-finanzas-y-etica-mas-alla-del-mito-del-crecimiento\/"},"wordCount":269,"commentCount":0,"image":{"@id":"https:\/\/www.fiarebancaetica.coop\/eu\/banca-finanzas-y-etica-mas-alla-del-mito-del-crecimiento\/#primaryimage"},"thumbnailUrl":"https:\/\/www.fiarebancaetica.coop\/app\/uploads\/sites\/2\/2023\/12\/banca-finanzas-y-etica-mas-alla-del-mito-del-crecimiento.jpg","articleSection":["Finantza etikoak"],"inLanguage":"eu","potentialAction":[{"@type":"CommentAction","name":"Comment","target":["https:\/\/www.fiarebancaetica.coop\/eu\/banca-finanzas-y-etica-mas-alla-del-mito-del-crecimiento\/#respond"]}]},{"@type":"WebPage","@id":"https:\/\/www.fiarebancaetica.coop\/eu\/banca-finanzas-y-etica-mas-alla-del-mito-del-crecimiento\/","url":"https:\/\/www.fiarebancaetica.coop\/eu\/banca-finanzas-y-etica-mas-alla-del-mito-del-crecimiento\/","name":"Banca, finanzas y \u00e9tica (m\u00e1s all\u00e1 del mito del crecimiento) - Fiare Banca Etica","isPartOf":{"@id":"https:\/\/www.fiarebancaetica.coop\/eu\/#website"},"primaryImageOfPage":{"@id":"https:\/\/www.fiarebancaetica.coop\/eu\/banca-finanzas-y-etica-mas-alla-del-mito-del-crecimiento\/#primaryimage"},"image":{"@id":"https:\/\/www.fiarebancaetica.coop\/eu\/banca-finanzas-y-etica-mas-alla-del-mito-del-crecimiento\/#primaryimage"},"thumbnailUrl":"https:\/\/www.fiarebancaetica.coop\/app\/uploads\/sites\/2\/2023\/12\/banca-finanzas-y-etica-mas-alla-del-mito-del-crecimiento.jpg","datePublished":"2017-01-31T23:00:00+00:00","dateModified":"2024-02-21T14:57:51+00:00","author":{"@id":"https:\/\/www.fiarebancaetica.coop\/eu\/#\/schema\/person\/579841e89c804b5db05d9141bd9b8272"},"breadcrumb":{"@id":"https:\/\/www.fiarebancaetica.coop\/eu\/banca-finanzas-y-etica-mas-alla-del-mito-del-crecimiento\/#breadcrumb"},"inLanguage":"eu","potentialAction":[{"@type":"ReadAction","target":["https:\/\/www.fiarebancaetica.coop\/eu\/banca-finanzas-y-etica-mas-alla-del-mito-del-crecimiento\/"]}]},{"@type":"ImageObject","inLanguage":"eu","@id":"https:\/\/www.fiarebancaetica.coop\/eu\/banca-finanzas-y-etica-mas-alla-del-mito-del-crecimiento\/#primaryimage","url":"https:\/\/www.fiarebancaetica.coop\/app\/uploads\/sites\/2\/2023\/12\/banca-finanzas-y-etica-mas-alla-del-mito-del-crecimiento.jpg","contentUrl":"https:\/\/www.fiarebancaetica.coop\/app\/uploads\/sites\/2\/2023\/12\/banca-finanzas-y-etica-mas-alla-del-mito-del-crecimiento.jpg","width":680,"height":271},{"@type":"BreadcrumbList","@id":"https:\/\/www.fiarebancaetica.coop\/eu\/banca-finanzas-y-etica-mas-alla-del-mito-del-crecimiento\/#breadcrumb","itemListElement":[{"@type":"ListItem","position":1,"name":"Home","item":"https:\/\/www.fiarebancaetica.coop\/eu\/"},{"@type":"ListItem","position":2,"name":"Banca, finanzas y \u00e9tica (m\u00e1s all\u00e1 del mito del crecimiento)"}]},{"@type":"WebSite","@id":"https:\/\/www.fiarebancaetica.coop\/eu\/#website","url":"https:\/\/www.fiarebancaetica.coop\/eu\/","name":"Fiare Banca Etica","description":"","potentialAction":[{"@type":"SearchAction","target":{"@type":"EntryPoint","urlTemplate":"https:\/\/www.fiarebancaetica.coop\/eu\/?s={search_term_string}"},"query-input":{"@type":"PropertyValueSpecification","valueRequired":true,"valueName":"search_term_string"}}],"inLanguage":"eu"},{"@type":"Person","@id":"https:\/\/www.fiarebancaetica.coop\/eu\/#\/schema\/person\/579841e89c804b5db05d9141bd9b8272","name":"crispyadmin0","image":{"@type":"ImageObject","inLanguage":"eu","@id":"https:\/\/www.fiarebancaetica.coop\/eu\/#\/schema\/person\/image\/5f3a6b7786f32f4c35bd2b1a5a4698ea","url":"https:\/\/secure.gravatar.com\/avatar\/4d2cfb499d497b6d49da659fab7404b243a87fe8e40d2cf97a1cae48f677f5b2?s=96&d=mm&r=g","contentUrl":"https:\/\/secure.gravatar.com\/avatar\/4d2cfb499d497b6d49da659fab7404b243a87fe8e40d2cf97a1cae48f677f5b2?s=96&d=mm&r=g","caption":"crispyadmin0"},"sameAs":["crispyadmin0"]}]}},"_links":{"self":[{"href":"https:\/\/www.fiarebancaetica.coop\/eu\/wp-json\/wp\/v2\/posts\/345880","targetHints":{"allow":["GET"]}}],"collection":[{"href":"https:\/\/www.fiarebancaetica.coop\/eu\/wp-json\/wp\/v2\/posts"}],"about":[{"href":"https:\/\/www.fiarebancaetica.coop\/eu\/wp-json\/wp\/v2\/types\/post"}],"author":[{"embeddable":true,"href":"https:\/\/www.fiarebancaetica.coop\/eu\/wp-json\/wp\/v2\/users\/2"}],"replies":[{"embeddable":true,"href":"https:\/\/www.fiarebancaetica.coop\/eu\/wp-json\/wp\/v2\/comments?post=345880"}],"version-history":[{"count":1,"href":"https:\/\/www.fiarebancaetica.coop\/eu\/wp-json\/wp\/v2\/posts\/345880\/revisions"}],"predecessor-version":[{"id":353523,"href":"https:\/\/www.fiarebancaetica.coop\/eu\/wp-json\/wp\/v2\/posts\/345880\/revisions\/353523"}],"wp:featuredmedia":[{"embeddable":true,"href":"https:\/\/www.fiarebancaetica.coop\/eu\/wp-json\/wp\/v2\/media\/325518"}],"wp:attachment":[{"href":"https:\/\/www.fiarebancaetica.coop\/eu\/wp-json\/wp\/v2\/media?parent=345880"}],"wp:term":[{"taxonomy":"category","embeddable":true,"href":"https:\/\/www.fiarebancaetica.coop\/eu\/wp-json\/wp\/v2\/categories?post=345880"},{"taxonomy":"post_tag","embeddable":true,"href":"https:\/\/www.fiarebancaetica.coop\/eu\/wp-json\/wp\/v2\/tags?post=345880"},{"taxonomy":"author","embeddable":true,"href":"https:\/\/www.fiarebancaetica.coop\/eu\/wp-json\/wp\/v2\/coauthors?post=345880"}],"curies":[{"name":"wp","href":"https:\/\/api.w.org\/{rel}","templated":true}]}}