{"id":345985,"date":"2016-10-11T00:00:00","date_gmt":"2016-10-10T22:00:00","guid":{"rendered":"https:\/\/www.fiarebancaetica.coop\/entrevista-a-zaloa-perez-sobre-el-congreso-de-economia-solidaria\/"},"modified":"2024-02-21T16:00:39","modified_gmt":"2024-02-21T15:00:39","slug":"entrevista-a-zaloa-perez-sobre-el-congreso-de-economia-solidaria","status":"publish","type":"post","link":"https:\/\/www.fiarebancaetica.coop\/eu\/entrevista-a-zaloa-perez-sobre-el-congreso-de-economia-solidaria\/","title":{"rendered":"Entrevista a Zaloa P\u00e9rez sobre el Congreso de Econom\u00eda Solidaria"},"content":{"rendered":"\n\n<div class=\"wp-block-bancaetica-blocks-blocks-block-49\">\n    <div class=\"container-block-49\">\n\n        <div class=\"header-section \">\n                            <h1 class=\"section-title\"> Etica e cooperativa <\/h1>\n                                            <\/div>\n\n        \n        <div class=\"block-background\" style=\"background-image: url('https:\/\/www.fiarebancaetica.coop\/app\/uploads\/sites\/2\/2023\/12\/entrevista-zaloa-perez-de-reas-sobre-el-congreso-de-economia-solidaria.jpg')\">\n                            <div class=\"tile\">\n                    <h1 class=\"image-title\"> Entrevista a Zaloa P\u00e9rez sobre el Congreso de Econom\u00eda Solidaria <\/h1>\n                <\/div>             <!-- end .tile -->\n            <div class=\"bottom-content\">\n                            <\/div> <!-- end .button-content -->\n        <\/div> <!-- end .block-background -->\n    <\/div> <!-- end .container -->\n<\/div> <!-- end wp-block-bancaetica-blocks-blocks-block-06 -->\n\n\n<div class=\"wrapper-crispybacon-class wrapper-crispybacon-class-boxed \">\n    <div>\n\t<em><strong>Hablamos con Zaloa P\u00e9rez, t\u00e9cnica de REAS (Red de redes de Econom\u00eda Alternativa y Solidaria) sobre el pr\u00f3ximo Congreso de Econom\u00eda Solidaria que se celebrar\u00e1 en Bilbao en el mes de Noviembre.<\/strong><\/em><\/div>\n<h2>\n\t\u00bfCu\u00e1l debe ser el papel de la econom\u00eda social y solidaria en la sociedad?<\/h2>\n<p>Muchas de las personas y colectivos cr\u00edticos con el actual modelo de globalizaci\u00f3n neoliberal comparten la reflexi\u00f3n de que es necesario avanzar en la <strong>construcci\u00f3n de alternativas sociales y econ\u00f3micas transformadoras<\/strong> que aseguren el bienestar de todas las personas del planeta sin menoscabar las posibilidades de las generaciones venideras.<br \/>\n\t<br \/>\n\tEn esta construcci\u00f3n de alternativas uno de los mayores interrogantes se plantea en torno a la posibilidad de organizar din\u00e1micas econ\u00f3mico-productivas, financieras y empresariales alternativas en un contexto como el actual de competencia global.<br \/>\n\t<br \/>\n\tLa econom\u00eda solidaria aporta <strong>un rico y diverso abanico de iniciativas socioecon\u00f3micas que funcionan con una l\u00f3gica diferente <\/strong>a la l\u00f3gica competitiva del mercado. Las organizaciones y empresas de la econom\u00eda solidaria rescatan l\u00f3gicas de funcionamiento basadas en la reciprocidad, la solidaridad y la cooperaci\u00f3n y ponen a las personas por encima del mercado y de la obtenci\u00f3n de beneficios. Por lo tanto, la econom\u00eda solidaria aporta una nueva mirada y unos valores y pr\u00e1cticas al servicio de la transformaci\u00f3n social.<\/p>\n<h2>\n\t\u00bfA qu\u00e9 aspira la econom\u00eda solidaria en este momento?<\/h2>\n<p>La econom\u00eda solidaria aspira a contribuir a un cambio de modelo a trav\u00e9s de la generaci\u00f3n de discurso cr\u00edtico y pero tambi\u00e9n <strong>ofreciendo a la ciudadan\u00eda una alternativa para que pueda ejercer un consumo cr\u00edtico consciente y transformador.<\/strong> A partir de ah\u00ed, nos proponemos avanzar en la agregaci\u00f3n ciudadana desde dos perspectivas; desde la participaci\u00f3n, invitando a la ciudadan\u00eda a que forme parte de los proyectos de econom\u00eda solidaria, especialmente de aquellos que se ubican en sectores estrat\u00e9gicos como pueden ser la banca o la energ\u00eda; y tambi\u00e9n desde el consumo, se trata de que m\u00e1s y m\u00e1s personas encuentren en las iniciativas y empresas de la econom\u00eda solidaria respuestas reales, m\u00e1s all\u00e1 de la simpat\u00eda ideol\u00f3gica o militante.<\/p>\n<h2>\n\t\u00bfC\u00f3mo explicar\u00edas a la sociedad que la econom\u00eda solidaria es la alternativa a las barbaridades cometidas por el capitalismo en los \u00faltimos a\u00f1os?<\/h2>\n<p>El funcionamiento de nuestro sistema socioecon\u00f3mico actual se construye sobre unas condiciones que son totalmente insostenibles. <strong>El capitalismo ataca la vida a todos sus niveles<\/strong>: desde el m\u00e1s b\u00e1sico, la naturaleza, de la cual dependen nuestras vidas y con la que la econom\u00eda capitalista mantiene una relaci\u00f3n de dominaci\u00f3n y explotaci\u00f3n que genera problemas ecol\u00f3gicos locales y globales.<br \/>\n\t<br \/>\n\tDesde el punto de vista de los cuidados, necesarios como seres interdependientes y vulnerables que somos, devaluando, precarizando e invisibilizando el conjunto de tareas y procesos que sostienen la vida y que han sido hist\u00f3ricamente realizadas por mujeres en el \u00e1mbito privado del hogar.<\/p>\n<p>Y por \u00faltimo, desde el punto de vista de la producci\u00f3n de mercado capitalista que produce bienes y servicios cuyo destino es el mercado y su objetivo el \u00e1nimo de lucro y no el acceso equilibrado a los bienes y servicios necesarios para la vida de las mujeres y los hombres de una colectividad.<\/p>\n<p>Si para la econom\u00eda convencional el fin es maximizar beneficios y el medio para lograrlo son las personas, para la econom\u00eda solidaria el fin es el la calidad de vida y el bienestar de las personas el objetivo \u00faltimo de la actividad econ\u00f3mica y la rentabilidad es, tan solo, un medio para dicho fin.<\/p>\n<h2>\n\tSe est\u00e1 comenzando a hablar de recuperaci\u00f3n econ\u00f3mica, \u00bfCu\u00e1les han sido las consecuencias para la econom\u00eda solidaria?<\/h2>\n<p>No todas las f\u00f3rmulas empresariales han reaccionado a la crisis del mismo modo. Mientras que, como hemos visto, se ha producido una destrucci\u00f3n de empleo en las empresas ordinarias y han desaparecido empresas, principalmente con personal asalariado, las empresas de la econom\u00eda social y solidaria han resistido a la crisis pr\u00e1cticamente manteniendo el empleo y esto tiene que ver con el modelo empresarial que enfrenta a la econom\u00eda social y solidaria con la econom\u00eda del capital, un modelo cooperativo, que utiliza la rentabilidad econ\u00f3mica para potenciar su objeto social&nbsp; y donde la propiedad es colectiva.<\/p>\n<p>Para hacer frente al desaf\u00edo que tenemos por delante se hace necesario plantear una transici\u00f3n radical y, en este sentido, <strong>la econom\u00eda solidaria cuenta con objetivos, estrategias y medios<\/strong>. Existen proyectos consolidados que demuestran cada d\u00eda que otra econom\u00eda es, no s\u00f3lo deseable (necesaria) sino posible.<\/p>\n<h2>\n\t\u00bfQu\u00e9 papel juegan las finanzas \u00e9ticas en la econom\u00eda solidaria?<\/h2>\n<p>El funcionamiento del sistema financiero est\u00e1 basado principalmente en la actividad especulativa y ha estado en la base de una crisis que finalmente se ha revelado no s\u00f3lo econ\u00f3mico-financiera, sino del propio sistema social, cultural, econ\u00f3mico y pol\u00edtico capitalista. Hemos asistido con indignaci\u00f3n al rescate p\u00fablico de la banca mientras se acomet\u00edan importantes recortes sociales y se produc\u00eda una progresiva precarizaci\u00f3n de las condiciones de vida de la mayor\u00eda de la poblaci\u00f3n, especialmente de aquella que part\u00eda de una situaci\u00f3n de desventaja social. Desde la econom\u00eda solidaria demandamos un mayor control pol\u00edtico y ciudadano de las finanzas y, como no pod\u00eda ser de otra forma, se impulsa la generaci\u00f3n de iniciativas financieras alternativas que est\u00e9n en manos de la propia ciudadan\u00eda organizada.<\/p>\n<h2>\n\t\u00bfQu\u00e9 esper\u00e1is de este congreso? \u00bfQu\u00e9 conclusiones y aprendizajes sacasteis del anterior?<\/h2>\n<p>Esperamos poder visibilizar las alternativas de la econom\u00eda solidaria a la ciudadan\u00eda en general para animar a participar en la construcci\u00f3n de las mismas. Asimismo, queremos generar espacios para fortalecer al propio movimiento y favorecer el trabajo en red que nos ayude en el dar el salto para constituirnos en una nueva realidad, para pasar de ser experiencias testimoniales a constituirnos en una alternativa elegible por la ciudadan\u00eda. Dedicaremos tambi\u00e9n un espacio importante del congreso a definir propuestas para que las administraciones, sobre todo las locales, participen activamente en la transformaci\u00f3n de los territorios desde los criterios de la econom\u00eda social y solidaria.<\/p>\n<p><br \/>\n\t<strong>No lo dudes y participa.&nbsp;<a href=\"http:\/\/esskongresua.net\/es\/congreso-economia-social-solidaria\/\">Inscr\u00edbete aqu\u00ed<\/a>.<\/strong><\/p>\n<p><strong>Pod\u00e9is consultar todas las novedades <a href=\"http:\/\/esskongresua.net\/es\/congreso-economia-social-solidaria\/\">en la p\u00e1gina web del congreso<\/a>&nbsp;<\/strong><strong>o a trav\u00e9s de los perfiles en<a href=\"https:\/\/twitter.com\/esskongresua\"> twitter<\/a> y <a href=\"https:\/\/www.facebook.com\/esskongresua\/\">facebook <\/a>@esskongresua o del hastag #esskongresua.<\/strong><\/p>\n<\/div>","protected":false},"excerpt":{"rendered":"<p><strong>\u00bfCu\u00e1l debe ser el papel de la econom\u00eda social y solidaria en la sociedad?<\/strong><\/p>\n<p>Muchas de las personas y colectivos cr\u00edticos con el actual modelo de globalizaci\u00f3n neoliberal comparten la reflexi\u00f3n de que es necesario avanzar en la construcci\u00f3n de alternativas sociales y econ\u00f3micas transformadoras que aseguren el bienestar de todas las personas del planeta sin menoscabar las posibilidades de las generaciones venideras.<br \/>\n\tEn esta construcci\u00f3n de alternativas uno de los mayores interrogantes se plantea en torno a la posibilidad de organizar din\u00e1micas econ\u00f3mico-productivas, financieras y empresariales alternativas en un contexto como el actual de competencia global.<\/p>\n","protected":false},"author":2,"featured_media":324774,"comment_status":"open","ping_status":"closed","sticky":false,"template":"","format":"standard","meta":{"_acf_changed":false,"footnotes":""},"categories":[11644],"tags":[],"coauthors":[],"class_list":["post-345985","post","type-post","status-publish","format-standard","has-post-thumbnail","hentry","category-finantza-etikoak"],"acf":[],"yoast_head":"<!-- This site is optimized with the Yoast SEO plugin v26.9 - https:\/\/yoast.com\/product\/yoast-seo-wordpress\/ -->\n<title>Entrevista a Zaloa P\u00e9rez sobre el Congreso de Econom\u00eda Solidaria - Fiare Banca Etica<\/title>\n<meta name=\"robots\" content=\"index, follow, max-snippet:-1, max-image-preview:large, max-video-preview:-1\" \/>\n<link rel=\"canonical\" href=\"https:\/\/www.fiarebancaetica.coop\/eu\/entrevista-a-zaloa-perez-sobre-el-congreso-de-economia-solidaria\/\" \/>\n<meta property=\"og:locale\" content=\"eu_ES\" \/>\n<meta property=\"og:type\" content=\"article\" \/>\n<meta property=\"og:title\" content=\"Entrevista a Zaloa P\u00e9rez sobre el Congreso de Econom\u00eda Solidaria - Fiare Banca Etica\" \/>\n<meta property=\"og:description\" content=\"\u00bfCu\u00e1l debe ser el papel de la econom\u00eda social y solidaria en la sociedad? Muchas de las personas y colectivos cr\u00edticos con el actual modelo de globalizaci\u00f3n neoliberal comparten la reflexi\u00f3n de que es necesario avanzar en la construcci\u00f3n de alternativas sociales y econ\u00f3micas transformadoras que aseguren el bienestar de todas las personas del planeta sin menoscabar las posibilidades de las generaciones venideras. En esta construcci\u00f3n de alternativas uno de los mayores interrogantes se plantea en torno a la posibilidad de organizar din\u00e1micas econ\u00f3mico-productivas, financieras y empresariales alternativas en un contexto como el actual de competencia global.\" \/>\n<meta property=\"og:url\" content=\"https:\/\/www.fiarebancaetica.coop\/eu\/entrevista-a-zaloa-perez-sobre-el-congreso-de-economia-solidaria\/\" \/>\n<meta property=\"og:site_name\" content=\"Fiare Banca Etica\" \/>\n<meta property=\"article:published_time\" content=\"2016-10-10T22:00:00+00:00\" \/>\n<meta property=\"article:modified_time\" content=\"2024-02-21T15:00:39+00:00\" \/>\n<meta property=\"og:image\" content=\"https:\/\/www.fiarebancaetica.coop\/app\/uploads\/sites\/2\/2023\/12\/entrevista-zaloa-perez-de-reas-sobre-el-congreso-de-economia-solidaria.jpg\" \/>\n\t<meta property=\"og:image:width\" content=\"1200\" \/>\n\t<meta property=\"og:image:height\" content=\"792\" \/>\n\t<meta property=\"og:image:type\" content=\"image\/jpeg\" \/>\n<meta name=\"author\" content=\"crispyadmin0\" \/>\n<meta name=\"twitter:card\" content=\"summary_large_image\" \/>\n<script type=\"application\/ld+json\" class=\"yoast-schema-graph\">{\"@context\":\"https:\/\/schema.org\",\"@graph\":[{\"@type\":\"Article\",\"@id\":\"https:\/\/www.fiarebancaetica.coop\/eu\/entrevista-a-zaloa-perez-sobre-el-congreso-de-economia-solidaria\/#article\",\"isPartOf\":{\"@id\":\"https:\/\/www.fiarebancaetica.coop\/eu\/entrevista-a-zaloa-perez-sobre-el-congreso-de-economia-solidaria\/\"},\"author\":{\"name\":\"crispyadmin0\",\"@id\":\"https:\/\/www.fiarebancaetica.coop\/eu\/#\/schema\/person\/579841e89c804b5db05d9141bd9b8272\"},\"headline\":\"Entrevista a Zaloa P\u00e9rez sobre el Congreso de Econom\u00eda Solidaria\",\"datePublished\":\"2016-10-10T22:00:00+00:00\",\"dateModified\":\"2024-02-21T15:00:39+00:00\",\"mainEntityOfPage\":{\"@id\":\"https:\/\/www.fiarebancaetica.coop\/eu\/entrevista-a-zaloa-perez-sobre-el-congreso-de-economia-solidaria\/\"},\"wordCount\":1137,\"commentCount\":0,\"image\":{\"@id\":\"https:\/\/www.fiarebancaetica.coop\/eu\/entrevista-a-zaloa-perez-sobre-el-congreso-de-economia-solidaria\/#primaryimage\"},\"thumbnailUrl\":\"https:\/\/www.fiarebancaetica.coop\/app\/uploads\/sites\/2\/2023\/12\/entrevista-zaloa-perez-de-reas-sobre-el-congreso-de-economia-solidaria.jpg\",\"articleSection\":[\"Finantza etikoak\"],\"inLanguage\":\"eu\",\"potentialAction\":[{\"@type\":\"CommentAction\",\"name\":\"Comment\",\"target\":[\"https:\/\/www.fiarebancaetica.coop\/eu\/entrevista-a-zaloa-perez-sobre-el-congreso-de-economia-solidaria\/#respond\"]}]},{\"@type\":\"WebPage\",\"@id\":\"https:\/\/www.fiarebancaetica.coop\/eu\/entrevista-a-zaloa-perez-sobre-el-congreso-de-economia-solidaria\/\",\"url\":\"https:\/\/www.fiarebancaetica.coop\/eu\/entrevista-a-zaloa-perez-sobre-el-congreso-de-economia-solidaria\/\",\"name\":\"Entrevista a Zaloa P\u00e9rez sobre el Congreso de Econom\u00eda Solidaria - Fiare Banca Etica\",\"isPartOf\":{\"@id\":\"https:\/\/www.fiarebancaetica.coop\/eu\/#website\"},\"primaryImageOfPage\":{\"@id\":\"https:\/\/www.fiarebancaetica.coop\/eu\/entrevista-a-zaloa-perez-sobre-el-congreso-de-economia-solidaria\/#primaryimage\"},\"image\":{\"@id\":\"https:\/\/www.fiarebancaetica.coop\/eu\/entrevista-a-zaloa-perez-sobre-el-congreso-de-economia-solidaria\/#primaryimage\"},\"thumbnailUrl\":\"https:\/\/www.fiarebancaetica.coop\/app\/uploads\/sites\/2\/2023\/12\/entrevista-zaloa-perez-de-reas-sobre-el-congreso-de-economia-solidaria.jpg\",\"datePublished\":\"2016-10-10T22:00:00+00:00\",\"dateModified\":\"2024-02-21T15:00:39+00:00\",\"author\":{\"@id\":\"https:\/\/www.fiarebancaetica.coop\/eu\/#\/schema\/person\/579841e89c804b5db05d9141bd9b8272\"},\"breadcrumb\":{\"@id\":\"https:\/\/www.fiarebancaetica.coop\/eu\/entrevista-a-zaloa-perez-sobre-el-congreso-de-economia-solidaria\/#breadcrumb\"},\"inLanguage\":\"eu\",\"potentialAction\":[{\"@type\":\"ReadAction\",\"target\":[\"https:\/\/www.fiarebancaetica.coop\/eu\/entrevista-a-zaloa-perez-sobre-el-congreso-de-economia-solidaria\/\"]}]},{\"@type\":\"ImageObject\",\"inLanguage\":\"eu\",\"@id\":\"https:\/\/www.fiarebancaetica.coop\/eu\/entrevista-a-zaloa-perez-sobre-el-congreso-de-economia-solidaria\/#primaryimage\",\"url\":\"https:\/\/www.fiarebancaetica.coop\/app\/uploads\/sites\/2\/2023\/12\/entrevista-zaloa-perez-de-reas-sobre-el-congreso-de-economia-solidaria.jpg\",\"contentUrl\":\"https:\/\/www.fiarebancaetica.coop\/app\/uploads\/sites\/2\/2023\/12\/entrevista-zaloa-perez-de-reas-sobre-el-congreso-de-economia-solidaria.jpg\",\"width\":1200,\"height\":792},{\"@type\":\"BreadcrumbList\",\"@id\":\"https:\/\/www.fiarebancaetica.coop\/eu\/entrevista-a-zaloa-perez-sobre-el-congreso-de-economia-solidaria\/#breadcrumb\",\"itemListElement\":[{\"@type\":\"ListItem\",\"position\":1,\"name\":\"Home\",\"item\":\"https:\/\/www.fiarebancaetica.coop\/eu\/\"},{\"@type\":\"ListItem\",\"position\":2,\"name\":\"Entrevista a Zaloa P\u00e9rez sobre el Congreso de Econom\u00eda Solidaria\"}]},{\"@type\":\"WebSite\",\"@id\":\"https:\/\/www.fiarebancaetica.coop\/eu\/#website\",\"url\":\"https:\/\/www.fiarebancaetica.coop\/eu\/\",\"name\":\"Fiare Banca Etica\",\"description\":\"\",\"potentialAction\":[{\"@type\":\"SearchAction\",\"target\":{\"@type\":\"EntryPoint\",\"urlTemplate\":\"https:\/\/www.fiarebancaetica.coop\/eu\/?s={search_term_string}\"},\"query-input\":{\"@type\":\"PropertyValueSpecification\",\"valueRequired\":true,\"valueName\":\"search_term_string\"}}],\"inLanguage\":\"eu\"},{\"@type\":\"Person\",\"@id\":\"https:\/\/www.fiarebancaetica.coop\/eu\/#\/schema\/person\/579841e89c804b5db05d9141bd9b8272\",\"name\":\"crispyadmin0\",\"image\":{\"@type\":\"ImageObject\",\"inLanguage\":\"eu\",\"@id\":\"https:\/\/www.fiarebancaetica.coop\/eu\/#\/schema\/person\/image\/5f3a6b7786f32f4c35bd2b1a5a4698ea\",\"url\":\"https:\/\/secure.gravatar.com\/avatar\/4d2cfb499d497b6d49da659fab7404b243a87fe8e40d2cf97a1cae48f677f5b2?s=96&d=mm&r=g\",\"contentUrl\":\"https:\/\/secure.gravatar.com\/avatar\/4d2cfb499d497b6d49da659fab7404b243a87fe8e40d2cf97a1cae48f677f5b2?s=96&d=mm&r=g\",\"caption\":\"crispyadmin0\"},\"sameAs\":[\"crispyadmin0\"]}]}<\/script>\n<!-- \/ Yoast SEO plugin. -->","yoast_head_json":{"title":"Entrevista a Zaloa P\u00e9rez sobre el Congreso de Econom\u00eda Solidaria - Fiare Banca Etica","robots":{"index":"index","follow":"follow","max-snippet":"max-snippet:-1","max-image-preview":"max-image-preview:large","max-video-preview":"max-video-preview:-1"},"canonical":"https:\/\/www.fiarebancaetica.coop\/eu\/entrevista-a-zaloa-perez-sobre-el-congreso-de-economia-solidaria\/","og_locale":"eu_ES","og_type":"article","og_title":"Entrevista a Zaloa P\u00e9rez sobre el Congreso de Econom\u00eda Solidaria - Fiare Banca Etica","og_description":"\u00bfCu\u00e1l debe ser el papel de la econom\u00eda social y solidaria en la sociedad? Muchas de las personas y colectivos cr\u00edticos con el actual modelo de globalizaci\u00f3n neoliberal comparten la reflexi\u00f3n de que es necesario avanzar en la construcci\u00f3n de alternativas sociales y econ\u00f3micas transformadoras que aseguren el bienestar de todas las personas del planeta sin menoscabar las posibilidades de las generaciones venideras. En esta construcci\u00f3n de alternativas uno de los mayores interrogantes se plantea en torno a la posibilidad de organizar din\u00e1micas econ\u00f3mico-productivas, financieras y empresariales alternativas en un contexto como el actual de competencia global.","og_url":"https:\/\/www.fiarebancaetica.coop\/eu\/entrevista-a-zaloa-perez-sobre-el-congreso-de-economia-solidaria\/","og_site_name":"Fiare Banca Etica","article_published_time":"2016-10-10T22:00:00+00:00","article_modified_time":"2024-02-21T15:00:39+00:00","og_image":[{"width":1200,"height":792,"url":"https:\/\/www.fiarebancaetica.coop\/app\/uploads\/sites\/2\/2023\/12\/entrevista-zaloa-perez-de-reas-sobre-el-congreso-de-economia-solidaria.jpg","type":"image\/jpeg"}],"author":"crispyadmin0","twitter_card":"summary_large_image","schema":{"@context":"https:\/\/schema.org","@graph":[{"@type":"Article","@id":"https:\/\/www.fiarebancaetica.coop\/eu\/entrevista-a-zaloa-perez-sobre-el-congreso-de-economia-solidaria\/#article","isPartOf":{"@id":"https:\/\/www.fiarebancaetica.coop\/eu\/entrevista-a-zaloa-perez-sobre-el-congreso-de-economia-solidaria\/"},"author":{"name":"crispyadmin0","@id":"https:\/\/www.fiarebancaetica.coop\/eu\/#\/schema\/person\/579841e89c804b5db05d9141bd9b8272"},"headline":"Entrevista a Zaloa P\u00e9rez sobre el Congreso de Econom\u00eda Solidaria","datePublished":"2016-10-10T22:00:00+00:00","dateModified":"2024-02-21T15:00:39+00:00","mainEntityOfPage":{"@id":"https:\/\/www.fiarebancaetica.coop\/eu\/entrevista-a-zaloa-perez-sobre-el-congreso-de-economia-solidaria\/"},"wordCount":1137,"commentCount":0,"image":{"@id":"https:\/\/www.fiarebancaetica.coop\/eu\/entrevista-a-zaloa-perez-sobre-el-congreso-de-economia-solidaria\/#primaryimage"},"thumbnailUrl":"https:\/\/www.fiarebancaetica.coop\/app\/uploads\/sites\/2\/2023\/12\/entrevista-zaloa-perez-de-reas-sobre-el-congreso-de-economia-solidaria.jpg","articleSection":["Finantza etikoak"],"inLanguage":"eu","potentialAction":[{"@type":"CommentAction","name":"Comment","target":["https:\/\/www.fiarebancaetica.coop\/eu\/entrevista-a-zaloa-perez-sobre-el-congreso-de-economia-solidaria\/#respond"]}]},{"@type":"WebPage","@id":"https:\/\/www.fiarebancaetica.coop\/eu\/entrevista-a-zaloa-perez-sobre-el-congreso-de-economia-solidaria\/","url":"https:\/\/www.fiarebancaetica.coop\/eu\/entrevista-a-zaloa-perez-sobre-el-congreso-de-economia-solidaria\/","name":"Entrevista a Zaloa P\u00e9rez sobre el Congreso de Econom\u00eda Solidaria - Fiare Banca Etica","isPartOf":{"@id":"https:\/\/www.fiarebancaetica.coop\/eu\/#website"},"primaryImageOfPage":{"@id":"https:\/\/www.fiarebancaetica.coop\/eu\/entrevista-a-zaloa-perez-sobre-el-congreso-de-economia-solidaria\/#primaryimage"},"image":{"@id":"https:\/\/www.fiarebancaetica.coop\/eu\/entrevista-a-zaloa-perez-sobre-el-congreso-de-economia-solidaria\/#primaryimage"},"thumbnailUrl":"https:\/\/www.fiarebancaetica.coop\/app\/uploads\/sites\/2\/2023\/12\/entrevista-zaloa-perez-de-reas-sobre-el-congreso-de-economia-solidaria.jpg","datePublished":"2016-10-10T22:00:00+00:00","dateModified":"2024-02-21T15:00:39+00:00","author":{"@id":"https:\/\/www.fiarebancaetica.coop\/eu\/#\/schema\/person\/579841e89c804b5db05d9141bd9b8272"},"breadcrumb":{"@id":"https:\/\/www.fiarebancaetica.coop\/eu\/entrevista-a-zaloa-perez-sobre-el-congreso-de-economia-solidaria\/#breadcrumb"},"inLanguage":"eu","potentialAction":[{"@type":"ReadAction","target":["https:\/\/www.fiarebancaetica.coop\/eu\/entrevista-a-zaloa-perez-sobre-el-congreso-de-economia-solidaria\/"]}]},{"@type":"ImageObject","inLanguage":"eu","@id":"https:\/\/www.fiarebancaetica.coop\/eu\/entrevista-a-zaloa-perez-sobre-el-congreso-de-economia-solidaria\/#primaryimage","url":"https:\/\/www.fiarebancaetica.coop\/app\/uploads\/sites\/2\/2023\/12\/entrevista-zaloa-perez-de-reas-sobre-el-congreso-de-economia-solidaria.jpg","contentUrl":"https:\/\/www.fiarebancaetica.coop\/app\/uploads\/sites\/2\/2023\/12\/entrevista-zaloa-perez-de-reas-sobre-el-congreso-de-economia-solidaria.jpg","width":1200,"height":792},{"@type":"BreadcrumbList","@id":"https:\/\/www.fiarebancaetica.coop\/eu\/entrevista-a-zaloa-perez-sobre-el-congreso-de-economia-solidaria\/#breadcrumb","itemListElement":[{"@type":"ListItem","position":1,"name":"Home","item":"https:\/\/www.fiarebancaetica.coop\/eu\/"},{"@type":"ListItem","position":2,"name":"Entrevista a Zaloa P\u00e9rez sobre el Congreso de Econom\u00eda Solidaria"}]},{"@type":"WebSite","@id":"https:\/\/www.fiarebancaetica.coop\/eu\/#website","url":"https:\/\/www.fiarebancaetica.coop\/eu\/","name":"Fiare Banca Etica","description":"","potentialAction":[{"@type":"SearchAction","target":{"@type":"EntryPoint","urlTemplate":"https:\/\/www.fiarebancaetica.coop\/eu\/?s={search_term_string}"},"query-input":{"@type":"PropertyValueSpecification","valueRequired":true,"valueName":"search_term_string"}}],"inLanguage":"eu"},{"@type":"Person","@id":"https:\/\/www.fiarebancaetica.coop\/eu\/#\/schema\/person\/579841e89c804b5db05d9141bd9b8272","name":"crispyadmin0","image":{"@type":"ImageObject","inLanguage":"eu","@id":"https:\/\/www.fiarebancaetica.coop\/eu\/#\/schema\/person\/image\/5f3a6b7786f32f4c35bd2b1a5a4698ea","url":"https:\/\/secure.gravatar.com\/avatar\/4d2cfb499d497b6d49da659fab7404b243a87fe8e40d2cf97a1cae48f677f5b2?s=96&d=mm&r=g","contentUrl":"https:\/\/secure.gravatar.com\/avatar\/4d2cfb499d497b6d49da659fab7404b243a87fe8e40d2cf97a1cae48f677f5b2?s=96&d=mm&r=g","caption":"crispyadmin0"},"sameAs":["crispyadmin0"]}]}},"_links":{"self":[{"href":"https:\/\/www.fiarebancaetica.coop\/eu\/wp-json\/wp\/v2\/posts\/345985","targetHints":{"allow":["GET"]}}],"collection":[{"href":"https:\/\/www.fiarebancaetica.coop\/eu\/wp-json\/wp\/v2\/posts"}],"about":[{"href":"https:\/\/www.fiarebancaetica.coop\/eu\/wp-json\/wp\/v2\/types\/post"}],"author":[{"embeddable":true,"href":"https:\/\/www.fiarebancaetica.coop\/eu\/wp-json\/wp\/v2\/users\/2"}],"replies":[{"embeddable":true,"href":"https:\/\/www.fiarebancaetica.coop\/eu\/wp-json\/wp\/v2\/comments?post=345985"}],"version-history":[{"count":1,"href":"https:\/\/www.fiarebancaetica.coop\/eu\/wp-json\/wp\/v2\/posts\/345985\/revisions"}],"predecessor-version":[{"id":353431,"href":"https:\/\/www.fiarebancaetica.coop\/eu\/wp-json\/wp\/v2\/posts\/345985\/revisions\/353431"}],"wp:featuredmedia":[{"embeddable":true,"href":"https:\/\/www.fiarebancaetica.coop\/eu\/wp-json\/wp\/v2\/media\/324774"}],"wp:attachment":[{"href":"https:\/\/www.fiarebancaetica.coop\/eu\/wp-json\/wp\/v2\/media?parent=345985"}],"wp:term":[{"taxonomy":"category","embeddable":true,"href":"https:\/\/www.fiarebancaetica.coop\/eu\/wp-json\/wp\/v2\/categories?post=345985"},{"taxonomy":"post_tag","embeddable":true,"href":"https:\/\/www.fiarebancaetica.coop\/eu\/wp-json\/wp\/v2\/tags?post=345985"},{"taxonomy":"author","embeddable":true,"href":"https:\/\/www.fiarebancaetica.coop\/eu\/wp-json\/wp\/v2\/coauthors?post=345985"}],"curies":[{"name":"wp","href":"https:\/\/api.w.org\/{rel}","templated":true}]}}