{"id":346006,"date":"2016-09-30T00:00:00","date_gmt":"2016-09-29T22:00:00","guid":{"rendered":"https:\/\/www.fiarebancaetica.coop\/el-valor-de-la-participacion\/"},"modified":"2024-02-21T16:05:47","modified_gmt":"2024-02-21T15:05:47","slug":"el-valor-de-la-participacion","status":"publish","type":"post","link":"https:\/\/www.fiarebancaetica.coop\/eu\/el-valor-de-la-participacion\/","title":{"rendered":"El valor de la participaci\u00f3n"},"content":{"rendered":"\n\n<div class=\"wp-block-bancaetica-blocks-blocks-block-49\">\n    <div class=\"container-block-49\">\n\n        <div class=\"header-section \">\n                            <h1 class=\"section-title\"> Etica e cooperativa <\/h1>\n                                            <\/div>\n\n        \n        <div class=\"block-background\" style=\"background-image: url('https:\/\/www.fiarebancaetica.coop\/app\/uploads\/sites\/2\/2023\/12\/el-valor-de-participacion_0.jpg')\">\n                            <div class=\"tile\">\n                    <h1 class=\"image-title\"> El valor de la participaci\u00f3n <\/h1>\n                <\/div>             <!-- end .tile -->\n            <div class=\"bottom-content\">\n                            <\/div> <!-- end .button-content -->\n        <\/div> <!-- end .block-background -->\n    <\/div> <!-- end .container -->\n<\/div> <!-- end wp-block-bancaetica-blocks-blocks-block-06 -->\n\n\n<div class=\"wrapper-crispybacon-class wrapper-crispybacon-class-boxed \">\n    <p><em><strong>Art\u00edculo de Albert Gasch, responsable del \u00c1rea Sociocultural de Fiare Banca Etica<\/strong><\/em><\/p>\n<p>Llevamos aproximadamente un mes del nuevo curso en Fiare Banca Etica y&nbsp; hemos empezado con gran intensidad la temporada, como no podr\u00eda ser de otra manera. En el \u00c1rea de Relaciones Asociativas -y el resto del banco- estamos en plena ebullici\u00f3n de actividades y encuentros, cosa que refleja, probablemente, como van a ser los pr\u00f3ximos tres a\u00f1os.<\/p>\n<p>A finales de agosto tuvo lugar un encuentro en Bari con los responsables culturales de las distintas \u00e1reas, en las que pusimos las base para el trabajo para el presente curso, y en el que hablamos del que ser\u00e1 una de las cuestiones b\u00e1sicas en el pr\u00f3ximo mandato: <strong>el modelo de participaci\u00f3n.<\/strong><br \/>\n\t<br \/>\n\tBanca Etica supuso hace a\u00f1os la implantaci\u00f3n de un modelo de banco&nbsp; revolucionario, no tan solo por su&nbsp; misi\u00f3n, objetivos y acciones, sino por su innovaci\u00f3n en cuanto a su modelo social y organizativo. Han pasado ya casi 20 a\u00f1os y se observa la necesidad de repensar dicho modelo,&nbsp; con el <strong>objetivo b\u00e1sico de mantener y potenciar la implicaci\u00f3n de las personas socias&nbsp; en el banco.<\/strong><br \/>\n\t<br \/>\n\tDe ello precisamente hablamos en el encuentro de Bologna, en el que nos reunimos en el Interf\u00f3rum el pasado 8 de setiembre, donde se mantuvo un debate interesante sobre&nbsp; estas cuestiones,&nbsp; especialmente sobre la participaci\u00f3n. En \u00e9ste surgi\u00f3 una cuesti\u00f3n que hace tiempo que resuena y que me parece interesante. Cuando hablamos de participaci\u00f3n de las&nbsp; personas socias en el banco, solemos pensar en c\u00f3mo se toman las decisiones, y qu\u00e9 incidencia tienen las personas socias en esa toma de resoluciones.&nbsp; <strong>De ah\u00ed pensamos en conceptos como construcci\u00f3n desde abajo, o democracia econ\u00f3mica<\/strong>. Ese es nuestro esquema mental de lo que supone la participaci\u00f3n para muchos de nosotros.<br \/>\n\t<br \/>\n\t<strong>Pero seg\u00fan este nuevo debate y concepto, la participaci\u00f3n de la persona socia, y el papel que debe jugar, no es solamente ese. <\/strong>Cuando hablamos de participaci\u00f3n, tambi\u00e9n hablamos de aquella que se proyecta hacia el exterior del banco, es decir, la que tiene que <strong>ver en como nos posicionamos ante la sociedad, ante lo que sucede y c\u00f3mo reaccionamos<\/strong>. Con qu\u00e9 redes nos aliamos, qu\u00e9 campa\u00f1as realizamos, c\u00f3mo construimos banca y transformaci\u00f3n a trav\u00e9s de algo de lo que siempre decimos cuando presentamos Fiare, esto es, el trabajo en red. Esta dimensi\u00f3n de la participaci\u00f3n -hacia el exterior-, es la que se debe incluir, seg\u00fan el debate del Intef\u00f3rum-, en cualquier an\u00e1lisis o replanteamiento del modelo de participaci\u00f3n que realicemos.<br \/>\n\t<br \/>\n\tEn este punto, adem\u00e1s, es destacable que la capacidad de participar, crear, innovar que tienen las personas socias es&nbsp; importante. Los GITS conocen el territorio y tienen la capacidad de \u201ccrear\u201d o adherirse a las redes y alianzas que estimen para avanzar o promover y tienen la iniciativa para sumarse a las campa\u00f1as, movimientos o encuentros que consideren. Adem\u00e1s las trabas que tiene esa dimensi\u00f3n de la participaci\u00f3n, quiz\u00e1s son menores de las que tienen los procesos internos de toma de decisiones, que sin dejar de ser fundamentales, a veces pueden convertirse en s\u00ed objetivos en si mismos,&nbsp; que&nbsp; pueden acabar olvidando&nbsp; la propia misi\u00f3n del banco, que no es otra que la transformaci\u00f3n social.&nbsp;<br \/>\n\t<br \/>\n\tPero no todo es participaci\u00f3n, al menos en los sentidos explicados.&nbsp;En el <strong>encuentro de personas coordinadoras<\/strong> de 14-16 octubre que se celebrar\u00e1 en Barcelona -siguiendo con la agenda-, no s\u00f3lo trataremos esta cuesti\u00f3n, sino que hablaremos del papel que deben hacer las personas socias para ayudar a consolidar Fiare Banca Etica.<br \/>\n\t<br \/>\n\tEstamos en un momento importante del proyecto, con las herramientas b\u00e1sicas para crecer como banco (recientemente se ha firmado un convenio con la Seguridad Social, que nos permite pagar n\u00f3minas, domiciliar prestaciones, etc&#8230;), con lo que trataremos entre todos de hacer ver que Fiare Banca Etica es no s\u00f3lo una herramienta de transformaci\u00f3n social, sino tambi\u00e9n un banco, con productos \u00fatiles y elegibles, que <strong>todos aquellos que estamos comprometidos debemos utilizar y promover al m\u00e1ximo<\/strong>, puesto que de ello depende la viabilidad de Fiare en los pr\u00f3ximos a\u00f1os.<br \/>\n\t<br \/>\n\tSiguiendo con la agenda, y para no relajarnos, el fin de semana 10-12 de noviembre tendremos el <strong>Congreso de Econom\u00eda Solidaria <\/strong>que se celebrar\u00e1 en Bilbao, que versar\u00e1 sobre&nbsp; seis ejes tem\u00e1ticos principales y transversales que buscar\u00e1n abordar de forma integrada y amplia los temas principales que ocupan la pr\u00e1ctica y la teor\u00eda de la econom\u00eda solidaria. Os iremos informando de este evento organizado por REAS, una de nuestras principales redes aliadas, y sin duda os animaremos a participar en \u00e9l.<br \/>\n\tPara acabar este intenso inicio de temporada, tendremos en Padova el <strong>Incontro di Rete<\/strong>. Momento en que las personas trabajadoras, referentes, coordinadoras de GITS, etc&#8230;, se encuentran durante un d\u00eda para intercambiar experiencias y tratar temas de inter\u00e9s com\u00fan.<br \/>\n\t<br \/>\n\tEn definitiva, tanto por los debates como por las actividades,&nbsp; iniciamos el a\u00f1o al m\u00e1ximo, y poniendo las bases de una nueva \u00e9poca para Fiare Banca Etica.<\/p>\n<\/div>","protected":false},"excerpt":{"rendered":"<p>Llevamos aproximadamente un mes del nuevo curso en Fiare Banca Etica y&nbsp; hemos empezado con gran intensidad la temporada, como no podr\u00eda ser de otra manera. En el \u00c1rea de Relaciones Asociativas -y el resto del banco- estamos en plena ebullici\u00f3n de actividades y encuentros, cosa que refleja, probablemente, como van a ser los pr\u00f3ximos tres a\u00f1os.<\/p>\n","protected":false},"author":2,"featured_media":324750,"comment_status":"open","ping_status":"closed","sticky":false,"template":"","format":"standard","meta":{"_acf_changed":false,"footnotes":""},"categories":[11644],"tags":[],"coauthors":[],"class_list":["post-346006","post","type-post","status-publish","format-standard","has-post-thumbnail","hentry","category-finantza-etikoak"],"acf":[],"yoast_head":"<!-- This site is optimized with the Yoast SEO plugin v26.9 - https:\/\/yoast.com\/product\/yoast-seo-wordpress\/ -->\n<title>El valor de la participaci\u00f3n - Fiare Banca Etica<\/title>\n<meta name=\"robots\" content=\"index, follow, max-snippet:-1, max-image-preview:large, max-video-preview:-1\" \/>\n<link rel=\"canonical\" href=\"https:\/\/www.fiarebancaetica.coop\/eu\/el-valor-de-la-participacion\/\" \/>\n<meta property=\"og:locale\" content=\"eu_ES\" \/>\n<meta property=\"og:type\" content=\"article\" \/>\n<meta property=\"og:title\" content=\"El valor de la participaci\u00f3n - Fiare Banca Etica\" \/>\n<meta property=\"og:description\" content=\"Llevamos aproximadamente un mes del nuevo curso en Fiare Banca Etica y&nbsp; hemos empezado con gran intensidad la temporada, como no podr\u00eda ser de otra manera. En el \u00c1rea de Relaciones Asociativas -y el resto del banco- estamos en plena ebullici\u00f3n de actividades y encuentros, cosa que refleja, probablemente, como van a ser los pr\u00f3ximos tres a\u00f1os.\" \/>\n<meta property=\"og:url\" content=\"https:\/\/www.fiarebancaetica.coop\/eu\/el-valor-de-la-participacion\/\" \/>\n<meta property=\"og:site_name\" content=\"Fiare Banca Etica\" \/>\n<meta property=\"article:published_time\" content=\"2016-09-29T22:00:00+00:00\" \/>\n<meta property=\"article:modified_time\" content=\"2024-02-21T15:05:47+00:00\" \/>\n<meta property=\"og:image\" content=\"https:\/\/www.fiarebancaetica.coop\/app\/uploads\/sites\/2\/2023\/12\/el-valor-de-participacion_0.jpg\" \/>\n\t<meta property=\"og:image:width\" content=\"540\" \/>\n\t<meta property=\"og:image:height\" content=\"189\" \/>\n\t<meta property=\"og:image:type\" content=\"image\/jpeg\" \/>\n<meta name=\"author\" content=\"crispyadmin0\" \/>\n<meta name=\"twitter:card\" content=\"summary_large_image\" \/>\n<script type=\"application\/ld+json\" class=\"yoast-schema-graph\">{\"@context\":\"https:\/\/schema.org\",\"@graph\":[{\"@type\":\"Article\",\"@id\":\"https:\/\/www.fiarebancaetica.coop\/eu\/el-valor-de-la-participacion\/#article\",\"isPartOf\":{\"@id\":\"https:\/\/www.fiarebancaetica.coop\/eu\/el-valor-de-la-participacion\/\"},\"author\":{\"name\":\"crispyadmin0\",\"@id\":\"https:\/\/www.fiarebancaetica.coop\/eu\/#\/schema\/person\/579841e89c804b5db05d9141bd9b8272\"},\"headline\":\"El valor de la participaci\u00f3n\",\"datePublished\":\"2016-09-29T22:00:00+00:00\",\"dateModified\":\"2024-02-21T15:05:47+00:00\",\"mainEntityOfPage\":{\"@id\":\"https:\/\/www.fiarebancaetica.coop\/eu\/el-valor-de-la-participacion\/\"},\"wordCount\":907,\"commentCount\":0,\"image\":{\"@id\":\"https:\/\/www.fiarebancaetica.coop\/eu\/el-valor-de-la-participacion\/#primaryimage\"},\"thumbnailUrl\":\"https:\/\/www.fiarebancaetica.coop\/app\/uploads\/sites\/2\/2023\/12\/el-valor-de-participacion_0.jpg\",\"articleSection\":[\"Finantza etikoak\"],\"inLanguage\":\"eu\",\"potentialAction\":[{\"@type\":\"CommentAction\",\"name\":\"Comment\",\"target\":[\"https:\/\/www.fiarebancaetica.coop\/eu\/el-valor-de-la-participacion\/#respond\"]}]},{\"@type\":\"WebPage\",\"@id\":\"https:\/\/www.fiarebancaetica.coop\/eu\/el-valor-de-la-participacion\/\",\"url\":\"https:\/\/www.fiarebancaetica.coop\/eu\/el-valor-de-la-participacion\/\",\"name\":\"El valor de la participaci\u00f3n - Fiare Banca Etica\",\"isPartOf\":{\"@id\":\"https:\/\/www.fiarebancaetica.coop\/eu\/#website\"},\"primaryImageOfPage\":{\"@id\":\"https:\/\/www.fiarebancaetica.coop\/eu\/el-valor-de-la-participacion\/#primaryimage\"},\"image\":{\"@id\":\"https:\/\/www.fiarebancaetica.coop\/eu\/el-valor-de-la-participacion\/#primaryimage\"},\"thumbnailUrl\":\"https:\/\/www.fiarebancaetica.coop\/app\/uploads\/sites\/2\/2023\/12\/el-valor-de-participacion_0.jpg\",\"datePublished\":\"2016-09-29T22:00:00+00:00\",\"dateModified\":\"2024-02-21T15:05:47+00:00\",\"author\":{\"@id\":\"https:\/\/www.fiarebancaetica.coop\/eu\/#\/schema\/person\/579841e89c804b5db05d9141bd9b8272\"},\"breadcrumb\":{\"@id\":\"https:\/\/www.fiarebancaetica.coop\/eu\/el-valor-de-la-participacion\/#breadcrumb\"},\"inLanguage\":\"eu\",\"potentialAction\":[{\"@type\":\"ReadAction\",\"target\":[\"https:\/\/www.fiarebancaetica.coop\/eu\/el-valor-de-la-participacion\/\"]}]},{\"@type\":\"ImageObject\",\"inLanguage\":\"eu\",\"@id\":\"https:\/\/www.fiarebancaetica.coop\/eu\/el-valor-de-la-participacion\/#primaryimage\",\"url\":\"https:\/\/www.fiarebancaetica.coop\/app\/uploads\/sites\/2\/2023\/12\/el-valor-de-participacion_0.jpg\",\"contentUrl\":\"https:\/\/www.fiarebancaetica.coop\/app\/uploads\/sites\/2\/2023\/12\/el-valor-de-participacion_0.jpg\",\"width\":540,\"height\":189},{\"@type\":\"BreadcrumbList\",\"@id\":\"https:\/\/www.fiarebancaetica.coop\/eu\/el-valor-de-la-participacion\/#breadcrumb\",\"itemListElement\":[{\"@type\":\"ListItem\",\"position\":1,\"name\":\"Home\",\"item\":\"https:\/\/www.fiarebancaetica.coop\/eu\/\"},{\"@type\":\"ListItem\",\"position\":2,\"name\":\"El valor de la participaci\u00f3n\"}]},{\"@type\":\"WebSite\",\"@id\":\"https:\/\/www.fiarebancaetica.coop\/eu\/#website\",\"url\":\"https:\/\/www.fiarebancaetica.coop\/eu\/\",\"name\":\"Fiare Banca Etica\",\"description\":\"\",\"potentialAction\":[{\"@type\":\"SearchAction\",\"target\":{\"@type\":\"EntryPoint\",\"urlTemplate\":\"https:\/\/www.fiarebancaetica.coop\/eu\/?s={search_term_string}\"},\"query-input\":{\"@type\":\"PropertyValueSpecification\",\"valueRequired\":true,\"valueName\":\"search_term_string\"}}],\"inLanguage\":\"eu\"},{\"@type\":\"Person\",\"@id\":\"https:\/\/www.fiarebancaetica.coop\/eu\/#\/schema\/person\/579841e89c804b5db05d9141bd9b8272\",\"name\":\"crispyadmin0\",\"image\":{\"@type\":\"ImageObject\",\"inLanguage\":\"eu\",\"@id\":\"https:\/\/www.fiarebancaetica.coop\/eu\/#\/schema\/person\/image\/5f3a6b7786f32f4c35bd2b1a5a4698ea\",\"url\":\"https:\/\/secure.gravatar.com\/avatar\/4d2cfb499d497b6d49da659fab7404b243a87fe8e40d2cf97a1cae48f677f5b2?s=96&d=mm&r=g\",\"contentUrl\":\"https:\/\/secure.gravatar.com\/avatar\/4d2cfb499d497b6d49da659fab7404b243a87fe8e40d2cf97a1cae48f677f5b2?s=96&d=mm&r=g\",\"caption\":\"crispyadmin0\"},\"sameAs\":[\"crispyadmin0\"]}]}<\/script>\n<!-- \/ Yoast SEO plugin. -->","yoast_head_json":{"title":"El valor de la participaci\u00f3n - Fiare Banca Etica","robots":{"index":"index","follow":"follow","max-snippet":"max-snippet:-1","max-image-preview":"max-image-preview:large","max-video-preview":"max-video-preview:-1"},"canonical":"https:\/\/www.fiarebancaetica.coop\/eu\/el-valor-de-la-participacion\/","og_locale":"eu_ES","og_type":"article","og_title":"El valor de la participaci\u00f3n - Fiare Banca Etica","og_description":"Llevamos aproximadamente un mes del nuevo curso en Fiare Banca Etica y&nbsp; hemos empezado con gran intensidad la temporada, como no podr\u00eda ser de otra manera. En el \u00c1rea de Relaciones Asociativas -y el resto del banco- estamos en plena ebullici\u00f3n de actividades y encuentros, cosa que refleja, probablemente, como van a ser los pr\u00f3ximos tres a\u00f1os.","og_url":"https:\/\/www.fiarebancaetica.coop\/eu\/el-valor-de-la-participacion\/","og_site_name":"Fiare Banca Etica","article_published_time":"2016-09-29T22:00:00+00:00","article_modified_time":"2024-02-21T15:05:47+00:00","og_image":[{"width":540,"height":189,"url":"https:\/\/www.fiarebancaetica.coop\/app\/uploads\/sites\/2\/2023\/12\/el-valor-de-participacion_0.jpg","type":"image\/jpeg"}],"author":"crispyadmin0","twitter_card":"summary_large_image","schema":{"@context":"https:\/\/schema.org","@graph":[{"@type":"Article","@id":"https:\/\/www.fiarebancaetica.coop\/eu\/el-valor-de-la-participacion\/#article","isPartOf":{"@id":"https:\/\/www.fiarebancaetica.coop\/eu\/el-valor-de-la-participacion\/"},"author":{"name":"crispyadmin0","@id":"https:\/\/www.fiarebancaetica.coop\/eu\/#\/schema\/person\/579841e89c804b5db05d9141bd9b8272"},"headline":"El valor de la participaci\u00f3n","datePublished":"2016-09-29T22:00:00+00:00","dateModified":"2024-02-21T15:05:47+00:00","mainEntityOfPage":{"@id":"https:\/\/www.fiarebancaetica.coop\/eu\/el-valor-de-la-participacion\/"},"wordCount":907,"commentCount":0,"image":{"@id":"https:\/\/www.fiarebancaetica.coop\/eu\/el-valor-de-la-participacion\/#primaryimage"},"thumbnailUrl":"https:\/\/www.fiarebancaetica.coop\/app\/uploads\/sites\/2\/2023\/12\/el-valor-de-participacion_0.jpg","articleSection":["Finantza etikoak"],"inLanguage":"eu","potentialAction":[{"@type":"CommentAction","name":"Comment","target":["https:\/\/www.fiarebancaetica.coop\/eu\/el-valor-de-la-participacion\/#respond"]}]},{"@type":"WebPage","@id":"https:\/\/www.fiarebancaetica.coop\/eu\/el-valor-de-la-participacion\/","url":"https:\/\/www.fiarebancaetica.coop\/eu\/el-valor-de-la-participacion\/","name":"El valor de la participaci\u00f3n - Fiare Banca Etica","isPartOf":{"@id":"https:\/\/www.fiarebancaetica.coop\/eu\/#website"},"primaryImageOfPage":{"@id":"https:\/\/www.fiarebancaetica.coop\/eu\/el-valor-de-la-participacion\/#primaryimage"},"image":{"@id":"https:\/\/www.fiarebancaetica.coop\/eu\/el-valor-de-la-participacion\/#primaryimage"},"thumbnailUrl":"https:\/\/www.fiarebancaetica.coop\/app\/uploads\/sites\/2\/2023\/12\/el-valor-de-participacion_0.jpg","datePublished":"2016-09-29T22:00:00+00:00","dateModified":"2024-02-21T15:05:47+00:00","author":{"@id":"https:\/\/www.fiarebancaetica.coop\/eu\/#\/schema\/person\/579841e89c804b5db05d9141bd9b8272"},"breadcrumb":{"@id":"https:\/\/www.fiarebancaetica.coop\/eu\/el-valor-de-la-participacion\/#breadcrumb"},"inLanguage":"eu","potentialAction":[{"@type":"ReadAction","target":["https:\/\/www.fiarebancaetica.coop\/eu\/el-valor-de-la-participacion\/"]}]},{"@type":"ImageObject","inLanguage":"eu","@id":"https:\/\/www.fiarebancaetica.coop\/eu\/el-valor-de-la-participacion\/#primaryimage","url":"https:\/\/www.fiarebancaetica.coop\/app\/uploads\/sites\/2\/2023\/12\/el-valor-de-participacion_0.jpg","contentUrl":"https:\/\/www.fiarebancaetica.coop\/app\/uploads\/sites\/2\/2023\/12\/el-valor-de-participacion_0.jpg","width":540,"height":189},{"@type":"BreadcrumbList","@id":"https:\/\/www.fiarebancaetica.coop\/eu\/el-valor-de-la-participacion\/#breadcrumb","itemListElement":[{"@type":"ListItem","position":1,"name":"Home","item":"https:\/\/www.fiarebancaetica.coop\/eu\/"},{"@type":"ListItem","position":2,"name":"El valor de la participaci\u00f3n"}]},{"@type":"WebSite","@id":"https:\/\/www.fiarebancaetica.coop\/eu\/#website","url":"https:\/\/www.fiarebancaetica.coop\/eu\/","name":"Fiare Banca Etica","description":"","potentialAction":[{"@type":"SearchAction","target":{"@type":"EntryPoint","urlTemplate":"https:\/\/www.fiarebancaetica.coop\/eu\/?s={search_term_string}"},"query-input":{"@type":"PropertyValueSpecification","valueRequired":true,"valueName":"search_term_string"}}],"inLanguage":"eu"},{"@type":"Person","@id":"https:\/\/www.fiarebancaetica.coop\/eu\/#\/schema\/person\/579841e89c804b5db05d9141bd9b8272","name":"crispyadmin0","image":{"@type":"ImageObject","inLanguage":"eu","@id":"https:\/\/www.fiarebancaetica.coop\/eu\/#\/schema\/person\/image\/5f3a6b7786f32f4c35bd2b1a5a4698ea","url":"https:\/\/secure.gravatar.com\/avatar\/4d2cfb499d497b6d49da659fab7404b243a87fe8e40d2cf97a1cae48f677f5b2?s=96&d=mm&r=g","contentUrl":"https:\/\/secure.gravatar.com\/avatar\/4d2cfb499d497b6d49da659fab7404b243a87fe8e40d2cf97a1cae48f677f5b2?s=96&d=mm&r=g","caption":"crispyadmin0"},"sameAs":["crispyadmin0"]}]}},"_links":{"self":[{"href":"https:\/\/www.fiarebancaetica.coop\/eu\/wp-json\/wp\/v2\/posts\/346006","targetHints":{"allow":["GET"]}}],"collection":[{"href":"https:\/\/www.fiarebancaetica.coop\/eu\/wp-json\/wp\/v2\/posts"}],"about":[{"href":"https:\/\/www.fiarebancaetica.coop\/eu\/wp-json\/wp\/v2\/types\/post"}],"author":[{"embeddable":true,"href":"https:\/\/www.fiarebancaetica.coop\/eu\/wp-json\/wp\/v2\/users\/2"}],"replies":[{"embeddable":true,"href":"https:\/\/www.fiarebancaetica.coop\/eu\/wp-json\/wp\/v2\/comments?post=346006"}],"version-history":[{"count":1,"href":"https:\/\/www.fiarebancaetica.coop\/eu\/wp-json\/wp\/v2\/posts\/346006\/revisions"}],"predecessor-version":[{"id":353415,"href":"https:\/\/www.fiarebancaetica.coop\/eu\/wp-json\/wp\/v2\/posts\/346006\/revisions\/353415"}],"wp:featuredmedia":[{"embeddable":true,"href":"https:\/\/www.fiarebancaetica.coop\/eu\/wp-json\/wp\/v2\/media\/324750"}],"wp:attachment":[{"href":"https:\/\/www.fiarebancaetica.coop\/eu\/wp-json\/wp\/v2\/media?parent=346006"}],"wp:term":[{"taxonomy":"category","embeddable":true,"href":"https:\/\/www.fiarebancaetica.coop\/eu\/wp-json\/wp\/v2\/categories?post=346006"},{"taxonomy":"post_tag","embeddable":true,"href":"https:\/\/www.fiarebancaetica.coop\/eu\/wp-json\/wp\/v2\/tags?post=346006"},{"taxonomy":"author","embeddable":true,"href":"https:\/\/www.fiarebancaetica.coop\/eu\/wp-json\/wp\/v2\/coauthors?post=346006"}],"curies":[{"name":"wp","href":"https:\/\/api.w.org\/{rel}","templated":true}]}}