{"id":346062,"date":"2016-05-21T00:00:00","date_gmt":"2016-05-20T22:00:00","guid":{"rendered":"https:\/\/www.fiarebancaetica.coop\/la-asamblea-de-banca-etica-ha-elegido-el-nuevo-consejo-de-administracion\/"},"modified":"2024-02-21T16:06:37","modified_gmt":"2024-02-21T15:06:37","slug":"la-asamblea-de-banca-etica-ha-elegido-el-nuevo-consejo-de-administracion","status":"publish","type":"post","link":"https:\/\/www.fiarebancaetica.coop\/eu\/la-asamblea-de-banca-etica-ha-elegido-el-nuevo-consejo-de-administracion\/","title":{"rendered":"La asamblea de Banca Etica ha elegido el nuevo Consejo de Administraci\u00f3n"},"content":{"rendered":"\n\n<div class=\"wp-block-bancaetica-blocks-blocks-block-49\">\n    <div class=\"container-block-49\">\n\n        <div class=\"header-section \">\n                            <h1 class=\"section-title\"> Etica e cooperativa <\/h1>\n                                            <\/div>\n\n        \n        <div class=\"block-background\" style=\"background-image: url('https:\/\/www.fiarebancaetica.coop\/app\/uploads\/sites\/2\/2023\/12\/asamblea-de-banca-etica-ha-elegido-el-nuevo-consejo-de-administracion.jpg')\">\n                            <div class=\"tile\">\n                    <h1 class=\"image-title\"> La asamblea de Banca Etica ha elegido el nuevo Consejo de Administraci\u00f3n <\/h1>\n                <\/div>             <!-- end .tile -->\n            <div class=\"bottom-content\">\n                            <\/div> <!-- end .button-content -->\n        <\/div> <!-- end .block-background -->\n    <\/div> <!-- end .container -->\n<\/div> <!-- end wp-block-bancaetica-blocks-blocks-block-06 -->\n\n\n<div class=\"wrapper-crispybacon-class wrapper-crispybacon-class-boxed \">\n    <p>Ha concluido hace poco la Asamblea General de socios y socias de Banca Etica convocada para aprobar el balance y elegir el nuevo Consejo de Administraci\u00f3n que guiar\u00e1 Banca Etica en los pr\u00f3ximos 3 a\u00f1os. La asamblea ha sido el momento culminante de un largo recorrido que ha gozado con la participaci\u00f3n de miles de personas socias coordinadas en los 90 grupos de iniciativa territorial distribuidos por toda Italia y en Espa\u00f1a.<\/p>\n<p>La asamblea se ha desarrollado simult\u00e1neamente en Padua y en Madrid, y ha sido transmitida en directo por streaming para que todos los socios y socias siguieran el debate y, por primera vez, votaran a distancia v\u00eda on-line. La asamblea vot\u00f3 por primera vez siguiendo el nuevo sistema electoral: los 13 miembros del CdA han sido elegidos mediante votaci\u00f3n entre 2 listas compuestas por 9 personas candidatas, a las que a\u00f1aden otras 4 personas elegidas de una lista de 8 candidatos y candidatas individuales.<\/p>\n<p>La lista partecipativa denominada \u201cPor Banca Etica\u201d ha obtenido el 68,69% de votos.<\/p>\n<p><strong>El nuevo Consejo de Administraci\u00f3n <\/strong>queda compuesto de la siguiente forma:<\/p>\n<ul>\n\t<li>\n\t\tUgo Biggeri, presidente<\/li>\n\t<li>\n\t\tAndrea Baranes<\/li>\n\t<li>\n\t\tNicoletta Dentico<\/li>\n\t<li>\n\t\tGiuseppe di Francesco<\/li>\n\t<li>\n\t\tAnna Fasano<\/li>\n\t<li>\n\t\tGiacinto Palladino<\/li>\n\t<li>\n\t\tMariateresa Ruggiero<\/li>\n\t<li>\n\t\tPedro Manuel Sasia Santos<\/li>\n\t<li>\n\t\tSabina Siniscalchi<\/li>\n\t<li>\n\t\tAdriana Lamberto Floristan*<\/li>\n\t<li>\n\t\tMaurizio Bianchetti*<\/li>\n\t<li>\n\t\tMarco Bianchi*<\/li>\n\t<li>\n\t\tMarco Carlizzi*<\/li>\n<\/ul>\n<p>La asamblea ha confirmado el mantenimiento de la prima de emisi\u00f3n en 5,00 euros por cada acci\u00f3n ordinaria de Banca Popolare Etica SCPA. Este a\u00f1o tambi\u00e9n se ha establecido, sin prejuicio de que la revalorizaci\u00f3n es debida por la cantidad indicada, que es facultad del Consejo de Administraci\u00f3n acordar una reducci\u00f3n del montante de dicha revalorizaci\u00f3n, en el caso de adquisici\u00f3n de 20 acciones (o m\u00faltiples de 20) en la medida necesaria para atribuirlas y con el fin exclusivo de atribuir al adquisidor una o m\u00e1s acciones ordinarias llamadas Premium (Bonus Shares), en la cantidad de una por cada 20 acciones adquiridas. Los Bonus Shares podr\u00e1n ser entregados en la pr\u00f3xima oferta p\u00fablica de acciones ordinarias de la Banca que se iniciar\u00e1 tras la publicci\u00f3n del nuevo Prospecto Informativo, una vez aprobado por la autoridad competente.<\/p>\n<p><strong>La Asamblea tambi\u00e9n ha aprobado el balance 2015 <\/strong>que confirma el constante crecimiento. Banca Etica ha registado un aumento del 9% de exposici\u00f3n a nivel de familias, empresas y organizaciones sin \u00e1nimo de lucro, por un total de pr\u00e9stamos de unos 865 millones. Banca Etica ha contenido la tasa de morosidad en un 0,65, frente al 4,94% de la media del sistema bancario italiano. Estos resultados han sido posibles gracias al compromiso de los trabajadores y trabajadoras de Banca Etica y de los socios y socias que han reforzado su participaci\u00f3n en el capital social llev\u00e1ndolo a superar los 54 millones de euros (+9% respecto a 2014). La solidez patrimonial de Banca Etica queda manifiesta con el coeficiente de vigilancia CeT1 (Common Equity Tier 1) que ha alcanzado el 11,32% el 31 de diciembre de 2015. En Italia y Espa\u00f1a son cada vez m\u00e1s las personas y organizaciones que eligen finanzas \u00e9ticas para gestionar sus ahorros y sus operaciones bancarias: los clientes ahorradores de Banca Etica en 2015 superaron los 45.000, lo que significa un crecimiento del 13% respecto al a\u00f1o anterior, lo que ha llevado a una captaci\u00f3n de 1.070 millones de euros (+9% respecto a 2014). El ejercicio 2015 ha registrado un beneficio neto de 750.000 euros. En la gesti\u00f3n caracter\u00edstica, que se ha cerrado en l\u00ednea con la media del \u00faltimo quinquenio, han incidido las ingentes contribuciones a\u00f1adidas (equivalentes a unos 800.000 euros) requeridos a finales de a\u00f1o para incrementar los diversos fondos de rescate de las entidades bancarias en crisis.<\/p>\n<\/div>","protected":false},"excerpt":{"rendered":"<p>Ha concluido hace poco la Asamblea General de socios y socias de Banca Etica convocada para aprobar el balance y elegir el nuevo Consejo de Administraci\u00f3n que guiar\u00e1 Banca Etica en los pr\u00f3ximos 3 a\u00f1os. La asamblea se ha desarrollado simult\u00e1neamente en Padua y en Madrid, y ha sido transmitida en directo por streaming para que todos los socios y socias siguieran el debate y, por primera vez, votaran a distancia v\u00eda on-line.<\/p>\n","protected":false},"author":2,"featured_media":324666,"comment_status":"open","ping_status":"closed","sticky":false,"template":"","format":"standard","meta":{"_acf_changed":false,"footnotes":""},"categories":[11644],"tags":[],"coauthors":[],"class_list":["post-346062","post","type-post","status-publish","format-standard","has-post-thumbnail","hentry","category-finantza-etikoak"],"acf":[],"yoast_head":"<!-- This site is optimized with the Yoast SEO plugin v26.9 - https:\/\/yoast.com\/product\/yoast-seo-wordpress\/ -->\n<title>La asamblea de Banca Etica ha elegido el nuevo Consejo de Administraci\u00f3n - Fiare Banca Etica<\/title>\n<meta name=\"robots\" content=\"index, follow, max-snippet:-1, max-image-preview:large, max-video-preview:-1\" \/>\n<link rel=\"canonical\" href=\"https:\/\/www.fiarebancaetica.coop\/eu\/la-asamblea-de-banca-etica-ha-elegido-el-nuevo-consejo-de-administracion\/\" \/>\n<meta property=\"og:locale\" content=\"eu_ES\" \/>\n<meta property=\"og:type\" content=\"article\" \/>\n<meta property=\"og:title\" content=\"La asamblea de Banca Etica ha elegido el nuevo Consejo de Administraci\u00f3n - Fiare Banca Etica\" \/>\n<meta property=\"og:description\" content=\"Ha concluido hace poco la Asamblea General de socios y socias de Banca Etica convocada para aprobar el balance y elegir el nuevo Consejo de Administraci\u00f3n que guiar\u00e1 Banca Etica en los pr\u00f3ximos 3 a\u00f1os. La asamblea se ha desarrollado simult\u00e1neamente en Padua y en Madrid, y ha sido transmitida en directo por streaming para que todos los socios y socias siguieran el debate y, por primera vez, votaran a distancia v\u00eda on-line.\" \/>\n<meta property=\"og:url\" content=\"https:\/\/www.fiarebancaetica.coop\/eu\/la-asamblea-de-banca-etica-ha-elegido-el-nuevo-consejo-de-administracion\/\" \/>\n<meta property=\"og:site_name\" content=\"Fiare Banca Etica\" \/>\n<meta property=\"article:published_time\" content=\"2016-05-20T22:00:00+00:00\" \/>\n<meta property=\"article:modified_time\" content=\"2024-02-21T15:06:37+00:00\" \/>\n<meta property=\"og:image\" content=\"https:\/\/www.fiarebancaetica.coop\/app\/uploads\/sites\/2\/2023\/12\/asamblea-de-banca-etica-ha-elegido-el-nuevo-consejo-de-administracion.jpg\" \/>\n\t<meta property=\"og:image:width\" content=\"1073\" \/>\n\t<meta property=\"og:image:height\" content=\"546\" \/>\n\t<meta property=\"og:image:type\" content=\"image\/jpeg\" \/>\n<meta name=\"author\" content=\"crispyadmin0\" \/>\n<meta name=\"twitter:card\" content=\"summary_large_image\" \/>\n<script type=\"application\/ld+json\" class=\"yoast-schema-graph\">{\"@context\":\"https:\/\/schema.org\",\"@graph\":[{\"@type\":\"Article\",\"@id\":\"https:\/\/www.fiarebancaetica.coop\/eu\/la-asamblea-de-banca-etica-ha-elegido-el-nuevo-consejo-de-administracion\/#article\",\"isPartOf\":{\"@id\":\"https:\/\/www.fiarebancaetica.coop\/eu\/la-asamblea-de-banca-etica-ha-elegido-el-nuevo-consejo-de-administracion\/\"},\"author\":{\"name\":\"crispyadmin0\",\"@id\":\"https:\/\/www.fiarebancaetica.coop\/eu\/#\/schema\/person\/579841e89c804b5db05d9141bd9b8272\"},\"headline\":\"La asamblea de Banca Etica ha elegido el nuevo Consejo de Administraci\u00f3n\",\"datePublished\":\"2016-05-20T22:00:00+00:00\",\"dateModified\":\"2024-02-21T15:06:37+00:00\",\"mainEntityOfPage\":{\"@id\":\"https:\/\/www.fiarebancaetica.coop\/eu\/la-asamblea-de-banca-etica-ha-elegido-el-nuevo-consejo-de-administracion\/\"},\"wordCount\":620,\"commentCount\":0,\"image\":{\"@id\":\"https:\/\/www.fiarebancaetica.coop\/eu\/la-asamblea-de-banca-etica-ha-elegido-el-nuevo-consejo-de-administracion\/#primaryimage\"},\"thumbnailUrl\":\"https:\/\/www.fiarebancaetica.coop\/app\/uploads\/sites\/2\/2023\/12\/asamblea-de-banca-etica-ha-elegido-el-nuevo-consejo-de-administracion.jpg\",\"articleSection\":[\"Finantza etikoak\"],\"inLanguage\":\"eu\",\"potentialAction\":[{\"@type\":\"CommentAction\",\"name\":\"Comment\",\"target\":[\"https:\/\/www.fiarebancaetica.coop\/eu\/la-asamblea-de-banca-etica-ha-elegido-el-nuevo-consejo-de-administracion\/#respond\"]}]},{\"@type\":\"WebPage\",\"@id\":\"https:\/\/www.fiarebancaetica.coop\/eu\/la-asamblea-de-banca-etica-ha-elegido-el-nuevo-consejo-de-administracion\/\",\"url\":\"https:\/\/www.fiarebancaetica.coop\/eu\/la-asamblea-de-banca-etica-ha-elegido-el-nuevo-consejo-de-administracion\/\",\"name\":\"La asamblea de Banca Etica ha elegido el nuevo Consejo de Administraci\u00f3n - Fiare Banca Etica\",\"isPartOf\":{\"@id\":\"https:\/\/www.fiarebancaetica.coop\/eu\/#website\"},\"primaryImageOfPage\":{\"@id\":\"https:\/\/www.fiarebancaetica.coop\/eu\/la-asamblea-de-banca-etica-ha-elegido-el-nuevo-consejo-de-administracion\/#primaryimage\"},\"image\":{\"@id\":\"https:\/\/www.fiarebancaetica.coop\/eu\/la-asamblea-de-banca-etica-ha-elegido-el-nuevo-consejo-de-administracion\/#primaryimage\"},\"thumbnailUrl\":\"https:\/\/www.fiarebancaetica.coop\/app\/uploads\/sites\/2\/2023\/12\/asamblea-de-banca-etica-ha-elegido-el-nuevo-consejo-de-administracion.jpg\",\"datePublished\":\"2016-05-20T22:00:00+00:00\",\"dateModified\":\"2024-02-21T15:06:37+00:00\",\"author\":{\"@id\":\"https:\/\/www.fiarebancaetica.coop\/eu\/#\/schema\/person\/579841e89c804b5db05d9141bd9b8272\"},\"breadcrumb\":{\"@id\":\"https:\/\/www.fiarebancaetica.coop\/eu\/la-asamblea-de-banca-etica-ha-elegido-el-nuevo-consejo-de-administracion\/#breadcrumb\"},\"inLanguage\":\"eu\",\"potentialAction\":[{\"@type\":\"ReadAction\",\"target\":[\"https:\/\/www.fiarebancaetica.coop\/eu\/la-asamblea-de-banca-etica-ha-elegido-el-nuevo-consejo-de-administracion\/\"]}]},{\"@type\":\"ImageObject\",\"inLanguage\":\"eu\",\"@id\":\"https:\/\/www.fiarebancaetica.coop\/eu\/la-asamblea-de-banca-etica-ha-elegido-el-nuevo-consejo-de-administracion\/#primaryimage\",\"url\":\"https:\/\/www.fiarebancaetica.coop\/app\/uploads\/sites\/2\/2023\/12\/asamblea-de-banca-etica-ha-elegido-el-nuevo-consejo-de-administracion.jpg\",\"contentUrl\":\"https:\/\/www.fiarebancaetica.coop\/app\/uploads\/sites\/2\/2023\/12\/asamblea-de-banca-etica-ha-elegido-el-nuevo-consejo-de-administracion.jpg\",\"width\":1073,\"height\":546},{\"@type\":\"BreadcrumbList\",\"@id\":\"https:\/\/www.fiarebancaetica.coop\/eu\/la-asamblea-de-banca-etica-ha-elegido-el-nuevo-consejo-de-administracion\/#breadcrumb\",\"itemListElement\":[{\"@type\":\"ListItem\",\"position\":1,\"name\":\"Home\",\"item\":\"https:\/\/www.fiarebancaetica.coop\/eu\/\"},{\"@type\":\"ListItem\",\"position\":2,\"name\":\"La asamblea de Banca Etica ha elegido el nuevo Consejo de Administraci\u00f3n\"}]},{\"@type\":\"WebSite\",\"@id\":\"https:\/\/www.fiarebancaetica.coop\/eu\/#website\",\"url\":\"https:\/\/www.fiarebancaetica.coop\/eu\/\",\"name\":\"Fiare Banca Etica\",\"description\":\"\",\"potentialAction\":[{\"@type\":\"SearchAction\",\"target\":{\"@type\":\"EntryPoint\",\"urlTemplate\":\"https:\/\/www.fiarebancaetica.coop\/eu\/?s={search_term_string}\"},\"query-input\":{\"@type\":\"PropertyValueSpecification\",\"valueRequired\":true,\"valueName\":\"search_term_string\"}}],\"inLanguage\":\"eu\"},{\"@type\":\"Person\",\"@id\":\"https:\/\/www.fiarebancaetica.coop\/eu\/#\/schema\/person\/579841e89c804b5db05d9141bd9b8272\",\"name\":\"crispyadmin0\",\"image\":{\"@type\":\"ImageObject\",\"inLanguage\":\"eu\",\"@id\":\"https:\/\/www.fiarebancaetica.coop\/eu\/#\/schema\/person\/image\/5f3a6b7786f32f4c35bd2b1a5a4698ea\",\"url\":\"https:\/\/secure.gravatar.com\/avatar\/4d2cfb499d497b6d49da659fab7404b243a87fe8e40d2cf97a1cae48f677f5b2?s=96&d=mm&r=g\",\"contentUrl\":\"https:\/\/secure.gravatar.com\/avatar\/4d2cfb499d497b6d49da659fab7404b243a87fe8e40d2cf97a1cae48f677f5b2?s=96&d=mm&r=g\",\"caption\":\"crispyadmin0\"},\"sameAs\":[\"crispyadmin0\"]}]}<\/script>\n<!-- \/ Yoast SEO plugin. -->","yoast_head_json":{"title":"La asamblea de Banca Etica ha elegido el nuevo Consejo de Administraci\u00f3n - Fiare Banca Etica","robots":{"index":"index","follow":"follow","max-snippet":"max-snippet:-1","max-image-preview":"max-image-preview:large","max-video-preview":"max-video-preview:-1"},"canonical":"https:\/\/www.fiarebancaetica.coop\/eu\/la-asamblea-de-banca-etica-ha-elegido-el-nuevo-consejo-de-administracion\/","og_locale":"eu_ES","og_type":"article","og_title":"La asamblea de Banca Etica ha elegido el nuevo Consejo de Administraci\u00f3n - Fiare Banca Etica","og_description":"Ha concluido hace poco la Asamblea General de socios y socias de Banca Etica convocada para aprobar el balance y elegir el nuevo Consejo de Administraci\u00f3n que guiar\u00e1 Banca Etica en los pr\u00f3ximos 3 a\u00f1os. La asamblea se ha desarrollado simult\u00e1neamente en Padua y en Madrid, y ha sido transmitida en directo por streaming para que todos los socios y socias siguieran el debate y, por primera vez, votaran a distancia v\u00eda on-line.","og_url":"https:\/\/www.fiarebancaetica.coop\/eu\/la-asamblea-de-banca-etica-ha-elegido-el-nuevo-consejo-de-administracion\/","og_site_name":"Fiare Banca Etica","article_published_time":"2016-05-20T22:00:00+00:00","article_modified_time":"2024-02-21T15:06:37+00:00","og_image":[{"width":1073,"height":546,"url":"https:\/\/www.fiarebancaetica.coop\/app\/uploads\/sites\/2\/2023\/12\/asamblea-de-banca-etica-ha-elegido-el-nuevo-consejo-de-administracion.jpg","type":"image\/jpeg"}],"author":"crispyadmin0","twitter_card":"summary_large_image","schema":{"@context":"https:\/\/schema.org","@graph":[{"@type":"Article","@id":"https:\/\/www.fiarebancaetica.coop\/eu\/la-asamblea-de-banca-etica-ha-elegido-el-nuevo-consejo-de-administracion\/#article","isPartOf":{"@id":"https:\/\/www.fiarebancaetica.coop\/eu\/la-asamblea-de-banca-etica-ha-elegido-el-nuevo-consejo-de-administracion\/"},"author":{"name":"crispyadmin0","@id":"https:\/\/www.fiarebancaetica.coop\/eu\/#\/schema\/person\/579841e89c804b5db05d9141bd9b8272"},"headline":"La asamblea de Banca Etica ha elegido el nuevo Consejo de Administraci\u00f3n","datePublished":"2016-05-20T22:00:00+00:00","dateModified":"2024-02-21T15:06:37+00:00","mainEntityOfPage":{"@id":"https:\/\/www.fiarebancaetica.coop\/eu\/la-asamblea-de-banca-etica-ha-elegido-el-nuevo-consejo-de-administracion\/"},"wordCount":620,"commentCount":0,"image":{"@id":"https:\/\/www.fiarebancaetica.coop\/eu\/la-asamblea-de-banca-etica-ha-elegido-el-nuevo-consejo-de-administracion\/#primaryimage"},"thumbnailUrl":"https:\/\/www.fiarebancaetica.coop\/app\/uploads\/sites\/2\/2023\/12\/asamblea-de-banca-etica-ha-elegido-el-nuevo-consejo-de-administracion.jpg","articleSection":["Finantza etikoak"],"inLanguage":"eu","potentialAction":[{"@type":"CommentAction","name":"Comment","target":["https:\/\/www.fiarebancaetica.coop\/eu\/la-asamblea-de-banca-etica-ha-elegido-el-nuevo-consejo-de-administracion\/#respond"]}]},{"@type":"WebPage","@id":"https:\/\/www.fiarebancaetica.coop\/eu\/la-asamblea-de-banca-etica-ha-elegido-el-nuevo-consejo-de-administracion\/","url":"https:\/\/www.fiarebancaetica.coop\/eu\/la-asamblea-de-banca-etica-ha-elegido-el-nuevo-consejo-de-administracion\/","name":"La asamblea de Banca Etica ha elegido el nuevo Consejo de Administraci\u00f3n - Fiare Banca Etica","isPartOf":{"@id":"https:\/\/www.fiarebancaetica.coop\/eu\/#website"},"primaryImageOfPage":{"@id":"https:\/\/www.fiarebancaetica.coop\/eu\/la-asamblea-de-banca-etica-ha-elegido-el-nuevo-consejo-de-administracion\/#primaryimage"},"image":{"@id":"https:\/\/www.fiarebancaetica.coop\/eu\/la-asamblea-de-banca-etica-ha-elegido-el-nuevo-consejo-de-administracion\/#primaryimage"},"thumbnailUrl":"https:\/\/www.fiarebancaetica.coop\/app\/uploads\/sites\/2\/2023\/12\/asamblea-de-banca-etica-ha-elegido-el-nuevo-consejo-de-administracion.jpg","datePublished":"2016-05-20T22:00:00+00:00","dateModified":"2024-02-21T15:06:37+00:00","author":{"@id":"https:\/\/www.fiarebancaetica.coop\/eu\/#\/schema\/person\/579841e89c804b5db05d9141bd9b8272"},"breadcrumb":{"@id":"https:\/\/www.fiarebancaetica.coop\/eu\/la-asamblea-de-banca-etica-ha-elegido-el-nuevo-consejo-de-administracion\/#breadcrumb"},"inLanguage":"eu","potentialAction":[{"@type":"ReadAction","target":["https:\/\/www.fiarebancaetica.coop\/eu\/la-asamblea-de-banca-etica-ha-elegido-el-nuevo-consejo-de-administracion\/"]}]},{"@type":"ImageObject","inLanguage":"eu","@id":"https:\/\/www.fiarebancaetica.coop\/eu\/la-asamblea-de-banca-etica-ha-elegido-el-nuevo-consejo-de-administracion\/#primaryimage","url":"https:\/\/www.fiarebancaetica.coop\/app\/uploads\/sites\/2\/2023\/12\/asamblea-de-banca-etica-ha-elegido-el-nuevo-consejo-de-administracion.jpg","contentUrl":"https:\/\/www.fiarebancaetica.coop\/app\/uploads\/sites\/2\/2023\/12\/asamblea-de-banca-etica-ha-elegido-el-nuevo-consejo-de-administracion.jpg","width":1073,"height":546},{"@type":"BreadcrumbList","@id":"https:\/\/www.fiarebancaetica.coop\/eu\/la-asamblea-de-banca-etica-ha-elegido-el-nuevo-consejo-de-administracion\/#breadcrumb","itemListElement":[{"@type":"ListItem","position":1,"name":"Home","item":"https:\/\/www.fiarebancaetica.coop\/eu\/"},{"@type":"ListItem","position":2,"name":"La asamblea de Banca Etica ha elegido el nuevo Consejo de Administraci\u00f3n"}]},{"@type":"WebSite","@id":"https:\/\/www.fiarebancaetica.coop\/eu\/#website","url":"https:\/\/www.fiarebancaetica.coop\/eu\/","name":"Fiare Banca Etica","description":"","potentialAction":[{"@type":"SearchAction","target":{"@type":"EntryPoint","urlTemplate":"https:\/\/www.fiarebancaetica.coop\/eu\/?s={search_term_string}"},"query-input":{"@type":"PropertyValueSpecification","valueRequired":true,"valueName":"search_term_string"}}],"inLanguage":"eu"},{"@type":"Person","@id":"https:\/\/www.fiarebancaetica.coop\/eu\/#\/schema\/person\/579841e89c804b5db05d9141bd9b8272","name":"crispyadmin0","image":{"@type":"ImageObject","inLanguage":"eu","@id":"https:\/\/www.fiarebancaetica.coop\/eu\/#\/schema\/person\/image\/5f3a6b7786f32f4c35bd2b1a5a4698ea","url":"https:\/\/secure.gravatar.com\/avatar\/4d2cfb499d497b6d49da659fab7404b243a87fe8e40d2cf97a1cae48f677f5b2?s=96&d=mm&r=g","contentUrl":"https:\/\/secure.gravatar.com\/avatar\/4d2cfb499d497b6d49da659fab7404b243a87fe8e40d2cf97a1cae48f677f5b2?s=96&d=mm&r=g","caption":"crispyadmin0"},"sameAs":["crispyadmin0"]}]}},"_links":{"self":[{"href":"https:\/\/www.fiarebancaetica.coop\/eu\/wp-json\/wp\/v2\/posts\/346062","targetHints":{"allow":["GET"]}}],"collection":[{"href":"https:\/\/www.fiarebancaetica.coop\/eu\/wp-json\/wp\/v2\/posts"}],"about":[{"href":"https:\/\/www.fiarebancaetica.coop\/eu\/wp-json\/wp\/v2\/types\/post"}],"author":[{"embeddable":true,"href":"https:\/\/www.fiarebancaetica.coop\/eu\/wp-json\/wp\/v2\/users\/2"}],"replies":[{"embeddable":true,"href":"https:\/\/www.fiarebancaetica.coop\/eu\/wp-json\/wp\/v2\/comments?post=346062"}],"version-history":[{"count":2,"href":"https:\/\/www.fiarebancaetica.coop\/eu\/wp-json\/wp\/v2\/posts\/346062\/revisions"}],"predecessor-version":[{"id":353358,"href":"https:\/\/www.fiarebancaetica.coop\/eu\/wp-json\/wp\/v2\/posts\/346062\/revisions\/353358"}],"wp:featuredmedia":[{"embeddable":true,"href":"https:\/\/www.fiarebancaetica.coop\/eu\/wp-json\/wp\/v2\/media\/324666"}],"wp:attachment":[{"href":"https:\/\/www.fiarebancaetica.coop\/eu\/wp-json\/wp\/v2\/media?parent=346062"}],"wp:term":[{"taxonomy":"category","embeddable":true,"href":"https:\/\/www.fiarebancaetica.coop\/eu\/wp-json\/wp\/v2\/categories?post=346062"},{"taxonomy":"post_tag","embeddable":true,"href":"https:\/\/www.fiarebancaetica.coop\/eu\/wp-json\/wp\/v2\/tags?post=346062"},{"taxonomy":"author","embeddable":true,"href":"https:\/\/www.fiarebancaetica.coop\/eu\/wp-json\/wp\/v2\/coauthors?post=346062"}],"curies":[{"name":"wp","href":"https:\/\/api.w.org\/{rel}","templated":true}]}}