{"id":346199,"date":"2015-12-28T00:00:00","date_gmt":"2015-12-27T23:00:00","guid":{"rendered":"https:\/\/www.fiarebancaetica.coop\/buenos-augurios-para-la-ciudadania-y-para-las-finanzas-eticas\/"},"modified":"2024-02-21T16:03:06","modified_gmt":"2024-02-21T15:03:06","slug":"buenos-augurios-para-la-ciudadania-y-para-las-finanzas-eticas","status":"publish","type":"post","link":"https:\/\/www.fiarebancaetica.coop\/eu\/buenos-augurios-para-la-ciudadania-y-para-las-finanzas-eticas\/","title":{"rendered":"Buenos augurios para la ciudadan\u00eda y para las finanzas \u00e9ticas"},"content":{"rendered":"\n\n<div class=\"wp-block-bancaetica-blocks-blocks-block-49\">\n    <div class=\"container-block-49\">\n\n        <div class=\"header-section \">\n                            <h1 class=\"section-title\"> Etica e cooperativa <\/h1>\n                                            <\/div>\n\n        \n        <div class=\"block-background\" style=\"background-image: url('https:\/\/www.fiarebancaetica.coop\/app\/uploads\/sites\/2\/2023\/12\/buenos-augurios-para-ciudadania-y-para-las-finanzas-eticas_0.jpg')\">\n                            <div class=\"tile\">\n                    <h1 class=\"image-title\"> Buenos augurios para la ciudadan\u00eda y para las finanzas \u00e9ticas <\/h1>\n                <\/div>             <!-- end .tile -->\n            <div class=\"bottom-content\">\n                            <\/div> <!-- end .button-content -->\n        <\/div> <!-- end .block-background -->\n    <\/div> <!-- end .container -->\n<\/div> <!-- end wp-block-bancaetica-blocks-blocks-block-06 -->\n\n\n<div class=\"wrapper-crispybacon-class wrapper-crispybacon-class-boxed \">\n    <p>&nbsp;<\/p>\n<p><a href=\"#catal\u00e0\">Catal\u00e0<\/a><\/p>\n<p><em><strong>Art\u00edculo de Maria Ant\u00f2nia Bartol\u00ed, referente del \u00e1rea Mediterr\u00e1nea de Fiare Banca Etica<\/strong><\/em><\/p>\n<p>Desde las \u00faltimas elecciones municipales se han producido cambios sustanciales en los gobiernos locales y las Administraciones p\u00fablicas.<\/p>\n<p>De los Ayuntamientos de Collbat\u00f3,&nbsp; de Hospitalet, de Terrassa, de S. Feliu de Llobregat, de S. Just Desvern y la Diputaci\u00f3 de Barcelona, est\u00e1 llegando a Fiare Banca Etica la informaci\u00f3n de los acuerdos de sus plenarios para iniciar contactos y trabajar con entidades de banca \u00e9tica, tanto a nivel pol\u00edtico y social, como de gesti\u00f3n bancaria.<\/p>\n<p>Debemos alegrarnos, es una muy buena noticia para la ciudadan\u00eda porque hay prop\u00f3sitos claros de encontrar nuevos modelos de desarrollo que prioricen las dimensiones sociales, humanas y ambientales. Y esto significa poner por delante las personas y&nbsp; sus necesidades contra los beneficios e intereses puramente econ\u00f3micos y mercantiles del sistema financiero dominante. Esto quiere decir potenciar el crecimiento de las econom\u00edas que&nbsp; tengan esta filosof\u00eda y responsabilidad para con la ciudadan\u00eda, nos referimos a las entidades, cooperativas y empresas de econom\u00eda social y solidaria y&nbsp; por consiguiente a los instrumentos financieros vinculados a este tipo de econom\u00eda,&nbsp; concretamente a las finanzas \u00e9ticas.<\/p>\n<p>La Econom\u00eda Social y Solidaria nace justamente para dar respuesta a las necesidades de colectivos y&nbsp; personas que centran sus actividades y trabajo en la proximidad con el territorio y uno&nbsp; de sus retos es la&nbsp; transformaci\u00f3n hacia otro ciclo productivo y financiero: producci\u00f3n\/consumo sostenible, circularidad del flujo de recursos, econom\u00eda colaborativa y retorno social,&nbsp; como propone la econom\u00eda circular en&nbsp; sus planteamientos m\u00e1s b\u00e1sicos, reforzando de este modo&nbsp; sus v\u00ednculos con la comunidad.<br \/>\n\t<br \/>\n\tLas finanzas \u00e9ticas y en concreto, Fiare Banca Etica, se convierten en la herramienta natural de esta econom\u00eda, apuesta por un sistema financiero alternativo en un contexto exclusivamente bancarizado donde el poder de las grandes entidades financieras es determinante.<br \/>\n\tEl reto es complejo y de largo recorrido,&nbsp; pero el hecho de que las administraciones p\u00fablicas decidan acompa\u00f1arnos en el camino de la transformaci\u00f3n, apuesten y se comprometan formalmente por otro tipo de financiaci\u00f3n es una gran noticia para las finanzas \u00e9ticas y obviamente para Fiare Banca Etica.<\/p>\n<p>Esperemos que estas buenas declaraciones de intenciones puedan concretarse pronto en actuaciones que favorezcan a los ciudadanos, ciudadanas y colectivos que lo necesiten.<\/p>\n<p><a name=\"catal\u00e0\"><\/a>_______________________________________________________________________<\/p>\n<h2>\n\tBons auguris per a la ciutadania, i per a les finances \u00e8tiques<\/h2>\n<p><br \/>\n\tDes de les passades eleccions municipals s\u2019han produ\u00eft canvis substancials en els governs locals i les Administracions p\u00fabliques.<br \/>\n\t<br \/>\n\tDels Ajuntaments de Collbat\u00f3,&nbsp; d\u2019Hospitalet, de Terrassa, de S. Feliu de Llobregat, de S. Just Desvern i la Diputaci\u00f3 de Barcelona est\u00e1 arribant a Fiare Banca Etica la informaci\u00f3 dels acords dels seus plenaris per iniciar contactes i treballar&nbsp; amb entitats de banca \u00e8tica, tant a nivell pol\u00edtic i social, com de gesti\u00f3 banc\u00e0ria.<br \/>\n\t<br \/>\n\tEns n\u2019hem d\u2019alegrar, \u00e9s una bona not\u00edcia per a la ciutadania perqu\u00e8 hi ha prop\u00f2sits clars de cercar nous models de desenvolupament que prioritzin les dimensions socials, humanes i ambientals. I aix\u00f2 significa posar per davant&nbsp; les persones i les seves necessitats contra els beneficis i interessos purament econ\u00f2mics i mercantils del sistema financer dominant. I aix\u00f2 vol dir potenciar el creixement de les economies que tinguin aquesta filosofia i responsabilitat amb la ciutadania, estem parlant de les entitats, cooperatives i empreses d\u2019economia social i solid\u00e0ria i de retruc dels instruments financers vinculats a aquest tipus d\u2019economia, com ara les finances \u00e8tiques.<br \/>\n\t<br \/>\n\tL\u2019Economia Social i Solid\u00e0ria neix justament per donar resposta a les necessitats de col.lectius i de persones que centren les seves activitats i treball en la proximitat amb el territori i un&nbsp; dels seus reptes \u00e9s la&nbsp; transformaci\u00f3 envers un altre cicle productiu i financer: producci\u00f3\/consum sostenible, circularitat del fluxe de recursos, economia col.laborativa i retorn social, tal com proposa l\u2019economia circular en els seus fonaments m\u00e9s b\u00e0sics, refor\u00e7ant, aix\u00ed, els seus vincles amb la comunitat.<br \/>\n\t<br \/>\n\tLes finances \u00e8tiques, Fiare Banca Etica, esdevenen l\u2019eina natural d\u2019aquesta economia, aposta per un sistema financer alternatiu en un context exclusivament bancaritzat on el poder de les grans entitats financeres \u00e9s determinant. El repte \u00e9s complex i de llarg recorregut,&nbsp; per\u00f2 el fet que les administracions p\u00fabliques decideixin acompanyar-nos en el cam\u00ed de la transformaci\u00f3, apostin i es comprometin formalment per un altre finan\u00e7ament \u00e9s una gran not\u00edcia per a les finances \u00e8tiques i \u00f2bviament per a Fiare Banca Etica.<br \/>\n\tEsperem que aquestes bones declaracions d\u2019intencions puguin concretar-se ben aviat en actuacions que afavoreixin els ciutadans, ciutadanes i col.lectius que ho necessiten.<\/p>\n<p>&nbsp;<\/p>\n<p>&nbsp;<\/p>\n<\/div>","protected":false},"excerpt":{"rendered":"<p><strong><em>Art\u00edculo de Maria Ant\u00f2nia Bartol\u00ed, referente del \u00e1rea Mediterr\u00e1nea de Fiare Banca Etica<\/em><\/strong><\/p>\n<p>Desde las \u00faltimas elecciones municipales se han producido cambios sustanciales en los gobiernos locales y las Administraciones p\u00fablicas.<\/p>\n<p>De los Ayuntamientos de Collbat\u00f3,&nbsp; de Hospitalet, de Terrassa, de S. Feliu de Llobregat, de S. Just Desvern y la Diputaci\u00f3 de Barcelona, est\u00e1 llegando a Fiare Banca Etica la informaci\u00f3n de los acuerdos de sus plenarios para iniciar contactos y trabajar con entidades de banca \u00e9tica, tanto a nivel pol\u00edtico y social, como de gesti\u00f3n bancaria.<\/p>\n","protected":false},"author":2,"featured_media":324526,"comment_status":"open","ping_status":"closed","sticky":false,"template":"","format":"standard","meta":{"_acf_changed":false,"footnotes":""},"categories":[11644],"tags":[],"coauthors":[],"class_list":["post-346199","post","type-post","status-publish","format-standard","has-post-thumbnail","hentry","category-finantza-etikoak"],"acf":[],"yoast_head":"<!-- This site is optimized with the Yoast SEO plugin v26.9 - https:\/\/yoast.com\/product\/yoast-seo-wordpress\/ -->\n<title>Buenos augurios para la ciudadan\u00eda y para las finanzas \u00e9ticas - Fiare Banca Etica<\/title>\n<meta name=\"robots\" content=\"index, follow, max-snippet:-1, max-image-preview:large, max-video-preview:-1\" \/>\n<link rel=\"canonical\" href=\"https:\/\/www.fiarebancaetica.coop\/eu\/buenos-augurios-para-la-ciudadania-y-para-las-finanzas-eticas\/\" \/>\n<meta property=\"og:locale\" content=\"eu_ES\" \/>\n<meta property=\"og:type\" content=\"article\" \/>\n<meta property=\"og:title\" content=\"Buenos augurios para la ciudadan\u00eda y para las finanzas \u00e9ticas - Fiare Banca Etica\" \/>\n<meta property=\"og:description\" content=\"Art\u00edculo de Maria Ant\u00f2nia Bartol\u00ed, referente del \u00e1rea Mediterr\u00e1nea de Fiare Banca Etica Desde las \u00faltimas elecciones municipales se han producido cambios sustanciales en los gobiernos locales y las Administraciones p\u00fablicas. De los Ayuntamientos de Collbat\u00f3,&nbsp; de Hospitalet, de Terrassa, de S. Feliu de Llobregat, de S. Just Desvern y la Diputaci\u00f3 de Barcelona, est\u00e1 llegando a Fiare Banca Etica la informaci\u00f3n de los acuerdos de sus plenarios para iniciar contactos y trabajar con entidades de banca \u00e9tica, tanto a nivel pol\u00edtico y social, como de gesti\u00f3n bancaria.\" \/>\n<meta property=\"og:url\" content=\"https:\/\/www.fiarebancaetica.coop\/eu\/buenos-augurios-para-la-ciudadania-y-para-las-finanzas-eticas\/\" \/>\n<meta property=\"og:site_name\" content=\"Fiare Banca Etica\" \/>\n<meta property=\"article:published_time\" content=\"2015-12-27T23:00:00+00:00\" \/>\n<meta property=\"article:modified_time\" content=\"2024-02-21T15:03:06+00:00\" \/>\n<meta property=\"og:image\" content=\"https:\/\/www.fiarebancaetica.coop\/app\/uploads\/sites\/2\/2023\/12\/buenos-augurios-para-ciudadania-y-para-las-finanzas-eticas_0.jpg\" \/>\n\t<meta property=\"og:image:width\" content=\"709\" \/>\n\t<meta property=\"og:image:height\" content=\"257\" \/>\n\t<meta property=\"og:image:type\" content=\"image\/jpeg\" \/>\n<meta name=\"author\" content=\"crispyadmin0\" \/>\n<meta name=\"twitter:card\" content=\"summary_large_image\" \/>\n<script type=\"application\/ld+json\" class=\"yoast-schema-graph\">{\"@context\":\"https:\/\/schema.org\",\"@graph\":[{\"@type\":\"Article\",\"@id\":\"https:\/\/www.fiarebancaetica.coop\/eu\/buenos-augurios-para-la-ciudadania-y-para-las-finanzas-eticas\/#article\",\"isPartOf\":{\"@id\":\"https:\/\/www.fiarebancaetica.coop\/eu\/buenos-augurios-para-la-ciudadania-y-para-las-finanzas-eticas\/\"},\"author\":{\"name\":\"crispyadmin0\",\"@id\":\"https:\/\/www.fiarebancaetica.coop\/eu\/#\/schema\/person\/579841e89c804b5db05d9141bd9b8272\"},\"headline\":\"Buenos augurios para la ciudadan\u00eda y para las finanzas \u00e9ticas\",\"datePublished\":\"2015-12-27T23:00:00+00:00\",\"dateModified\":\"2024-02-21T15:03:06+00:00\",\"mainEntityOfPage\":{\"@id\":\"https:\/\/www.fiarebancaetica.coop\/eu\/buenos-augurios-para-la-ciudadania-y-para-las-finanzas-eticas\/\"},\"wordCount\":830,\"commentCount\":0,\"image\":{\"@id\":\"https:\/\/www.fiarebancaetica.coop\/eu\/buenos-augurios-para-la-ciudadania-y-para-las-finanzas-eticas\/#primaryimage\"},\"thumbnailUrl\":\"https:\/\/www.fiarebancaetica.coop\/app\/uploads\/sites\/2\/2023\/12\/buenos-augurios-para-ciudadania-y-para-las-finanzas-eticas_0.jpg\",\"articleSection\":[\"Finantza etikoak\"],\"inLanguage\":\"eu\",\"potentialAction\":[{\"@type\":\"CommentAction\",\"name\":\"Comment\",\"target\":[\"https:\/\/www.fiarebancaetica.coop\/eu\/buenos-augurios-para-la-ciudadania-y-para-las-finanzas-eticas\/#respond\"]}]},{\"@type\":\"WebPage\",\"@id\":\"https:\/\/www.fiarebancaetica.coop\/eu\/buenos-augurios-para-la-ciudadania-y-para-las-finanzas-eticas\/\",\"url\":\"https:\/\/www.fiarebancaetica.coop\/eu\/buenos-augurios-para-la-ciudadania-y-para-las-finanzas-eticas\/\",\"name\":\"Buenos augurios para la ciudadan\u00eda y para las finanzas \u00e9ticas - Fiare Banca Etica\",\"isPartOf\":{\"@id\":\"https:\/\/www.fiarebancaetica.coop\/eu\/#website\"},\"primaryImageOfPage\":{\"@id\":\"https:\/\/www.fiarebancaetica.coop\/eu\/buenos-augurios-para-la-ciudadania-y-para-las-finanzas-eticas\/#primaryimage\"},\"image\":{\"@id\":\"https:\/\/www.fiarebancaetica.coop\/eu\/buenos-augurios-para-la-ciudadania-y-para-las-finanzas-eticas\/#primaryimage\"},\"thumbnailUrl\":\"https:\/\/www.fiarebancaetica.coop\/app\/uploads\/sites\/2\/2023\/12\/buenos-augurios-para-ciudadania-y-para-las-finanzas-eticas_0.jpg\",\"datePublished\":\"2015-12-27T23:00:00+00:00\",\"dateModified\":\"2024-02-21T15:03:06+00:00\",\"author\":{\"@id\":\"https:\/\/www.fiarebancaetica.coop\/eu\/#\/schema\/person\/579841e89c804b5db05d9141bd9b8272\"},\"breadcrumb\":{\"@id\":\"https:\/\/www.fiarebancaetica.coop\/eu\/buenos-augurios-para-la-ciudadania-y-para-las-finanzas-eticas\/#breadcrumb\"},\"inLanguage\":\"eu\",\"potentialAction\":[{\"@type\":\"ReadAction\",\"target\":[\"https:\/\/www.fiarebancaetica.coop\/eu\/buenos-augurios-para-la-ciudadania-y-para-las-finanzas-eticas\/\"]}]},{\"@type\":\"ImageObject\",\"inLanguage\":\"eu\",\"@id\":\"https:\/\/www.fiarebancaetica.coop\/eu\/buenos-augurios-para-la-ciudadania-y-para-las-finanzas-eticas\/#primaryimage\",\"url\":\"https:\/\/www.fiarebancaetica.coop\/app\/uploads\/sites\/2\/2023\/12\/buenos-augurios-para-ciudadania-y-para-las-finanzas-eticas_0.jpg\",\"contentUrl\":\"https:\/\/www.fiarebancaetica.coop\/app\/uploads\/sites\/2\/2023\/12\/buenos-augurios-para-ciudadania-y-para-las-finanzas-eticas_0.jpg\",\"width\":709,\"height\":257},{\"@type\":\"BreadcrumbList\",\"@id\":\"https:\/\/www.fiarebancaetica.coop\/eu\/buenos-augurios-para-la-ciudadania-y-para-las-finanzas-eticas\/#breadcrumb\",\"itemListElement\":[{\"@type\":\"ListItem\",\"position\":1,\"name\":\"Home\",\"item\":\"https:\/\/www.fiarebancaetica.coop\/eu\/\"},{\"@type\":\"ListItem\",\"position\":2,\"name\":\"Buenos augurios para la ciudadan\u00eda y para las finanzas \u00e9ticas\"}]},{\"@type\":\"WebSite\",\"@id\":\"https:\/\/www.fiarebancaetica.coop\/eu\/#website\",\"url\":\"https:\/\/www.fiarebancaetica.coop\/eu\/\",\"name\":\"Fiare Banca Etica\",\"description\":\"\",\"potentialAction\":[{\"@type\":\"SearchAction\",\"target\":{\"@type\":\"EntryPoint\",\"urlTemplate\":\"https:\/\/www.fiarebancaetica.coop\/eu\/?s={search_term_string}\"},\"query-input\":{\"@type\":\"PropertyValueSpecification\",\"valueRequired\":true,\"valueName\":\"search_term_string\"}}],\"inLanguage\":\"eu\"},{\"@type\":\"Person\",\"@id\":\"https:\/\/www.fiarebancaetica.coop\/eu\/#\/schema\/person\/579841e89c804b5db05d9141bd9b8272\",\"name\":\"crispyadmin0\",\"image\":{\"@type\":\"ImageObject\",\"inLanguage\":\"eu\",\"@id\":\"https:\/\/www.fiarebancaetica.coop\/eu\/#\/schema\/person\/image\/5f3a6b7786f32f4c35bd2b1a5a4698ea\",\"url\":\"https:\/\/secure.gravatar.com\/avatar\/4d2cfb499d497b6d49da659fab7404b243a87fe8e40d2cf97a1cae48f677f5b2?s=96&d=mm&r=g\",\"contentUrl\":\"https:\/\/secure.gravatar.com\/avatar\/4d2cfb499d497b6d49da659fab7404b243a87fe8e40d2cf97a1cae48f677f5b2?s=96&d=mm&r=g\",\"caption\":\"crispyadmin0\"},\"sameAs\":[\"crispyadmin0\"]}]}<\/script>\n<!-- \/ Yoast SEO plugin. -->","yoast_head_json":{"title":"Buenos augurios para la ciudadan\u00eda y para las finanzas \u00e9ticas - Fiare Banca Etica","robots":{"index":"index","follow":"follow","max-snippet":"max-snippet:-1","max-image-preview":"max-image-preview:large","max-video-preview":"max-video-preview:-1"},"canonical":"https:\/\/www.fiarebancaetica.coop\/eu\/buenos-augurios-para-la-ciudadania-y-para-las-finanzas-eticas\/","og_locale":"eu_ES","og_type":"article","og_title":"Buenos augurios para la ciudadan\u00eda y para las finanzas \u00e9ticas - Fiare Banca Etica","og_description":"Art\u00edculo de Maria Ant\u00f2nia Bartol\u00ed, referente del \u00e1rea Mediterr\u00e1nea de Fiare Banca Etica Desde las \u00faltimas elecciones municipales se han producido cambios sustanciales en los gobiernos locales y las Administraciones p\u00fablicas. De los Ayuntamientos de Collbat\u00f3,&nbsp; de Hospitalet, de Terrassa, de S. Feliu de Llobregat, de S. Just Desvern y la Diputaci\u00f3 de Barcelona, est\u00e1 llegando a Fiare Banca Etica la informaci\u00f3n de los acuerdos de sus plenarios para iniciar contactos y trabajar con entidades de banca \u00e9tica, tanto a nivel pol\u00edtico y social, como de gesti\u00f3n bancaria.","og_url":"https:\/\/www.fiarebancaetica.coop\/eu\/buenos-augurios-para-la-ciudadania-y-para-las-finanzas-eticas\/","og_site_name":"Fiare Banca Etica","article_published_time":"2015-12-27T23:00:00+00:00","article_modified_time":"2024-02-21T15:03:06+00:00","og_image":[{"width":709,"height":257,"url":"https:\/\/www.fiarebancaetica.coop\/app\/uploads\/sites\/2\/2023\/12\/buenos-augurios-para-ciudadania-y-para-las-finanzas-eticas_0.jpg","type":"image\/jpeg"}],"author":"crispyadmin0","twitter_card":"summary_large_image","schema":{"@context":"https:\/\/schema.org","@graph":[{"@type":"Article","@id":"https:\/\/www.fiarebancaetica.coop\/eu\/buenos-augurios-para-la-ciudadania-y-para-las-finanzas-eticas\/#article","isPartOf":{"@id":"https:\/\/www.fiarebancaetica.coop\/eu\/buenos-augurios-para-la-ciudadania-y-para-las-finanzas-eticas\/"},"author":{"name":"crispyadmin0","@id":"https:\/\/www.fiarebancaetica.coop\/eu\/#\/schema\/person\/579841e89c804b5db05d9141bd9b8272"},"headline":"Buenos augurios para la ciudadan\u00eda y para las finanzas \u00e9ticas","datePublished":"2015-12-27T23:00:00+00:00","dateModified":"2024-02-21T15:03:06+00:00","mainEntityOfPage":{"@id":"https:\/\/www.fiarebancaetica.coop\/eu\/buenos-augurios-para-la-ciudadania-y-para-las-finanzas-eticas\/"},"wordCount":830,"commentCount":0,"image":{"@id":"https:\/\/www.fiarebancaetica.coop\/eu\/buenos-augurios-para-la-ciudadania-y-para-las-finanzas-eticas\/#primaryimage"},"thumbnailUrl":"https:\/\/www.fiarebancaetica.coop\/app\/uploads\/sites\/2\/2023\/12\/buenos-augurios-para-ciudadania-y-para-las-finanzas-eticas_0.jpg","articleSection":["Finantza etikoak"],"inLanguage":"eu","potentialAction":[{"@type":"CommentAction","name":"Comment","target":["https:\/\/www.fiarebancaetica.coop\/eu\/buenos-augurios-para-la-ciudadania-y-para-las-finanzas-eticas\/#respond"]}]},{"@type":"WebPage","@id":"https:\/\/www.fiarebancaetica.coop\/eu\/buenos-augurios-para-la-ciudadania-y-para-las-finanzas-eticas\/","url":"https:\/\/www.fiarebancaetica.coop\/eu\/buenos-augurios-para-la-ciudadania-y-para-las-finanzas-eticas\/","name":"Buenos augurios para la ciudadan\u00eda y para las finanzas \u00e9ticas - Fiare Banca Etica","isPartOf":{"@id":"https:\/\/www.fiarebancaetica.coop\/eu\/#website"},"primaryImageOfPage":{"@id":"https:\/\/www.fiarebancaetica.coop\/eu\/buenos-augurios-para-la-ciudadania-y-para-las-finanzas-eticas\/#primaryimage"},"image":{"@id":"https:\/\/www.fiarebancaetica.coop\/eu\/buenos-augurios-para-la-ciudadania-y-para-las-finanzas-eticas\/#primaryimage"},"thumbnailUrl":"https:\/\/www.fiarebancaetica.coop\/app\/uploads\/sites\/2\/2023\/12\/buenos-augurios-para-ciudadania-y-para-las-finanzas-eticas_0.jpg","datePublished":"2015-12-27T23:00:00+00:00","dateModified":"2024-02-21T15:03:06+00:00","author":{"@id":"https:\/\/www.fiarebancaetica.coop\/eu\/#\/schema\/person\/579841e89c804b5db05d9141bd9b8272"},"breadcrumb":{"@id":"https:\/\/www.fiarebancaetica.coop\/eu\/buenos-augurios-para-la-ciudadania-y-para-las-finanzas-eticas\/#breadcrumb"},"inLanguage":"eu","potentialAction":[{"@type":"ReadAction","target":["https:\/\/www.fiarebancaetica.coop\/eu\/buenos-augurios-para-la-ciudadania-y-para-las-finanzas-eticas\/"]}]},{"@type":"ImageObject","inLanguage":"eu","@id":"https:\/\/www.fiarebancaetica.coop\/eu\/buenos-augurios-para-la-ciudadania-y-para-las-finanzas-eticas\/#primaryimage","url":"https:\/\/www.fiarebancaetica.coop\/app\/uploads\/sites\/2\/2023\/12\/buenos-augurios-para-ciudadania-y-para-las-finanzas-eticas_0.jpg","contentUrl":"https:\/\/www.fiarebancaetica.coop\/app\/uploads\/sites\/2\/2023\/12\/buenos-augurios-para-ciudadania-y-para-las-finanzas-eticas_0.jpg","width":709,"height":257},{"@type":"BreadcrumbList","@id":"https:\/\/www.fiarebancaetica.coop\/eu\/buenos-augurios-para-la-ciudadania-y-para-las-finanzas-eticas\/#breadcrumb","itemListElement":[{"@type":"ListItem","position":1,"name":"Home","item":"https:\/\/www.fiarebancaetica.coop\/eu\/"},{"@type":"ListItem","position":2,"name":"Buenos augurios para la ciudadan\u00eda y para las finanzas \u00e9ticas"}]},{"@type":"WebSite","@id":"https:\/\/www.fiarebancaetica.coop\/eu\/#website","url":"https:\/\/www.fiarebancaetica.coop\/eu\/","name":"Fiare Banca Etica","description":"","potentialAction":[{"@type":"SearchAction","target":{"@type":"EntryPoint","urlTemplate":"https:\/\/www.fiarebancaetica.coop\/eu\/?s={search_term_string}"},"query-input":{"@type":"PropertyValueSpecification","valueRequired":true,"valueName":"search_term_string"}}],"inLanguage":"eu"},{"@type":"Person","@id":"https:\/\/www.fiarebancaetica.coop\/eu\/#\/schema\/person\/579841e89c804b5db05d9141bd9b8272","name":"crispyadmin0","image":{"@type":"ImageObject","inLanguage":"eu","@id":"https:\/\/www.fiarebancaetica.coop\/eu\/#\/schema\/person\/image\/5f3a6b7786f32f4c35bd2b1a5a4698ea","url":"https:\/\/secure.gravatar.com\/avatar\/4d2cfb499d497b6d49da659fab7404b243a87fe8e40d2cf97a1cae48f677f5b2?s=96&d=mm&r=g","contentUrl":"https:\/\/secure.gravatar.com\/avatar\/4d2cfb499d497b6d49da659fab7404b243a87fe8e40d2cf97a1cae48f677f5b2?s=96&d=mm&r=g","caption":"crispyadmin0"},"sameAs":["crispyadmin0"]}]}},"_links":{"self":[{"href":"https:\/\/www.fiarebancaetica.coop\/eu\/wp-json\/wp\/v2\/posts\/346199","targetHints":{"allow":["GET"]}}],"collection":[{"href":"https:\/\/www.fiarebancaetica.coop\/eu\/wp-json\/wp\/v2\/posts"}],"about":[{"href":"https:\/\/www.fiarebancaetica.coop\/eu\/wp-json\/wp\/v2\/types\/post"}],"author":[{"embeddable":true,"href":"https:\/\/www.fiarebancaetica.coop\/eu\/wp-json\/wp\/v2\/users\/2"}],"replies":[{"embeddable":true,"href":"https:\/\/www.fiarebancaetica.coop\/eu\/wp-json\/wp\/v2\/comments?post=346199"}],"version-history":[{"count":2,"href":"https:\/\/www.fiarebancaetica.coop\/eu\/wp-json\/wp\/v2\/posts\/346199\/revisions"}],"predecessor-version":[{"id":353257,"href":"https:\/\/www.fiarebancaetica.coop\/eu\/wp-json\/wp\/v2\/posts\/346199\/revisions\/353257"}],"wp:featuredmedia":[{"embeddable":true,"href":"https:\/\/www.fiarebancaetica.coop\/eu\/wp-json\/wp\/v2\/media\/324526"}],"wp:attachment":[{"href":"https:\/\/www.fiarebancaetica.coop\/eu\/wp-json\/wp\/v2\/media?parent=346199"}],"wp:term":[{"taxonomy":"category","embeddable":true,"href":"https:\/\/www.fiarebancaetica.coop\/eu\/wp-json\/wp\/v2\/categories?post=346199"},{"taxonomy":"post_tag","embeddable":true,"href":"https:\/\/www.fiarebancaetica.coop\/eu\/wp-json\/wp\/v2\/tags?post=346199"},{"taxonomy":"author","embeddable":true,"href":"https:\/\/www.fiarebancaetica.coop\/eu\/wp-json\/wp\/v2\/coauthors?post=346199"}],"curies":[{"name":"wp","href":"https:\/\/api.w.org\/{rel}","templated":true}]}}