{"id":346280,"date":"2015-08-18T00:00:00","date_gmt":"2015-08-17T22:00:00","guid":{"rendered":"https:\/\/www.fiarebancaetica.coop\/bico-de-grao-ilusion-a-granel\/"},"modified":"2024-02-21T16:08:53","modified_gmt":"2024-02-21T15:08:53","slug":"bico-de-grao-ilusion-a-granel","status":"publish","type":"post","link":"https:\/\/www.fiarebancaetica.coop\/eu\/bico-de-grao-ilusion-a-granel\/","title":{"rendered":"Bico de Grao: Ilusi\u00f3n a granel"},"content":{"rendered":"\n\n<div class=\"wp-block-bancaetica-blocks-blocks-block-49\">\n    <div class=\"container-block-49\">\n\n        <div class=\"header-section \">\n                            <h1 class=\"section-title\"> Etica e cooperativa <\/h1>\n                                            <\/div>\n\n        \n        <div class=\"block-background\" style=\"background-image: url('https:\/\/www.fiarebancaetica.coop\/app\/uploads\/sites\/2\/2023\/12\/bico-de-grao-ilusion-granel.jpg')\">\n                            <div class=\"tile\">\n                    <h1 class=\"image-title\"> Bico de Grao: Ilusi\u00f3n a granel <\/h1>\n                <\/div>             <!-- end .tile -->\n            <div class=\"bottom-content\">\n                            <\/div> <!-- end .button-content -->\n        <\/div> <!-- end .block-background -->\n    <\/div> <!-- end .container -->\n<\/div> <!-- end wp-block-bancaetica-blocks-blocks-block-06 -->\n\n\n<div class=\"wrapper-crispybacon-class wrapper-crispybacon-class-boxed \">\n    <ul>\n\t<li>\n\t\t<a href=\"#Gallego\">Lee este art\u00edculo en gallego<\/a><\/li>\n<\/ul>\n<p>Bico de grao es una cooperativa gallega que ha abierto en Lugo una tienda de alimentos org\u00e1nicos no pereceros y a granel, un proyecto integral que apuesta por <strong>el consumo responsable, la sostenibilidad y los productos bio de proximidad a un precio justo.<\/strong><\/p>\n<p><br \/>\n\tEl proyecto parte de la iniciativa de tres mujeres: Marta P\u00e9rez, Amaia Santamarta y Vanessa R\u00edos; que con el objetivo de fomentar una alimentaci\u00f3n m\u00e1s saludable, abrieron este establecimiento pionero en Lugo.<br \/>\n\t<br \/>\n\tBico de grao nace de la voluntad cooperativa de llevar a cabo un proyecto que pueda dar respuesta a las inquietudes de estas emprendedoras de encontrar espacios comunes respectuosos con el medio ambiente y que prevalezcan sobre los objetivos de car\u00e1cter meramente econ\u00f3micos.<br \/>\n\t<br \/>\n\tEn la tienda se pueden encontrar una gran variedad de productos no perecederos como legumbres, harinas, pastas, arroces, cereales,&nbsp; frutos secos e incluso golosinas ecol\u00f3gicas.<br \/>\n\t<br \/>\n\tAdem\u00e1s del ahorro que supone comprar a granel, se busca <strong>sensibilizar al cliente en la reducci\u00f3n de envases y&nbsp; su reutilizaci\u00f3n<\/strong>, ofreciendo descuentos para todos aquellos clientes que traigan sus propios envases y continentes.<\/p>\n<h2>\n\tUn espacio de encuentro y divulgaci\u00f3n<\/h2>\n<p>La tienda, que cuenta con un espacio dedicado a la divulgaci\u00f3n y contenido did\u00e1ctico sobre alimentaci\u00f3n y consumo, tambi\u00e9n pretende ser un lugar de encuentro para <strong>restablecer el contacto entre productores y consumidores.<\/strong><br \/>\n\t<br \/>\n\tAdem\u00e1s dentro de sus objetivos est\u00e1 el <strong>organizar encuentros, actividades y talleres,<\/strong> en un espacio que gire en torno a los conceptos de consumo responsable, soberan\u00eda alimentaria, comercio justo, agroecolog\u00eda, respecto, feminismo, cooperaci\u00f3n solidaridad y desarrollo personal.<br \/>\n\t<br \/>\n\tOtro de los pilares fundamentales del proyecto consiste en el <strong>trabajo en red <\/strong>con otras tiendas o asociaciones para la organizaci\u00f3n conjunta de actividades y la creaci\u00f3n de redes de apoyo. En esta l\u00ednea, la cooperativa ha puesto en marcha un grupo de consumo de alimentos,&nbsp; que incluye productos frescos, para apoyar la producci\u00f3n local y la agricultura ecol\u00f3gica.<\/p>\n<p>Adem\u00e1s en la tienda se dispondr\u00e1 de un lugar muy especial, un espacio para ni\u00f1os y ni\u00f1as con libros y juguetes de los m\u00e9todos Montessori y Waldorf y con mu\u00f1ecos de la <strong>marca Fixeno eu<\/strong>, creada por Vanessa, una de las promotoras de este proyecto.<\/p>\n<p><a href=\"http:\/\/www.facebook.com\/bicodegrao\">www.facebook.com\/bicodegrao<\/a><\/p>\n<p>&nbsp;<\/p>\n<h2>\n\t_____________________________________________<\/h2>\n<h2>\n\t<a id=\"Gallego\" name=\"Gallego\">Bico de grao: ilusi\u00f3n a granel<\/a><\/h2>\n<p><br \/>\n\tBico de grao \u00e9 unha cooperativa galega que abriu en Lugo unha tenda de alimentos org\u00e1nicos non perecedoiros e a granel, <strong>un proxecto integral que aposta polo consumo responsable, a sustentabilidade e os produtos bio de proximidade a un prezo xusto.<\/strong><\/p>\n<p>O proxecto parte da iniciativa de tres mulleres: Marta P\u00e9rez, Amaia Santamarta e Vanessa R\u00edos; que co obxectivo de fomentar unha alimentaci\u00f3n m\u00e1is saudable e un consumo responsable, abriron este local pioneiro en Lugo.<\/p>\n<p>Bico de grao nace da vontade cooperativa de levar a cabo un proxecto que poida dar resposta \u00e1s inquedanzas destas emprendedoras de atopar <strong>espazos com\u00fans respectuosos co medio ambiente <\/strong>e que prevalezan sobre os obxectivos de car\u00e1cter meramente econ\u00f3micos.<\/p>\n<p>Na tenda p\u00f3dese atopar unha gran variedade de produtos non perecedoiros como legumes, fari\u00f1as, pastas, arroces, cereais, froitos secos e mesmo lambetadas ecol\u00f3xicas.<\/p>\n<p>Ademais do aforro que sup\u00f3n comprar a granel, b\u00fascase sensibilizar \u00e1 clientela sobre a reduci\u00f3n de envases e a s\u00faa reutilizaci\u00f3n, ofrecendo descontos para aqueles\/as que traian os seus propios envases e continentes.<\/p>\n<p><strong>Un espazo de encontro e divulgaci\u00f3n<\/strong><\/p>\n<p>A tenda, que conta cun espazo dedicado \u00e1 divulgaci\u00f3n e contido did\u00e1ctico sobre alimentaci\u00f3n e consumo, tam\u00e9n pretende ser un lugar de encontro para restablecer o contacto entre persoas produtoras e consumidoras.<\/p>\n<p>Ademais dentro dos seus obxectivos est\u00e1 a organizaci\u00f3n de encontros, actividades e obradoiros, nun espazo que vire ao redor dos conceptos de consumo responsable, soberan\u00eda alimentaria, comercio xusto, agroecolox\u00eda, respecto, feminismo, cooperaci\u00f3n, solidariedade e desenvolvemento persoal.<\/p>\n<p>Outro dos alicerces fundamentais do proxecto consiste no<strong> traballo en rede<\/strong> con outras tendas ou asociaci\u00f3ns para a organizaci\u00f3n conxunta de actividades e a creaci\u00f3n de redes de apoio. Nesta li\u00f1a, a cooperativa puxo en marcha un grupo de consumo de alimentos, que incl\u00fae produtos frescos, para apoiar a produci\u00f3n local e a agricultura ecol\u00f3xica.<\/p>\n<p>Ademais na tenda disporase dun lugar moi especial, un espazo para nenos e nenas con libros e xoguetes dos m\u00e9todos Montessori e Waldorf e con bonecos da marca F\u00edxeno eu, creada por Vanessa, unha das promotoras deste proxecto.<\/p>\n<p><a href=\"http:\/\/www.facebook.com\/bicodegrao\">www.facebook.com\/bicodegrao<\/a><\/p>\n<\/div>","protected":false},"excerpt":{"rendered":"<p>Bico de grao es una cooperativa gallega que ha abierto en Lugo una tienda de alimentos org\u00e1nicos no pereceros y a granel, un proyecto integral que apuesta por el consumo responsable, la sostenibilidad y los productos bio de proximidad a un precio justo.<\/p>\n","protected":false},"author":2,"featured_media":323933,"comment_status":"open","ping_status":"closed","sticky":false,"template":"","format":"standard","meta":{"_acf_changed":false,"footnotes":""},"categories":[11663],"tags":[],"coauthors":[],"class_list":["post-346280","post","type-post","status-publish","format-standard","has-post-thumbnail","hentry","category-eragin-positiboa-duten-istorioak"],"acf":[],"yoast_head":"<!-- This site is optimized with the Yoast SEO plugin v26.9 - https:\/\/yoast.com\/product\/yoast-seo-wordpress\/ -->\n<title>Bico de Grao: Ilusi\u00f3n a granel - Fiare Banca Etica<\/title>\n<meta name=\"robots\" content=\"index, follow, max-snippet:-1, max-image-preview:large, max-video-preview:-1\" \/>\n<link rel=\"canonical\" href=\"https:\/\/www.fiarebancaetica.coop\/eu\/bico-de-grao-ilusion-a-granel\/\" \/>\n<meta property=\"og:locale\" content=\"eu_ES\" \/>\n<meta property=\"og:type\" content=\"article\" \/>\n<meta property=\"og:title\" content=\"Bico de Grao: Ilusi\u00f3n a granel - Fiare Banca Etica\" \/>\n<meta property=\"og:description\" content=\"Bico de grao es una cooperativa gallega que ha abierto en Lugo una tienda de alimentos org\u00e1nicos no pereceros y a granel, un proyecto integral que apuesta por el consumo responsable, la sostenibilidad y los productos bio de proximidad a un precio justo.\" \/>\n<meta property=\"og:url\" content=\"https:\/\/www.fiarebancaetica.coop\/eu\/bico-de-grao-ilusion-a-granel\/\" \/>\n<meta property=\"og:site_name\" content=\"Fiare Banca Etica\" \/>\n<meta property=\"article:published_time\" content=\"2015-08-17T22:00:00+00:00\" \/>\n<meta property=\"article:modified_time\" content=\"2024-02-21T15:08:53+00:00\" \/>\n<meta property=\"og:image\" content=\"https:\/\/www.fiarebancaetica.coop\/app\/uploads\/sites\/2\/2023\/12\/bico-de-grao-ilusion-granel.jpg\" \/>\n\t<meta property=\"og:image:width\" content=\"652\" \/>\n\t<meta property=\"og:image:height\" content=\"283\" \/>\n\t<meta property=\"og:image:type\" content=\"image\/jpeg\" \/>\n<meta name=\"author\" content=\"crispyadmin0\" \/>\n<meta name=\"twitter:card\" content=\"summary_large_image\" \/>\n<script type=\"application\/ld+json\" class=\"yoast-schema-graph\">{\"@context\":\"https:\/\/schema.org\",\"@graph\":[{\"@type\":\"Article\",\"@id\":\"https:\/\/www.fiarebancaetica.coop\/eu\/bico-de-grao-ilusion-a-granel\/#article\",\"isPartOf\":{\"@id\":\"https:\/\/www.fiarebancaetica.coop\/eu\/bico-de-grao-ilusion-a-granel\/\"},\"author\":{\"name\":\"crispyadmin0\",\"@id\":\"https:\/\/www.fiarebancaetica.coop\/eu\/#\/schema\/person\/579841e89c804b5db05d9141bd9b8272\"},\"headline\":\"Bico de Grao: Ilusi\u00f3n a granel\",\"datePublished\":\"2015-08-17T22:00:00+00:00\",\"dateModified\":\"2024-02-21T15:08:53+00:00\",\"mainEntityOfPage\":{\"@id\":\"https:\/\/www.fiarebancaetica.coop\/eu\/bico-de-grao-ilusion-a-granel\/\"},\"wordCount\":788,\"commentCount\":0,\"image\":{\"@id\":\"https:\/\/www.fiarebancaetica.coop\/eu\/bico-de-grao-ilusion-a-granel\/#primaryimage\"},\"thumbnailUrl\":\"https:\/\/www.fiarebancaetica.coop\/app\/uploads\/sites\/2\/2023\/12\/bico-de-grao-ilusion-granel.jpg\",\"articleSection\":[\"Eragin positiboa duten istorioak\"],\"inLanguage\":\"eu\",\"potentialAction\":[{\"@type\":\"CommentAction\",\"name\":\"Comment\",\"target\":[\"https:\/\/www.fiarebancaetica.coop\/eu\/bico-de-grao-ilusion-a-granel\/#respond\"]}]},{\"@type\":\"WebPage\",\"@id\":\"https:\/\/www.fiarebancaetica.coop\/eu\/bico-de-grao-ilusion-a-granel\/\",\"url\":\"https:\/\/www.fiarebancaetica.coop\/eu\/bico-de-grao-ilusion-a-granel\/\",\"name\":\"Bico de Grao: Ilusi\u00f3n a granel - Fiare Banca Etica\",\"isPartOf\":{\"@id\":\"https:\/\/www.fiarebancaetica.coop\/eu\/#website\"},\"primaryImageOfPage\":{\"@id\":\"https:\/\/www.fiarebancaetica.coop\/eu\/bico-de-grao-ilusion-a-granel\/#primaryimage\"},\"image\":{\"@id\":\"https:\/\/www.fiarebancaetica.coop\/eu\/bico-de-grao-ilusion-a-granel\/#primaryimage\"},\"thumbnailUrl\":\"https:\/\/www.fiarebancaetica.coop\/app\/uploads\/sites\/2\/2023\/12\/bico-de-grao-ilusion-granel.jpg\",\"datePublished\":\"2015-08-17T22:00:00+00:00\",\"dateModified\":\"2024-02-21T15:08:53+00:00\",\"author\":{\"@id\":\"https:\/\/www.fiarebancaetica.coop\/eu\/#\/schema\/person\/579841e89c804b5db05d9141bd9b8272\"},\"breadcrumb\":{\"@id\":\"https:\/\/www.fiarebancaetica.coop\/eu\/bico-de-grao-ilusion-a-granel\/#breadcrumb\"},\"inLanguage\":\"eu\",\"potentialAction\":[{\"@type\":\"ReadAction\",\"target\":[\"https:\/\/www.fiarebancaetica.coop\/eu\/bico-de-grao-ilusion-a-granel\/\"]}]},{\"@type\":\"ImageObject\",\"inLanguage\":\"eu\",\"@id\":\"https:\/\/www.fiarebancaetica.coop\/eu\/bico-de-grao-ilusion-a-granel\/#primaryimage\",\"url\":\"https:\/\/www.fiarebancaetica.coop\/app\/uploads\/sites\/2\/2023\/12\/bico-de-grao-ilusion-granel.jpg\",\"contentUrl\":\"https:\/\/www.fiarebancaetica.coop\/app\/uploads\/sites\/2\/2023\/12\/bico-de-grao-ilusion-granel.jpg\",\"width\":652,\"height\":283},{\"@type\":\"BreadcrumbList\",\"@id\":\"https:\/\/www.fiarebancaetica.coop\/eu\/bico-de-grao-ilusion-a-granel\/#breadcrumb\",\"itemListElement\":[{\"@type\":\"ListItem\",\"position\":1,\"name\":\"Home\",\"item\":\"https:\/\/www.fiarebancaetica.coop\/eu\/\"},{\"@type\":\"ListItem\",\"position\":2,\"name\":\"Bico de Grao: Ilusi\u00f3n a granel\"}]},{\"@type\":\"WebSite\",\"@id\":\"https:\/\/www.fiarebancaetica.coop\/eu\/#website\",\"url\":\"https:\/\/www.fiarebancaetica.coop\/eu\/\",\"name\":\"Fiare Banca Etica\",\"description\":\"\",\"potentialAction\":[{\"@type\":\"SearchAction\",\"target\":{\"@type\":\"EntryPoint\",\"urlTemplate\":\"https:\/\/www.fiarebancaetica.coop\/eu\/?s={search_term_string}\"},\"query-input\":{\"@type\":\"PropertyValueSpecification\",\"valueRequired\":true,\"valueName\":\"search_term_string\"}}],\"inLanguage\":\"eu\"},{\"@type\":\"Person\",\"@id\":\"https:\/\/www.fiarebancaetica.coop\/eu\/#\/schema\/person\/579841e89c804b5db05d9141bd9b8272\",\"name\":\"crispyadmin0\",\"image\":{\"@type\":\"ImageObject\",\"inLanguage\":\"eu\",\"@id\":\"https:\/\/www.fiarebancaetica.coop\/eu\/#\/schema\/person\/image\/5f3a6b7786f32f4c35bd2b1a5a4698ea\",\"url\":\"https:\/\/secure.gravatar.com\/avatar\/4d2cfb499d497b6d49da659fab7404b243a87fe8e40d2cf97a1cae48f677f5b2?s=96&d=mm&r=g\",\"contentUrl\":\"https:\/\/secure.gravatar.com\/avatar\/4d2cfb499d497b6d49da659fab7404b243a87fe8e40d2cf97a1cae48f677f5b2?s=96&d=mm&r=g\",\"caption\":\"crispyadmin0\"},\"sameAs\":[\"crispyadmin0\"]}]}<\/script>\n<!-- \/ Yoast SEO plugin. -->","yoast_head_json":{"title":"Bico de Grao: Ilusi\u00f3n a granel - Fiare Banca Etica","robots":{"index":"index","follow":"follow","max-snippet":"max-snippet:-1","max-image-preview":"max-image-preview:large","max-video-preview":"max-video-preview:-1"},"canonical":"https:\/\/www.fiarebancaetica.coop\/eu\/bico-de-grao-ilusion-a-granel\/","og_locale":"eu_ES","og_type":"article","og_title":"Bico de Grao: Ilusi\u00f3n a granel - Fiare Banca Etica","og_description":"Bico de grao es una cooperativa gallega que ha abierto en Lugo una tienda de alimentos org\u00e1nicos no pereceros y a granel, un proyecto integral que apuesta por el consumo responsable, la sostenibilidad y los productos bio de proximidad a un precio justo.","og_url":"https:\/\/www.fiarebancaetica.coop\/eu\/bico-de-grao-ilusion-a-granel\/","og_site_name":"Fiare Banca Etica","article_published_time":"2015-08-17T22:00:00+00:00","article_modified_time":"2024-02-21T15:08:53+00:00","og_image":[{"width":652,"height":283,"url":"https:\/\/www.fiarebancaetica.coop\/app\/uploads\/sites\/2\/2023\/12\/bico-de-grao-ilusion-granel.jpg","type":"image\/jpeg"}],"author":"crispyadmin0","twitter_card":"summary_large_image","schema":{"@context":"https:\/\/schema.org","@graph":[{"@type":"Article","@id":"https:\/\/www.fiarebancaetica.coop\/eu\/bico-de-grao-ilusion-a-granel\/#article","isPartOf":{"@id":"https:\/\/www.fiarebancaetica.coop\/eu\/bico-de-grao-ilusion-a-granel\/"},"author":{"name":"crispyadmin0","@id":"https:\/\/www.fiarebancaetica.coop\/eu\/#\/schema\/person\/579841e89c804b5db05d9141bd9b8272"},"headline":"Bico de Grao: Ilusi\u00f3n a granel","datePublished":"2015-08-17T22:00:00+00:00","dateModified":"2024-02-21T15:08:53+00:00","mainEntityOfPage":{"@id":"https:\/\/www.fiarebancaetica.coop\/eu\/bico-de-grao-ilusion-a-granel\/"},"wordCount":788,"commentCount":0,"image":{"@id":"https:\/\/www.fiarebancaetica.coop\/eu\/bico-de-grao-ilusion-a-granel\/#primaryimage"},"thumbnailUrl":"https:\/\/www.fiarebancaetica.coop\/app\/uploads\/sites\/2\/2023\/12\/bico-de-grao-ilusion-granel.jpg","articleSection":["Eragin positiboa duten istorioak"],"inLanguage":"eu","potentialAction":[{"@type":"CommentAction","name":"Comment","target":["https:\/\/www.fiarebancaetica.coop\/eu\/bico-de-grao-ilusion-a-granel\/#respond"]}]},{"@type":"WebPage","@id":"https:\/\/www.fiarebancaetica.coop\/eu\/bico-de-grao-ilusion-a-granel\/","url":"https:\/\/www.fiarebancaetica.coop\/eu\/bico-de-grao-ilusion-a-granel\/","name":"Bico de Grao: Ilusi\u00f3n a granel - Fiare Banca Etica","isPartOf":{"@id":"https:\/\/www.fiarebancaetica.coop\/eu\/#website"},"primaryImageOfPage":{"@id":"https:\/\/www.fiarebancaetica.coop\/eu\/bico-de-grao-ilusion-a-granel\/#primaryimage"},"image":{"@id":"https:\/\/www.fiarebancaetica.coop\/eu\/bico-de-grao-ilusion-a-granel\/#primaryimage"},"thumbnailUrl":"https:\/\/www.fiarebancaetica.coop\/app\/uploads\/sites\/2\/2023\/12\/bico-de-grao-ilusion-granel.jpg","datePublished":"2015-08-17T22:00:00+00:00","dateModified":"2024-02-21T15:08:53+00:00","author":{"@id":"https:\/\/www.fiarebancaetica.coop\/eu\/#\/schema\/person\/579841e89c804b5db05d9141bd9b8272"},"breadcrumb":{"@id":"https:\/\/www.fiarebancaetica.coop\/eu\/bico-de-grao-ilusion-a-granel\/#breadcrumb"},"inLanguage":"eu","potentialAction":[{"@type":"ReadAction","target":["https:\/\/www.fiarebancaetica.coop\/eu\/bico-de-grao-ilusion-a-granel\/"]}]},{"@type":"ImageObject","inLanguage":"eu","@id":"https:\/\/www.fiarebancaetica.coop\/eu\/bico-de-grao-ilusion-a-granel\/#primaryimage","url":"https:\/\/www.fiarebancaetica.coop\/app\/uploads\/sites\/2\/2023\/12\/bico-de-grao-ilusion-granel.jpg","contentUrl":"https:\/\/www.fiarebancaetica.coop\/app\/uploads\/sites\/2\/2023\/12\/bico-de-grao-ilusion-granel.jpg","width":652,"height":283},{"@type":"BreadcrumbList","@id":"https:\/\/www.fiarebancaetica.coop\/eu\/bico-de-grao-ilusion-a-granel\/#breadcrumb","itemListElement":[{"@type":"ListItem","position":1,"name":"Home","item":"https:\/\/www.fiarebancaetica.coop\/eu\/"},{"@type":"ListItem","position":2,"name":"Bico de Grao: Ilusi\u00f3n a granel"}]},{"@type":"WebSite","@id":"https:\/\/www.fiarebancaetica.coop\/eu\/#website","url":"https:\/\/www.fiarebancaetica.coop\/eu\/","name":"Fiare Banca Etica","description":"","potentialAction":[{"@type":"SearchAction","target":{"@type":"EntryPoint","urlTemplate":"https:\/\/www.fiarebancaetica.coop\/eu\/?s={search_term_string}"},"query-input":{"@type":"PropertyValueSpecification","valueRequired":true,"valueName":"search_term_string"}}],"inLanguage":"eu"},{"@type":"Person","@id":"https:\/\/www.fiarebancaetica.coop\/eu\/#\/schema\/person\/579841e89c804b5db05d9141bd9b8272","name":"crispyadmin0","image":{"@type":"ImageObject","inLanguage":"eu","@id":"https:\/\/www.fiarebancaetica.coop\/eu\/#\/schema\/person\/image\/5f3a6b7786f32f4c35bd2b1a5a4698ea","url":"https:\/\/secure.gravatar.com\/avatar\/4d2cfb499d497b6d49da659fab7404b243a87fe8e40d2cf97a1cae48f677f5b2?s=96&d=mm&r=g","contentUrl":"https:\/\/secure.gravatar.com\/avatar\/4d2cfb499d497b6d49da659fab7404b243a87fe8e40d2cf97a1cae48f677f5b2?s=96&d=mm&r=g","caption":"crispyadmin0"},"sameAs":["crispyadmin0"]}]}},"_links":{"self":[{"href":"https:\/\/www.fiarebancaetica.coop\/eu\/wp-json\/wp\/v2\/posts\/346280","targetHints":{"allow":["GET"]}}],"collection":[{"href":"https:\/\/www.fiarebancaetica.coop\/eu\/wp-json\/wp\/v2\/posts"}],"about":[{"href":"https:\/\/www.fiarebancaetica.coop\/eu\/wp-json\/wp\/v2\/types\/post"}],"author":[{"embeddable":true,"href":"https:\/\/www.fiarebancaetica.coop\/eu\/wp-json\/wp\/v2\/users\/2"}],"replies":[{"embeddable":true,"href":"https:\/\/www.fiarebancaetica.coop\/eu\/wp-json\/wp\/v2\/comments?post=346280"}],"version-history":[{"count":1,"href":"https:\/\/www.fiarebancaetica.coop\/eu\/wp-json\/wp\/v2\/posts\/346280\/revisions"}],"predecessor-version":[{"id":353183,"href":"https:\/\/www.fiarebancaetica.coop\/eu\/wp-json\/wp\/v2\/posts\/346280\/revisions\/353183"}],"wp:featuredmedia":[{"embeddable":true,"href":"https:\/\/www.fiarebancaetica.coop\/eu\/wp-json\/wp\/v2\/media\/323933"}],"wp:attachment":[{"href":"https:\/\/www.fiarebancaetica.coop\/eu\/wp-json\/wp\/v2\/media?parent=346280"}],"wp:term":[{"taxonomy":"category","embeddable":true,"href":"https:\/\/www.fiarebancaetica.coop\/eu\/wp-json\/wp\/v2\/categories?post=346280"},{"taxonomy":"post_tag","embeddable":true,"href":"https:\/\/www.fiarebancaetica.coop\/eu\/wp-json\/wp\/v2\/tags?post=346280"},{"taxonomy":"author","embeddable":true,"href":"https:\/\/www.fiarebancaetica.coop\/eu\/wp-json\/wp\/v2\/coauthors?post=346280"}],"curies":[{"name":"wp","href":"https:\/\/api.w.org\/{rel}","templated":true}]}}