{"id":346325,"date":"2015-05-25T00:00:00","date_gmt":"2015-05-24T22:00:00","guid":{"rendered":"https:\/\/www.fiarebancaetica.coop\/encuentro-de-personas-socias-del-area-fiare\/"},"modified":"2024-02-21T16:10:37","modified_gmt":"2024-02-21T15:10:37","slug":"encuentro-de-personas-socias-del-area-fiare","status":"publish","type":"post","link":"https:\/\/www.fiarebancaetica.coop\/eu\/encuentro-de-personas-socias-del-area-fiare\/","title":{"rendered":"Encuentro de personas socias del \u00c1rea Fiare"},"content":{"rendered":"\n\n<div class=\"wp-block-bancaetica-blocks-blocks-block-49\">\n    <div class=\"container-block-49\">\n\n        <div class=\"header-section \">\n                            <h1 class=\"section-title\"> Etica e cooperativa <\/h1>\n                                            <\/div>\n\n        \n        <div class=\"block-background\" style=\"background-image: url('https:\/\/www.fiarebancaetica.coop\/app\/uploads\/sites\/2\/2023\/12\/encuentro-de-personas-socias-del-area-fiare_0.jpg')\">\n                            <div class=\"tile\">\n                    <h1 class=\"image-title\"> Encuentro de personas socias del \u00c1rea Fiare <\/h1>\n                <\/div>             <!-- end .tile -->\n            <div class=\"bottom-content\">\n                            <\/div> <!-- end .button-content -->\n        <\/div> <!-- end .block-background -->\n    <\/div> <!-- end .container -->\n<\/div> <!-- end wp-block-bancaetica-blocks-blocks-block-06 -->\n\n\n<div class=\"wrapper-crispybacon-class wrapper-crispybacon-class-boxed \">\n    <p><em><strong>Art\u00edculo de Laura L\u00f3pez&nbsp; \u2013 Responsable del \u00c1rea Sociocultural<\/strong><\/em><\/p>\n<p>El encuentro de personas socias del \u00c1rea Fiare del pasado 16 de mayo del 2015 en Madrid, fue un momento muy especial y enriquecedor para todas nosotras. Un encuentro entre amigos y compa\u00f1eros de viaje: socias y personal laboral que se reconocen desde hace tiempo como parte de un mismo proyecto de finanzas \u00e9ticas y transformaci\u00f3n social. 120 personas (que representaban a muchas m\u00e1s que no pudieron acudir) que han puesto durante a\u00f1os mucha energ\u00eda e ilusi\u00f3n en el sue\u00f1o de ofrecer una alternativa de Banca Etica participativa a una base social y a una sociedad que la reclama hace tiempo.<br \/>\n\t<br \/>\n\tPersonas con nombres y apellidos, con sonrisas y palabras de agradecimiento y tambi\u00e9n de dudas por saber c\u00f3mo podemos avanzar en esta nueva e ilusionante etapa . Etapa en la que tenemos que&nbsp; avanzar en la integraci\u00f3n en un sistema tan rico y&nbsp; complejo como es Banca Etica, y la puesta en marcha de la nueva sucursal bancaria en Espa\u00f1a.<\/p>\n<p>Este mismo d\u00eda ten\u00eda lugar la asamblea ordinaria de Banca Etica en Mil\u00e1n, no fue casualidad, lo elegimos as\u00ed como un momento simb\u00f3lico y de esta manera, pudimos compartir via streaming la intervenci\u00f3n inicial del presidente, Ugo Biggeri y el saludo en directo con nuestro consejero, Peru Sasia, a todas las personas reunidas en Mil\u00e1n, que llen\u00f3 de emotividad el ambiente de la sala.<\/p>\n<p>Y con esta emoci\u00f3n compartida comenzamos una ma\u00f1ana intensa cargada de contenidos sobre Banca Etica y el Area Fiare, en la que surgieron c\u00e1lidos aplausos de reconocimiento para las personas coordinadoras de los GITs y tambi\u00e9n para cada uno de los miembros del equipo profesional de Fiare, que fueron presentados uno a uno por sugerencia de un socio.<\/p>\n<p>En lo que al programa se refiere, el primero en intervenir fue Peru Sasia, que present\u00f3 algunos<strong> hitos importantes en el a\u00f1o 2014 para Banca Etica<\/strong>: la dimensi\u00f3n europea con incorporaci\u00f3n del \u00c1rea Fiare, el incremento del cr\u00e9dito a pesar del entorno complejo, la aprobaci\u00f3n del manifiesto pol\u00edtico, la elecci\u00f3n del nuevo Comit\u00e9 de \u00c9tica, la consolidaci\u00f3n de la Fundaci\u00f3n Fiare, como estructura que une las organizaciones socias de referencia del \u00c1rea Fiare, el plan industrial para el periodo 2015-1017. Y sobre todo la apertura el 1 de octubre de 2014, en Bilbao, de la Sucursal de Banca Etica.<br \/>\n\t<br \/>\n\tPeru Sasia explic\u00f3 las l\u00edneas maestras del documento sobre el reglamento electoral que se present\u00f3 simult\u00e1neamente&nbsp; en la Asamblea de Mil\u00e1n y en el que hemos reflexionado desde los GITs de Fiare, t\u00edmida pero responsablemente,&nbsp; conscientes del valor de nuestra participaci\u00f3n en estos procesos que son el alma de la cooperativa.<br \/>\n\tJuan Garibi present\u00f3 y explic\u00f3 los datos m\u00e1s significativos del balance y otros datos de Banca Etica. Tambi\u00e9n present\u00f3&nbsp; la actividad del Area Fiare en un a\u00f1o que ha sido de transici\u00f3n, pasando de ser una agencia a una sucursal (entidad 1550 en el registro del Banco de Espa\u00f1a), indicando que hay un desequilibrio importante entre el cr\u00e9dito y el ahorro, siendo este, el aumento del cr\u00e9dito, uno de los retos principales porque es la herramienta principal que tiene&nbsp; Fiare Banca Etica para transformar la realidad.<br \/>\n\t<br \/>\n\tEn nuestra Area, uno de los retos este a\u00f1o es el fortalecimiento de nuestras zonas, y hemos empezado a trabajar en ello. Debido a la gran extensi\u00f3n territorial como es el estado espa\u00f1ol, nos organizamos en 3 zonas geogr\u00e1ficas: Norte, Mediterr\u00e1nea y Centro-sur, cada una de ellas con su coordinaci\u00f3n de zona, sus GITs correspondientes y su referente de socias.<br \/>\n\t<br \/>\n\t<strong>Los tres referentes de zona: Carlos Askunze, Mar\u00eda Antonia Bartol\u00ed y Beatriz Oliver, <\/strong>realizaron la presentaci\u00f3n de cada una de las zonas y la base social que la componen, los objetivos principales como zona y sobre todo los retos clave para este a\u00f1o, retos que est\u00e1n muy relacionados con el inicio de la operativa y la capitalizaci\u00f3n que ha sido dif\u00edcil tambi\u00e9n para los GITs, y otros retos m\u00e1s relacionados con lo que implica la integraci\u00f3n en la estructura asociativa en Banca Etica. Para nuestros GITs las urgencias est\u00e1n relacionadas con: la motivaci\u00f3n y activaci\u00f3n de los GITs; el paso de socios a Banca Etica en el siguiente periodo de capitalizaci\u00f3n; la mejora de la estructura de coordinaci\u00f3n y comunicaci\u00f3n con la estructura cooperativa; y trabajar en la definici\u00f3n de un proyecto de comunidad de acci\u00f3n.<\/p>\n<p>__________________________________________________________________________________<\/p>\n<p><strong><em>El sentir de los Gits: \u201cHemos vivido con mucha ilusi\u00f3n todo el proceso de integraci\u00f3n con BpE. Este paso hist\u00f3rico y las&nbsp;consecuencias de la apertura de la oficina de Bilbao han tra\u00eddo muchas novedades y adaptaciones al&nbsp;nuevo rol que el GIT tiene que desempe\u00f1ar en esta etapa. En estos momentos estamos redefiniendo&nbsp;nuestros objetivos y acciones, sin olvidar nuestra tarea impulsora del proyecto en el territorio\u201d GIT Galiza Sur<\/em><\/strong><\/p>\n<p><strong><em>___________________________________________________________________________________<\/em><\/strong><\/p>\n<p>En mi intervenci\u00f3n lo primero que hice fue la presentaci\u00f3n en la web del balance social 2.0. por primera vez en castellano. Una valios\u00edsima herramienta de auditoria social, que incluye indicadores y datos que describen el impacto social de la actividad de Banca Etica y refleja nuestro compromiso de promover las finanzas \u00e9ticas y contribuir a crear una econom\u00eda al servicio de las personas y el medio ambiente.<\/p>\n<p><img decoding=\"async\" alt=\"\" src=\"https:\/\/www.fiarebancaetica.coop\/sites\/fiarebancaetica.com\/files\/web\/1peq.jpg\" style=\"width: 400px; height: 303px;\" \/><br \/>\n\t<br \/>\n\tSe repasaron los hitos de los \u00faltimos meses (entre ellos el debate de la gobernanza, la puesta en marcha de la operativa y el refuerzo de las zonas como parte importante del diagrama asociativo). Y se presentaron algunas l\u00edneas de trabajo para este a\u00f1o tan fundamentales como: la formaci\u00f3n a los GITs (coordinaci\u00f3n, comunicaci\u00f3n, evaluaci\u00f3n \u00e9tico-social, educaci\u00f3n financiera,&#8230;); la comunicaci\u00f3n (redes, boletines, web-blog); contribuir en la generaci\u00f3n y animaci\u00f3n en las din\u00e1micas participativas de Banca Etica (debates pol\u00edticos y de participaci\u00f3n, encuentros) y la preparaci\u00f3n para la asamblea extraordinaria de oto\u00f1o de Banca Etica, por primera vez con doble sede Espa\u00f1a-Italia, y por supuesto, el desarrollo del proyecto de Comunidad de acci\u00f3n.<br \/>\n\t<br \/>\n\tPor la tarde tuvimos la oportunidad de tratar en <strong>3 grupos de trabajo<\/strong> algunos contenidos que son claves para nuestro futuro, como: <strong>adquirir un mayor conocimiento de Banca Etica y su estructura cooperativa y asociativa, retos relativos al refuerzo de nuestra comunidad de acci\u00f3n o los mecanismos para seguir construyendo respuestas financieras que hoy no podemos afrontar.<\/strong> Asuntos de extraordinaria importancia para nuestra base social y para la cooperativa que continuaremos trabajando a distintos niveles tras el encuentro.<\/p>\n<p>En el taller El cr\u00e9dito en el Sistema Fiare Banca Etica se debati\u00f3 en una din\u00e1mica participativa, tras una introducci\u00f3n sobre las experiencias de la operativa bancaria de Fiare, como en el nuevo marco propuesto por el proyecto FiareLab, las nuevas oportunidades de creaci\u00f3n de circuitos de ahorro-cr\u00e9dito que puedan implicar a distintos actores pertenecientes y aliados al Sistema de Fiare Banca Etica (Cooperativa, Fundaci\u00f3n Fiare, organizaciones aliadas\u2026.).<\/p>\n<p>En el<strong> taller de Comunidad de acci\u00f3n,<\/strong> tras presentar los objetivos comerciales de este a\u00f1o (los de gits ya se hab\u00edan presentado en la ma\u00f1ana), se trabaj\u00f3 la posibilidades de crear interconexiones y acciones entre la operativa y Gits para lograr un desarrollo tanto comercial como socio-cultural en el Area. C\u00f3mo re-construir estas relaciones con mayor coordinaci\u00f3n y alineando objetivos comunes en relaci\u00f3n a las necesidades de apoyo mutuo, teniendo en cuenta en todo momento las fuerzas con las que contamos.<\/p>\n<p>Quiero expresar un agradecimiento especial a la compa\u00f1era, <strong>Teresa Masciopinto, responsable cultural del Area Sur de Banca Etica<\/strong>, por acompa\u00f1arnos en este d\u00eda, por su presencia, por sus aportes y por su cercan\u00eda.&nbsp; Gracias a ella, nuestras socias pudieron Conocer Banca Etica y su estructura asociativa en otro de los talleres. En un dialogo abierto con las socias, en el que se explic\u00f3 la estructura de participaci\u00f3n en la cooperativa, el diagrama asociativo y las funciones de los diferentes \u00f3rganos institucionales y organismos que la forman, surgi\u00f3 un especial inter\u00e9s por conocer quien compon\u00eda el Grupo Banca Etica y conocer Etica Sgr (la gestora de Fondos, para algunos desconocida).<\/p>\n<p>Y como dijo Peru Sas\u00eda \u201cPara una realidad como la nuestra, encontrarnos cara a cara, debatir \u201cen directo\u201d a nivel de \u00c1rea es una de esas din\u00e1micas de las que no podemos prescindir. Un d\u00eda de trabajo (largo, cansado sobre todo para quienes lleguen de m\u00e1s lejos)\u2026 y un tesoro para Fiare Banca Etica\u201d. Y por eso <strong>seguiremos buscando todos los espacios que hagan falta para seguir encontr\u00e1ndonos y debatiendo,<\/strong> espacios tan necesarios en un momento intenso como el que estamos viviendo: a veces de frustraci\u00f3n y des\u00e1nimo por&nbsp; las dificultades del camino pero llenos de ilusi\u00f3n, de ganas, de nuevas expectativas, sabiendo que no hemos llegado al final de nada y s\u00ed al principio de todo y con la tranquilidad que da saberse acompa\u00f1ado y guiado en los pasos iniciales de esta nueva etapa.<\/p>\n<p>_______________________________________________________________________________<\/p>\n<p>&nbsp;<\/p>\n<h2>\n\tEncontro de persoas socias da \u00c1rea Fiare, 16 de maio de 2015<\/h2>\n<p><em><strong>Artigo de Laura L\u00f3pez&nbsp; \u2013 Responsable da \u00c1rea Sociocultural<\/strong><\/em><br \/>\n\tO encontro de persoas socias da \u00e1rea Fiare do pasado 16 de maio de 2015 en Madrid, foi un momento moi especial e enriquecedor para todas n\u00f3s. Un encontro entre amigos e amigas, compa\u00f1eiros e compa\u00f1eiras de viaxe: socias e persoal laboral que se reco\u00f1ecen desde hai tempo como parte dun mesmo proxecto de finanzas \u00e9ticas e transformaci\u00f3n social. 120 persoas (que representaban a moitas m\u00e1is que non puideron acudir) que puxeron durante anos moita enerx\u00eda e ilusi\u00f3n no so\u00f1o de ofrecer unha alternativa de Banca Etica participativa a unha base social e a unha sociedade que a reclama desde hai tempo.<br \/>\n\t<br \/>\n\tPersoas con nomes e apelidos, con sorrisos e palabras de agradecemento e tam\u00e9n de d\u00fabidas por saber como podemos avanzar nesta nova e ilusionante etapa. Etapa na que temos que avanzar na integraci\u00f3n nun sistema tan rico e complexo como \u00e9 Banca Popolare Etica (co\u00f1ecida en Italia como Banca Etica), e a posta en marcha da nova sucursal bancaria no Estado espa\u00f1ol.<br \/>\n\t<br \/>\n\t3-AsembleaFiare-16maioEste mesmo d\u00eda ti\u00f1a lugar a Asemblea ordinaria de Banca Etica en Mil\u00e1n. Non foi casualidade, elix\u00edmolo as\u00ed como un momento simb\u00f3lico e desta maneira, puidemos compartir via streaming a intervenci\u00f3n inicial do presidente, Ugo Biggeri e o sa\u00fado en directo co noso conselleiro, Peru Sasia, a todas as persoas reunidas en Mil\u00e1n, que encheu de emotividade o ambiente da sala.<br \/>\n\t<br \/>\n\tE con esta emoci\u00f3n compartida comezamos unha ma\u00f1\u00e1 intensa cargada de contidos sobre Banca Etica e a \u00c1rea Fiare, na que xurdiron c\u00e1lidos aplausos de reco\u00f1ecemento para as persoas coordinadoras dos GITs e tam\u00e9n para cada unha das persoas que forman o equipo profesional de Fiare, que foron presentadas unha a unha por suxesti\u00f3n dun socio.<br \/>\n\tTendo en conta o programa previsto, o primeiro en intervir foi Peru Sasia, que presentou alg\u00fans fitos importantes no ano 2014 para Banca Etica: a dimensi\u00f3n europea coa incorporaci\u00f3n da \u00e1rea Fiare, o incremento do cr\u00e9dito a pesar da contorna complexa, a aprobaci\u00f3n do manifesto pol\u00edtico, a elecci\u00f3n do novo Comit\u00e9 de \u00c9tica, a consolidaci\u00f3n da Fundaci\u00f3n Fiare, como estrutura que une as organizaci\u00f3ns socias de referencia da \u00e1rea Fiare, o plan industrial para o per\u00edodo 2015-1017, a concesi\u00f3n de varios premios (Koopera, PRICE\u2026) . E sobre todo a apertura o 1 de outubro de 2014, en Bilbao, da Sucursal de Banca Etica.<br \/>\n\t<br \/>\n\tPeru Sasia explicou as li\u00f1as mestras do documento sobre o regulamento electoral que se presentou simultaneamente na Asemblea de Mil\u00e1n e no que reflexionamos desde os GITs de Fiare, t\u00edmida pero responsablemente, conscientes do valor da nosa participaci\u00f3n nestes procesos que son a alma da cooperativa.<br \/>\n\t<br \/>\n\t1-AsembleaFiare-16maioJuan Garibi presentou e explicou os datos m\u00e1is significativos do balance e outros datos de Banca Etica. Tam\u00e9n presentou a actividade da \u00e1rea Fiare nun ano que foi de transici\u00f3n, pasando de ser unha axencia a unha sucursal (entidade 1550 no rexistro do Banco de Espa\u00f1a), indicando que hai un desequilibrio importante entre o cr\u00e9dito e o aforro, sendo este, o aumento do cr\u00e9dito, un dos retos principais porque \u00e9 a ferramenta principal que ten Fiare Banca Etica para transformar a realidade.<br \/>\n\tNa nosa \u00e1rea (a V de Banca Etica), un dos retos este ano \u00e9 o fortalecemento das nosas zonas, e cozamos a traballar niso. Debido \u00e1 gran extensi\u00f3n territorial como \u00e9 o Estado espa\u00f1ol, organiz\u00e1monos en 3 zonas xeogr\u00e1ficas: Norte, Mediterr\u00e1nea e Centro-sur, cada unha delas coa s\u00faa coordinaci\u00f3n de zona, os seus GITs correspondentes e a persoa referente de socias.<br \/>\n\t<br \/>\n\t2-AsembleaFiare-16maioAs tres referentes de zona: Carlos Askunze, Mar\u00eda Antonia Bartol\u00ed e Beatriz Oliver, realizaron a presentaci\u00f3n de cada unha das zonas e a base social que a compo\u00f1en, os obxectivos principais como zona e sobre todo os retos chave para este ano, retos que est\u00e1n moi relacionados co inicio da operativa e a capitalizaci\u00f3n que foi dif\u00edcil tam\u00e9n para os GITs, e outros retos m\u00e1is relacionados co que implica a integraci\u00f3n na estrutura asociativa en Banca Etica. Para os nosos GITs as urxencias est\u00e1n relacionadas con: a motivaci\u00f3n e activaci\u00f3n dos GITs; o traspaso de persoas socias a Banca Etica no seguinte per\u00edodo de capitalizaci\u00f3n; a mellora da estrutura de coordinaci\u00f3n e comunicaci\u00f3n coa estrutura cooperativa; e traballar na definici\u00f3n dun proxecto de comunidade de acci\u00f3n.<br \/>\n\tO sentir dos Gits: \u201cVivimos con moita ilusi\u00f3n todo o proceso de integraci\u00f3n con Banca Etica. Este paso hist\u00f3rico e as consecuencias da apertura da oficina de Bilbao trouxeron moitas novidades e adaptaci\u00f3ns ao novo rol que o GIT ten que desempe\u00f1ar nesta etapa. Nestes momentos estamos a redefinir os nosos obxectivos e acci\u00f3ns, sen esquecer a nosa tarefa impulsora do proxecto no territorio\u201d (GIT Galiza Sur).<br \/>\n\t<br \/>\n\tNa mi\u00f1a intervenci\u00f3n o primeiro que fixen foi a presentaci\u00f3n da web do Balance Social 2.0. por primeira vez en castel\u00e1n. Unha valios\u00edsima ferramenta de auditoria social, que incl\u00fae indicadores e datos que describen o impacto social da actividade de Banca Etica e reflicte o noso compromiso de promover as finanzas \u00e9ticas e contribu\u00edr a crear unha econom\u00eda ao servizo das persoas e o medio ambiente.<br \/>\n\t<br \/>\n\t5-AsembleaFiare-16maioRepas\u00e1ronse os fitos dos \u00faltimos meses (entre eles o debate da gobernanza, a posta en marcha da operativa e o reforzo das zonas como parte importante do diagrama asociativo). E present\u00e1ronse algunhas li\u00f1as de traballo para este ano tan fundamentais como: a formaci\u00f3n aos GITs (coordinaci\u00f3n, comunicaci\u00f3n, avaliaci\u00f3n \u00e9tico-social, educaci\u00f3n financeira\u2026); a comunicaci\u00f3n (redes, bolet\u00edns, web-blog); contribu\u00edr na xeraci\u00f3n e animaci\u00f3n nas din\u00e1micas participativas de Banca Etica (debates pol\u00edticos e de participaci\u00f3n, encontros) e a preparaci\u00f3n para a asemblea extraordinaria de outono de Banca Etica, por primeira vez con dobre sede Espa\u00f1a-Italia, e por suposto, o desenvolvemento do proxecto de Comunidade de acci\u00f3n.<br \/>\n\t<br \/>\n\t8-AsembleaFiare-16maioPola tarde tivemos a oportunidade de tratar en 3 grupos de traballo alg\u00fans contidos que son claves para o noso futuro, como: adquirir un maior co\u00f1ecemento de Banca Etica e a s\u00faa estrutura cooperativa e asociativa, retos relativos ao reforzo da nosa comunidade de acci\u00f3n ou os mecanismos para seguir constru\u00edndo respostas financeiras que hoxe non podemos afrontar. Asuntos de extraordinaria importancia para a nosa base social e para a cooperativa que continuaremos traballando a distintos niveis tras o encontro.<br \/>\n\t<br \/>\n\ttallercredito-16maio2015-MadridNo taller \u201cO cr\u00e9dito no Sistema Fiare Banca Etica\u201d debateuse nunha din\u00e1mica participativa, tras unha introduci\u00f3n sobre as experiencias da operativa bancaria de Fiare, como no novo marco proposto polo proxecto FiareLab, as novas oportunidades de creaci\u00f3n de circu\u00edtos de aforro-cr\u00e9dito que poidan implicar a distintos actores pertencentes e aliados ao Sistema de Fiare Banca Etica (Cooperativa, Fundaci\u00f3n Fiare, organizaci\u00f3ns aliadas\u2026).<br \/>\n\tAsembleaFiare-16maio2015-2No taller de \u201cComunidade de acci\u00f3n\u201d, tras presentar os obxectivos comerciais deste ano (os dos GITs xa se presentaron durante a ma\u00f1\u00e1), traballouse as posibilidades de crear interconexi\u00f3ns e acci\u00f3ns entre a operativa e os GITs para lograr un desenvolvemento tanto comercial como socio-cultural na \u00e1rea Fiare. Como reconstru\u00edr estas relaci\u00f3ns con maior coordinaci\u00f3n e ali\u00f1ando obxectivos com\u00fans en relaci\u00f3n \u00e1s necesidades de apoio mutuo, tendo en conta en todo momento as forzas coas que contamos.<br \/>\n\t6-AsembleaFiare-16maioQuero expresar un agradecemento especial \u00e1 compa\u00f1eira, Teresa Masciopinto, responsable cultural da \u00c1rea Sur de Banca Etica, por acompa\u00f1arnos neste d\u00eda, pola s\u00faa presenza, polas s\u00faas achegas e pola s\u00faa proximidade. Grazas a ela, as nosas socias puideron Co\u00f1ecer Banca Etica e a s\u00faa estrutura asociativa noutro dos talleres. Nun dialogo aberto coas socias, no que se explicou a estrutura de participaci\u00f3n na cooperativa, o diagrama asociativo e as funci\u00f3ns dos diferentes \u00f3rganos institucionais e organismos que a forman, xurdiu un especial interese por co\u00f1ecer quen compu\u00f1a o Grupo Banca Etica e co\u00f1ecer Etica Sgr (a xestora de Fondos, para alg\u00fans desco\u00f1ecida).<br \/>\n\t<br \/>\n\tE como dixo Peru Sas\u00eda: \u201cPara unha realidade como a nosa, atoparnos cara a cara, debater \u2018en directo\u2019 a nivel de \u00c1rea \u00e9 unha desas din\u00e1micas das que non podemos prescindir. Un d\u00eda de traballo (longo, cansado sobre todo para quen chegue de m\u00e1is lonxe)\u2026 e un tesouro para Fiare Banca Etica\u201d. E por iso seguiremos buscando todos os espazos que fagan falta para seguir atop\u00e1ndonos e debatendo, espazos tan necesarios nun momento intenso como o que estamos a vivir: \u00e1s veces de frustraci\u00f3n e des\u00e1nimo polas dificultades do cami\u00f1o pero cheos de ilusi\u00f3n, de ganas, de novas expectativas, sabendo que non chegamos ao final de nada e si ao principio de todo e coa tranquilidade que d\u00e1 saberse acompa\u00f1ado e guiado nos pasos iniciais desta nova etapa.<\/p>\n<p>&nbsp;<\/p>\n<\/div>","protected":false},"excerpt":{"rendered":"<p><em><strong>Art\u00edculo de Laura L\u00f3pez\u2013Responsable del \u00c1rea Sociocultural<\/strong><\/em><\/p>\n<p>El encuentro de personas socias del \u00c1rea Fiare del pasado 16 de mayo del 2015 en Madrid, fue un momento muy especial y enriquecedor para todas nosotras. Un encuentro entre amigos y compa\u00f1eros de viaje: socias y personal laboral que se reconocen desde hace tiempo como parte de un mismo proyecto de finanzas \u00e9ticas y transformaci\u00f3n social. 120 personas (que representaban a muchas m\u00e1s que no pudieron acudir) que han puesto durante a\u00f1os mucha energ\u00eda e ilusi\u00f3n en el sue\u00f1o de ofrecer una alternativa de Banca Etica participativa a una base social y a una sociedad que la reclama hace tiempo.<\/p>\n","protected":false},"author":2,"featured_media":323865,"comment_status":"open","ping_status":"closed","sticky":false,"template":"","format":"standard","meta":{"_acf_changed":false,"footnotes":""},"categories":[11644],"tags":[],"coauthors":[],"class_list":["post-346325","post","type-post","status-publish","format-standard","has-post-thumbnail","hentry","category-finantza-etikoak"],"acf":[],"yoast_head":"<!-- This site is optimized with the Yoast SEO plugin v26.9 - https:\/\/yoast.com\/product\/yoast-seo-wordpress\/ -->\n<title>Encuentro de personas socias del \u00c1rea Fiare - Fiare Banca Etica<\/title>\n<meta name=\"robots\" content=\"index, follow, max-snippet:-1, max-image-preview:large, max-video-preview:-1\" \/>\n<link rel=\"canonical\" href=\"https:\/\/www.fiarebancaetica.coop\/eu\/encuentro-de-personas-socias-del-area-fiare\/\" \/>\n<meta property=\"og:locale\" content=\"eu_ES\" \/>\n<meta property=\"og:type\" content=\"article\" \/>\n<meta property=\"og:title\" content=\"Encuentro de personas socias del \u00c1rea Fiare - Fiare Banca Etica\" \/>\n<meta property=\"og:description\" content=\"Art\u00edculo de Laura L\u00f3pez\u2013Responsable del \u00c1rea Sociocultural El encuentro de personas socias del \u00c1rea Fiare del pasado 16 de mayo del 2015 en Madrid, fue un momento muy especial y enriquecedor para todas nosotras. Un encuentro entre amigos y compa\u00f1eros de viaje: socias y personal laboral que se reconocen desde hace tiempo como parte de un mismo proyecto de finanzas \u00e9ticas y transformaci\u00f3n social. 120 personas (que representaban a muchas m\u00e1s que no pudieron acudir) que han puesto durante a\u00f1os mucha energ\u00eda e ilusi\u00f3n en el sue\u00f1o de ofrecer una alternativa de Banca Etica participativa a una base social y a una sociedad que la reclama hace tiempo.\" \/>\n<meta property=\"og:url\" content=\"https:\/\/www.fiarebancaetica.coop\/eu\/encuentro-de-personas-socias-del-area-fiare\/\" \/>\n<meta property=\"og:site_name\" content=\"Fiare Banca Etica\" \/>\n<meta property=\"article:published_time\" content=\"2015-05-24T22:00:00+00:00\" \/>\n<meta property=\"article:modified_time\" content=\"2024-02-21T15:10:37+00:00\" \/>\n<meta property=\"og:image\" content=\"https:\/\/www.fiarebancaetica.coop\/app\/uploads\/sites\/2\/2023\/12\/encuentro-de-personas-socias-del-area-fiare_0.jpg\" \/>\n\t<meta property=\"og:image:width\" content=\"1000\" \/>\n\t<meta property=\"og:image:height\" content=\"373\" \/>\n\t<meta property=\"og:image:type\" content=\"image\/jpeg\" \/>\n<meta name=\"author\" content=\"crispyadmin0\" \/>\n<meta name=\"twitter:card\" content=\"summary_large_image\" \/>\n<script type=\"application\/ld+json\" class=\"yoast-schema-graph\">{\"@context\":\"https:\/\/schema.org\",\"@graph\":[{\"@type\":\"Article\",\"@id\":\"https:\/\/www.fiarebancaetica.coop\/eu\/encuentro-de-personas-socias-del-area-fiare\/#article\",\"isPartOf\":{\"@id\":\"https:\/\/www.fiarebancaetica.coop\/eu\/encuentro-de-personas-socias-del-area-fiare\/\"},\"author\":{\"name\":\"crispyadmin0\",\"@id\":\"https:\/\/www.fiarebancaetica.coop\/eu\/#\/schema\/person\/579841e89c804b5db05d9141bd9b8272\"},\"headline\":\"Encuentro de personas socias del \u00c1rea Fiare\",\"datePublished\":\"2015-05-24T22:00:00+00:00\",\"dateModified\":\"2024-02-21T15:10:37+00:00\",\"mainEntityOfPage\":{\"@id\":\"https:\/\/www.fiarebancaetica.coop\/eu\/encuentro-de-personas-socias-del-area-fiare\/\"},\"wordCount\":3127,\"commentCount\":0,\"image\":{\"@id\":\"https:\/\/www.fiarebancaetica.coop\/eu\/encuentro-de-personas-socias-del-area-fiare\/#primaryimage\"},\"thumbnailUrl\":\"https:\/\/www.fiarebancaetica.coop\/app\/uploads\/sites\/2\/2023\/12\/encuentro-de-personas-socias-del-area-fiare_0.jpg\",\"articleSection\":[\"Finantza etikoak\"],\"inLanguage\":\"eu\",\"potentialAction\":[{\"@type\":\"CommentAction\",\"name\":\"Comment\",\"target\":[\"https:\/\/www.fiarebancaetica.coop\/eu\/encuentro-de-personas-socias-del-area-fiare\/#respond\"]}]},{\"@type\":\"WebPage\",\"@id\":\"https:\/\/www.fiarebancaetica.coop\/eu\/encuentro-de-personas-socias-del-area-fiare\/\",\"url\":\"https:\/\/www.fiarebancaetica.coop\/eu\/encuentro-de-personas-socias-del-area-fiare\/\",\"name\":\"Encuentro de personas socias del \u00c1rea Fiare - Fiare Banca Etica\",\"isPartOf\":{\"@id\":\"https:\/\/www.fiarebancaetica.coop\/eu\/#website\"},\"primaryImageOfPage\":{\"@id\":\"https:\/\/www.fiarebancaetica.coop\/eu\/encuentro-de-personas-socias-del-area-fiare\/#primaryimage\"},\"image\":{\"@id\":\"https:\/\/www.fiarebancaetica.coop\/eu\/encuentro-de-personas-socias-del-area-fiare\/#primaryimage\"},\"thumbnailUrl\":\"https:\/\/www.fiarebancaetica.coop\/app\/uploads\/sites\/2\/2023\/12\/encuentro-de-personas-socias-del-area-fiare_0.jpg\",\"datePublished\":\"2015-05-24T22:00:00+00:00\",\"dateModified\":\"2024-02-21T15:10:37+00:00\",\"author\":{\"@id\":\"https:\/\/www.fiarebancaetica.coop\/eu\/#\/schema\/person\/579841e89c804b5db05d9141bd9b8272\"},\"breadcrumb\":{\"@id\":\"https:\/\/www.fiarebancaetica.coop\/eu\/encuentro-de-personas-socias-del-area-fiare\/#breadcrumb\"},\"inLanguage\":\"eu\",\"potentialAction\":[{\"@type\":\"ReadAction\",\"target\":[\"https:\/\/www.fiarebancaetica.coop\/eu\/encuentro-de-personas-socias-del-area-fiare\/\"]}]},{\"@type\":\"ImageObject\",\"inLanguage\":\"eu\",\"@id\":\"https:\/\/www.fiarebancaetica.coop\/eu\/encuentro-de-personas-socias-del-area-fiare\/#primaryimage\",\"url\":\"https:\/\/www.fiarebancaetica.coop\/app\/uploads\/sites\/2\/2023\/12\/encuentro-de-personas-socias-del-area-fiare_0.jpg\",\"contentUrl\":\"https:\/\/www.fiarebancaetica.coop\/app\/uploads\/sites\/2\/2023\/12\/encuentro-de-personas-socias-del-area-fiare_0.jpg\",\"width\":1000,\"height\":373},{\"@type\":\"BreadcrumbList\",\"@id\":\"https:\/\/www.fiarebancaetica.coop\/eu\/encuentro-de-personas-socias-del-area-fiare\/#breadcrumb\",\"itemListElement\":[{\"@type\":\"ListItem\",\"position\":1,\"name\":\"Home\",\"item\":\"https:\/\/www.fiarebancaetica.coop\/eu\/\"},{\"@type\":\"ListItem\",\"position\":2,\"name\":\"Encuentro de personas socias del \u00c1rea Fiare\"}]},{\"@type\":\"WebSite\",\"@id\":\"https:\/\/www.fiarebancaetica.coop\/eu\/#website\",\"url\":\"https:\/\/www.fiarebancaetica.coop\/eu\/\",\"name\":\"Fiare Banca Etica\",\"description\":\"\",\"potentialAction\":[{\"@type\":\"SearchAction\",\"target\":{\"@type\":\"EntryPoint\",\"urlTemplate\":\"https:\/\/www.fiarebancaetica.coop\/eu\/?s={search_term_string}\"},\"query-input\":{\"@type\":\"PropertyValueSpecification\",\"valueRequired\":true,\"valueName\":\"search_term_string\"}}],\"inLanguage\":\"eu\"},{\"@type\":\"Person\",\"@id\":\"https:\/\/www.fiarebancaetica.coop\/eu\/#\/schema\/person\/579841e89c804b5db05d9141bd9b8272\",\"name\":\"crispyadmin0\",\"image\":{\"@type\":\"ImageObject\",\"inLanguage\":\"eu\",\"@id\":\"https:\/\/www.fiarebancaetica.coop\/eu\/#\/schema\/person\/image\/5f3a6b7786f32f4c35bd2b1a5a4698ea\",\"url\":\"https:\/\/secure.gravatar.com\/avatar\/4d2cfb499d497b6d49da659fab7404b243a87fe8e40d2cf97a1cae48f677f5b2?s=96&d=mm&r=g\",\"contentUrl\":\"https:\/\/secure.gravatar.com\/avatar\/4d2cfb499d497b6d49da659fab7404b243a87fe8e40d2cf97a1cae48f677f5b2?s=96&d=mm&r=g\",\"caption\":\"crispyadmin0\"},\"sameAs\":[\"crispyadmin0\"]}]}<\/script>\n<!-- \/ Yoast SEO plugin. -->","yoast_head_json":{"title":"Encuentro de personas socias del \u00c1rea Fiare - Fiare Banca Etica","robots":{"index":"index","follow":"follow","max-snippet":"max-snippet:-1","max-image-preview":"max-image-preview:large","max-video-preview":"max-video-preview:-1"},"canonical":"https:\/\/www.fiarebancaetica.coop\/eu\/encuentro-de-personas-socias-del-area-fiare\/","og_locale":"eu_ES","og_type":"article","og_title":"Encuentro de personas socias del \u00c1rea Fiare - Fiare Banca Etica","og_description":"Art\u00edculo de Laura L\u00f3pez\u2013Responsable del \u00c1rea Sociocultural El encuentro de personas socias del \u00c1rea Fiare del pasado 16 de mayo del 2015 en Madrid, fue un momento muy especial y enriquecedor para todas nosotras. Un encuentro entre amigos y compa\u00f1eros de viaje: socias y personal laboral que se reconocen desde hace tiempo como parte de un mismo proyecto de finanzas \u00e9ticas y transformaci\u00f3n social. 120 personas (que representaban a muchas m\u00e1s que no pudieron acudir) que han puesto durante a\u00f1os mucha energ\u00eda e ilusi\u00f3n en el sue\u00f1o de ofrecer una alternativa de Banca Etica participativa a una base social y a una sociedad que la reclama hace tiempo.","og_url":"https:\/\/www.fiarebancaetica.coop\/eu\/encuentro-de-personas-socias-del-area-fiare\/","og_site_name":"Fiare Banca Etica","article_published_time":"2015-05-24T22:00:00+00:00","article_modified_time":"2024-02-21T15:10:37+00:00","og_image":[{"width":1000,"height":373,"url":"https:\/\/www.fiarebancaetica.coop\/app\/uploads\/sites\/2\/2023\/12\/encuentro-de-personas-socias-del-area-fiare_0.jpg","type":"image\/jpeg"}],"author":"crispyadmin0","twitter_card":"summary_large_image","schema":{"@context":"https:\/\/schema.org","@graph":[{"@type":"Article","@id":"https:\/\/www.fiarebancaetica.coop\/eu\/encuentro-de-personas-socias-del-area-fiare\/#article","isPartOf":{"@id":"https:\/\/www.fiarebancaetica.coop\/eu\/encuentro-de-personas-socias-del-area-fiare\/"},"author":{"name":"crispyadmin0","@id":"https:\/\/www.fiarebancaetica.coop\/eu\/#\/schema\/person\/579841e89c804b5db05d9141bd9b8272"},"headline":"Encuentro de personas socias del \u00c1rea Fiare","datePublished":"2015-05-24T22:00:00+00:00","dateModified":"2024-02-21T15:10:37+00:00","mainEntityOfPage":{"@id":"https:\/\/www.fiarebancaetica.coop\/eu\/encuentro-de-personas-socias-del-area-fiare\/"},"wordCount":3127,"commentCount":0,"image":{"@id":"https:\/\/www.fiarebancaetica.coop\/eu\/encuentro-de-personas-socias-del-area-fiare\/#primaryimage"},"thumbnailUrl":"https:\/\/www.fiarebancaetica.coop\/app\/uploads\/sites\/2\/2023\/12\/encuentro-de-personas-socias-del-area-fiare_0.jpg","articleSection":["Finantza etikoak"],"inLanguage":"eu","potentialAction":[{"@type":"CommentAction","name":"Comment","target":["https:\/\/www.fiarebancaetica.coop\/eu\/encuentro-de-personas-socias-del-area-fiare\/#respond"]}]},{"@type":"WebPage","@id":"https:\/\/www.fiarebancaetica.coop\/eu\/encuentro-de-personas-socias-del-area-fiare\/","url":"https:\/\/www.fiarebancaetica.coop\/eu\/encuentro-de-personas-socias-del-area-fiare\/","name":"Encuentro de personas socias del \u00c1rea Fiare - Fiare Banca Etica","isPartOf":{"@id":"https:\/\/www.fiarebancaetica.coop\/eu\/#website"},"primaryImageOfPage":{"@id":"https:\/\/www.fiarebancaetica.coop\/eu\/encuentro-de-personas-socias-del-area-fiare\/#primaryimage"},"image":{"@id":"https:\/\/www.fiarebancaetica.coop\/eu\/encuentro-de-personas-socias-del-area-fiare\/#primaryimage"},"thumbnailUrl":"https:\/\/www.fiarebancaetica.coop\/app\/uploads\/sites\/2\/2023\/12\/encuentro-de-personas-socias-del-area-fiare_0.jpg","datePublished":"2015-05-24T22:00:00+00:00","dateModified":"2024-02-21T15:10:37+00:00","author":{"@id":"https:\/\/www.fiarebancaetica.coop\/eu\/#\/schema\/person\/579841e89c804b5db05d9141bd9b8272"},"breadcrumb":{"@id":"https:\/\/www.fiarebancaetica.coop\/eu\/encuentro-de-personas-socias-del-area-fiare\/#breadcrumb"},"inLanguage":"eu","potentialAction":[{"@type":"ReadAction","target":["https:\/\/www.fiarebancaetica.coop\/eu\/encuentro-de-personas-socias-del-area-fiare\/"]}]},{"@type":"ImageObject","inLanguage":"eu","@id":"https:\/\/www.fiarebancaetica.coop\/eu\/encuentro-de-personas-socias-del-area-fiare\/#primaryimage","url":"https:\/\/www.fiarebancaetica.coop\/app\/uploads\/sites\/2\/2023\/12\/encuentro-de-personas-socias-del-area-fiare_0.jpg","contentUrl":"https:\/\/www.fiarebancaetica.coop\/app\/uploads\/sites\/2\/2023\/12\/encuentro-de-personas-socias-del-area-fiare_0.jpg","width":1000,"height":373},{"@type":"BreadcrumbList","@id":"https:\/\/www.fiarebancaetica.coop\/eu\/encuentro-de-personas-socias-del-area-fiare\/#breadcrumb","itemListElement":[{"@type":"ListItem","position":1,"name":"Home","item":"https:\/\/www.fiarebancaetica.coop\/eu\/"},{"@type":"ListItem","position":2,"name":"Encuentro de personas socias del \u00c1rea Fiare"}]},{"@type":"WebSite","@id":"https:\/\/www.fiarebancaetica.coop\/eu\/#website","url":"https:\/\/www.fiarebancaetica.coop\/eu\/","name":"Fiare Banca Etica","description":"","potentialAction":[{"@type":"SearchAction","target":{"@type":"EntryPoint","urlTemplate":"https:\/\/www.fiarebancaetica.coop\/eu\/?s={search_term_string}"},"query-input":{"@type":"PropertyValueSpecification","valueRequired":true,"valueName":"search_term_string"}}],"inLanguage":"eu"},{"@type":"Person","@id":"https:\/\/www.fiarebancaetica.coop\/eu\/#\/schema\/person\/579841e89c804b5db05d9141bd9b8272","name":"crispyadmin0","image":{"@type":"ImageObject","inLanguage":"eu","@id":"https:\/\/www.fiarebancaetica.coop\/eu\/#\/schema\/person\/image\/5f3a6b7786f32f4c35bd2b1a5a4698ea","url":"https:\/\/secure.gravatar.com\/avatar\/4d2cfb499d497b6d49da659fab7404b243a87fe8e40d2cf97a1cae48f677f5b2?s=96&d=mm&r=g","contentUrl":"https:\/\/secure.gravatar.com\/avatar\/4d2cfb499d497b6d49da659fab7404b243a87fe8e40d2cf97a1cae48f677f5b2?s=96&d=mm&r=g","caption":"crispyadmin0"},"sameAs":["crispyadmin0"]}]}},"_links":{"self":[{"href":"https:\/\/www.fiarebancaetica.coop\/eu\/wp-json\/wp\/v2\/posts\/346325","targetHints":{"allow":["GET"]}}],"collection":[{"href":"https:\/\/www.fiarebancaetica.coop\/eu\/wp-json\/wp\/v2\/posts"}],"about":[{"href":"https:\/\/www.fiarebancaetica.coop\/eu\/wp-json\/wp\/v2\/types\/post"}],"author":[{"embeddable":true,"href":"https:\/\/www.fiarebancaetica.coop\/eu\/wp-json\/wp\/v2\/users\/2"}],"replies":[{"embeddable":true,"href":"https:\/\/www.fiarebancaetica.coop\/eu\/wp-json\/wp\/v2\/comments?post=346325"}],"version-history":[{"count":2,"href":"https:\/\/www.fiarebancaetica.coop\/eu\/wp-json\/wp\/v2\/posts\/346325\/revisions"}],"predecessor-version":[{"id":353142,"href":"https:\/\/www.fiarebancaetica.coop\/eu\/wp-json\/wp\/v2\/posts\/346325\/revisions\/353142"}],"wp:featuredmedia":[{"embeddable":true,"href":"https:\/\/www.fiarebancaetica.coop\/eu\/wp-json\/wp\/v2\/media\/323865"}],"wp:attachment":[{"href":"https:\/\/www.fiarebancaetica.coop\/eu\/wp-json\/wp\/v2\/media?parent=346325"}],"wp:term":[{"taxonomy":"category","embeddable":true,"href":"https:\/\/www.fiarebancaetica.coop\/eu\/wp-json\/wp\/v2\/categories?post=346325"},{"taxonomy":"post_tag","embeddable":true,"href":"https:\/\/www.fiarebancaetica.coop\/eu\/wp-json\/wp\/v2\/tags?post=346325"},{"taxonomy":"author","embeddable":true,"href":"https:\/\/www.fiarebancaetica.coop\/eu\/wp-json\/wp\/v2\/coauthors?post=346325"}],"curies":[{"name":"wp","href":"https:\/\/api.w.org\/{rel}","templated":true}]}}