{"id":346385,"date":"2015-03-31T00:00:00","date_gmt":"2015-03-30T22:00:00","guid":{"rendered":"https:\/\/www.fiarebancaetica.coop\/reflexiones-personales-tras-la-inauguracion-de-la-oficina-de-bilbao\/"},"modified":"2024-02-21T16:11:25","modified_gmt":"2024-02-21T15:11:25","slug":"reflexiones-personales-tras-la-inauguracion-de-la-oficina-de-bilbao","status":"publish","type":"post","link":"https:\/\/www.fiarebancaetica.coop\/eu\/reflexiones-personales-tras-la-inauguracion-de-la-oficina-de-bilbao\/","title":{"rendered":"Reflexiones personales tras la inauguraci\u00f3n de la oficina de Bilbao"},"content":{"rendered":"\n\n<div class=\"wp-block-bancaetica-blocks-blocks-block-49\">\n    <div class=\"container-block-49\">\n\n        <div class=\"header-section \">\n                            <h1 class=\"section-title\"> Etica e cooperativa <\/h1>\n                                            <\/div>\n\n        \n        <div class=\"block-background\" style=\"background-image: url('https:\/\/www.fiarebancaetica.coop\/app\/uploads\/sites\/2\/2023\/12\/reflexiones-personales-tras-inauguracion-de-oficina-de-bilba.jpg')\">\n                            <div class=\"tile\">\n                    <h1 class=\"image-title\"> Reflexiones personales tras la inauguraci\u00f3n de la oficina de Bilbao <\/h1>\n                <\/div>             <!-- end .tile -->\n            <div class=\"bottom-content\">\n                            <\/div> <!-- end .button-content -->\n        <\/div> <!-- end .block-background -->\n    <\/div> <!-- end .container -->\n<\/div> <!-- end wp-block-bancaetica-blocks-blocks-block-06 -->\n\n\n<div class=\"wrapper-crispybacon-class wrapper-crispybacon-class-boxed \">\n    <p><em><strong>Peru Sasia, Consejero del \u00c1rea Fiare<\/strong><\/em><\/p>\n<p>Se pueden hacer muchos an\u00e1lisis sobre las dos jornadas que hemos vivido en Bilbao con motivo de la inauguraci\u00f3n de la primera Oficina de Banca Etica en Espa\u00f1a. Podemos hablar de lo que ha significado la presencia del Consejo de Administraci\u00f3n, el Colegio Sindical y el Comit\u00e9 de \u00c9tica en este encuentro, o de la generosidad y compromiso de nuestra base social y nuestra estructura profesional que, viniendo desde muy distintos lugares, han querido estar en esta celebraci\u00f3n. Es inevitable reconocer su entusiasmo y su inter\u00e9s por conocer esta nueva \u00e1rea de la cooperativa, esta nueva oficina, estos nuevos compa\u00f1eros y compa\u00f1eras\u2026<\/p>\n<p>Podremos analizar la respuesta de un Consejo de Administraci\u00f3n que, muy renovado tras las elecciones de 2013, recibi\u00f3 como una gran novedad la apuesta de la Banca por avanzar en la dimensi\u00f3n internacional y la ha asumido con un sentido muy alto de responsabilidad y competencia. No podremos olvidar, sin duda, la importancia que tiene el intercambio de experiencias entre ambos pa\u00edses, el valor del contacto cercano entre personas socias pertenecientes a GITs muy alejados. Hablaremos, por supuesto, de c\u00f3mo estos d\u00edas han servido para reforzar el contacto cercano entre profesionales, socias, proyectos\u2026 reflexionando incluso sobre el impacto de esta experiencia en la mejora de los procesos operativos, hoy algo m\u00e1s dif\u00edciles con la apertura de esta nueva oficina\u2026<\/p>\n<p>Podremos hablar de todo esto, y seguro que lo haremos estos d\u00edas en muchos momentos y a muchos niveles\u2026<\/p>\n<p>Pero no quiero dejar la oportunidad de proponer un enfoque mucho m\u00e1s personal de lo vivido en Bilbao, como una nueva prueba de que la integraci\u00f3n de Fiare y Banca Etica tiene mucho que ver con la dimensi\u00f3n relacional, con la construcci\u00f3n de un proyecto conjunto de \u201ctalla humana\u201d en el que el encuentro, el debate, la celebraci\u00f3n y tambi\u00e9n (como no) el afrontamiento de cuestiones complejas, son el sustrato del que se nutre un proyecto cooperativo de Banca Etica absolutamente \u00fanico.<\/p>\n<p>Creo poder afirmar, por muchas conversaciones tenidas estos d\u00edas, que las personas que hemos tenido la suerte de disfrutar de esta experiencia guardaremos la vivencia de estos d\u00edas en nuestra memoria, sin duda, pero tambi\u00e9n (sobre todo) en nuestros corazones.<\/p>\n<p>Nos queda la esperanza (m\u00e1s bien la certeza) de saber que nuestras din\u00e1micas crear\u00e1n nuevas oportunidades. Nos seguiremos encontrando, sin duda, en cualquier lugar de nuestro riqu\u00edsimo mapa asociativo.<\/p>\n<p>&nbsp;<\/p>\n<\/div>","protected":false},"excerpt":{"rendered":"<p><em><strong>Peru Sasia, Consejero del \u00c1rea Fiare<\/strong><\/em><\/p>\n<p>Se pueden hacer muchos an\u00e1lisis sobre las dos jornadas que hemos vivido en Bilbao con motivo de la inauguraci\u00f3n de la primera Oficina de Banca Etica en Espa\u00f1a. Podemos hablar de lo que ha significado la presencia del Consejo de Administraci\u00f3n, el Colegio Sindical y el Comit\u00e9 de \u00c9tica en este encuentro, o de la generosidad y compromiso de nuestra base social y nuestra estructura profesional que, viniendo desde muy distintos lugares, han querido estar en esta celebraci\u00f3n. Es inevitable reconocer su entusiasmo y su inter\u00e9s por conocer esta nueva \u00e1rea de la cooperativa, esta nueva oficina, estos nuevos compa\u00f1eros y compa\u00f1eras\u2026<\/p>\n","protected":false},"author":2,"featured_media":323775,"comment_status":"open","ping_status":"closed","sticky":false,"template":"","format":"standard","meta":{"_acf_changed":false,"footnotes":""},"categories":[11644],"tags":[],"coauthors":[],"class_list":["post-346385","post","type-post","status-publish","format-standard","has-post-thumbnail","hentry","category-finantza-etikoak"],"acf":[],"yoast_head":"<!-- This site is optimized with the Yoast SEO plugin v26.9 - https:\/\/yoast.com\/product\/yoast-seo-wordpress\/ -->\n<title>Reflexiones personales tras la inauguraci\u00f3n de la oficina de Bilbao - Fiare Banca Etica<\/title>\n<meta name=\"robots\" content=\"index, follow, max-snippet:-1, max-image-preview:large, max-video-preview:-1\" \/>\n<link rel=\"canonical\" href=\"https:\/\/www.fiarebancaetica.coop\/eu\/reflexiones-personales-tras-la-inauguracion-de-la-oficina-de-bilbao\/\" \/>\n<meta property=\"og:locale\" content=\"eu_ES\" \/>\n<meta property=\"og:type\" content=\"article\" \/>\n<meta property=\"og:title\" content=\"Reflexiones personales tras la inauguraci\u00f3n de la oficina de Bilbao - Fiare Banca Etica\" \/>\n<meta property=\"og:description\" content=\"Peru Sasia, Consejero del \u00c1rea Fiare Se pueden hacer muchos an\u00e1lisis sobre las dos jornadas que hemos vivido en Bilbao con motivo de la inauguraci\u00f3n de la primera Oficina de Banca Etica en Espa\u00f1a. Podemos hablar de lo que ha significado la presencia del Consejo de Administraci\u00f3n, el Colegio Sindical y el Comit\u00e9 de \u00c9tica en este encuentro, o de la generosidad y compromiso de nuestra base social y nuestra estructura profesional que, viniendo desde muy distintos lugares, han querido estar en esta celebraci\u00f3n. Es inevitable reconocer su entusiasmo y su inter\u00e9s por conocer esta nueva \u00e1rea de la cooperativa, esta nueva oficina, estos nuevos compa\u00f1eros y compa\u00f1eras\u2026\" \/>\n<meta property=\"og:url\" content=\"https:\/\/www.fiarebancaetica.coop\/eu\/reflexiones-personales-tras-la-inauguracion-de-la-oficina-de-bilbao\/\" \/>\n<meta property=\"og:site_name\" content=\"Fiare Banca Etica\" \/>\n<meta property=\"article:published_time\" content=\"2015-03-30T22:00:00+00:00\" \/>\n<meta property=\"article:modified_time\" content=\"2024-02-21T15:11:25+00:00\" \/>\n<meta property=\"og:image\" content=\"https:\/\/www.fiarebancaetica.coop\/app\/uploads\/sites\/2\/2023\/12\/reflexiones-personales-tras-inauguracion-de-oficina-de-bilba.jpg\" \/>\n\t<meta property=\"og:image:width\" content=\"540\" \/>\n\t<meta property=\"og:image:height\" content=\"189\" \/>\n\t<meta property=\"og:image:type\" content=\"image\/jpeg\" \/>\n<meta name=\"author\" content=\"crispyadmin0\" \/>\n<meta name=\"twitter:card\" content=\"summary_large_image\" \/>\n<script type=\"application\/ld+json\" class=\"yoast-schema-graph\">{\"@context\":\"https:\/\/schema.org\",\"@graph\":[{\"@type\":\"Article\",\"@id\":\"https:\/\/www.fiarebancaetica.coop\/eu\/reflexiones-personales-tras-la-inauguracion-de-la-oficina-de-bilbao\/#article\",\"isPartOf\":{\"@id\":\"https:\/\/www.fiarebancaetica.coop\/eu\/reflexiones-personales-tras-la-inauguracion-de-la-oficina-de-bilbao\/\"},\"author\":{\"name\":\"crispyadmin0\",\"@id\":\"https:\/\/www.fiarebancaetica.coop\/eu\/#\/schema\/person\/579841e89c804b5db05d9141bd9b8272\"},\"headline\":\"Reflexiones personales tras la inauguraci\u00f3n de la oficina de Bilbao\",\"datePublished\":\"2015-03-30T22:00:00+00:00\",\"dateModified\":\"2024-02-21T15:11:25+00:00\",\"mainEntityOfPage\":{\"@id\":\"https:\/\/www.fiarebancaetica.coop\/eu\/reflexiones-personales-tras-la-inauguracion-de-la-oficina-de-bilbao\/\"},\"wordCount\":437,\"commentCount\":0,\"image\":{\"@id\":\"https:\/\/www.fiarebancaetica.coop\/eu\/reflexiones-personales-tras-la-inauguracion-de-la-oficina-de-bilbao\/#primaryimage\"},\"thumbnailUrl\":\"https:\/\/www.fiarebancaetica.coop\/app\/uploads\/sites\/2\/2023\/12\/reflexiones-personales-tras-inauguracion-de-oficina-de-bilba.jpg\",\"articleSection\":[\"Finantza etikoak\"],\"inLanguage\":\"eu\",\"potentialAction\":[{\"@type\":\"CommentAction\",\"name\":\"Comment\",\"target\":[\"https:\/\/www.fiarebancaetica.coop\/eu\/reflexiones-personales-tras-la-inauguracion-de-la-oficina-de-bilbao\/#respond\"]}]},{\"@type\":\"WebPage\",\"@id\":\"https:\/\/www.fiarebancaetica.coop\/eu\/reflexiones-personales-tras-la-inauguracion-de-la-oficina-de-bilbao\/\",\"url\":\"https:\/\/www.fiarebancaetica.coop\/eu\/reflexiones-personales-tras-la-inauguracion-de-la-oficina-de-bilbao\/\",\"name\":\"Reflexiones personales tras la inauguraci\u00f3n de la oficina de Bilbao - Fiare Banca Etica\",\"isPartOf\":{\"@id\":\"https:\/\/www.fiarebancaetica.coop\/eu\/#website\"},\"primaryImageOfPage\":{\"@id\":\"https:\/\/www.fiarebancaetica.coop\/eu\/reflexiones-personales-tras-la-inauguracion-de-la-oficina-de-bilbao\/#primaryimage\"},\"image\":{\"@id\":\"https:\/\/www.fiarebancaetica.coop\/eu\/reflexiones-personales-tras-la-inauguracion-de-la-oficina-de-bilbao\/#primaryimage\"},\"thumbnailUrl\":\"https:\/\/www.fiarebancaetica.coop\/app\/uploads\/sites\/2\/2023\/12\/reflexiones-personales-tras-inauguracion-de-oficina-de-bilba.jpg\",\"datePublished\":\"2015-03-30T22:00:00+00:00\",\"dateModified\":\"2024-02-21T15:11:25+00:00\",\"author\":{\"@id\":\"https:\/\/www.fiarebancaetica.coop\/eu\/#\/schema\/person\/579841e89c804b5db05d9141bd9b8272\"},\"breadcrumb\":{\"@id\":\"https:\/\/www.fiarebancaetica.coop\/eu\/reflexiones-personales-tras-la-inauguracion-de-la-oficina-de-bilbao\/#breadcrumb\"},\"inLanguage\":\"eu\",\"potentialAction\":[{\"@type\":\"ReadAction\",\"target\":[\"https:\/\/www.fiarebancaetica.coop\/eu\/reflexiones-personales-tras-la-inauguracion-de-la-oficina-de-bilbao\/\"]}]},{\"@type\":\"ImageObject\",\"inLanguage\":\"eu\",\"@id\":\"https:\/\/www.fiarebancaetica.coop\/eu\/reflexiones-personales-tras-la-inauguracion-de-la-oficina-de-bilbao\/#primaryimage\",\"url\":\"https:\/\/www.fiarebancaetica.coop\/app\/uploads\/sites\/2\/2023\/12\/reflexiones-personales-tras-inauguracion-de-oficina-de-bilba.jpg\",\"contentUrl\":\"https:\/\/www.fiarebancaetica.coop\/app\/uploads\/sites\/2\/2023\/12\/reflexiones-personales-tras-inauguracion-de-oficina-de-bilba.jpg\",\"width\":540,\"height\":189},{\"@type\":\"BreadcrumbList\",\"@id\":\"https:\/\/www.fiarebancaetica.coop\/eu\/reflexiones-personales-tras-la-inauguracion-de-la-oficina-de-bilbao\/#breadcrumb\",\"itemListElement\":[{\"@type\":\"ListItem\",\"position\":1,\"name\":\"Home\",\"item\":\"https:\/\/www.fiarebancaetica.coop\/eu\/\"},{\"@type\":\"ListItem\",\"position\":2,\"name\":\"Reflexiones personales tras la inauguraci\u00f3n de la oficina de Bilbao\"}]},{\"@type\":\"WebSite\",\"@id\":\"https:\/\/www.fiarebancaetica.coop\/eu\/#website\",\"url\":\"https:\/\/www.fiarebancaetica.coop\/eu\/\",\"name\":\"Fiare Banca Etica\",\"description\":\"\",\"potentialAction\":[{\"@type\":\"SearchAction\",\"target\":{\"@type\":\"EntryPoint\",\"urlTemplate\":\"https:\/\/www.fiarebancaetica.coop\/eu\/?s={search_term_string}\"},\"query-input\":{\"@type\":\"PropertyValueSpecification\",\"valueRequired\":true,\"valueName\":\"search_term_string\"}}],\"inLanguage\":\"eu\"},{\"@type\":\"Person\",\"@id\":\"https:\/\/www.fiarebancaetica.coop\/eu\/#\/schema\/person\/579841e89c804b5db05d9141bd9b8272\",\"name\":\"crispyadmin0\",\"image\":{\"@type\":\"ImageObject\",\"inLanguage\":\"eu\",\"@id\":\"https:\/\/www.fiarebancaetica.coop\/eu\/#\/schema\/person\/image\/5f3a6b7786f32f4c35bd2b1a5a4698ea\",\"url\":\"https:\/\/secure.gravatar.com\/avatar\/4d2cfb499d497b6d49da659fab7404b243a87fe8e40d2cf97a1cae48f677f5b2?s=96&d=mm&r=g\",\"contentUrl\":\"https:\/\/secure.gravatar.com\/avatar\/4d2cfb499d497b6d49da659fab7404b243a87fe8e40d2cf97a1cae48f677f5b2?s=96&d=mm&r=g\",\"caption\":\"crispyadmin0\"},\"sameAs\":[\"crispyadmin0\"]}]}<\/script>\n<!-- \/ Yoast SEO plugin. -->","yoast_head_json":{"title":"Reflexiones personales tras la inauguraci\u00f3n de la oficina de Bilbao - Fiare Banca Etica","robots":{"index":"index","follow":"follow","max-snippet":"max-snippet:-1","max-image-preview":"max-image-preview:large","max-video-preview":"max-video-preview:-1"},"canonical":"https:\/\/www.fiarebancaetica.coop\/eu\/reflexiones-personales-tras-la-inauguracion-de-la-oficina-de-bilbao\/","og_locale":"eu_ES","og_type":"article","og_title":"Reflexiones personales tras la inauguraci\u00f3n de la oficina de Bilbao - Fiare Banca Etica","og_description":"Peru Sasia, Consejero del \u00c1rea Fiare Se pueden hacer muchos an\u00e1lisis sobre las dos jornadas que hemos vivido en Bilbao con motivo de la inauguraci\u00f3n de la primera Oficina de Banca Etica en Espa\u00f1a. Podemos hablar de lo que ha significado la presencia del Consejo de Administraci\u00f3n, el Colegio Sindical y el Comit\u00e9 de \u00c9tica en este encuentro, o de la generosidad y compromiso de nuestra base social y nuestra estructura profesional que, viniendo desde muy distintos lugares, han querido estar en esta celebraci\u00f3n. Es inevitable reconocer su entusiasmo y su inter\u00e9s por conocer esta nueva \u00e1rea de la cooperativa, esta nueva oficina, estos nuevos compa\u00f1eros y compa\u00f1eras\u2026","og_url":"https:\/\/www.fiarebancaetica.coop\/eu\/reflexiones-personales-tras-la-inauguracion-de-la-oficina-de-bilbao\/","og_site_name":"Fiare Banca Etica","article_published_time":"2015-03-30T22:00:00+00:00","article_modified_time":"2024-02-21T15:11:25+00:00","og_image":[{"width":540,"height":189,"url":"https:\/\/www.fiarebancaetica.coop\/app\/uploads\/sites\/2\/2023\/12\/reflexiones-personales-tras-inauguracion-de-oficina-de-bilba.jpg","type":"image\/jpeg"}],"author":"crispyadmin0","twitter_card":"summary_large_image","schema":{"@context":"https:\/\/schema.org","@graph":[{"@type":"Article","@id":"https:\/\/www.fiarebancaetica.coop\/eu\/reflexiones-personales-tras-la-inauguracion-de-la-oficina-de-bilbao\/#article","isPartOf":{"@id":"https:\/\/www.fiarebancaetica.coop\/eu\/reflexiones-personales-tras-la-inauguracion-de-la-oficina-de-bilbao\/"},"author":{"name":"crispyadmin0","@id":"https:\/\/www.fiarebancaetica.coop\/eu\/#\/schema\/person\/579841e89c804b5db05d9141bd9b8272"},"headline":"Reflexiones personales tras la inauguraci\u00f3n de la oficina de Bilbao","datePublished":"2015-03-30T22:00:00+00:00","dateModified":"2024-02-21T15:11:25+00:00","mainEntityOfPage":{"@id":"https:\/\/www.fiarebancaetica.coop\/eu\/reflexiones-personales-tras-la-inauguracion-de-la-oficina-de-bilbao\/"},"wordCount":437,"commentCount":0,"image":{"@id":"https:\/\/www.fiarebancaetica.coop\/eu\/reflexiones-personales-tras-la-inauguracion-de-la-oficina-de-bilbao\/#primaryimage"},"thumbnailUrl":"https:\/\/www.fiarebancaetica.coop\/app\/uploads\/sites\/2\/2023\/12\/reflexiones-personales-tras-inauguracion-de-oficina-de-bilba.jpg","articleSection":["Finantza etikoak"],"inLanguage":"eu","potentialAction":[{"@type":"CommentAction","name":"Comment","target":["https:\/\/www.fiarebancaetica.coop\/eu\/reflexiones-personales-tras-la-inauguracion-de-la-oficina-de-bilbao\/#respond"]}]},{"@type":"WebPage","@id":"https:\/\/www.fiarebancaetica.coop\/eu\/reflexiones-personales-tras-la-inauguracion-de-la-oficina-de-bilbao\/","url":"https:\/\/www.fiarebancaetica.coop\/eu\/reflexiones-personales-tras-la-inauguracion-de-la-oficina-de-bilbao\/","name":"Reflexiones personales tras la inauguraci\u00f3n de la oficina de Bilbao - Fiare Banca Etica","isPartOf":{"@id":"https:\/\/www.fiarebancaetica.coop\/eu\/#website"},"primaryImageOfPage":{"@id":"https:\/\/www.fiarebancaetica.coop\/eu\/reflexiones-personales-tras-la-inauguracion-de-la-oficina-de-bilbao\/#primaryimage"},"image":{"@id":"https:\/\/www.fiarebancaetica.coop\/eu\/reflexiones-personales-tras-la-inauguracion-de-la-oficina-de-bilbao\/#primaryimage"},"thumbnailUrl":"https:\/\/www.fiarebancaetica.coop\/app\/uploads\/sites\/2\/2023\/12\/reflexiones-personales-tras-inauguracion-de-oficina-de-bilba.jpg","datePublished":"2015-03-30T22:00:00+00:00","dateModified":"2024-02-21T15:11:25+00:00","author":{"@id":"https:\/\/www.fiarebancaetica.coop\/eu\/#\/schema\/person\/579841e89c804b5db05d9141bd9b8272"},"breadcrumb":{"@id":"https:\/\/www.fiarebancaetica.coop\/eu\/reflexiones-personales-tras-la-inauguracion-de-la-oficina-de-bilbao\/#breadcrumb"},"inLanguage":"eu","potentialAction":[{"@type":"ReadAction","target":["https:\/\/www.fiarebancaetica.coop\/eu\/reflexiones-personales-tras-la-inauguracion-de-la-oficina-de-bilbao\/"]}]},{"@type":"ImageObject","inLanguage":"eu","@id":"https:\/\/www.fiarebancaetica.coop\/eu\/reflexiones-personales-tras-la-inauguracion-de-la-oficina-de-bilbao\/#primaryimage","url":"https:\/\/www.fiarebancaetica.coop\/app\/uploads\/sites\/2\/2023\/12\/reflexiones-personales-tras-inauguracion-de-oficina-de-bilba.jpg","contentUrl":"https:\/\/www.fiarebancaetica.coop\/app\/uploads\/sites\/2\/2023\/12\/reflexiones-personales-tras-inauguracion-de-oficina-de-bilba.jpg","width":540,"height":189},{"@type":"BreadcrumbList","@id":"https:\/\/www.fiarebancaetica.coop\/eu\/reflexiones-personales-tras-la-inauguracion-de-la-oficina-de-bilbao\/#breadcrumb","itemListElement":[{"@type":"ListItem","position":1,"name":"Home","item":"https:\/\/www.fiarebancaetica.coop\/eu\/"},{"@type":"ListItem","position":2,"name":"Reflexiones personales tras la inauguraci\u00f3n de la oficina de Bilbao"}]},{"@type":"WebSite","@id":"https:\/\/www.fiarebancaetica.coop\/eu\/#website","url":"https:\/\/www.fiarebancaetica.coop\/eu\/","name":"Fiare Banca Etica","description":"","potentialAction":[{"@type":"SearchAction","target":{"@type":"EntryPoint","urlTemplate":"https:\/\/www.fiarebancaetica.coop\/eu\/?s={search_term_string}"},"query-input":{"@type":"PropertyValueSpecification","valueRequired":true,"valueName":"search_term_string"}}],"inLanguage":"eu"},{"@type":"Person","@id":"https:\/\/www.fiarebancaetica.coop\/eu\/#\/schema\/person\/579841e89c804b5db05d9141bd9b8272","name":"crispyadmin0","image":{"@type":"ImageObject","inLanguage":"eu","@id":"https:\/\/www.fiarebancaetica.coop\/eu\/#\/schema\/person\/image\/5f3a6b7786f32f4c35bd2b1a5a4698ea","url":"https:\/\/secure.gravatar.com\/avatar\/4d2cfb499d497b6d49da659fab7404b243a87fe8e40d2cf97a1cae48f677f5b2?s=96&d=mm&r=g","contentUrl":"https:\/\/secure.gravatar.com\/avatar\/4d2cfb499d497b6d49da659fab7404b243a87fe8e40d2cf97a1cae48f677f5b2?s=96&d=mm&r=g","caption":"crispyadmin0"},"sameAs":["crispyadmin0"]}]}},"_links":{"self":[{"href":"https:\/\/www.fiarebancaetica.coop\/eu\/wp-json\/wp\/v2\/posts\/346385","targetHints":{"allow":["GET"]}}],"collection":[{"href":"https:\/\/www.fiarebancaetica.coop\/eu\/wp-json\/wp\/v2\/posts"}],"about":[{"href":"https:\/\/www.fiarebancaetica.coop\/eu\/wp-json\/wp\/v2\/types\/post"}],"author":[{"embeddable":true,"href":"https:\/\/www.fiarebancaetica.coop\/eu\/wp-json\/wp\/v2\/users\/2"}],"replies":[{"embeddable":true,"href":"https:\/\/www.fiarebancaetica.coop\/eu\/wp-json\/wp\/v2\/comments?post=346385"}],"version-history":[{"count":1,"href":"https:\/\/www.fiarebancaetica.coop\/eu\/wp-json\/wp\/v2\/posts\/346385\/revisions"}],"predecessor-version":[{"id":353081,"href":"https:\/\/www.fiarebancaetica.coop\/eu\/wp-json\/wp\/v2\/posts\/346385\/revisions\/353081"}],"wp:featuredmedia":[{"embeddable":true,"href":"https:\/\/www.fiarebancaetica.coop\/eu\/wp-json\/wp\/v2\/media\/323775"}],"wp:attachment":[{"href":"https:\/\/www.fiarebancaetica.coop\/eu\/wp-json\/wp\/v2\/media?parent=346385"}],"wp:term":[{"taxonomy":"category","embeddable":true,"href":"https:\/\/www.fiarebancaetica.coop\/eu\/wp-json\/wp\/v2\/categories?post=346385"},{"taxonomy":"post_tag","embeddable":true,"href":"https:\/\/www.fiarebancaetica.coop\/eu\/wp-json\/wp\/v2\/tags?post=346385"},{"taxonomy":"author","embeddable":true,"href":"https:\/\/www.fiarebancaetica.coop\/eu\/wp-json\/wp\/v2\/coauthors?post=346385"}],"curies":[{"name":"wp","href":"https:\/\/api.w.org\/{rel}","templated":true}]}}