{"id":346395,"date":"2015-03-18T00:00:00","date_gmt":"2015-03-17T23:00:00","guid":{"rendered":"https:\/\/www.fiarebancaetica.coop\/hace-16-anos\/"},"modified":"2024-02-21T16:11:32","modified_gmt":"2024-02-21T15:11:32","slug":"hace-16-anos","status":"publish","type":"post","link":"https:\/\/www.fiarebancaetica.coop\/eu\/hace-16-anos\/","title":{"rendered":"Hace 16 a\u00f1os\u2026"},"content":{"rendered":"\n\n<div class=\"wp-block-bancaetica-blocks-blocks-block-49\">\n    <div class=\"container-block-49\">\n\n        <div class=\"header-section \">\n                            <h1 class=\"section-title\"> Etica e cooperativa <\/h1>\n                                            <\/div>\n\n        \n        <div class=\"block-background\" style=\"background-image: url('https:\/\/www.fiarebancaetica.coop\/app\/uploads\/sites\/2\/2023\/12\/hace-16-anos.png')\">\n                            <div class=\"tile\">\n                    <h1 class=\"image-title\"> Hace 16 a\u00f1os\u2026 <\/h1>\n                <\/div>             <!-- end .tile -->\n            <div class=\"bottom-content\">\n                            <\/div> <!-- end .button-content -->\n        <\/div> <!-- end .block-background -->\n    <\/div> <!-- end .container -->\n<\/div> <!-- end wp-block-bancaetica-blocks-blocks-block-06 -->\n\n\n<div class=\"wrapper-crispybacon-class wrapper-crispybacon-class-boxed \">\n    <p><strong><em>Ugo Biggeri &#8211; Presidente de Banca Popolare Etica<\/em><\/strong><br \/>\n\t<br \/>\n\tHace 16 a\u00f1os, el 8 de Marzo de 1999, Banca Etica comenz\u00f3 a operar como entidad bancaria a todos los efectos. Ese d\u00eda se convirti\u00f3 en realidad el sue\u00f1o de miles de personas y organizaciones que se activaron de forma voluntaria para crear un banco que pusiera en el centro valores como la transparencia, la solidaridad, el cooperativismo, la participaci\u00f3n y la responsabilidad.<\/p>\n<p>Esta fecha es un buen momento para recordar las ra\u00edces en que se inscribe nuestro compromiso: utilizar el dinero como una herramienta para la transformaci\u00f3n econ\u00f3mica y social..<\/p>\n<p>A lo largo de 16 a\u00f1os hemos crecido mucho y hemos superado el reto de convertirnos en una instituci\u00f3n s\u00f3lida y demostrar que juntos podemos hacer un&nbsp; banco sin tener como principal objetivo maximizar los beneficios. Tenemos m\u00e1s de 50 millones de euros de capital social&nbsp; gracias a 37.000 personas socias, somos un Grupo Bancario con casi 2.000 millones euros de ahorro. Adem\u00e1s somos un agente de educaci\u00f3n financiera y de animaci\u00f3n territorial a trav\u00e9s de los 90 grupos de socios de Italia y del \u00c0rea Fiare (s\u00f3lo en 2014 fueron capaces de realizar 835 iniciativas para promover las finanzas \u00e9ticas!).<\/p>\n<p>Cada d\u00eda, durante estos 16 a\u00f1os, hemos trabajado para hacer crecer nuestro proyecto, pero sin perder nuestra especificidad. Es complicado, ya que tenemos que conjugar las aspiraciones de los pioneros con el derecho de las nuevas generaciones a entrar en Banca Etica y sentirla como \u201csu\u201d banco, para esto debemos escuchar a unos y otros.<br \/>\n\t<br \/>\n\tEs un ejercicio dificil, pero hay algunos indicadores que nos dicen que estamos trabajando para conseguir este objetivo:&nbsp; Actualmente las personas socias est\u00e1n trabajando, a trav\u00e9s de un proceso participativo, en la revisi\u00f3n de la Gobernanza de Banca Etica, una exigencia que proviene de los cambios de normativa, pero tambi\u00e9n del deseo de encontrar&nbsp; formas de participaci\u00f3n en el gobierno social m\u00e1s eficaces e inclusivas; Aumentar la implicaci\u00f3n de nuestros socios y socias en el cr\u00e9dito, gracias a ellos podemos evaluar la dimensi\u00f3n socio-ambiental de las organizaciones que nos solicitan financiaci\u00f3n; hablamos diferentes lenguas: italiano, castellano, vasco, gallego, catal\u00e1n, porque con las finanzas \u00e9ticas se pueden unir las diversas realidades locales que trabajan por la econom\u00eda civil.<\/p>\n<p>A trav\u00e9s del cr\u00e9dito apoyamos a miles de empresas, asociaciones y organizaciones, que diariamente crean riqueza econ\u00f3mica, social y ambiental, trabajando en \u00e1mbitos innovadores y a veces dif\u00edciles como la agricultura ecol\u00f3gica, las energ\u00edas renovables,&nbsp; la integraci\u00f3n laboral y social, la promoci\u00f3n cultural y la justicia.\u201cEl inter\u00e9s m\u00e1s alto es el inter\u00e9s colectivo\u201d y este inter\u00e9s es visible cada vez que, con nuestra financiaci\u00f3n, ayudamos a aumentar puestos de trabajo en una cooperativa o construir una nueva casa para una organizaci\u00f3n que trabaja con personas en riesgo de exclusi\u00f3n social. Y este inter\u00e9s es el que buscan las personas que abren una cuenta corriente o un producto de ahorro en Banca Etica.<br \/>\n\t<br \/>\n\tEl d\u00eda del nacimiento de Banca Etica coincide con el 8 de marzo \u201cD\u00eda Internacional de la mujer\u201d, y esto nos hace seguir trabajando por la igualdad de g\u00e9nero: tenemos un Consejo de Administraci\u00f3n y un Comit\u00e9 de \u00c9tica la mayor parte compuesta de mujeres, y hemos implementado medidas de conciliaci\u00f3n de vida. . Queremos ser pioneros en este campo y sentar las bases de una igualdad real.<br \/>\n\t<br \/>\n\tLa crisis financiera de 2008 ha empobrecido a todos, pero no ha empobrecido a los grandes poderes financieros. Por eso todos nosotros sabemos que tenemos una gran oportunidad para tomar medidas que cambien las cosas.<br \/>\n\t<br \/>\n\t&#8220;Banca Etica &#8220;nos invita con su nombre a mejorar constantemente, para acercar nuestras ideas a nuestras acciones cotidianas. .<br \/>\n\tHoy tenemos las herramientas, e invitamos a todas las mujeres y hombres a formar parte de nuestro proyecto para cambiar las cosas juntos.<\/p>\n<\/div>","protected":false},"excerpt":{"rendered":"<p>Hace 16 a\u00f1os, el 8 de Marzo de 1999, Banca Etica comenz\u00f3 a operar como entidad bancaria a todos los efectos. Ese d\u00eda se convirti\u00f3 en realidad el sue\u00f1o de miles de personas y organizaciones que se activaron de forma voluntaria para crear un banco que pusiera en el centro valores como la transparencia, la solidaridad, el cooperativismo, la participaci\u00f3n y la responsabilidad.<\/p>\n","protected":false},"author":2,"featured_media":323762,"comment_status":"open","ping_status":"closed","sticky":false,"template":"","format":"standard","meta":{"_acf_changed":false,"footnotes":""},"categories":[11644],"tags":[],"coauthors":[],"class_list":["post-346395","post","type-post","status-publish","format-standard","has-post-thumbnail","hentry","category-finantza-etikoak"],"acf":[],"yoast_head":"<!-- This site is optimized with the Yoast SEO plugin v26.9 - https:\/\/yoast.com\/product\/yoast-seo-wordpress\/ -->\n<title>Hace 16 a\u00f1os\u2026 - Fiare Banca Etica<\/title>\n<meta name=\"robots\" content=\"index, follow, max-snippet:-1, max-image-preview:large, max-video-preview:-1\" \/>\n<link rel=\"canonical\" href=\"https:\/\/www.fiarebancaetica.coop\/eu\/hace-16-anos\/\" \/>\n<meta property=\"og:locale\" content=\"eu_ES\" \/>\n<meta property=\"og:type\" content=\"article\" \/>\n<meta property=\"og:title\" content=\"Hace 16 a\u00f1os\u2026 - Fiare Banca Etica\" \/>\n<meta property=\"og:description\" content=\"Hace 16 a\u00f1os, el 8 de Marzo de 1999, Banca Etica comenz\u00f3 a operar como entidad bancaria a todos los efectos. Ese d\u00eda se convirti\u00f3 en realidad el sue\u00f1o de miles de personas y organizaciones que se activaron de forma voluntaria para crear un banco que pusiera en el centro valores como la transparencia, la solidaridad, el cooperativismo, la participaci\u00f3n y la responsabilidad.\" \/>\n<meta property=\"og:url\" content=\"https:\/\/www.fiarebancaetica.coop\/eu\/hace-16-anos\/\" \/>\n<meta property=\"og:site_name\" content=\"Fiare Banca Etica\" \/>\n<meta property=\"article:published_time\" content=\"2015-03-17T23:00:00+00:00\" \/>\n<meta property=\"article:modified_time\" content=\"2024-02-21T15:11:32+00:00\" \/>\n<meta property=\"og:image\" content=\"https:\/\/www.fiarebancaetica.coop\/app\/uploads\/sites\/2\/2023\/12\/hace-16-anos.png\" \/>\n\t<meta property=\"og:image:width\" content=\"540\" \/>\n\t<meta property=\"og:image:height\" content=\"189\" \/>\n\t<meta property=\"og:image:type\" content=\"image\/png\" \/>\n<meta name=\"author\" content=\"crispyadmin0\" \/>\n<meta name=\"twitter:card\" content=\"summary_large_image\" \/>\n<script type=\"application\/ld+json\" class=\"yoast-schema-graph\">{\"@context\":\"https:\/\/schema.org\",\"@graph\":[{\"@type\":\"Article\",\"@id\":\"https:\/\/www.fiarebancaetica.coop\/eu\/hace-16-anos\/#article\",\"isPartOf\":{\"@id\":\"https:\/\/www.fiarebancaetica.coop\/eu\/hace-16-anos\/\"},\"author\":{\"name\":\"crispyadmin0\",\"@id\":\"https:\/\/www.fiarebancaetica.coop\/eu\/#\/schema\/person\/579841e89c804b5db05d9141bd9b8272\"},\"headline\":\"Hace 16 a\u00f1os\u2026\",\"datePublished\":\"2015-03-17T23:00:00+00:00\",\"dateModified\":\"2024-02-21T15:11:32+00:00\",\"mainEntityOfPage\":{\"@id\":\"https:\/\/www.fiarebancaetica.coop\/eu\/hace-16-anos\/\"},\"wordCount\":674,\"commentCount\":0,\"image\":{\"@id\":\"https:\/\/www.fiarebancaetica.coop\/eu\/hace-16-anos\/#primaryimage\"},\"thumbnailUrl\":\"https:\/\/www.fiarebancaetica.coop\/app\/uploads\/sites\/2\/2023\/12\/hace-16-anos.png\",\"articleSection\":[\"Finantza etikoak\"],\"inLanguage\":\"eu\",\"potentialAction\":[{\"@type\":\"CommentAction\",\"name\":\"Comment\",\"target\":[\"https:\/\/www.fiarebancaetica.coop\/eu\/hace-16-anos\/#respond\"]}]},{\"@type\":\"WebPage\",\"@id\":\"https:\/\/www.fiarebancaetica.coop\/eu\/hace-16-anos\/\",\"url\":\"https:\/\/www.fiarebancaetica.coop\/eu\/hace-16-anos\/\",\"name\":\"Hace 16 a\u00f1os\u2026 - Fiare Banca Etica\",\"isPartOf\":{\"@id\":\"https:\/\/www.fiarebancaetica.coop\/eu\/#website\"},\"primaryImageOfPage\":{\"@id\":\"https:\/\/www.fiarebancaetica.coop\/eu\/hace-16-anos\/#primaryimage\"},\"image\":{\"@id\":\"https:\/\/www.fiarebancaetica.coop\/eu\/hace-16-anos\/#primaryimage\"},\"thumbnailUrl\":\"https:\/\/www.fiarebancaetica.coop\/app\/uploads\/sites\/2\/2023\/12\/hace-16-anos.png\",\"datePublished\":\"2015-03-17T23:00:00+00:00\",\"dateModified\":\"2024-02-21T15:11:32+00:00\",\"author\":{\"@id\":\"https:\/\/www.fiarebancaetica.coop\/eu\/#\/schema\/person\/579841e89c804b5db05d9141bd9b8272\"},\"breadcrumb\":{\"@id\":\"https:\/\/www.fiarebancaetica.coop\/eu\/hace-16-anos\/#breadcrumb\"},\"inLanguage\":\"eu\",\"potentialAction\":[{\"@type\":\"ReadAction\",\"target\":[\"https:\/\/www.fiarebancaetica.coop\/eu\/hace-16-anos\/\"]}]},{\"@type\":\"ImageObject\",\"inLanguage\":\"eu\",\"@id\":\"https:\/\/www.fiarebancaetica.coop\/eu\/hace-16-anos\/#primaryimage\",\"url\":\"https:\/\/www.fiarebancaetica.coop\/app\/uploads\/sites\/2\/2023\/12\/hace-16-anos.png\",\"contentUrl\":\"https:\/\/www.fiarebancaetica.coop\/app\/uploads\/sites\/2\/2023\/12\/hace-16-anos.png\",\"width\":540,\"height\":189},{\"@type\":\"BreadcrumbList\",\"@id\":\"https:\/\/www.fiarebancaetica.coop\/eu\/hace-16-anos\/#breadcrumb\",\"itemListElement\":[{\"@type\":\"ListItem\",\"position\":1,\"name\":\"Home\",\"item\":\"https:\/\/www.fiarebancaetica.coop\/eu\/\"},{\"@type\":\"ListItem\",\"position\":2,\"name\":\"Hace 16 a\u00f1os\u2026\"}]},{\"@type\":\"WebSite\",\"@id\":\"https:\/\/www.fiarebancaetica.coop\/eu\/#website\",\"url\":\"https:\/\/www.fiarebancaetica.coop\/eu\/\",\"name\":\"Fiare Banca Etica\",\"description\":\"\",\"potentialAction\":[{\"@type\":\"SearchAction\",\"target\":{\"@type\":\"EntryPoint\",\"urlTemplate\":\"https:\/\/www.fiarebancaetica.coop\/eu\/?s={search_term_string}\"},\"query-input\":{\"@type\":\"PropertyValueSpecification\",\"valueRequired\":true,\"valueName\":\"search_term_string\"}}],\"inLanguage\":\"eu\"},{\"@type\":\"Person\",\"@id\":\"https:\/\/www.fiarebancaetica.coop\/eu\/#\/schema\/person\/579841e89c804b5db05d9141bd9b8272\",\"name\":\"crispyadmin0\",\"image\":{\"@type\":\"ImageObject\",\"inLanguage\":\"eu\",\"@id\":\"https:\/\/www.fiarebancaetica.coop\/eu\/#\/schema\/person\/image\/5f3a6b7786f32f4c35bd2b1a5a4698ea\",\"url\":\"https:\/\/secure.gravatar.com\/avatar\/4d2cfb499d497b6d49da659fab7404b243a87fe8e40d2cf97a1cae48f677f5b2?s=96&d=mm&r=g\",\"contentUrl\":\"https:\/\/secure.gravatar.com\/avatar\/4d2cfb499d497b6d49da659fab7404b243a87fe8e40d2cf97a1cae48f677f5b2?s=96&d=mm&r=g\",\"caption\":\"crispyadmin0\"},\"sameAs\":[\"crispyadmin0\"]}]}<\/script>\n<!-- \/ Yoast SEO plugin. -->","yoast_head_json":{"title":"Hace 16 a\u00f1os\u2026 - Fiare Banca Etica","robots":{"index":"index","follow":"follow","max-snippet":"max-snippet:-1","max-image-preview":"max-image-preview:large","max-video-preview":"max-video-preview:-1"},"canonical":"https:\/\/www.fiarebancaetica.coop\/eu\/hace-16-anos\/","og_locale":"eu_ES","og_type":"article","og_title":"Hace 16 a\u00f1os\u2026 - Fiare Banca Etica","og_description":"Hace 16 a\u00f1os, el 8 de Marzo de 1999, Banca Etica comenz\u00f3 a operar como entidad bancaria a todos los efectos. Ese d\u00eda se convirti\u00f3 en realidad el sue\u00f1o de miles de personas y organizaciones que se activaron de forma voluntaria para crear un banco que pusiera en el centro valores como la transparencia, la solidaridad, el cooperativismo, la participaci\u00f3n y la responsabilidad.","og_url":"https:\/\/www.fiarebancaetica.coop\/eu\/hace-16-anos\/","og_site_name":"Fiare Banca Etica","article_published_time":"2015-03-17T23:00:00+00:00","article_modified_time":"2024-02-21T15:11:32+00:00","og_image":[{"width":540,"height":189,"url":"https:\/\/www.fiarebancaetica.coop\/app\/uploads\/sites\/2\/2023\/12\/hace-16-anos.png","type":"image\/png"}],"author":"crispyadmin0","twitter_card":"summary_large_image","schema":{"@context":"https:\/\/schema.org","@graph":[{"@type":"Article","@id":"https:\/\/www.fiarebancaetica.coop\/eu\/hace-16-anos\/#article","isPartOf":{"@id":"https:\/\/www.fiarebancaetica.coop\/eu\/hace-16-anos\/"},"author":{"name":"crispyadmin0","@id":"https:\/\/www.fiarebancaetica.coop\/eu\/#\/schema\/person\/579841e89c804b5db05d9141bd9b8272"},"headline":"Hace 16 a\u00f1os\u2026","datePublished":"2015-03-17T23:00:00+00:00","dateModified":"2024-02-21T15:11:32+00:00","mainEntityOfPage":{"@id":"https:\/\/www.fiarebancaetica.coop\/eu\/hace-16-anos\/"},"wordCount":674,"commentCount":0,"image":{"@id":"https:\/\/www.fiarebancaetica.coop\/eu\/hace-16-anos\/#primaryimage"},"thumbnailUrl":"https:\/\/www.fiarebancaetica.coop\/app\/uploads\/sites\/2\/2023\/12\/hace-16-anos.png","articleSection":["Finantza etikoak"],"inLanguage":"eu","potentialAction":[{"@type":"CommentAction","name":"Comment","target":["https:\/\/www.fiarebancaetica.coop\/eu\/hace-16-anos\/#respond"]}]},{"@type":"WebPage","@id":"https:\/\/www.fiarebancaetica.coop\/eu\/hace-16-anos\/","url":"https:\/\/www.fiarebancaetica.coop\/eu\/hace-16-anos\/","name":"Hace 16 a\u00f1os\u2026 - Fiare Banca Etica","isPartOf":{"@id":"https:\/\/www.fiarebancaetica.coop\/eu\/#website"},"primaryImageOfPage":{"@id":"https:\/\/www.fiarebancaetica.coop\/eu\/hace-16-anos\/#primaryimage"},"image":{"@id":"https:\/\/www.fiarebancaetica.coop\/eu\/hace-16-anos\/#primaryimage"},"thumbnailUrl":"https:\/\/www.fiarebancaetica.coop\/app\/uploads\/sites\/2\/2023\/12\/hace-16-anos.png","datePublished":"2015-03-17T23:00:00+00:00","dateModified":"2024-02-21T15:11:32+00:00","author":{"@id":"https:\/\/www.fiarebancaetica.coop\/eu\/#\/schema\/person\/579841e89c804b5db05d9141bd9b8272"},"breadcrumb":{"@id":"https:\/\/www.fiarebancaetica.coop\/eu\/hace-16-anos\/#breadcrumb"},"inLanguage":"eu","potentialAction":[{"@type":"ReadAction","target":["https:\/\/www.fiarebancaetica.coop\/eu\/hace-16-anos\/"]}]},{"@type":"ImageObject","inLanguage":"eu","@id":"https:\/\/www.fiarebancaetica.coop\/eu\/hace-16-anos\/#primaryimage","url":"https:\/\/www.fiarebancaetica.coop\/app\/uploads\/sites\/2\/2023\/12\/hace-16-anos.png","contentUrl":"https:\/\/www.fiarebancaetica.coop\/app\/uploads\/sites\/2\/2023\/12\/hace-16-anos.png","width":540,"height":189},{"@type":"BreadcrumbList","@id":"https:\/\/www.fiarebancaetica.coop\/eu\/hace-16-anos\/#breadcrumb","itemListElement":[{"@type":"ListItem","position":1,"name":"Home","item":"https:\/\/www.fiarebancaetica.coop\/eu\/"},{"@type":"ListItem","position":2,"name":"Hace 16 a\u00f1os\u2026"}]},{"@type":"WebSite","@id":"https:\/\/www.fiarebancaetica.coop\/eu\/#website","url":"https:\/\/www.fiarebancaetica.coop\/eu\/","name":"Fiare Banca Etica","description":"","potentialAction":[{"@type":"SearchAction","target":{"@type":"EntryPoint","urlTemplate":"https:\/\/www.fiarebancaetica.coop\/eu\/?s={search_term_string}"},"query-input":{"@type":"PropertyValueSpecification","valueRequired":true,"valueName":"search_term_string"}}],"inLanguage":"eu"},{"@type":"Person","@id":"https:\/\/www.fiarebancaetica.coop\/eu\/#\/schema\/person\/579841e89c804b5db05d9141bd9b8272","name":"crispyadmin0","image":{"@type":"ImageObject","inLanguage":"eu","@id":"https:\/\/www.fiarebancaetica.coop\/eu\/#\/schema\/person\/image\/5f3a6b7786f32f4c35bd2b1a5a4698ea","url":"https:\/\/secure.gravatar.com\/avatar\/4d2cfb499d497b6d49da659fab7404b243a87fe8e40d2cf97a1cae48f677f5b2?s=96&d=mm&r=g","contentUrl":"https:\/\/secure.gravatar.com\/avatar\/4d2cfb499d497b6d49da659fab7404b243a87fe8e40d2cf97a1cae48f677f5b2?s=96&d=mm&r=g","caption":"crispyadmin0"},"sameAs":["crispyadmin0"]}]}},"_links":{"self":[{"href":"https:\/\/www.fiarebancaetica.coop\/eu\/wp-json\/wp\/v2\/posts\/346395","targetHints":{"allow":["GET"]}}],"collection":[{"href":"https:\/\/www.fiarebancaetica.coop\/eu\/wp-json\/wp\/v2\/posts"}],"about":[{"href":"https:\/\/www.fiarebancaetica.coop\/eu\/wp-json\/wp\/v2\/types\/post"}],"author":[{"embeddable":true,"href":"https:\/\/www.fiarebancaetica.coop\/eu\/wp-json\/wp\/v2\/users\/2"}],"replies":[{"embeddable":true,"href":"https:\/\/www.fiarebancaetica.coop\/eu\/wp-json\/wp\/v2\/comments?post=346395"}],"version-history":[{"count":1,"href":"https:\/\/www.fiarebancaetica.coop\/eu\/wp-json\/wp\/v2\/posts\/346395\/revisions"}],"predecessor-version":[{"id":353070,"href":"https:\/\/www.fiarebancaetica.coop\/eu\/wp-json\/wp\/v2\/posts\/346395\/revisions\/353070"}],"wp:featuredmedia":[{"embeddable":true,"href":"https:\/\/www.fiarebancaetica.coop\/eu\/wp-json\/wp\/v2\/media\/323762"}],"wp:attachment":[{"href":"https:\/\/www.fiarebancaetica.coop\/eu\/wp-json\/wp\/v2\/media?parent=346395"}],"wp:term":[{"taxonomy":"category","embeddable":true,"href":"https:\/\/www.fiarebancaetica.coop\/eu\/wp-json\/wp\/v2\/categories?post=346395"},{"taxonomy":"post_tag","embeddable":true,"href":"https:\/\/www.fiarebancaetica.coop\/eu\/wp-json\/wp\/v2\/tags?post=346395"},{"taxonomy":"author","embeddable":true,"href":"https:\/\/www.fiarebancaetica.coop\/eu\/wp-json\/wp\/v2\/coauthors?post=346395"}],"curies":[{"name":"wp","href":"https:\/\/api.w.org\/{rel}","templated":true}]}}