{"id":346396,"date":"2015-03-12T00:00:00","date_gmt":"2015-03-11T23:00:00","guid":{"rendered":"https:\/\/www.fiarebancaetica.coop\/inauguracion-oficial-de-fiare-banca-etica\/"},"modified":"2024-02-21T16:11:34","modified_gmt":"2024-02-21T15:11:34","slug":"inauguracion-oficial-de-fiare-banca-etica","status":"publish","type":"post","link":"https:\/\/www.fiarebancaetica.coop\/eu\/inauguracion-oficial-de-fiare-banca-etica\/","title":{"rendered":"Inauguraci\u00f3n oficial de Fiare Banca Etica"},"content":{"rendered":"\n\n<div class=\"wp-block-bancaetica-blocks-blocks-block-49\">\n    <div class=\"container-block-49\">\n\n        <div class=\"header-section \">\n                            <h1 class=\"section-title\"> Etica e cooperativa <\/h1>\n                                            <\/div>\n\n        \n        <div class=\"block-background\" style=\"background-image: url('https:\/\/www.fiarebancaetica.coop\/app\/uploads\/sites\/2\/2023\/12\/inauguracion-oficial-fiare-banca-etica.jpg')\">\n                            <div class=\"tile\">\n                    <h1 class=\"image-title\"> Inauguraci\u00f3n oficial de Fiare Banca Etica <\/h1>\n                <\/div>             <!-- end .tile -->\n            <div class=\"bottom-content\">\n                            <\/div> <!-- end .button-content -->\n        <\/div> <!-- end .block-background -->\n    <\/div> <!-- end .container -->\n<\/div> <!-- end wp-block-bancaetica-blocks-blocks-block-06 -->\n\n\n<div class=\"wrapper-crispybacon-class wrapper-crispybacon-class-boxed \">\n    <p>El pr\u00f3ximo 27 de Marzo, a las 18.30 horas, en el Museo de Reproducciones de Bilbao, se celebrar\u00e1 la inauguraci\u00f3n oficial de Fiare Banca Etica con la presencia del Presidente de Banca Etica, Ugo Biggeri, miembros del Consejo de Administraci\u00f3n, representantes de los trabajadores\/as del banco y de todas las personas socias, estas \u00faltimas como principales protagonistas que han permitido el desarrollo de este proyecto en todo el Estado..<\/p>\n<p>\u201cDesde su nacimiento en 1999 Banca Etica ha crecido gracias a una gesti\u00f3n eficaz y a su capacidad de plasmar estas ideas en la econom\u00eda social, dando valor a las relaciones, distingui\u00e9ndose claramente de las finanzas irresponsables que pretenden maximizar las ganancias para pocos a corto plazo y ajena a toda idea de bien colectivo y desarrollo sostenible \u2013 explica Ugo Biggeri, Presidente de Banca Popolare Etica \u2013 Con la apertura de la Sucursal en Espa\u00f1a nuestro banco es un ejemplo positivo a nivel internacional y desea seguir haciendo finanzas \u00e9ticas de manera independiente y apoyar miles de proyectos que tienen como objetivo mejorar la sociedad en que vivimos y que nos permiten construir juntos un futuro mejor.\u201d<\/p>\n<p>\u201cPara un proyecto como Fiare Banca Etica, que se construye sobre la base de un extensa red de personas y organizaciones, es imprescindible la existencia de una ciudadan\u00eda activa. Una parte de esta ciudadan\u00eda estar\u00e1 en Bilbao el dia 27 de marzo \u2013 sigue Peru Sasia, consejero de administraci\u00f3n de Banca Etica &#8211; para celebrar la consolidaci\u00f3n de un proyecto que es mucho m\u00e1s que un proveedor de servicios financieros. Formamos parte de un tejido social comprometido con la transformaci\u00f3n de las condiciones y estructuras de injusticia que existen hoy en nuestras sociedades\u201d.<br \/>\n\t&nbsp;<\/p>\n<h2>\n\tPrograma de la inauguraci\u00f3n oficial<\/h2>\n<p><br \/>\n\t<strong>Museo de reproducciones (San Francisco 14, Bilbao) -27 de Marzo, a las 18.30 horas<\/strong><br \/>\n\t<br \/>\n\tCon intervenciones de Ugo Biggeri, presidente de Banca Etica, Peru Sasia, consejero de Banca Etica, Juan Garibi, Director de Fiare Banca Etica, Cristina de la Cruz, miembro del Comit\u00e9 de Etica, Beatriz Oliver, referente de socios del \u00c1rea Fiare, que presentar\u00e1n, junto a otras personas, la historia, el sentido y los objetivos de nuestro proyecto.<\/p>\n<p><br \/>\n\t<strong>Durante el acto tendr\u00e1 lugar:<\/strong><br \/>\n\t\u2022 Bienvenida con txalaparta<br \/>\n\t\u2022 Aurresku de honor, agurra y jota con el grupo Salbatzaile Dantza Taldea<br \/>\n\t\u2022 Jazz, m\u00fasica negra y rock &amp; roll con el cuarteto The Pushermen<br \/>\n\t\u2022 Aperitivo a cargo de Lapiko Catering<br \/>\n\t\u2022 Taller de animaci\u00f3n para ni\u00f1as y ni\u00f1os, que se llevar\u00e1 a cabo por Keima, empresa de inserci\u00f3n laboral.<\/p>\n<p>\u00a1Inscr\u00edbete!<br \/>\n\t<a href=\"http:\/\/bancaetica.us5.list-manage2.com\/subscribe?u=13459f6dbebde92a38aefa2f9&amp;id=8a58c1289e\">Inscr\u00edbete en la inauguraci\u00f3n, haz clic aqu\u00ed<\/a><\/p>\n<p>&nbsp;<\/p>\n<p>&nbsp;<\/p>\n<\/div>","protected":false},"excerpt":{"rendered":"<p>El pr\u00f3ximo 27 de Marzo, a las 18.30 horas, en el Museo de Reproducciones de Bilbao, se celebrar\u00e1 la inauguraci\u00f3n oficial de Fiare Banca Etica con la presencia del Presidente de Banca Etica, Ugo Biggeri, miembros del Consejo de Administraci\u00f3n, representantes de los trabajadores\/as del banco y de todas las personas socias, estas \u00faltimas como principales protagonistas que han permitido el desarrollo de este proyecto en todo el Estado..<\/p>\n<p>&nbsp;<\/p>\n","protected":false},"author":2,"featured_media":323756,"comment_status":"open","ping_status":"closed","sticky":false,"template":"","format":"standard","meta":{"_acf_changed":false,"footnotes":""},"categories":[11644],"tags":[],"coauthors":[],"class_list":["post-346396","post","type-post","status-publish","format-standard","has-post-thumbnail","hentry","category-finantza-etikoak"],"acf":[],"yoast_head":"<!-- This site is optimized with the Yoast SEO plugin v26.9 - https:\/\/yoast.com\/product\/yoast-seo-wordpress\/ -->\n<title>Inauguraci\u00f3n oficial de Fiare Banca Etica - Fiare Banca Etica<\/title>\n<meta name=\"robots\" content=\"index, follow, max-snippet:-1, max-image-preview:large, max-video-preview:-1\" \/>\n<link rel=\"canonical\" href=\"https:\/\/www.fiarebancaetica.coop\/eu\/inauguracion-oficial-de-fiare-banca-etica\/\" \/>\n<meta property=\"og:locale\" content=\"eu_ES\" \/>\n<meta property=\"og:type\" content=\"article\" \/>\n<meta property=\"og:title\" content=\"Inauguraci\u00f3n oficial de Fiare Banca Etica - Fiare Banca Etica\" \/>\n<meta property=\"og:description\" content=\"El pr\u00f3ximo 27 de Marzo, a las 18.30 horas, en el Museo de Reproducciones de Bilbao, se celebrar\u00e1 la inauguraci\u00f3n oficial de Fiare Banca Etica con la presencia del Presidente de Banca Etica, Ugo Biggeri, miembros del Consejo de Administraci\u00f3n, representantes de los trabajadores\/as del banco y de todas las personas socias, estas \u00faltimas como principales protagonistas que han permitido el desarrollo de este proyecto en todo el Estado.. &nbsp;\" \/>\n<meta property=\"og:url\" content=\"https:\/\/www.fiarebancaetica.coop\/eu\/inauguracion-oficial-de-fiare-banca-etica\/\" \/>\n<meta property=\"og:site_name\" content=\"Fiare Banca Etica\" \/>\n<meta property=\"article:published_time\" content=\"2015-03-11T23:00:00+00:00\" \/>\n<meta property=\"article:modified_time\" content=\"2024-02-21T15:11:34+00:00\" \/>\n<meta property=\"og:image\" content=\"https:\/\/www.fiarebancaetica.coop\/app\/uploads\/sites\/2\/2023\/12\/inauguracion-oficial-fiare-banca-etica.jpg\" \/>\n\t<meta property=\"og:image:width\" content=\"1276\" \/>\n\t<meta property=\"og:image:height\" content=\"634\" \/>\n\t<meta property=\"og:image:type\" content=\"image\/jpeg\" \/>\n<meta name=\"author\" content=\"crispyadmin0\" \/>\n<meta name=\"twitter:card\" content=\"summary_large_image\" \/>\n<script type=\"application\/ld+json\" class=\"yoast-schema-graph\">{\"@context\":\"https:\/\/schema.org\",\"@graph\":[{\"@type\":\"Article\",\"@id\":\"https:\/\/www.fiarebancaetica.coop\/eu\/inauguracion-oficial-de-fiare-banca-etica\/#article\",\"isPartOf\":{\"@id\":\"https:\/\/www.fiarebancaetica.coop\/eu\/inauguracion-oficial-de-fiare-banca-etica\/\"},\"author\":{\"name\":\"crispyadmin0\",\"@id\":\"https:\/\/www.fiarebancaetica.coop\/eu\/#\/schema\/person\/579841e89c804b5db05d9141bd9b8272\"},\"headline\":\"Inauguraci\u00f3n oficial de Fiare Banca Etica\",\"datePublished\":\"2015-03-11T23:00:00+00:00\",\"dateModified\":\"2024-02-21T15:11:34+00:00\",\"mainEntityOfPage\":{\"@id\":\"https:\/\/www.fiarebancaetica.coop\/eu\/inauguracion-oficial-de-fiare-banca-etica\/\"},\"wordCount\":443,\"commentCount\":0,\"image\":{\"@id\":\"https:\/\/www.fiarebancaetica.coop\/eu\/inauguracion-oficial-de-fiare-banca-etica\/#primaryimage\"},\"thumbnailUrl\":\"https:\/\/www.fiarebancaetica.coop\/app\/uploads\/sites\/2\/2023\/12\/inauguracion-oficial-fiare-banca-etica.jpg\",\"articleSection\":[\"Finantza etikoak\"],\"inLanguage\":\"eu\",\"potentialAction\":[{\"@type\":\"CommentAction\",\"name\":\"Comment\",\"target\":[\"https:\/\/www.fiarebancaetica.coop\/eu\/inauguracion-oficial-de-fiare-banca-etica\/#respond\"]}]},{\"@type\":\"WebPage\",\"@id\":\"https:\/\/www.fiarebancaetica.coop\/eu\/inauguracion-oficial-de-fiare-banca-etica\/\",\"url\":\"https:\/\/www.fiarebancaetica.coop\/eu\/inauguracion-oficial-de-fiare-banca-etica\/\",\"name\":\"Inauguraci\u00f3n oficial de Fiare Banca Etica - Fiare Banca Etica\",\"isPartOf\":{\"@id\":\"https:\/\/www.fiarebancaetica.coop\/eu\/#website\"},\"primaryImageOfPage\":{\"@id\":\"https:\/\/www.fiarebancaetica.coop\/eu\/inauguracion-oficial-de-fiare-banca-etica\/#primaryimage\"},\"image\":{\"@id\":\"https:\/\/www.fiarebancaetica.coop\/eu\/inauguracion-oficial-de-fiare-banca-etica\/#primaryimage\"},\"thumbnailUrl\":\"https:\/\/www.fiarebancaetica.coop\/app\/uploads\/sites\/2\/2023\/12\/inauguracion-oficial-fiare-banca-etica.jpg\",\"datePublished\":\"2015-03-11T23:00:00+00:00\",\"dateModified\":\"2024-02-21T15:11:34+00:00\",\"author\":{\"@id\":\"https:\/\/www.fiarebancaetica.coop\/eu\/#\/schema\/person\/579841e89c804b5db05d9141bd9b8272\"},\"breadcrumb\":{\"@id\":\"https:\/\/www.fiarebancaetica.coop\/eu\/inauguracion-oficial-de-fiare-banca-etica\/#breadcrumb\"},\"inLanguage\":\"eu\",\"potentialAction\":[{\"@type\":\"ReadAction\",\"target\":[\"https:\/\/www.fiarebancaetica.coop\/eu\/inauguracion-oficial-de-fiare-banca-etica\/\"]}]},{\"@type\":\"ImageObject\",\"inLanguage\":\"eu\",\"@id\":\"https:\/\/www.fiarebancaetica.coop\/eu\/inauguracion-oficial-de-fiare-banca-etica\/#primaryimage\",\"url\":\"https:\/\/www.fiarebancaetica.coop\/app\/uploads\/sites\/2\/2023\/12\/inauguracion-oficial-fiare-banca-etica.jpg\",\"contentUrl\":\"https:\/\/www.fiarebancaetica.coop\/app\/uploads\/sites\/2\/2023\/12\/inauguracion-oficial-fiare-banca-etica.jpg\",\"width\":1276,\"height\":634},{\"@type\":\"BreadcrumbList\",\"@id\":\"https:\/\/www.fiarebancaetica.coop\/eu\/inauguracion-oficial-de-fiare-banca-etica\/#breadcrumb\",\"itemListElement\":[{\"@type\":\"ListItem\",\"position\":1,\"name\":\"Home\",\"item\":\"https:\/\/www.fiarebancaetica.coop\/eu\/\"},{\"@type\":\"ListItem\",\"position\":2,\"name\":\"Inauguraci\u00f3n oficial de Fiare Banca Etica\"}]},{\"@type\":\"WebSite\",\"@id\":\"https:\/\/www.fiarebancaetica.coop\/eu\/#website\",\"url\":\"https:\/\/www.fiarebancaetica.coop\/eu\/\",\"name\":\"Fiare Banca Etica\",\"description\":\"\",\"potentialAction\":[{\"@type\":\"SearchAction\",\"target\":{\"@type\":\"EntryPoint\",\"urlTemplate\":\"https:\/\/www.fiarebancaetica.coop\/eu\/?s={search_term_string}\"},\"query-input\":{\"@type\":\"PropertyValueSpecification\",\"valueRequired\":true,\"valueName\":\"search_term_string\"}}],\"inLanguage\":\"eu\"},{\"@type\":\"Person\",\"@id\":\"https:\/\/www.fiarebancaetica.coop\/eu\/#\/schema\/person\/579841e89c804b5db05d9141bd9b8272\",\"name\":\"crispyadmin0\",\"image\":{\"@type\":\"ImageObject\",\"inLanguage\":\"eu\",\"@id\":\"https:\/\/www.fiarebancaetica.coop\/eu\/#\/schema\/person\/image\/5f3a6b7786f32f4c35bd2b1a5a4698ea\",\"url\":\"https:\/\/secure.gravatar.com\/avatar\/4d2cfb499d497b6d49da659fab7404b243a87fe8e40d2cf97a1cae48f677f5b2?s=96&d=mm&r=g\",\"contentUrl\":\"https:\/\/secure.gravatar.com\/avatar\/4d2cfb499d497b6d49da659fab7404b243a87fe8e40d2cf97a1cae48f677f5b2?s=96&d=mm&r=g\",\"caption\":\"crispyadmin0\"},\"sameAs\":[\"crispyadmin0\"]}]}<\/script>\n<!-- \/ Yoast SEO plugin. -->","yoast_head_json":{"title":"Inauguraci\u00f3n oficial de Fiare Banca Etica - Fiare Banca Etica","robots":{"index":"index","follow":"follow","max-snippet":"max-snippet:-1","max-image-preview":"max-image-preview:large","max-video-preview":"max-video-preview:-1"},"canonical":"https:\/\/www.fiarebancaetica.coop\/eu\/inauguracion-oficial-de-fiare-banca-etica\/","og_locale":"eu_ES","og_type":"article","og_title":"Inauguraci\u00f3n oficial de Fiare Banca Etica - Fiare Banca Etica","og_description":"El pr\u00f3ximo 27 de Marzo, a las 18.30 horas, en el Museo de Reproducciones de Bilbao, se celebrar\u00e1 la inauguraci\u00f3n oficial de Fiare Banca Etica con la presencia del Presidente de Banca Etica, Ugo Biggeri, miembros del Consejo de Administraci\u00f3n, representantes de los trabajadores\/as del banco y de todas las personas socias, estas \u00faltimas como principales protagonistas que han permitido el desarrollo de este proyecto en todo el Estado.. &nbsp;","og_url":"https:\/\/www.fiarebancaetica.coop\/eu\/inauguracion-oficial-de-fiare-banca-etica\/","og_site_name":"Fiare Banca Etica","article_published_time":"2015-03-11T23:00:00+00:00","article_modified_time":"2024-02-21T15:11:34+00:00","og_image":[{"width":1276,"height":634,"url":"https:\/\/www.fiarebancaetica.coop\/app\/uploads\/sites\/2\/2023\/12\/inauguracion-oficial-fiare-banca-etica.jpg","type":"image\/jpeg"}],"author":"crispyadmin0","twitter_card":"summary_large_image","schema":{"@context":"https:\/\/schema.org","@graph":[{"@type":"Article","@id":"https:\/\/www.fiarebancaetica.coop\/eu\/inauguracion-oficial-de-fiare-banca-etica\/#article","isPartOf":{"@id":"https:\/\/www.fiarebancaetica.coop\/eu\/inauguracion-oficial-de-fiare-banca-etica\/"},"author":{"name":"crispyadmin0","@id":"https:\/\/www.fiarebancaetica.coop\/eu\/#\/schema\/person\/579841e89c804b5db05d9141bd9b8272"},"headline":"Inauguraci\u00f3n oficial de Fiare Banca Etica","datePublished":"2015-03-11T23:00:00+00:00","dateModified":"2024-02-21T15:11:34+00:00","mainEntityOfPage":{"@id":"https:\/\/www.fiarebancaetica.coop\/eu\/inauguracion-oficial-de-fiare-banca-etica\/"},"wordCount":443,"commentCount":0,"image":{"@id":"https:\/\/www.fiarebancaetica.coop\/eu\/inauguracion-oficial-de-fiare-banca-etica\/#primaryimage"},"thumbnailUrl":"https:\/\/www.fiarebancaetica.coop\/app\/uploads\/sites\/2\/2023\/12\/inauguracion-oficial-fiare-banca-etica.jpg","articleSection":["Finantza etikoak"],"inLanguage":"eu","potentialAction":[{"@type":"CommentAction","name":"Comment","target":["https:\/\/www.fiarebancaetica.coop\/eu\/inauguracion-oficial-de-fiare-banca-etica\/#respond"]}]},{"@type":"WebPage","@id":"https:\/\/www.fiarebancaetica.coop\/eu\/inauguracion-oficial-de-fiare-banca-etica\/","url":"https:\/\/www.fiarebancaetica.coop\/eu\/inauguracion-oficial-de-fiare-banca-etica\/","name":"Inauguraci\u00f3n oficial de Fiare Banca Etica - Fiare Banca Etica","isPartOf":{"@id":"https:\/\/www.fiarebancaetica.coop\/eu\/#website"},"primaryImageOfPage":{"@id":"https:\/\/www.fiarebancaetica.coop\/eu\/inauguracion-oficial-de-fiare-banca-etica\/#primaryimage"},"image":{"@id":"https:\/\/www.fiarebancaetica.coop\/eu\/inauguracion-oficial-de-fiare-banca-etica\/#primaryimage"},"thumbnailUrl":"https:\/\/www.fiarebancaetica.coop\/app\/uploads\/sites\/2\/2023\/12\/inauguracion-oficial-fiare-banca-etica.jpg","datePublished":"2015-03-11T23:00:00+00:00","dateModified":"2024-02-21T15:11:34+00:00","author":{"@id":"https:\/\/www.fiarebancaetica.coop\/eu\/#\/schema\/person\/579841e89c804b5db05d9141bd9b8272"},"breadcrumb":{"@id":"https:\/\/www.fiarebancaetica.coop\/eu\/inauguracion-oficial-de-fiare-banca-etica\/#breadcrumb"},"inLanguage":"eu","potentialAction":[{"@type":"ReadAction","target":["https:\/\/www.fiarebancaetica.coop\/eu\/inauguracion-oficial-de-fiare-banca-etica\/"]}]},{"@type":"ImageObject","inLanguage":"eu","@id":"https:\/\/www.fiarebancaetica.coop\/eu\/inauguracion-oficial-de-fiare-banca-etica\/#primaryimage","url":"https:\/\/www.fiarebancaetica.coop\/app\/uploads\/sites\/2\/2023\/12\/inauguracion-oficial-fiare-banca-etica.jpg","contentUrl":"https:\/\/www.fiarebancaetica.coop\/app\/uploads\/sites\/2\/2023\/12\/inauguracion-oficial-fiare-banca-etica.jpg","width":1276,"height":634},{"@type":"BreadcrumbList","@id":"https:\/\/www.fiarebancaetica.coop\/eu\/inauguracion-oficial-de-fiare-banca-etica\/#breadcrumb","itemListElement":[{"@type":"ListItem","position":1,"name":"Home","item":"https:\/\/www.fiarebancaetica.coop\/eu\/"},{"@type":"ListItem","position":2,"name":"Inauguraci\u00f3n oficial de Fiare Banca Etica"}]},{"@type":"WebSite","@id":"https:\/\/www.fiarebancaetica.coop\/eu\/#website","url":"https:\/\/www.fiarebancaetica.coop\/eu\/","name":"Fiare Banca Etica","description":"","potentialAction":[{"@type":"SearchAction","target":{"@type":"EntryPoint","urlTemplate":"https:\/\/www.fiarebancaetica.coop\/eu\/?s={search_term_string}"},"query-input":{"@type":"PropertyValueSpecification","valueRequired":true,"valueName":"search_term_string"}}],"inLanguage":"eu"},{"@type":"Person","@id":"https:\/\/www.fiarebancaetica.coop\/eu\/#\/schema\/person\/579841e89c804b5db05d9141bd9b8272","name":"crispyadmin0","image":{"@type":"ImageObject","inLanguage":"eu","@id":"https:\/\/www.fiarebancaetica.coop\/eu\/#\/schema\/person\/image\/5f3a6b7786f32f4c35bd2b1a5a4698ea","url":"https:\/\/secure.gravatar.com\/avatar\/4d2cfb499d497b6d49da659fab7404b243a87fe8e40d2cf97a1cae48f677f5b2?s=96&d=mm&r=g","contentUrl":"https:\/\/secure.gravatar.com\/avatar\/4d2cfb499d497b6d49da659fab7404b243a87fe8e40d2cf97a1cae48f677f5b2?s=96&d=mm&r=g","caption":"crispyadmin0"},"sameAs":["crispyadmin0"]}]}},"_links":{"self":[{"href":"https:\/\/www.fiarebancaetica.coop\/eu\/wp-json\/wp\/v2\/posts\/346396","targetHints":{"allow":["GET"]}}],"collection":[{"href":"https:\/\/www.fiarebancaetica.coop\/eu\/wp-json\/wp\/v2\/posts"}],"about":[{"href":"https:\/\/www.fiarebancaetica.coop\/eu\/wp-json\/wp\/v2\/types\/post"}],"author":[{"embeddable":true,"href":"https:\/\/www.fiarebancaetica.coop\/eu\/wp-json\/wp\/v2\/users\/2"}],"replies":[{"embeddable":true,"href":"https:\/\/www.fiarebancaetica.coop\/eu\/wp-json\/wp\/v2\/comments?post=346396"}],"version-history":[{"count":1,"href":"https:\/\/www.fiarebancaetica.coop\/eu\/wp-json\/wp\/v2\/posts\/346396\/revisions"}],"predecessor-version":[{"id":353072,"href":"https:\/\/www.fiarebancaetica.coop\/eu\/wp-json\/wp\/v2\/posts\/346396\/revisions\/353072"}],"wp:featuredmedia":[{"embeddable":true,"href":"https:\/\/www.fiarebancaetica.coop\/eu\/wp-json\/wp\/v2\/media\/323756"}],"wp:attachment":[{"href":"https:\/\/www.fiarebancaetica.coop\/eu\/wp-json\/wp\/v2\/media?parent=346396"}],"wp:term":[{"taxonomy":"category","embeddable":true,"href":"https:\/\/www.fiarebancaetica.coop\/eu\/wp-json\/wp\/v2\/categories?post=346396"},{"taxonomy":"post_tag","embeddable":true,"href":"https:\/\/www.fiarebancaetica.coop\/eu\/wp-json\/wp\/v2\/tags?post=346396"},{"taxonomy":"author","embeddable":true,"href":"https:\/\/www.fiarebancaetica.coop\/eu\/wp-json\/wp\/v2\/coauthors?post=346396"}],"curies":[{"name":"wp","href":"https:\/\/api.w.org\/{rel}","templated":true}]}}