{"id":346577,"date":"2014-08-13T00:00:00","date_gmt":"2014-08-12T22:00:00","guid":{"rendered":"https:\/\/www.fiarebancaetica.coop\/rais-fundacion\/"},"modified":"2024-02-21T16:15:51","modified_gmt":"2024-02-21T15:15:51","slug":"rais-fundacion","status":"publish","type":"post","link":"https:\/\/www.fiarebancaetica.coop\/eu\/rais-fundacion\/","title":{"rendered":"RAIS Fundaci\u00f3n"},"content":{"rendered":"\n\n<div class=\"wp-block-bancaetica-blocks-blocks-block-49\">\n    <div class=\"container-block-49\">\n\n        <div class=\"header-section \">\n                            <h1 class=\"section-title\"> Etica e cooperativa <\/h1>\n                                            <\/div>\n\n        \n        <div class=\"block-background\" style=\"background-image: url('https:\/\/www.fiarebancaetica.coop\/app\/uploads\/sites\/2\/2023\/12\/fundacion-red-de-apoyo-integracion-sociolaboral-fundacion-rais.png')\">\n                            <div class=\"tile\">\n                    <h1 class=\"image-title\"> RAIS Fundaci\u00f3n <\/h1>\n                <\/div>             <!-- end .tile -->\n            <div class=\"bottom-content\">\n                            <\/div> <!-- end .button-content -->\n        <\/div> <!-- end .block-background -->\n    <\/div> <!-- end .container -->\n<\/div> <!-- end wp-block-bancaetica-blocks-blocks-block-06 -->\n\n\n<div class=\"wrapper-crispybacon-class wrapper-crispybacon-class-boxed \">\n    <p>La Fundaci\u00f3n Red de Apoyo a la Integraci\u00f3n Sociolaboral (RAIS), es una entidad sin \u00e1nimo de lucro nacida en 1998 como Asociaci\u00f3n y m\u00e1s tarde transformada en Fundaci\u00f3n de asistencia social y, por tanto, dotada de inter\u00e9s p\u00fablico.<\/p>\n<p>Sus fines son la lucha permanente y creativa contra la pobreza y la exclusi\u00f3n social, interviniendo en los \u00e1mbitos m\u00e1s diversos: social, laboral, cultural, educativo, medioambiental, sanitario, etc&#8230;<\/p>\n<p>Desde 1998, la Fundaci\u00f3n RAIS ha ido creciendo y adaptando sus respuestas a las necesidades de los colectivos m\u00e1s necesitados, y especialmente al de las personas sin hogar y personas en situaci\u00f3n o riesgo de exclusi\u00f3n social. De la primera iniciativa de intervenci\u00f3n social, basada en la venta de prensa social, se ha avanzado en un modelo de atenci\u00f3n integral desde el que se abordan necesidades tan variadas como el alojamiento, el acompa\u00f1amiento social, el ocio y la activaci\u00f3n social, la animaci\u00f3n sociodeportiva, el trabajo de calle y acceso a los recursos a trav\u00e9s de una red de Centros de D\u00eda de Baja Exigencia, etc.<\/p>\n<p>En la actualidad, la Fundaci\u00f3n RAIS despliega su trabajo en las Comunidades Aut\u00f3nomas de Madrid, Murcia, Valencia, Andaluc\u00eda y Galicia, contando con cerca de 100 trabajadores\/as, cinco centros de d\u00eda de baja exigencia y una significativa red de dispositivos de atenci\u00f3n, entre pisos unipersonales, pensiones sociales semi-supervisadas, pisos de apoyo al tratamiento y la integraci\u00f3n, etc.<\/p>\n<h2>\n\t&nbsp;<\/h2>\n<h2>\n\tFicha del proyecto<\/h2>\n<p>&nbsp;&nbsp;<\/p>\n<table border=\"1\" cellpadding=\"1\" cellspacing=\"1\">\n\t<tbody>\n\t\t<tr>\n\t\t\t<td>\n\t\t\t\tObjetivo<\/td>\n\t\t\t<td>\n\t\t\t\tAsistencia social<\/td>\n\t\t<\/tr>\n\t\t<tr>\n\t\t\t<td>\n\t\t\t\tTipo de financiaci\u00f3n:<\/td>\n\t\t\t<td>\n\t\t\t\tAnticipo en cuenta corriente<\/td>\n\t\t<\/tr>\n\t\t<tr>\n\t\t\t<td>\n\t\t\t\tImporte<\/td>\n\t\t\t<td>\n\t\t\t\t230.000,00<\/td>\n\t\t<\/tr>\n\t\t<tr>\n\t\t\t<td>\n\t\t\t\tSector<\/td>\n\t\t\t<td>\n\t\t\t\tEconom\u00eda solidaria\/Inclusi\u00f3n<\/td>\n\t\t<\/tr>\n\t\t<tr>\n\t\t\t<td>\n\t\t\t\tForma jur\u00eddica<\/td>\n\t\t\t<td>\n\t\t\t\tFundaci\u00f3n<\/td>\n\t\t<\/tr>\n\t\t<tr>\n\t\t\t<td>\n\t\t\t\tFecha de aprobaci\u00f3n<\/td>\n\t\t\t<td>\n\t\t\t\t30\/08\/2011<\/td>\n\t\t<\/tr>\n\t\t<tr>\n\t\t\t<td>\n\t\t\t\t\u00c1mbito de actuaci\u00f3n<\/td>\n\t\t\t<td>\n\t\t\t\tEstatal<\/td>\n\t\t<\/tr>\n\t\t<tr>\n\t\t\t<td>\n\t\t\t\tweb<\/td>\n\t\t\t<td>\n\t\t\t\twww.raisfundacion.org<\/td>\n\t\t<\/tr>\n\t\t<tr>\n\t\t\t<td>\n\t\t\t\tTerritorial<\/td>\n\t\t\t<td>\n\t\t\t\tFiare Zona Centro<\/td>\n\t\t<\/tr>\n\t\t<tr>\n\t\t\t<td>\n\t\t\t\tOficina<\/td>\n\t\t\t<td>\n\t\t\t\tMadrid<\/td>\n\t\t<\/tr>\n\t\t<tr>\n\t\t\t<td>\n\t\t\t\t&nbsp;<\/td>\n\t\t\t<td>\n\t\t\t\t&nbsp;<\/td>\n\t\t<\/tr>\n\t<\/tbody>\n<\/table>\n<p><br \/>\n\t&nbsp;<\/p>\n<\/div>","protected":false},"excerpt":{"rendered":"<p>La Fundaci\u00f3n Red de Apoyo a la Integraci\u00f3n Sociolaboral (RAIS), es una entidad sin \u00e1nimo de lucro nacida en 1998 como Asociaci\u00f3n y m\u00e1s tarde transformada en Fundaci\u00f3n de asistencia social y, por tanto, dotada de inter\u00e9s p\u00fablico.<\/p>\n","protected":false},"author":2,"featured_media":323292,"comment_status":"open","ping_status":"closed","sticky":false,"template":"","format":"standard","meta":{"_acf_changed":false,"footnotes":""},"categories":[11663],"tags":[],"coauthors":[],"class_list":["post-346577","post","type-post","status-publish","format-standard","has-post-thumbnail","hentry","category-eragin-positiboa-duten-istorioak"],"acf":[],"yoast_head":"<!-- This site is optimized with the Yoast SEO plugin v26.9 - https:\/\/yoast.com\/product\/yoast-seo-wordpress\/ -->\n<title>RAIS Fundaci\u00f3n - Fiare Banca Etica<\/title>\n<meta name=\"robots\" content=\"index, follow, max-snippet:-1, max-image-preview:large, max-video-preview:-1\" \/>\n<link rel=\"canonical\" href=\"https:\/\/www.fiarebancaetica.coop\/eu\/rais-fundacion\/\" \/>\n<meta property=\"og:locale\" content=\"eu_ES\" \/>\n<meta property=\"og:type\" content=\"article\" \/>\n<meta property=\"og:title\" content=\"RAIS Fundaci\u00f3n - Fiare Banca Etica\" \/>\n<meta property=\"og:description\" content=\"La Fundaci\u00f3n Red de Apoyo a la Integraci\u00f3n Sociolaboral (RAIS), es una entidad sin \u00e1nimo de lucro nacida en 1998 como Asociaci\u00f3n y m\u00e1s tarde transformada en Fundaci\u00f3n de asistencia social y, por tanto, dotada de inter\u00e9s p\u00fablico.\" \/>\n<meta property=\"og:url\" content=\"https:\/\/www.fiarebancaetica.coop\/eu\/rais-fundacion\/\" \/>\n<meta property=\"og:site_name\" content=\"Fiare Banca Etica\" \/>\n<meta property=\"article:published_time\" content=\"2014-08-12T22:00:00+00:00\" \/>\n<meta property=\"article:modified_time\" content=\"2024-02-21T15:15:51+00:00\" \/>\n<meta property=\"og:image\" content=\"https:\/\/www.fiarebancaetica.coop\/app\/uploads\/sites\/2\/2023\/12\/fundacion-red-de-apoyo-integracion-sociolaboral-fundacion-rais.png\" \/>\n\t<meta property=\"og:image:width\" content=\"653\" \/>\n\t<meta property=\"og:image:height\" content=\"361\" \/>\n\t<meta property=\"og:image:type\" content=\"image\/png\" \/>\n<meta name=\"author\" content=\"crispyadmin0\" \/>\n<meta name=\"twitter:card\" content=\"summary_large_image\" \/>\n<script type=\"application\/ld+json\" class=\"yoast-schema-graph\">{\"@context\":\"https:\/\/schema.org\",\"@graph\":[{\"@type\":\"Article\",\"@id\":\"https:\/\/www.fiarebancaetica.coop\/eu\/rais-fundacion\/#article\",\"isPartOf\":{\"@id\":\"https:\/\/www.fiarebancaetica.coop\/eu\/rais-fundacion\/\"},\"author\":{\"name\":\"crispyadmin0\",\"@id\":\"https:\/\/www.fiarebancaetica.coop\/eu\/#\/schema\/person\/579841e89c804b5db05d9141bd9b8272\"},\"headline\":\"RAIS Fundaci\u00f3n\",\"datePublished\":\"2014-08-12T22:00:00+00:00\",\"dateModified\":\"2024-02-21T15:15:51+00:00\",\"mainEntityOfPage\":{\"@id\":\"https:\/\/www.fiarebancaetica.coop\/eu\/rais-fundacion\/\"},\"wordCount\":305,\"commentCount\":0,\"image\":{\"@id\":\"https:\/\/www.fiarebancaetica.coop\/eu\/rais-fundacion\/#primaryimage\"},\"thumbnailUrl\":\"https:\/\/www.fiarebancaetica.coop\/app\/uploads\/sites\/2\/2023\/12\/fundacion-red-de-apoyo-integracion-sociolaboral-fundacion-rais.png\",\"articleSection\":[\"Eragin positiboa duten istorioak\"],\"inLanguage\":\"eu\",\"potentialAction\":[{\"@type\":\"CommentAction\",\"name\":\"Comment\",\"target\":[\"https:\/\/www.fiarebancaetica.coop\/eu\/rais-fundacion\/#respond\"]}]},{\"@type\":\"WebPage\",\"@id\":\"https:\/\/www.fiarebancaetica.coop\/eu\/rais-fundacion\/\",\"url\":\"https:\/\/www.fiarebancaetica.coop\/eu\/rais-fundacion\/\",\"name\":\"RAIS Fundaci\u00f3n - Fiare Banca Etica\",\"isPartOf\":{\"@id\":\"https:\/\/www.fiarebancaetica.coop\/eu\/#website\"},\"primaryImageOfPage\":{\"@id\":\"https:\/\/www.fiarebancaetica.coop\/eu\/rais-fundacion\/#primaryimage\"},\"image\":{\"@id\":\"https:\/\/www.fiarebancaetica.coop\/eu\/rais-fundacion\/#primaryimage\"},\"thumbnailUrl\":\"https:\/\/www.fiarebancaetica.coop\/app\/uploads\/sites\/2\/2023\/12\/fundacion-red-de-apoyo-integracion-sociolaboral-fundacion-rais.png\",\"datePublished\":\"2014-08-12T22:00:00+00:00\",\"dateModified\":\"2024-02-21T15:15:51+00:00\",\"author\":{\"@id\":\"https:\/\/www.fiarebancaetica.coop\/eu\/#\/schema\/person\/579841e89c804b5db05d9141bd9b8272\"},\"breadcrumb\":{\"@id\":\"https:\/\/www.fiarebancaetica.coop\/eu\/rais-fundacion\/#breadcrumb\"},\"inLanguage\":\"eu\",\"potentialAction\":[{\"@type\":\"ReadAction\",\"target\":[\"https:\/\/www.fiarebancaetica.coop\/eu\/rais-fundacion\/\"]}]},{\"@type\":\"ImageObject\",\"inLanguage\":\"eu\",\"@id\":\"https:\/\/www.fiarebancaetica.coop\/eu\/rais-fundacion\/#primaryimage\",\"url\":\"https:\/\/www.fiarebancaetica.coop\/app\/uploads\/sites\/2\/2023\/12\/fundacion-red-de-apoyo-integracion-sociolaboral-fundacion-rais.png\",\"contentUrl\":\"https:\/\/www.fiarebancaetica.coop\/app\/uploads\/sites\/2\/2023\/12\/fundacion-red-de-apoyo-integracion-sociolaboral-fundacion-rais.png\",\"width\":653,\"height\":361},{\"@type\":\"BreadcrumbList\",\"@id\":\"https:\/\/www.fiarebancaetica.coop\/eu\/rais-fundacion\/#breadcrumb\",\"itemListElement\":[{\"@type\":\"ListItem\",\"position\":1,\"name\":\"Home\",\"item\":\"https:\/\/www.fiarebancaetica.coop\/eu\/\"},{\"@type\":\"ListItem\",\"position\":2,\"name\":\"RAIS Fundaci\u00f3n\"}]},{\"@type\":\"WebSite\",\"@id\":\"https:\/\/www.fiarebancaetica.coop\/eu\/#website\",\"url\":\"https:\/\/www.fiarebancaetica.coop\/eu\/\",\"name\":\"Fiare Banca Etica\",\"description\":\"\",\"potentialAction\":[{\"@type\":\"SearchAction\",\"target\":{\"@type\":\"EntryPoint\",\"urlTemplate\":\"https:\/\/www.fiarebancaetica.coop\/eu\/?s={search_term_string}\"},\"query-input\":{\"@type\":\"PropertyValueSpecification\",\"valueRequired\":true,\"valueName\":\"search_term_string\"}}],\"inLanguage\":\"eu\"},{\"@type\":\"Person\",\"@id\":\"https:\/\/www.fiarebancaetica.coop\/eu\/#\/schema\/person\/579841e89c804b5db05d9141bd9b8272\",\"name\":\"crispyadmin0\",\"image\":{\"@type\":\"ImageObject\",\"inLanguage\":\"eu\",\"@id\":\"https:\/\/www.fiarebancaetica.coop\/eu\/#\/schema\/person\/image\/5f3a6b7786f32f4c35bd2b1a5a4698ea\",\"url\":\"https:\/\/secure.gravatar.com\/avatar\/4d2cfb499d497b6d49da659fab7404b243a87fe8e40d2cf97a1cae48f677f5b2?s=96&d=mm&r=g\",\"contentUrl\":\"https:\/\/secure.gravatar.com\/avatar\/4d2cfb499d497b6d49da659fab7404b243a87fe8e40d2cf97a1cae48f677f5b2?s=96&d=mm&r=g\",\"caption\":\"crispyadmin0\"},\"sameAs\":[\"crispyadmin0\"]}]}<\/script>\n<!-- \/ Yoast SEO plugin. -->","yoast_head_json":{"title":"RAIS Fundaci\u00f3n - Fiare Banca Etica","robots":{"index":"index","follow":"follow","max-snippet":"max-snippet:-1","max-image-preview":"max-image-preview:large","max-video-preview":"max-video-preview:-1"},"canonical":"https:\/\/www.fiarebancaetica.coop\/eu\/rais-fundacion\/","og_locale":"eu_ES","og_type":"article","og_title":"RAIS Fundaci\u00f3n - Fiare Banca Etica","og_description":"La Fundaci\u00f3n Red de Apoyo a la Integraci\u00f3n Sociolaboral (RAIS), es una entidad sin \u00e1nimo de lucro nacida en 1998 como Asociaci\u00f3n y m\u00e1s tarde transformada en Fundaci\u00f3n de asistencia social y, por tanto, dotada de inter\u00e9s p\u00fablico.","og_url":"https:\/\/www.fiarebancaetica.coop\/eu\/rais-fundacion\/","og_site_name":"Fiare Banca Etica","article_published_time":"2014-08-12T22:00:00+00:00","article_modified_time":"2024-02-21T15:15:51+00:00","og_image":[{"width":653,"height":361,"url":"https:\/\/www.fiarebancaetica.coop\/app\/uploads\/sites\/2\/2023\/12\/fundacion-red-de-apoyo-integracion-sociolaboral-fundacion-rais.png","type":"image\/png"}],"author":"crispyadmin0","twitter_card":"summary_large_image","schema":{"@context":"https:\/\/schema.org","@graph":[{"@type":"Article","@id":"https:\/\/www.fiarebancaetica.coop\/eu\/rais-fundacion\/#article","isPartOf":{"@id":"https:\/\/www.fiarebancaetica.coop\/eu\/rais-fundacion\/"},"author":{"name":"crispyadmin0","@id":"https:\/\/www.fiarebancaetica.coop\/eu\/#\/schema\/person\/579841e89c804b5db05d9141bd9b8272"},"headline":"RAIS Fundaci\u00f3n","datePublished":"2014-08-12T22:00:00+00:00","dateModified":"2024-02-21T15:15:51+00:00","mainEntityOfPage":{"@id":"https:\/\/www.fiarebancaetica.coop\/eu\/rais-fundacion\/"},"wordCount":305,"commentCount":0,"image":{"@id":"https:\/\/www.fiarebancaetica.coop\/eu\/rais-fundacion\/#primaryimage"},"thumbnailUrl":"https:\/\/www.fiarebancaetica.coop\/app\/uploads\/sites\/2\/2023\/12\/fundacion-red-de-apoyo-integracion-sociolaboral-fundacion-rais.png","articleSection":["Eragin positiboa duten istorioak"],"inLanguage":"eu","potentialAction":[{"@type":"CommentAction","name":"Comment","target":["https:\/\/www.fiarebancaetica.coop\/eu\/rais-fundacion\/#respond"]}]},{"@type":"WebPage","@id":"https:\/\/www.fiarebancaetica.coop\/eu\/rais-fundacion\/","url":"https:\/\/www.fiarebancaetica.coop\/eu\/rais-fundacion\/","name":"RAIS Fundaci\u00f3n - Fiare Banca Etica","isPartOf":{"@id":"https:\/\/www.fiarebancaetica.coop\/eu\/#website"},"primaryImageOfPage":{"@id":"https:\/\/www.fiarebancaetica.coop\/eu\/rais-fundacion\/#primaryimage"},"image":{"@id":"https:\/\/www.fiarebancaetica.coop\/eu\/rais-fundacion\/#primaryimage"},"thumbnailUrl":"https:\/\/www.fiarebancaetica.coop\/app\/uploads\/sites\/2\/2023\/12\/fundacion-red-de-apoyo-integracion-sociolaboral-fundacion-rais.png","datePublished":"2014-08-12T22:00:00+00:00","dateModified":"2024-02-21T15:15:51+00:00","author":{"@id":"https:\/\/www.fiarebancaetica.coop\/eu\/#\/schema\/person\/579841e89c804b5db05d9141bd9b8272"},"breadcrumb":{"@id":"https:\/\/www.fiarebancaetica.coop\/eu\/rais-fundacion\/#breadcrumb"},"inLanguage":"eu","potentialAction":[{"@type":"ReadAction","target":["https:\/\/www.fiarebancaetica.coop\/eu\/rais-fundacion\/"]}]},{"@type":"ImageObject","inLanguage":"eu","@id":"https:\/\/www.fiarebancaetica.coop\/eu\/rais-fundacion\/#primaryimage","url":"https:\/\/www.fiarebancaetica.coop\/app\/uploads\/sites\/2\/2023\/12\/fundacion-red-de-apoyo-integracion-sociolaboral-fundacion-rais.png","contentUrl":"https:\/\/www.fiarebancaetica.coop\/app\/uploads\/sites\/2\/2023\/12\/fundacion-red-de-apoyo-integracion-sociolaboral-fundacion-rais.png","width":653,"height":361},{"@type":"BreadcrumbList","@id":"https:\/\/www.fiarebancaetica.coop\/eu\/rais-fundacion\/#breadcrumb","itemListElement":[{"@type":"ListItem","position":1,"name":"Home","item":"https:\/\/www.fiarebancaetica.coop\/eu\/"},{"@type":"ListItem","position":2,"name":"RAIS Fundaci\u00f3n"}]},{"@type":"WebSite","@id":"https:\/\/www.fiarebancaetica.coop\/eu\/#website","url":"https:\/\/www.fiarebancaetica.coop\/eu\/","name":"Fiare Banca Etica","description":"","potentialAction":[{"@type":"SearchAction","target":{"@type":"EntryPoint","urlTemplate":"https:\/\/www.fiarebancaetica.coop\/eu\/?s={search_term_string}"},"query-input":{"@type":"PropertyValueSpecification","valueRequired":true,"valueName":"search_term_string"}}],"inLanguage":"eu"},{"@type":"Person","@id":"https:\/\/www.fiarebancaetica.coop\/eu\/#\/schema\/person\/579841e89c804b5db05d9141bd9b8272","name":"crispyadmin0","image":{"@type":"ImageObject","inLanguage":"eu","@id":"https:\/\/www.fiarebancaetica.coop\/eu\/#\/schema\/person\/image\/5f3a6b7786f32f4c35bd2b1a5a4698ea","url":"https:\/\/secure.gravatar.com\/avatar\/4d2cfb499d497b6d49da659fab7404b243a87fe8e40d2cf97a1cae48f677f5b2?s=96&d=mm&r=g","contentUrl":"https:\/\/secure.gravatar.com\/avatar\/4d2cfb499d497b6d49da659fab7404b243a87fe8e40d2cf97a1cae48f677f5b2?s=96&d=mm&r=g","caption":"crispyadmin0"},"sameAs":["crispyadmin0"]}]}},"_links":{"self":[{"href":"https:\/\/www.fiarebancaetica.coop\/eu\/wp-json\/wp\/v2\/posts\/346577","targetHints":{"allow":["GET"]}}],"collection":[{"href":"https:\/\/www.fiarebancaetica.coop\/eu\/wp-json\/wp\/v2\/posts"}],"about":[{"href":"https:\/\/www.fiarebancaetica.coop\/eu\/wp-json\/wp\/v2\/types\/post"}],"author":[{"embeddable":true,"href":"https:\/\/www.fiarebancaetica.coop\/eu\/wp-json\/wp\/v2\/users\/2"}],"replies":[{"embeddable":true,"href":"https:\/\/www.fiarebancaetica.coop\/eu\/wp-json\/wp\/v2\/comments?post=346577"}],"version-history":[{"count":2,"href":"https:\/\/www.fiarebancaetica.coop\/eu\/wp-json\/wp\/v2\/posts\/346577\/revisions"}],"predecessor-version":[{"id":352900,"href":"https:\/\/www.fiarebancaetica.coop\/eu\/wp-json\/wp\/v2\/posts\/346577\/revisions\/352900"}],"wp:featuredmedia":[{"embeddable":true,"href":"https:\/\/www.fiarebancaetica.coop\/eu\/wp-json\/wp\/v2\/media\/323292"}],"wp:attachment":[{"href":"https:\/\/www.fiarebancaetica.coop\/eu\/wp-json\/wp\/v2\/media?parent=346577"}],"wp:term":[{"taxonomy":"category","embeddable":true,"href":"https:\/\/www.fiarebancaetica.coop\/eu\/wp-json\/wp\/v2\/categories?post=346577"},{"taxonomy":"post_tag","embeddable":true,"href":"https:\/\/www.fiarebancaetica.coop\/eu\/wp-json\/wp\/v2\/tags?post=346577"},{"taxonomy":"author","embeddable":true,"href":"https:\/\/www.fiarebancaetica.coop\/eu\/wp-json\/wp\/v2\/coauthors?post=346577"}],"curies":[{"name":"wp","href":"https:\/\/api.w.org\/{rel}","templated":true}]}}