{"id":375635,"date":"2024-05-29T15:43:38","date_gmt":"2024-05-29T13:43:38","guid":{"rendered":"https:\/\/www.fiarebancaetica.coop\/?p=375635"},"modified":"2024-05-29T15:43:40","modified_gmt":"2024-05-29T13:43:40","slug":"valencia-tradicion-cultura-y-compromiso-por-las-finanzas-eticas","status":"publish","type":"post","link":"https:\/\/www.fiarebancaetica.coop\/eu\/valencia-tradicion-cultura-y-compromiso-por-las-finanzas-eticas\/","title":{"rendered":"Valencia: Tradici\u00f3n, Cultura y Compromiso por las Finanzas \u00c9ticas"},"content":{"rendered":"\n\n<div class=\"wp-block-bancaetica-blocks-blocks-block-49\">\n    <div class=\"container-block-49\">\n\n        <div class=\"header-section \">\n                            <h1 class=\"section-title\"> Finantza Etikoak <\/h1>\n                                            <\/div>\n\n        \n        <div class=\"block-background\" style=\"background-image: url('https:\/\/www.fiarebancaetica.coop\/app\/uploads\/sites\/2\/2024\/05\/asamblea-fiare-peq-scaled.jpg')\">\n                            <div class=\"tile\">\n                    <h1 class=\"image-title\"> Valencia: Tradici\u00f3n, Cultura y Compromiso por las Finanzas \u00c9ticas <\/h1>\n                <\/div>             <!-- end .tile -->\n            <div class=\"bottom-content\">\n                            <\/div> <!-- end .button-content -->\n        <\/div> <!-- end .block-background -->\n    <\/div> <!-- end .container -->\n<\/div> <!-- end wp-block-bancaetica-blocks-blocks-block-06 -->\n\n<p>La ciudad de Valencia acogi\u00f3 el pasado s\u00e1bado 18 de mayo la\u00a0<b>Asamblea Anual de Personas y Organizaciones socias de Banca Etica<\/b>. Se prepar\u00f3 un programa cultural muy completo con actividades que se desarrollaron durante 4 d\u00edas.<\/p>\n<p><img loading=\"lazy\" decoding=\"async\" class=\"aligncenter wp-image-375660 size-large\" src=\"http:\/\/www.fiarebancaetica.coop\/app\/uploads\/sites\/2\/2024\/05\/asamblea-fiare-peq-3-1024x683.jpg\" sizes=\"auto, (max-width: 640px) 100vw, 640px\" srcset=\"https:\/\/www.fiarebancaetica.coop\/app\/uploads\/sites\/2\/2024\/05\/asamblea-fiare-peq-3-1024x683.jpg 1024w, https:\/\/www.fiarebancaetica.coop\/app\/uploads\/sites\/2\/2024\/05\/asamblea-fiare-peq-3-300x200.jpg 300w, https:\/\/www.fiarebancaetica.coop\/app\/uploads\/sites\/2\/2024\/05\/asamblea-fiare-peq-3-768x512.jpg 768w, https:\/\/www.fiarebancaetica.coop\/app\/uploads\/sites\/2\/2024\/05\/asamblea-fiare-peq-3-1536x1024.jpg 1536w, https:\/\/www.fiarebancaetica.coop\/app\/uploads\/sites\/2\/2024\/05\/asamblea-fiare-peq-3-2048x1365.jpg 2048w\" alt=\"\" width=\"640\" height=\"427\" \/><\/p>\n<p>El jueves 16 de mayo por la tarde, se realiz\u00f3 un pase gratuito del documental cofinanciado por Fiare,\u00a0<b><i>La Singla<\/i><\/b>, en los\u00a0<b>Cines Babel<\/b>\u00a0de Valencia. Tras finalizar la proyecci\u00f3n se realiz\u00f3 un peque\u00f1o coloquio con la directora\u00a0<b>Paloma Zapata<\/b>, Gonzalo Montano, en representaci\u00f3n del Secretariado Gitano y Gabriel Abascal, socio que realiz\u00f3 la Evaluaci\u00f3n Socio-Ambiental\u00a0 para conceder la financiaci\u00f3n a la productora La F\u00e1brica Naranja.\u00a0<\/p>\n<p><img loading=\"lazy\" decoding=\"async\" class=\"aligncenter wp-image-375652 size-large\" src=\"http:\/\/www.fiarebancaetica.coop\/app\/uploads\/sites\/2\/2024\/05\/asamblea-fiare-peq-2-1024x683.jpg\" sizes=\"auto, (max-width: 640px) 100vw, 640px\" srcset=\"https:\/\/www.fiarebancaetica.coop\/app\/uploads\/sites\/2\/2024\/05\/asamblea-fiare-peq-2-1024x683.jpg 1024w, https:\/\/www.fiarebancaetica.coop\/app\/uploads\/sites\/2\/2024\/05\/asamblea-fiare-peq-2-300x200.jpg 300w, https:\/\/www.fiarebancaetica.coop\/app\/uploads\/sites\/2\/2024\/05\/asamblea-fiare-peq-2-768x512.jpg 768w, https:\/\/www.fiarebancaetica.coop\/app\/uploads\/sites\/2\/2024\/05\/asamblea-fiare-peq-2-1536x1024.jpg 1536w, https:\/\/www.fiarebancaetica.coop\/app\/uploads\/sites\/2\/2024\/05\/asamblea-fiare-peq-2-2048x1365.jpg 2048w\" alt=\"\" width=\"640\" height=\"427\" \/>\u00a0<\/p>\n<p>La jornada de bienvenida a las personas socias, en la tarde del viernes, transcurri\u00f3 en el\u00a0<b><i>Jard\u00ed Bot\u00e0nic de la Universitat de Val\u00e8ncia<\/i><\/b>. Abri\u00f3 la velada el m\u00fasico y activista valenciano<b>\u00a0Tom\u00e0s de los Santos<\/b>, interpretando sus temas de car\u00e1cter m\u00e1s pol\u00edtico y social, sin olvidar sus adaptaciones musicales de obras de grandes poetas de la lengua catalana como Vicent Andr\u00e9s Estell\u00e9s o Joan Salvat Papasseit.<\/p>\n<p><img loading=\"lazy\" decoding=\"async\" class=\"aligncenter wp-image-375672 size-large\" src=\"http:\/\/www.fiarebancaetica.coop\/app\/uploads\/sites\/2\/2024\/05\/asamblea-fiare-peq-7-1024x857.jpg\" sizes=\"auto, (max-width: 640px) 100vw, 640px\" srcset=\"https:\/\/www.fiarebancaetica.coop\/app\/uploads\/sites\/2\/2024\/05\/asamblea-fiare-peq-7-1024x857.jpg 1024w, https:\/\/www.fiarebancaetica.coop\/app\/uploads\/sites\/2\/2024\/05\/asamblea-fiare-peq-7-300x251.jpg 300w, https:\/\/www.fiarebancaetica.coop\/app\/uploads\/sites\/2\/2024\/05\/asamblea-fiare-peq-7-768x643.jpg 768w, https:\/\/www.fiarebancaetica.coop\/app\/uploads\/sites\/2\/2024\/05\/asamblea-fiare-peq-7-1536x1286.jpg 1536w, https:\/\/www.fiarebancaetica.coop\/app\/uploads\/sites\/2\/2024\/05\/asamblea-fiare-peq-7-2048x1715.jpg 2048w\" alt=\"\" width=\"640\" height=\"536\" \/><\/p>\n<p>Al finalizar el concierto, el p\u00fablico atraves\u00f3 el jard\u00edn bot\u00e1nico hasta el auditorio Joan Pla\u00e7a, donde tuvo lugar la conferencia\u00a0<b><i>Actores estrat\u00e9gicos para transformar la sociedad<\/i><\/b>\u00a0en la que intervinieron Mar\u00eda Moscarda, miembro del equipo de estudios de la Fundaci\u00f3n\u00a0<i>FOESSA<\/i>\u00a0en\u00a0<b>C\u00e1ritas Espa\u00f1ola<\/b>\u00a0y Luis Miguel Jurado, presidente de<b>\u00a0COCETA<\/b>. Tambi\u00e9n intervinieron desde la fila 0, Emilio Sampedro, presidente de\u00a0<b><i>CONCOVAL<\/i><\/b>\u00a0y Cristina Ram\u00f3n, presidenta de la\u00a0<b><i>Coordinadora Valenciana de ONGs<\/i><\/b>. A este acto, que hab\u00eda sido incluido en la agenda de eventos de la\u00a0<b>Capitalidad de la Econom\u00eda Social de Valencia 2024<\/b>, asistieron alrededor de 220 personas.<\/p>\n<p><img loading=\"lazy\" decoding=\"async\" class=\"aligncenter wp-image-375648 size-large\" src=\"http:\/\/www.fiarebancaetica.coop\/app\/uploads\/sites\/2\/2024\/05\/asamblea-24-203-1024x683.jpg\" sizes=\"auto, (max-width: 640px) 100vw, 640px\" srcset=\"https:\/\/www.fiarebancaetica.coop\/app\/uploads\/sites\/2\/2024\/05\/asamblea-24-203-1024x683.jpg 1024w, https:\/\/www.fiarebancaetica.coop\/app\/uploads\/sites\/2\/2024\/05\/asamblea-24-203-300x200.jpg 300w, https:\/\/www.fiarebancaetica.coop\/app\/uploads\/sites\/2\/2024\/05\/asamblea-24-203-768x512.jpg 768w, https:\/\/www.fiarebancaetica.coop\/app\/uploads\/sites\/2\/2024\/05\/asamblea-24-203-1536x1024.jpg 1536w, https:\/\/www.fiarebancaetica.coop\/app\/uploads\/sites\/2\/2024\/05\/asamblea-24-203-2048x1365.jpg 2048w\" alt=\"\" width=\"640\" height=\"427\" \/><\/p>\n<p>Al finalizar la conferencia, las personas asistentes fueron sorprendidas por otra muestra de cultura popular valenciana, la actuaci\u00f3n de la\u00a0<b>Jove Muixeranga de Val\u00e8ncia<\/b>. Alrededor de 85 personas, entre adultas, j\u00f3venes, ni\u00f1os y ni\u00f1as realizaron numerosas figuras muixerangueras, acompa\u00f1adas por la m\u00fasica de los tradicionales<i>\u00a0dol\u00e7aines\u00a0<\/i>y\u00a0<i>tabals<\/i>. Uno de los momentos m\u00e1s emotivos fue cuando la\u00a0<i>xiqueta\u00a0<\/i>(ni\u00f1a), subida en lo alto de la figura llamada\u00a0<em>5 en 1 peu<\/em>, despleg\u00f3 la banderola de Fiare Banca Etica, protagonizando una bonita imagen para el recuerdo en la memoria colectiva de nuestra cooperativa.\u00a0<\/p>\n<p><img loading=\"lazy\" decoding=\"async\" class=\"aligncenter wp-image-375664 size-large\" src=\"http:\/\/www.fiarebancaetica.coop\/app\/uploads\/sites\/2\/2024\/05\/asamblea-fiare-peq-4-1024x683.jpg\" sizes=\"auto, (max-width: 640px) 100vw, 640px\" srcset=\"https:\/\/www.fiarebancaetica.coop\/app\/uploads\/sites\/2\/2024\/05\/asamblea-fiare-peq-4-1024x683.jpg 1024w, https:\/\/www.fiarebancaetica.coop\/app\/uploads\/sites\/2\/2024\/05\/asamblea-fiare-peq-4-300x200.jpg 300w, https:\/\/www.fiarebancaetica.coop\/app\/uploads\/sites\/2\/2024\/05\/asamblea-fiare-peq-4-768x512.jpg 768w, https:\/\/www.fiarebancaetica.coop\/app\/uploads\/sites\/2\/2024\/05\/asamblea-fiare-peq-4-1536x1024.jpg 1536w, https:\/\/www.fiarebancaetica.coop\/app\/uploads\/sites\/2\/2024\/05\/asamblea-fiare-peq-4-2048x1365.jpg 2048w\" alt=\"\" width=\"640\" height=\"427\" \/><\/p>\n<p>El s\u00e1bado 18 de mayo por la ma\u00f1ana, las personas socias que acud\u00edan al\u00a0<b>Palau de les Arts<\/b>\u00a0para participar presencialmente en la Asamblea de Fiare Banca Etica, fueron recibidas con m\u00fasica de banda interpretada por el<b>\u00a0Centro de M\u00fasica y Danza del Barrio de Nazaret<\/b>, entidad socia de Fiare.\u00a0<\/p>\n<p><img loading=\"lazy\" decoding=\"async\" class=\"aligncenter wp-image-375678 size-large\" src=\"http:\/\/www.fiarebancaetica.coop\/app\/uploads\/sites\/2\/2024\/05\/1481FD55-A976-409E-9FD7-B0763603B207-1024x729.jpeg\" sizes=\"auto, (max-width: 640px) 100vw, 640px\" srcset=\"https:\/\/www.fiarebancaetica.coop\/app\/uploads\/sites\/2\/2024\/05\/1481FD55-A976-409E-9FD7-B0763603B207-1024x729.jpeg 1024w, https:\/\/www.fiarebancaetica.coop\/app\/uploads\/sites\/2\/2024\/05\/1481FD55-A976-409E-9FD7-B0763603B207-300x213.jpeg 300w, https:\/\/www.fiarebancaetica.coop\/app\/uploads\/sites\/2\/2024\/05\/1481FD55-A976-409E-9FD7-B0763603B207-768x546.jpeg 768w, https:\/\/www.fiarebancaetica.coop\/app\/uploads\/sites\/2\/2024\/05\/1481FD55-A976-409E-9FD7-B0763603B207-1536x1093.jpeg 1536w, https:\/\/www.fiarebancaetica.coop\/app\/uploads\/sites\/2\/2024\/05\/1481FD55-A976-409E-9FD7-B0763603B207-2048x1457.jpeg 2048w\" alt=\"\" width=\"640\" height=\"456\" \/><\/p>\n<p>Por la tarde, se realizaron varias visitas culturales a cargo de otra entidad socia de Fiare como es la<b><i>\u00a0Coordinadora d\u2019Associacions per la Mem\u00f2ria Democr\u00e0tica del Pa\u00eds Valenci\u00e0<\/i><\/b>. Las que acudieron a la visita de la\u00a0<b>Valencia Republicana<\/b>, pudieron descubrir la huella que dej\u00f3 la II Rep\u00fablica Espa\u00f1ola en la ciudad de Valencia y los da\u00f1os sufridos por los bombardeos franquistas, adem\u00e1s de poder descender y contemplar de primera mano uno de los numerosos b\u00fankers de la Guerra Civil que todav\u00eda se conservan. Por otro lado las personas socias que eligieron hacer la visita al\u00a0<b>Centro hist\u00f3rico de Val\u00e8ncia<\/b>\u00a0pudieron conocer y pasear por los principales monumentos y lugares m\u00e1s emblem\u00e1ticos de\u00a0<i>Ciutat Vella<\/i>, un centro hist\u00f3rico con m\u00e1s de 2000 a\u00f1os de historia, cuna de las arquitecturas g\u00f3tica, barroca y modernista. Y para que nadie se quedara con ganas de hacer las 2 visitas, en la ma\u00f1ana del domingo las personas socias pudieron realizar la visita que no hab\u00edan realizado en la tarde del s\u00e1bado.<\/p>\n<p><img loading=\"lazy\" decoding=\"async\" class=\"aligncenter wp-image-375668 size-large\" src=\"http:\/\/www.fiarebancaetica.coop\/app\/uploads\/sites\/2\/2024\/05\/asamblea-fiare-peq-5-1024x683.jpg\" sizes=\"auto, (max-width: 640px) 100vw, 640px\" srcset=\"https:\/\/www.fiarebancaetica.coop\/app\/uploads\/sites\/2\/2024\/05\/asamblea-fiare-peq-5-1024x683.jpg 1024w, https:\/\/www.fiarebancaetica.coop\/app\/uploads\/sites\/2\/2024\/05\/asamblea-fiare-peq-5-300x200.jpg 300w, https:\/\/www.fiarebancaetica.coop\/app\/uploads\/sites\/2\/2024\/05\/asamblea-fiare-peq-5-768x512.jpg 768w, https:\/\/www.fiarebancaetica.coop\/app\/uploads\/sites\/2\/2024\/05\/asamblea-fiare-peq-5-1536x1024.jpg 1536w, https:\/\/www.fiarebancaetica.coop\/app\/uploads\/sites\/2\/2024\/05\/asamblea-fiare-peq-5-2048x1365.jpg 2048w\" alt=\"\" width=\"640\" height=\"427\" \/><\/p>\n\n\n<div style=\"height:100px\" aria-hidden=\"true\" class=\"wp-block-spacer\"><\/div>\n","protected":false},"excerpt":{"rendered":"<p>La ciudad de Valencia acogi\u00f3 el pasado s\u00e1bado 18 de mayo la\u00a0Asamblea Anual de Personas y Organizaciones socias de Banca Etica. Se prepar\u00f3 un programa cultural muy completo con actividades que se desarrollaron durante 4 d\u00edas. El jueves 16 de mayo por la tarde, se realiz\u00f3 un pase gratuito del documental cofinanciado por Fiare,\u00a0La Singla, [&hellip;]<\/p>\n","protected":false},"author":6692,"featured_media":375657,"comment_status":"closed","ping_status":"closed","sticky":false,"template":"","format":"standard","meta":{"_acf_changed":false,"footnotes":""},"categories":[11644],"tags":[11853],"coauthors":[10743],"class_list":["post-375635","post","type-post","status-publish","format-standard","has-post-thumbnail","hentry","category-finantza-etikoak","tag-berriak"],"acf":[],"yoast_head":"<!-- This site is optimized with the Yoast SEO plugin v26.9 - https:\/\/yoast.com\/product\/yoast-seo-wordpress\/ -->\n<title>Valencia: Tradici\u00f3n, Cultura y Compromiso por las Finanzas \u00c9ticas - Fiare Banca Etica<\/title>\n<meta name=\"robots\" content=\"index, follow, max-snippet:-1, max-image-preview:large, max-video-preview:-1\" \/>\n<link rel=\"canonical\" href=\"https:\/\/www.fiarebancaetica.coop\/eu\/valencia-tradicion-cultura-y-compromiso-por-las-finanzas-eticas\/\" \/>\n<meta property=\"og:locale\" content=\"eu_ES\" \/>\n<meta property=\"og:type\" content=\"article\" \/>\n<meta property=\"og:title\" content=\"Valencia: Tradici\u00f3n, Cultura y Compromiso por las Finanzas \u00c9ticas - Fiare Banca Etica\" \/>\n<meta property=\"og:description\" content=\"La ciudad de Valencia acogi\u00f3 el pasado s\u00e1bado 18 de mayo la\u00a0Asamblea Anual de Personas y Organizaciones socias de Banca Etica. Se prepar\u00f3 un programa cultural muy completo con actividades que se desarrollaron durante 4 d\u00edas. El jueves 16 de mayo por la tarde, se realiz\u00f3 un pase gratuito del documental cofinanciado por Fiare,\u00a0La Singla, [&hellip;]\" \/>\n<meta property=\"og:url\" content=\"https:\/\/www.fiarebancaetica.coop\/eu\/valencia-tradicion-cultura-y-compromiso-por-las-finanzas-eticas\/\" \/>\n<meta property=\"og:site_name\" content=\"Fiare Banca Etica\" \/>\n<meta property=\"article:published_time\" content=\"2024-05-29T13:43:38+00:00\" \/>\n<meta property=\"article:modified_time\" content=\"2024-05-29T13:43:40+00:00\" \/>\n<meta property=\"og:image\" content=\"https:\/\/www.fiarebancaetica.coop\/app\/uploads\/sites\/2\/2024\/05\/asamblea-fiare-peq-scaled.jpg\" \/>\n\t<meta property=\"og:image:width\" content=\"2560\" \/>\n\t<meta property=\"og:image:height\" content=\"2000\" \/>\n\t<meta property=\"og:image:type\" content=\"image\/jpeg\" \/>\n<meta name=\"author\" content=\"c.castrobancaetica\" \/>\n<meta name=\"twitter:card\" content=\"summary_large_image\" \/>\n<script type=\"application\/ld+json\" class=\"yoast-schema-graph\">{\"@context\":\"https:\/\/schema.org\",\"@graph\":[{\"@type\":\"Article\",\"@id\":\"https:\/\/www.fiarebancaetica.coop\/eu\/valencia-tradicion-cultura-y-compromiso-por-las-finanzas-eticas\/#article\",\"isPartOf\":{\"@id\":\"https:\/\/www.fiarebancaetica.coop\/eu\/valencia-tradicion-cultura-y-compromiso-por-las-finanzas-eticas\/\"},\"author\":{\"name\":\"m.ruizbancaetica\",\"@id\":\"https:\/\/www.fiarebancaetica.coop\/eu\/#\/schema\/person\/7bc488ed648e53298d64264a9f400193\"},\"headline\":\"Valencia: Tradici\u00f3n, Cultura y Compromiso por las Finanzas \u00c9ticas\",\"datePublished\":\"2024-05-29T13:43:38+00:00\",\"dateModified\":\"2024-05-29T13:43:40+00:00\",\"mainEntityOfPage\":{\"@id\":\"https:\/\/www.fiarebancaetica.coop\/eu\/valencia-tradicion-cultura-y-compromiso-por-las-finanzas-eticas\/\"},\"wordCount\":640,\"image\":{\"@id\":\"https:\/\/www.fiarebancaetica.coop\/eu\/valencia-tradicion-cultura-y-compromiso-por-las-finanzas-eticas\/#primaryimage\"},\"thumbnailUrl\":\"https:\/\/www.fiarebancaetica.coop\/app\/uploads\/sites\/2\/2024\/05\/asamblea-fiare-peq-scaled.jpg\",\"keywords\":[\"Berriak\"],\"articleSection\":[\"Finantza etikoak\"],\"inLanguage\":\"eu\"},{\"@type\":\"WebPage\",\"@id\":\"https:\/\/www.fiarebancaetica.coop\/eu\/valencia-tradicion-cultura-y-compromiso-por-las-finanzas-eticas\/\",\"url\":\"https:\/\/www.fiarebancaetica.coop\/eu\/valencia-tradicion-cultura-y-compromiso-por-las-finanzas-eticas\/\",\"name\":\"Valencia: Tradici\u00f3n, Cultura y Compromiso por las Finanzas \u00c9ticas - Fiare Banca Etica\",\"isPartOf\":{\"@id\":\"https:\/\/www.fiarebancaetica.coop\/eu\/#website\"},\"primaryImageOfPage\":{\"@id\":\"https:\/\/www.fiarebancaetica.coop\/eu\/valencia-tradicion-cultura-y-compromiso-por-las-finanzas-eticas\/#primaryimage\"},\"image\":{\"@id\":\"https:\/\/www.fiarebancaetica.coop\/eu\/valencia-tradicion-cultura-y-compromiso-por-las-finanzas-eticas\/#primaryimage\"},\"thumbnailUrl\":\"https:\/\/www.fiarebancaetica.coop\/app\/uploads\/sites\/2\/2024\/05\/asamblea-fiare-peq-scaled.jpg\",\"datePublished\":\"2024-05-29T13:43:38+00:00\",\"dateModified\":\"2024-05-29T13:43:40+00:00\",\"author\":{\"@id\":\"https:\/\/www.fiarebancaetica.coop\/eu\/#\/schema\/person\/7bc488ed648e53298d64264a9f400193\"},\"breadcrumb\":{\"@id\":\"https:\/\/www.fiarebancaetica.coop\/eu\/valencia-tradicion-cultura-y-compromiso-por-las-finanzas-eticas\/#breadcrumb\"},\"inLanguage\":\"eu\",\"potentialAction\":[{\"@type\":\"ReadAction\",\"target\":[\"https:\/\/www.fiarebancaetica.coop\/eu\/valencia-tradicion-cultura-y-compromiso-por-las-finanzas-eticas\/\"]}]},{\"@type\":\"ImageObject\",\"inLanguage\":\"eu\",\"@id\":\"https:\/\/www.fiarebancaetica.coop\/eu\/valencia-tradicion-cultura-y-compromiso-por-las-finanzas-eticas\/#primaryimage\",\"url\":\"https:\/\/www.fiarebancaetica.coop\/app\/uploads\/sites\/2\/2024\/05\/asamblea-fiare-peq-scaled.jpg\",\"contentUrl\":\"https:\/\/www.fiarebancaetica.coop\/app\/uploads\/sites\/2\/2024\/05\/asamblea-fiare-peq-scaled.jpg\",\"width\":2560,\"height\":2000},{\"@type\":\"BreadcrumbList\",\"@id\":\"https:\/\/www.fiarebancaetica.coop\/eu\/valencia-tradicion-cultura-y-compromiso-por-las-finanzas-eticas\/#breadcrumb\",\"itemListElement\":[{\"@type\":\"ListItem\",\"position\":1,\"name\":\"Home\",\"item\":\"https:\/\/www.fiarebancaetica.coop\/eu\/\"},{\"@type\":\"ListItem\",\"position\":2,\"name\":\"Valencia: Tradici\u00f3n, Cultura y Compromiso por las Finanzas \u00c9ticas\"}]},{\"@type\":\"WebSite\",\"@id\":\"https:\/\/www.fiarebancaetica.coop\/eu\/#website\",\"url\":\"https:\/\/www.fiarebancaetica.coop\/eu\/\",\"name\":\"Fiare Banca Etica\",\"description\":\"\",\"potentialAction\":[{\"@type\":\"SearchAction\",\"target\":{\"@type\":\"EntryPoint\",\"urlTemplate\":\"https:\/\/www.fiarebancaetica.coop\/eu\/?s={search_term_string}\"},\"query-input\":{\"@type\":\"PropertyValueSpecification\",\"valueRequired\":true,\"valueName\":\"search_term_string\"}}],\"inLanguage\":\"eu\"},{\"@type\":\"Person\",\"@id\":\"https:\/\/www.fiarebancaetica.coop\/eu\/#\/schema\/person\/7bc488ed648e53298d64264a9f400193\",\"name\":\"m.ruizbancaetica\",\"image\":{\"@type\":\"ImageObject\",\"inLanguage\":\"eu\",\"@id\":\"https:\/\/www.fiarebancaetica.coop\/eu\/#\/schema\/person\/image\/f0a8cae14c0568b9da9b3f086657446b\",\"url\":\"https:\/\/secure.gravatar.com\/avatar\/686577dcf7ccc609780c726ff0a601a4d6a610c277bc054b6c51d510651a71af?s=96&d=mm&r=g\",\"contentUrl\":\"https:\/\/secure.gravatar.com\/avatar\/686577dcf7ccc609780c726ff0a601a4d6a610c277bc054b6c51d510651a71af?s=96&d=mm&r=g\",\"caption\":\"m.ruizbancaetica\"}}]}<\/script>\n<!-- \/ Yoast SEO plugin. -->","yoast_head_json":{"title":"Valencia: Tradici\u00f3n, Cultura y Compromiso por las Finanzas \u00c9ticas - Fiare Banca Etica","robots":{"index":"index","follow":"follow","max-snippet":"max-snippet:-1","max-image-preview":"max-image-preview:large","max-video-preview":"max-video-preview:-1"},"canonical":"https:\/\/www.fiarebancaetica.coop\/eu\/valencia-tradicion-cultura-y-compromiso-por-las-finanzas-eticas\/","og_locale":"eu_ES","og_type":"article","og_title":"Valencia: Tradici\u00f3n, Cultura y Compromiso por las Finanzas \u00c9ticas - Fiare Banca Etica","og_description":"La ciudad de Valencia acogi\u00f3 el pasado s\u00e1bado 18 de mayo la\u00a0Asamblea Anual de Personas y Organizaciones socias de Banca Etica. Se prepar\u00f3 un programa cultural muy completo con actividades que se desarrollaron durante 4 d\u00edas. El jueves 16 de mayo por la tarde, se realiz\u00f3 un pase gratuito del documental cofinanciado por Fiare,\u00a0La Singla, [&hellip;]","og_url":"https:\/\/www.fiarebancaetica.coop\/eu\/valencia-tradicion-cultura-y-compromiso-por-las-finanzas-eticas\/","og_site_name":"Fiare Banca Etica","article_published_time":"2024-05-29T13:43:38+00:00","article_modified_time":"2024-05-29T13:43:40+00:00","og_image":[{"width":2560,"height":2000,"url":"https:\/\/www.fiarebancaetica.coop\/app\/uploads\/sites\/2\/2024\/05\/asamblea-fiare-peq-scaled.jpg","type":"image\/jpeg"}],"author":"c.castrobancaetica","twitter_card":"summary_large_image","schema":{"@context":"https:\/\/schema.org","@graph":[{"@type":"Article","@id":"https:\/\/www.fiarebancaetica.coop\/eu\/valencia-tradicion-cultura-y-compromiso-por-las-finanzas-eticas\/#article","isPartOf":{"@id":"https:\/\/www.fiarebancaetica.coop\/eu\/valencia-tradicion-cultura-y-compromiso-por-las-finanzas-eticas\/"},"author":{"name":"m.ruizbancaetica","@id":"https:\/\/www.fiarebancaetica.coop\/eu\/#\/schema\/person\/7bc488ed648e53298d64264a9f400193"},"headline":"Valencia: Tradici\u00f3n, Cultura y Compromiso por las Finanzas \u00c9ticas","datePublished":"2024-05-29T13:43:38+00:00","dateModified":"2024-05-29T13:43:40+00:00","mainEntityOfPage":{"@id":"https:\/\/www.fiarebancaetica.coop\/eu\/valencia-tradicion-cultura-y-compromiso-por-las-finanzas-eticas\/"},"wordCount":640,"image":{"@id":"https:\/\/www.fiarebancaetica.coop\/eu\/valencia-tradicion-cultura-y-compromiso-por-las-finanzas-eticas\/#primaryimage"},"thumbnailUrl":"https:\/\/www.fiarebancaetica.coop\/app\/uploads\/sites\/2\/2024\/05\/asamblea-fiare-peq-scaled.jpg","keywords":["Berriak"],"articleSection":["Finantza etikoak"],"inLanguage":"eu"},{"@type":"WebPage","@id":"https:\/\/www.fiarebancaetica.coop\/eu\/valencia-tradicion-cultura-y-compromiso-por-las-finanzas-eticas\/","url":"https:\/\/www.fiarebancaetica.coop\/eu\/valencia-tradicion-cultura-y-compromiso-por-las-finanzas-eticas\/","name":"Valencia: Tradici\u00f3n, Cultura y Compromiso por las Finanzas \u00c9ticas - Fiare Banca Etica","isPartOf":{"@id":"https:\/\/www.fiarebancaetica.coop\/eu\/#website"},"primaryImageOfPage":{"@id":"https:\/\/www.fiarebancaetica.coop\/eu\/valencia-tradicion-cultura-y-compromiso-por-las-finanzas-eticas\/#primaryimage"},"image":{"@id":"https:\/\/www.fiarebancaetica.coop\/eu\/valencia-tradicion-cultura-y-compromiso-por-las-finanzas-eticas\/#primaryimage"},"thumbnailUrl":"https:\/\/www.fiarebancaetica.coop\/app\/uploads\/sites\/2\/2024\/05\/asamblea-fiare-peq-scaled.jpg","datePublished":"2024-05-29T13:43:38+00:00","dateModified":"2024-05-29T13:43:40+00:00","author":{"@id":"https:\/\/www.fiarebancaetica.coop\/eu\/#\/schema\/person\/7bc488ed648e53298d64264a9f400193"},"breadcrumb":{"@id":"https:\/\/www.fiarebancaetica.coop\/eu\/valencia-tradicion-cultura-y-compromiso-por-las-finanzas-eticas\/#breadcrumb"},"inLanguage":"eu","potentialAction":[{"@type":"ReadAction","target":["https:\/\/www.fiarebancaetica.coop\/eu\/valencia-tradicion-cultura-y-compromiso-por-las-finanzas-eticas\/"]}]},{"@type":"ImageObject","inLanguage":"eu","@id":"https:\/\/www.fiarebancaetica.coop\/eu\/valencia-tradicion-cultura-y-compromiso-por-las-finanzas-eticas\/#primaryimage","url":"https:\/\/www.fiarebancaetica.coop\/app\/uploads\/sites\/2\/2024\/05\/asamblea-fiare-peq-scaled.jpg","contentUrl":"https:\/\/www.fiarebancaetica.coop\/app\/uploads\/sites\/2\/2024\/05\/asamblea-fiare-peq-scaled.jpg","width":2560,"height":2000},{"@type":"BreadcrumbList","@id":"https:\/\/www.fiarebancaetica.coop\/eu\/valencia-tradicion-cultura-y-compromiso-por-las-finanzas-eticas\/#breadcrumb","itemListElement":[{"@type":"ListItem","position":1,"name":"Home","item":"https:\/\/www.fiarebancaetica.coop\/eu\/"},{"@type":"ListItem","position":2,"name":"Valencia: Tradici\u00f3n, Cultura y Compromiso por las Finanzas \u00c9ticas"}]},{"@type":"WebSite","@id":"https:\/\/www.fiarebancaetica.coop\/eu\/#website","url":"https:\/\/www.fiarebancaetica.coop\/eu\/","name":"Fiare Banca Etica","description":"","potentialAction":[{"@type":"SearchAction","target":{"@type":"EntryPoint","urlTemplate":"https:\/\/www.fiarebancaetica.coop\/eu\/?s={search_term_string}"},"query-input":{"@type":"PropertyValueSpecification","valueRequired":true,"valueName":"search_term_string"}}],"inLanguage":"eu"},{"@type":"Person","@id":"https:\/\/www.fiarebancaetica.coop\/eu\/#\/schema\/person\/7bc488ed648e53298d64264a9f400193","name":"m.ruizbancaetica","image":{"@type":"ImageObject","inLanguage":"eu","@id":"https:\/\/www.fiarebancaetica.coop\/eu\/#\/schema\/person\/image\/f0a8cae14c0568b9da9b3f086657446b","url":"https:\/\/secure.gravatar.com\/avatar\/686577dcf7ccc609780c726ff0a601a4d6a610c277bc054b6c51d510651a71af?s=96&d=mm&r=g","contentUrl":"https:\/\/secure.gravatar.com\/avatar\/686577dcf7ccc609780c726ff0a601a4d6a610c277bc054b6c51d510651a71af?s=96&d=mm&r=g","caption":"m.ruizbancaetica"}}]}},"_links":{"self":[{"href":"https:\/\/www.fiarebancaetica.coop\/eu\/wp-json\/wp\/v2\/posts\/375635","targetHints":{"allow":["GET"]}}],"collection":[{"href":"https:\/\/www.fiarebancaetica.coop\/eu\/wp-json\/wp\/v2\/posts"}],"about":[{"href":"https:\/\/www.fiarebancaetica.coop\/eu\/wp-json\/wp\/v2\/types\/post"}],"author":[{"embeddable":true,"href":"https:\/\/www.fiarebancaetica.coop\/eu\/wp-json\/wp\/v2\/users\/6692"}],"replies":[{"embeddable":true,"href":"https:\/\/www.fiarebancaetica.coop\/eu\/wp-json\/wp\/v2\/comments?post=375635"}],"version-history":[{"count":2,"href":"https:\/\/www.fiarebancaetica.coop\/eu\/wp-json\/wp\/v2\/posts\/375635\/revisions"}],"predecessor-version":[{"id":375689,"href":"https:\/\/www.fiarebancaetica.coop\/eu\/wp-json\/wp\/v2\/posts\/375635\/revisions\/375689"}],"wp:featuredmedia":[{"embeddable":true,"href":"https:\/\/www.fiarebancaetica.coop\/eu\/wp-json\/wp\/v2\/media\/375657"}],"wp:attachment":[{"href":"https:\/\/www.fiarebancaetica.coop\/eu\/wp-json\/wp\/v2\/media?parent=375635"}],"wp:term":[{"taxonomy":"category","embeddable":true,"href":"https:\/\/www.fiarebancaetica.coop\/eu\/wp-json\/wp\/v2\/categories?post=375635"},{"taxonomy":"post_tag","embeddable":true,"href":"https:\/\/www.fiarebancaetica.coop\/eu\/wp-json\/wp\/v2\/tags?post=375635"},{"taxonomy":"author","embeddable":true,"href":"https:\/\/www.fiarebancaetica.coop\/eu\/wp-json\/wp\/v2\/coauthors?post=375635"}],"curies":[{"name":"wp","href":"https:\/\/api.w.org\/{rel}","templated":true}]}}