{"id":385326,"date":"2025-04-22T10:34:35","date_gmt":"2025-04-22T08:34:35","guid":{"rendered":"https:\/\/www.fiarebancaetica.coop\/?p=385326"},"modified":"2025-04-22T13:48:51","modified_gmt":"2025-04-22T11:48:51","slug":"komunitateak-eraldatzen-dituen-energia","status":"publish","type":"post","link":"https:\/\/www.fiarebancaetica.coop\/eu\/komunitateak-eraldatzen-dituen-energia\/","title":{"rendered":"Komunitateak eraldatzen dituen energia"},"content":{"rendered":"\n\n<div class=\"wp-block-bancaetica-blocks-blocks-block-49\">\n    <div class=\"container-block-49\">\n\n        <div class=\"header-section \">\n                            <h1 class=\"section-title\"> Komunitateak eraldatzen dituen energia <\/h1>\n                                        <p class=\"section-content\"> Komunitateak eraldatzen dituen energia <\/p>\n                                <\/div>\n\n        \n        <div class=\"block-background\" style=\"background-image: url('https:\/\/www.fiarebancaetica.coop\/app\/uploads\/sites\/2\/2025\/04\/Sin-titulo-1024-x-400-px-1.png')\">\n                            <div class=\"tile\">\n                    <h1 class=\"image-title\"> Komunitateak eraldatzen dituen energia <\/h1>\n                <\/div>             <!-- end .tile -->\n            <div class=\"bottom-content\">\n                            <\/div> <!-- end .button-content -->\n        <\/div> <!-- end .block-background -->\n    <\/div> <!-- end .container -->\n<\/div> <!-- end wp-block-bancaetica-blocks-blocks-block-06 -->\n\n\n<div class=\"wrapper-crispybacon-class wrapper-crispybacon-class-wide \">\n    \n\n<p>Joan den martxoaren 20an, &#8220;Energia ematen diogu zure komunitateari&#8221; deialdiko proiektu finalistak aukeratu ziren. Deialdi horren helburua tokiko energia-komunitateak garatzen eta sendotzen laguntzea da.<\/p>\n\n\n\n<div style=\"height:31px\" aria-hidden=\"true\" class=\"wp-block-spacer\"><\/div>\n\n\n\n<p>Kontsumo elektrikoan aurreztuz edo pobrezia eta zaurgarritasun energetikoaren aurka borrokatuz jasangarritasun energetikoko ereduak bultzatzen dituzten proiektuak babesten ditu deialdi horrek.<\/p>\n\n\n\n<div style=\"height:22px\" aria-hidden=\"true\" class=\"wp-block-spacer\"><\/div>\n\n\n\n<p>Zenbait autonomia-erkidegotako 43 erakunde aurkeztu ziren guztira, eta horietatik 20 finalista aukeratu dira. Aukeraketa egiteko, zenbait irizpide hartu ziren kontuan, hala nola gizarteratzea, genero-ikuspegia eta proposamenen ingurumen-inpaktu positiboa, bai eta bankuak lurraldean duen gizarte-oinarriaren eta energia-komunitatearen beraren arteko lankidetza-gaitasuna ere.<\/p>\n\n\n\n<div style=\"height:15px\" aria-hidden=\"true\" class=\"wp-block-spacer\"><\/div>\n\n\n\n<p>Parte-hartzea oso handia izan denez, deialdiaren aurrekontua 20.000 eurora igo da, eta, horri esker, finalista bakoitzak 1.000 euro jasoko ditu bere proiektua garatzeko.<\/p>\n\n\n\n<div style=\"height:19px\" aria-hidden=\"true\" class=\"wp-block-spacer\"><\/div>\n\n\n\n<h5 class=\"wp-block-heading\"><strong>Inpaktu soziala duen energia-eredua<\/strong><\/h5>\n\n\n\n<p>Aukeratutako proiektuen artean ikuspegien aniztasuna nabarmendu behar da. Adibidez, Nafarroako <a href=\"https:\/\/karkarcar.coop\/\"><em><u><strong>Karkarcar<\/strong><\/u><\/em><\/a> eta Balear Uharteetako <a href=\"https:\/\/www.ecotxe.coop\/\"><em><u><strong>Ecotxe<\/strong><\/u><\/em><\/a> kooperatibek auto elektrikoen bidez mugikortasun jasangarria zenbait ikuspegitatik sustatzen dute. <em>Karkarcarrek<\/em> ibilgailuak landa-eremuetara errazago iristea lortu nahi du, batez ere beste batzuk zaintzeko edo haiei laguntzeko lekualdatzen diren pertsonentzat. <em>Ecotxek<\/em>, bestalde, partekatutako mugikortasun-eredu baten alde egiten du, <em>car sharing<\/em> elektrikoaren bidez.<\/p>\n\n\n\n<div style=\"height:21px\" aria-hidden=\"true\" class=\"wp-block-spacer\"><\/div>\n\n\n\n<p>Zenbait ekimenek erakunde publikoekin lankidetzan aritzea lortu dute. <em>Barrios la Alhambra<\/em>, esate baterako, proiektuen batasun baten ondorioz sortu da Granadan, eta akordio bat sinatu du Udalarekin, gurpil-azalak lagatzeko. Almer\u00edan, <em>Eco-Alm\u00f3cita<\/em> kontsumo-kooperatibak, ikuspegi irisgarriagatik ezaguna denak, energia-eredu hori eraikin berrietan aplikatzeko asmoa du.<\/p>\n\n\n\n<div style=\"height:23px\" aria-hidden=\"true\" class=\"wp-block-spacer\"><\/div>\n\n\n\n<p>Beste proiektu batzuk auzo zaurgarrietan daude zentratuta. <a href=\"https:\/\/lacorrientecoop.es\/\"><em><u><strong>La Corriente<\/strong><\/u><\/em><\/a>, adibidez, Madrilgo San Crist\u00f3bal auzoan energia-komunitate bat abian jartzeko lanean ari da; langabezia-tasa altuak eta hezkuntza-maila baxuak dituen eremu batean, hain zuzen ere. Dagoeneko zenbait erakunderen babesa du, Madrilgo Udalarena, besteak beste. Bartzelonan, Sant Andreu auzoan energia-zaurgarritasunari aurre egitea du helburu <a href=\"https:\/\/fembonpastor.cat\/equipaments-i-serveis\/associacio-comunitat-energetica-del-bon-pastor\/\"><em><u><strong>Bon Pastor<\/strong><\/u><\/em><\/a> proiektuak, eta energia-gaietan sentsibilizatzeko tailerrak eskaintzen hasi da.<\/p>\n\n\n\n<div style=\"height:21px\" aria-hidden=\"true\" class=\"wp-block-spacer\"><\/div>\n\n\n\n<p>Foto de <a href=\"https:\/\/unsplash.com\/es\/@mwilson078?utm_content=creditCopyText&amp;utm_medium=referral&amp;utm_source=unsplash\">MICHAEL WILSON<\/a> en <a href=\"https:\/\/unsplash.com\/es\/fotos\/un-grupo-de-personas-sentadas-en-sillas-frente-a-un-panel-solar-KQsscfidfXE?utm_content=creditCopyText&amp;utm_medium=referral&amp;utm_source=unsplash\">Unsplash<\/a><\/p>\n\n\n\n<h5 class=\"wp-block-heading\"><strong>Trantsizio energetikoaren aldeko aliantza<\/strong><\/h5>\n\n\n\n<div style=\"height:20px\" aria-hidden=\"true\" class=\"wp-block-spacer\"><\/div>\n\n\n\n<p><a href=\"https:\/\/www.fiarebancaetica.coop\/eu\/comunidades-energeticas\/\"><u>\u201c<strong>Energia ematen diogu zure komunitateari\u201d<\/strong><\/u><\/a> Fiare Banca Eticako balio-eramaileek proposatutako ekimen bat da, Finantza Etikoak Fundazioarekin lankidetzan. Lankidetza horren bidez tokiko energia-komunitateak sendotu eta indartu egin nahi dira, trantsizio energetiko justu baterantz aurrera egiteko eta klima-aldaketari kontra egiteko.<\/p>\n\n\n\n<p>Finalisten artean hauek daude: Agr\u00edcola Montitxelvo, Torreblanca Ilumina, Arroyo Alumbra, Abante Jubilar Sevilla, Barrios de la Alhambra, Monachil, Eco-Alm\u00f3cita, Pe\u00f1aflor, Uribe Butroe Energy Komunitatea, Energ\u00eda Bonita, Energ\u00eda Sant Joanina, Cooperativa Energ\u00e9tica Local el Casta\u00f1ar, Xunta Llanera, Montes de Couso S.Coop Galega, Arousa en Transici\u00f3n, Comunidad Enerx\u00e9tica Portabouza.<\/p>\n\n\n\n<div style=\"height:100px\" aria-hidden=\"true\" class=\"wp-block-spacer\"><\/div>\n\n\n<\/div>","protected":false},"excerpt":{"rendered":"","protected":false},"author":1774,"featured_media":385364,"comment_status":"closed","ping_status":"closed","sticky":false,"template":"","format":"standard","meta":{"_acf_changed":false,"footnotes":""},"categories":[11644],"tags":[],"coauthors":[5579],"class_list":["post-385326","post","type-post","status-publish","format-standard","has-post-thumbnail","hentry","category-finantza-etikoak"],"acf":[],"yoast_head":"<!-- This site is optimized with the Yoast SEO plugin v26.9 - https:\/\/yoast.com\/product\/yoast-seo-wordpress\/ -->\n<title>Komunitateak eraldatzen dituen energia - Fiare Banca Etica<\/title>\n<meta name=\"robots\" content=\"index, follow, max-snippet:-1, max-image-preview:large, max-video-preview:-1\" \/>\n<link rel=\"canonical\" href=\"https:\/\/www.fiarebancaetica.coop\/eu\/komunitateak-eraldatzen-dituen-energia\/\" \/>\n<meta property=\"og:locale\" content=\"eu_ES\" \/>\n<meta property=\"og:type\" content=\"article\" \/>\n<meta property=\"og:title\" content=\"Komunitateak eraldatzen dituen energia - Fiare Banca Etica\" \/>\n<meta property=\"og:url\" content=\"https:\/\/www.fiarebancaetica.coop\/eu\/komunitateak-eraldatzen-dituen-energia\/\" \/>\n<meta property=\"og:site_name\" content=\"Fiare Banca Etica\" \/>\n<meta property=\"article:published_time\" content=\"2025-04-22T08:34:35+00:00\" \/>\n<meta property=\"article:modified_time\" content=\"2025-04-22T11:48:51+00:00\" \/>\n<meta property=\"og:image\" content=\"https:\/\/www.fiarebancaetica.coop\/app\/uploads\/sites\/2\/2025\/04\/Sin-titulo-1024-x-400-px-2.png\" \/>\n\t<meta property=\"og:image:width\" content=\"1024\" \/>\n\t<meta property=\"og:image:height\" content=\"400\" \/>\n\t<meta property=\"og:image:type\" content=\"image\/png\" \/>\n<meta name=\"author\" content=\"clara\" \/>\n<meta name=\"twitter:card\" content=\"summary_large_image\" \/>\n<script type=\"application\/ld+json\" class=\"yoast-schema-graph\">{\"@context\":\"https:\/\/schema.org\",\"@graph\":[{\"@type\":\"Article\",\"@id\":\"https:\/\/www.fiarebancaetica.coop\/eu\/komunitateak-eraldatzen-dituen-energia\/#article\",\"isPartOf\":{\"@id\":\"https:\/\/www.fiarebancaetica.coop\/eu\/komunitateak-eraldatzen-dituen-energia\/\"},\"author\":{\"name\":\"clara\",\"@id\":\"https:\/\/www.fiarebancaetica.coop\/eu\/#\/schema\/person\/5b96261107d1cc0141f68d1a780b4ed7\"},\"headline\":\"Komunitateak eraldatzen dituen energia\",\"datePublished\":\"2025-04-22T08:34:35+00:00\",\"dateModified\":\"2025-04-22T11:48:51+00:00\",\"mainEntityOfPage\":{\"@id\":\"https:\/\/www.fiarebancaetica.coop\/eu\/komunitateak-eraldatzen-dituen-energia\/\"},\"wordCount\":377,\"image\":{\"@id\":\"https:\/\/www.fiarebancaetica.coop\/eu\/komunitateak-eraldatzen-dituen-energia\/#primaryimage\"},\"thumbnailUrl\":\"https:\/\/www.fiarebancaetica.coop\/app\/uploads\/sites\/2\/2025\/04\/Sin-titulo-1024-x-400-px-2.png\",\"articleSection\":[\"Finantza etikoak\"],\"inLanguage\":\"eu\"},{\"@type\":\"WebPage\",\"@id\":\"https:\/\/www.fiarebancaetica.coop\/eu\/komunitateak-eraldatzen-dituen-energia\/\",\"url\":\"https:\/\/www.fiarebancaetica.coop\/eu\/komunitateak-eraldatzen-dituen-energia\/\",\"name\":\"Komunitateak eraldatzen dituen energia - Fiare Banca Etica\",\"isPartOf\":{\"@id\":\"https:\/\/www.fiarebancaetica.coop\/eu\/#website\"},\"primaryImageOfPage\":{\"@id\":\"https:\/\/www.fiarebancaetica.coop\/eu\/komunitateak-eraldatzen-dituen-energia\/#primaryimage\"},\"image\":{\"@id\":\"https:\/\/www.fiarebancaetica.coop\/eu\/komunitateak-eraldatzen-dituen-energia\/#primaryimage\"},\"thumbnailUrl\":\"https:\/\/www.fiarebancaetica.coop\/app\/uploads\/sites\/2\/2025\/04\/Sin-titulo-1024-x-400-px-2.png\",\"datePublished\":\"2025-04-22T08:34:35+00:00\",\"dateModified\":\"2025-04-22T11:48:51+00:00\",\"author\":{\"@id\":\"https:\/\/www.fiarebancaetica.coop\/eu\/#\/schema\/person\/5b96261107d1cc0141f68d1a780b4ed7\"},\"breadcrumb\":{\"@id\":\"https:\/\/www.fiarebancaetica.coop\/eu\/komunitateak-eraldatzen-dituen-energia\/#breadcrumb\"},\"inLanguage\":\"eu\",\"potentialAction\":[{\"@type\":\"ReadAction\",\"target\":[\"https:\/\/www.fiarebancaetica.coop\/eu\/komunitateak-eraldatzen-dituen-energia\/\"]}]},{\"@type\":\"ImageObject\",\"inLanguage\":\"eu\",\"@id\":\"https:\/\/www.fiarebancaetica.coop\/eu\/komunitateak-eraldatzen-dituen-energia\/#primaryimage\",\"url\":\"https:\/\/www.fiarebancaetica.coop\/app\/uploads\/sites\/2\/2025\/04\/Sin-titulo-1024-x-400-px-2.png\",\"contentUrl\":\"https:\/\/www.fiarebancaetica.coop\/app\/uploads\/sites\/2\/2025\/04\/Sin-titulo-1024-x-400-px-2.png\",\"width\":1024,\"height\":400},{\"@type\":\"BreadcrumbList\",\"@id\":\"https:\/\/www.fiarebancaetica.coop\/eu\/komunitateak-eraldatzen-dituen-energia\/#breadcrumb\",\"itemListElement\":[{\"@type\":\"ListItem\",\"position\":1,\"name\":\"Home\",\"item\":\"https:\/\/www.fiarebancaetica.coop\/eu\/\"},{\"@type\":\"ListItem\",\"position\":2,\"name\":\"Komunitateak eraldatzen dituen energia\"}]},{\"@type\":\"WebSite\",\"@id\":\"https:\/\/www.fiarebancaetica.coop\/eu\/#website\",\"url\":\"https:\/\/www.fiarebancaetica.coop\/eu\/\",\"name\":\"Fiare Banca Etica\",\"description\":\"\",\"potentialAction\":[{\"@type\":\"SearchAction\",\"target\":{\"@type\":\"EntryPoint\",\"urlTemplate\":\"https:\/\/www.fiarebancaetica.coop\/eu\/?s={search_term_string}\"},\"query-input\":{\"@type\":\"PropertyValueSpecification\",\"valueRequired\":true,\"valueName\":\"search_term_string\"}}],\"inLanguage\":\"eu\"},{\"@type\":\"Person\",\"@id\":\"https:\/\/www.fiarebancaetica.coop\/eu\/#\/schema\/person\/5b96261107d1cc0141f68d1a780b4ed7\",\"name\":\"clara\",\"image\":{\"@type\":\"ImageObject\",\"inLanguage\":\"eu\",\"@id\":\"https:\/\/www.fiarebancaetica.coop\/eu\/#\/schema\/person\/image\/87a072d868c9be98a56db488836f4132\",\"url\":\"https:\/\/secure.gravatar.com\/avatar\/267db4d1eb94caf852df949ed721a52f76c9fbf9c14c602801e01f0ab306c22b?s=96&d=mm&r=g\",\"contentUrl\":\"https:\/\/secure.gravatar.com\/avatar\/267db4d1eb94caf852df949ed721a52f76c9fbf9c14c602801e01f0ab306c22b?s=96&d=mm&r=g\",\"caption\":\"clara\"}}]}<\/script>\n<!-- \/ Yoast SEO plugin. -->","yoast_head_json":{"title":"Komunitateak eraldatzen dituen energia - Fiare Banca Etica","robots":{"index":"index","follow":"follow","max-snippet":"max-snippet:-1","max-image-preview":"max-image-preview:large","max-video-preview":"max-video-preview:-1"},"canonical":"https:\/\/www.fiarebancaetica.coop\/eu\/komunitateak-eraldatzen-dituen-energia\/","og_locale":"eu_ES","og_type":"article","og_title":"Komunitateak eraldatzen dituen energia - Fiare Banca Etica","og_url":"https:\/\/www.fiarebancaetica.coop\/eu\/komunitateak-eraldatzen-dituen-energia\/","og_site_name":"Fiare Banca Etica","article_published_time":"2025-04-22T08:34:35+00:00","article_modified_time":"2025-04-22T11:48:51+00:00","og_image":[{"width":1024,"height":400,"url":"https:\/\/www.fiarebancaetica.coop\/app\/uploads\/sites\/2\/2025\/04\/Sin-titulo-1024-x-400-px-2.png","type":"image\/png"}],"author":"clara","twitter_card":"summary_large_image","schema":{"@context":"https:\/\/schema.org","@graph":[{"@type":"Article","@id":"https:\/\/www.fiarebancaetica.coop\/eu\/komunitateak-eraldatzen-dituen-energia\/#article","isPartOf":{"@id":"https:\/\/www.fiarebancaetica.coop\/eu\/komunitateak-eraldatzen-dituen-energia\/"},"author":{"name":"clara","@id":"https:\/\/www.fiarebancaetica.coop\/eu\/#\/schema\/person\/5b96261107d1cc0141f68d1a780b4ed7"},"headline":"Komunitateak eraldatzen dituen energia","datePublished":"2025-04-22T08:34:35+00:00","dateModified":"2025-04-22T11:48:51+00:00","mainEntityOfPage":{"@id":"https:\/\/www.fiarebancaetica.coop\/eu\/komunitateak-eraldatzen-dituen-energia\/"},"wordCount":377,"image":{"@id":"https:\/\/www.fiarebancaetica.coop\/eu\/komunitateak-eraldatzen-dituen-energia\/#primaryimage"},"thumbnailUrl":"https:\/\/www.fiarebancaetica.coop\/app\/uploads\/sites\/2\/2025\/04\/Sin-titulo-1024-x-400-px-2.png","articleSection":["Finantza etikoak"],"inLanguage":"eu"},{"@type":"WebPage","@id":"https:\/\/www.fiarebancaetica.coop\/eu\/komunitateak-eraldatzen-dituen-energia\/","url":"https:\/\/www.fiarebancaetica.coop\/eu\/komunitateak-eraldatzen-dituen-energia\/","name":"Komunitateak eraldatzen dituen energia - Fiare Banca Etica","isPartOf":{"@id":"https:\/\/www.fiarebancaetica.coop\/eu\/#website"},"primaryImageOfPage":{"@id":"https:\/\/www.fiarebancaetica.coop\/eu\/komunitateak-eraldatzen-dituen-energia\/#primaryimage"},"image":{"@id":"https:\/\/www.fiarebancaetica.coop\/eu\/komunitateak-eraldatzen-dituen-energia\/#primaryimage"},"thumbnailUrl":"https:\/\/www.fiarebancaetica.coop\/app\/uploads\/sites\/2\/2025\/04\/Sin-titulo-1024-x-400-px-2.png","datePublished":"2025-04-22T08:34:35+00:00","dateModified":"2025-04-22T11:48:51+00:00","author":{"@id":"https:\/\/www.fiarebancaetica.coop\/eu\/#\/schema\/person\/5b96261107d1cc0141f68d1a780b4ed7"},"breadcrumb":{"@id":"https:\/\/www.fiarebancaetica.coop\/eu\/komunitateak-eraldatzen-dituen-energia\/#breadcrumb"},"inLanguage":"eu","potentialAction":[{"@type":"ReadAction","target":["https:\/\/www.fiarebancaetica.coop\/eu\/komunitateak-eraldatzen-dituen-energia\/"]}]},{"@type":"ImageObject","inLanguage":"eu","@id":"https:\/\/www.fiarebancaetica.coop\/eu\/komunitateak-eraldatzen-dituen-energia\/#primaryimage","url":"https:\/\/www.fiarebancaetica.coop\/app\/uploads\/sites\/2\/2025\/04\/Sin-titulo-1024-x-400-px-2.png","contentUrl":"https:\/\/www.fiarebancaetica.coop\/app\/uploads\/sites\/2\/2025\/04\/Sin-titulo-1024-x-400-px-2.png","width":1024,"height":400},{"@type":"BreadcrumbList","@id":"https:\/\/www.fiarebancaetica.coop\/eu\/komunitateak-eraldatzen-dituen-energia\/#breadcrumb","itemListElement":[{"@type":"ListItem","position":1,"name":"Home","item":"https:\/\/www.fiarebancaetica.coop\/eu\/"},{"@type":"ListItem","position":2,"name":"Komunitateak eraldatzen dituen energia"}]},{"@type":"WebSite","@id":"https:\/\/www.fiarebancaetica.coop\/eu\/#website","url":"https:\/\/www.fiarebancaetica.coop\/eu\/","name":"Fiare Banca Etica","description":"","potentialAction":[{"@type":"SearchAction","target":{"@type":"EntryPoint","urlTemplate":"https:\/\/www.fiarebancaetica.coop\/eu\/?s={search_term_string}"},"query-input":{"@type":"PropertyValueSpecification","valueRequired":true,"valueName":"search_term_string"}}],"inLanguage":"eu"},{"@type":"Person","@id":"https:\/\/www.fiarebancaetica.coop\/eu\/#\/schema\/person\/5b96261107d1cc0141f68d1a780b4ed7","name":"clara","image":{"@type":"ImageObject","inLanguage":"eu","@id":"https:\/\/www.fiarebancaetica.coop\/eu\/#\/schema\/person\/image\/87a072d868c9be98a56db488836f4132","url":"https:\/\/secure.gravatar.com\/avatar\/267db4d1eb94caf852df949ed721a52f76c9fbf9c14c602801e01f0ab306c22b?s=96&d=mm&r=g","contentUrl":"https:\/\/secure.gravatar.com\/avatar\/267db4d1eb94caf852df949ed721a52f76c9fbf9c14c602801e01f0ab306c22b?s=96&d=mm&r=g","caption":"clara"}}]}},"_links":{"self":[{"href":"https:\/\/www.fiarebancaetica.coop\/eu\/wp-json\/wp\/v2\/posts\/385326","targetHints":{"allow":["GET"]}}],"collection":[{"href":"https:\/\/www.fiarebancaetica.coop\/eu\/wp-json\/wp\/v2\/posts"}],"about":[{"href":"https:\/\/www.fiarebancaetica.coop\/eu\/wp-json\/wp\/v2\/types\/post"}],"author":[{"embeddable":true,"href":"https:\/\/www.fiarebancaetica.coop\/eu\/wp-json\/wp\/v2\/users\/1774"}],"replies":[{"embeddable":true,"href":"https:\/\/www.fiarebancaetica.coop\/eu\/wp-json\/wp\/v2\/comments?post=385326"}],"version-history":[{"count":2,"href":"https:\/\/www.fiarebancaetica.coop\/eu\/wp-json\/wp\/v2\/posts\/385326\/revisions"}],"predecessor-version":[{"id":385368,"href":"https:\/\/www.fiarebancaetica.coop\/eu\/wp-json\/wp\/v2\/posts\/385326\/revisions\/385368"}],"wp:featuredmedia":[{"embeddable":true,"href":"https:\/\/www.fiarebancaetica.coop\/eu\/wp-json\/wp\/v2\/media\/385364"}],"wp:attachment":[{"href":"https:\/\/www.fiarebancaetica.coop\/eu\/wp-json\/wp\/v2\/media?parent=385326"}],"wp:term":[{"taxonomy":"category","embeddable":true,"href":"https:\/\/www.fiarebancaetica.coop\/eu\/wp-json\/wp\/v2\/categories?post=385326"},{"taxonomy":"post_tag","embeddable":true,"href":"https:\/\/www.fiarebancaetica.coop\/eu\/wp-json\/wp\/v2\/tags?post=385326"},{"taxonomy":"author","embeddable":true,"href":"https:\/\/www.fiarebancaetica.coop\/eu\/wp-json\/wp\/v2\/coauthors?post=385326"}],"curies":[{"name":"wp","href":"https:\/\/api.w.org\/{rel}","templated":true}]}}