{"id":348512,"date":"2021-05-23T14:10:51","date_gmt":"2021-05-23T12:10:51","guid":{"rendered":"https:\/\/www.fiarebancaetica.coop\/articolo\/charla-fiare-banca-etica-participacion-activa-de-la-ciudadania-en-la-transformacion-social\/"},"modified":"2024-02-21T09:18:48","modified_gmt":"2024-02-21T08:18:48","slug":"charla-fiare-banca-etica-participacion-activa-de-la-ciudadania-en-la-transformacion-social","status":"publish","type":"cbwpt_git_posts","link":"https:\/\/www.fiarebancaetica.coop\/gl\/articolo\/charla-fiare-banca-etica-participacion-activa-de-la-ciudadania-en-la-transformacion-social\/","title":{"rendered":"Charla: Fiare Banca Etica, participaci\u00f3n activa de la ciudadan\u00eda en la transformaci\u00f3n social"},"author":1,"featured_media":0,"parent":0,"template":"","meta":{"_acf_changed":false},"git_tags":[11220],"coauthors":[2888],"class_list":["post-348512","cbwpt_git_posts","type-cbwpt_git_posts","status-publish","hentry"],"acf":[],"yoast_head":"<!-- This site is optimized with the Yoast SEO plugin v26.9 - https:\/\/yoast.com\/product\/yoast-seo-wordpress\/ -->\n<title>Charla: Fiare Banca Etica, participaci\u00f3n activa de la ciudadan\u00eda en la transformaci\u00f3n social - Fiare Banca Etica<\/title>\n<meta name=\"robots\" content=\"index, follow, max-snippet:-1, max-image-preview:large, max-video-preview:-1\" \/>\n<link rel=\"canonical\" href=\"https:\/\/www.fiarebancaetica.coop\/gl\/articolo\/charla-fiare-banca-etica-participacion-activa-de-la-ciudadania-en-la-transformacion-social\/\" \/>\n<meta property=\"og:locale\" content=\"gl_ES\" \/>\n<meta property=\"og:type\" content=\"article\" \/>\n<meta property=\"og:title\" content=\"Charla: Fiare Banca Etica, participaci\u00f3n activa de la ciudadan\u00eda en la transformaci\u00f3n social - Fiare Banca Etica\" \/>\n<meta property=\"og:description\" content=\"Mi\u00e9rcoles 26 de mayo a las 18.00 h.Organiza: GIT de Fiare Banca Etica en Castilla y Le\u00f3n.Colaboran:\u00a0Asociaci\u00f3n de Vecinos\/as Pisuerga-Huerta del Rey y Federaci\u00f3n Provincial de Asociaciones Vecinales y de Consumidores de Valladolid Antonio Machado. \u2022 Charla presencial en el centro c\u00edvico. \u2022 Asistencia por videoconferencia enhttps:\/\/meet.google.com\/zwe-jpia-fmf \u2022 Ponente: Javier Mena, coordinador del GIT de [&hellip;]\" \/>\n<meta property=\"og:url\" content=\"https:\/\/www.fiarebancaetica.coop\/gl\/articolo\/charla-fiare-banca-etica-participacion-activa-de-la-ciudadania-en-la-transformacion-social\/\" \/>\n<meta property=\"og:site_name\" content=\"Fiare Banca Etica\" \/>\n<meta property=\"article:modified_time\" content=\"2024-02-21T08:18:48+00:00\" \/>\n<meta name=\"twitter:card\" content=\"summary_large_image\" \/>\n<script type=\"application\/ld+json\" class=\"yoast-schema-graph\">{\"@context\":\"https:\/\/schema.org\",\"@graph\":[{\"@type\":\"WebPage\",\"@id\":\"https:\/\/www.fiarebancaetica.coop\/gl\/articolo\/charla-fiare-banca-etica-participacion-activa-de-la-ciudadania-en-la-transformacion-social\/\",\"url\":\"https:\/\/www.fiarebancaetica.coop\/gl\/articolo\/charla-fiare-banca-etica-participacion-activa-de-la-ciudadania-en-la-transformacion-social\/\",\"name\":\"Charla: Fiare Banca Etica, participaci\u00f3n activa de la ciudadan\u00eda en la transformaci\u00f3n social - Fiare Banca Etica\",\"isPartOf\":{\"@id\":\"https:\/\/www.fiarebancaetica.coop\/gl\/#website\"},\"datePublished\":\"2021-05-23T12:10:51+00:00\",\"dateModified\":\"2024-02-21T08:18:48+00:00\",\"breadcrumb\":{\"@id\":\"https:\/\/www.fiarebancaetica.coop\/gl\/articolo\/charla-fiare-banca-etica-participacion-activa-de-la-ciudadania-en-la-transformacion-social\/#breadcrumb\"},\"inLanguage\":\"gl-ES\",\"potentialAction\":[{\"@type\":\"ReadAction\",\"target\":[\"https:\/\/www.fiarebancaetica.coop\/gl\/articolo\/charla-fiare-banca-etica-participacion-activa-de-la-ciudadania-en-la-transformacion-social\/\"]}]},{\"@type\":\"BreadcrumbList\",\"@id\":\"https:\/\/www.fiarebancaetica.coop\/gl\/articolo\/charla-fiare-banca-etica-participacion-activa-de-la-ciudadania-en-la-transformacion-social\/#breadcrumb\",\"itemListElement\":[{\"@type\":\"ListItem\",\"position\":1,\"name\":\"Home\",\"item\":\"https:\/\/www.fiarebancaetica.coop\/gl\/\"},{\"@type\":\"ListItem\",\"position\":2,\"name\":\"Charla: Fiare Banca Etica, participaci\u00f3n activa de la ciudadan\u00eda en la transformaci\u00f3n social\"}]},{\"@type\":\"WebSite\",\"@id\":\"https:\/\/www.fiarebancaetica.coop\/gl\/#website\",\"url\":\"https:\/\/www.fiarebancaetica.coop\/gl\/\",\"name\":\"Fiare Banca Etica\",\"description\":\"\",\"potentialAction\":[{\"@type\":\"SearchAction\",\"target\":{\"@type\":\"EntryPoint\",\"urlTemplate\":\"https:\/\/www.fiarebancaetica.coop\/gl\/?s={search_term_string}\"},\"query-input\":{\"@type\":\"PropertyValueSpecification\",\"valueRequired\":true,\"valueName\":\"search_term_string\"}}],\"inLanguage\":\"gl-ES\"}]}<\/script>\n<!-- \/ Yoast SEO plugin. -->","yoast_head_json":{"title":"Charla: Fiare Banca Etica, participaci\u00f3n activa de la ciudadan\u00eda en la transformaci\u00f3n social - Fiare Banca Etica","robots":{"index":"index","follow":"follow","max-snippet":"max-snippet:-1","max-image-preview":"max-image-preview:large","max-video-preview":"max-video-preview:-1"},"canonical":"https:\/\/www.fiarebancaetica.coop\/gl\/articolo\/charla-fiare-banca-etica-participacion-activa-de-la-ciudadania-en-la-transformacion-social\/","og_locale":"gl_ES","og_type":"article","og_title":"Charla: Fiare Banca Etica, participaci\u00f3n activa de la ciudadan\u00eda en la transformaci\u00f3n social - Fiare Banca Etica","og_description":"Mi\u00e9rcoles 26 de mayo a las 18.00 h.Organiza: GIT de Fiare Banca Etica en Castilla y Le\u00f3n.Colaboran:\u00a0Asociaci\u00f3n de Vecinos\/as Pisuerga-Huerta del Rey y Federaci\u00f3n Provincial de Asociaciones Vecinales y de Consumidores de Valladolid Antonio Machado. \u2022 Charla presencial en el centro c\u00edvico. \u2022 Asistencia por videoconferencia enhttps:\/\/meet.google.com\/zwe-jpia-fmf \u2022 Ponente: Javier Mena, coordinador del GIT de [&hellip;]","og_url":"https:\/\/www.fiarebancaetica.coop\/gl\/articolo\/charla-fiare-banca-etica-participacion-activa-de-la-ciudadania-en-la-transformacion-social\/","og_site_name":"Fiare Banca Etica","article_modified_time":"2024-02-21T08:18:48+00:00","twitter_card":"summary_large_image","schema":{"@context":"https:\/\/schema.org","@graph":[{"@type":"WebPage","@id":"https:\/\/www.fiarebancaetica.coop\/gl\/articolo\/charla-fiare-banca-etica-participacion-activa-de-la-ciudadania-en-la-transformacion-social\/","url":"https:\/\/www.fiarebancaetica.coop\/gl\/articolo\/charla-fiare-banca-etica-participacion-activa-de-la-ciudadania-en-la-transformacion-social\/","name":"Charla: Fiare Banca Etica, participaci\u00f3n activa de la ciudadan\u00eda en la transformaci\u00f3n social - Fiare Banca Etica","isPartOf":{"@id":"https:\/\/www.fiarebancaetica.coop\/gl\/#website"},"datePublished":"2021-05-23T12:10:51+00:00","dateModified":"2024-02-21T08:18:48+00:00","breadcrumb":{"@id":"https:\/\/www.fiarebancaetica.coop\/gl\/articolo\/charla-fiare-banca-etica-participacion-activa-de-la-ciudadania-en-la-transformacion-social\/#breadcrumb"},"inLanguage":"gl-ES","potentialAction":[{"@type":"ReadAction","target":["https:\/\/www.fiarebancaetica.coop\/gl\/articolo\/charla-fiare-banca-etica-participacion-activa-de-la-ciudadania-en-la-transformacion-social\/"]}]},{"@type":"BreadcrumbList","@id":"https:\/\/www.fiarebancaetica.coop\/gl\/articolo\/charla-fiare-banca-etica-participacion-activa-de-la-ciudadania-en-la-transformacion-social\/#breadcrumb","itemListElement":[{"@type":"ListItem","position":1,"name":"Home","item":"https:\/\/www.fiarebancaetica.coop\/gl\/"},{"@type":"ListItem","position":2,"name":"Charla: Fiare Banca Etica, participaci\u00f3n activa de la ciudadan\u00eda en la transformaci\u00f3n social"}]},{"@type":"WebSite","@id":"https:\/\/www.fiarebancaetica.coop\/gl\/#website","url":"https:\/\/www.fiarebancaetica.coop\/gl\/","name":"Fiare Banca Etica","description":"","potentialAction":[{"@type":"SearchAction","target":{"@type":"EntryPoint","urlTemplate":"https:\/\/www.fiarebancaetica.coop\/gl\/?s={search_term_string}"},"query-input":{"@type":"PropertyValueSpecification","valueRequired":true,"valueName":"search_term_string"}}],"inLanguage":"gl-ES"}]}},"_links":{"self":[{"href":"https:\/\/www.fiarebancaetica.coop\/gl\/wp-json\/wp\/v2\/cbwpt_git_posts\/348512","targetHints":{"allow":["GET"]}}],"collection":[{"href":"https:\/\/www.fiarebancaetica.coop\/gl\/wp-json\/wp\/v2\/cbwpt_git_posts"}],"about":[{"href":"https:\/\/www.fiarebancaetica.coop\/gl\/wp-json\/wp\/v2\/types\/cbwpt_git_posts"}],"author":[{"embeddable":true,"href":"https:\/\/www.fiarebancaetica.coop\/gl\/wp-json\/wp\/v2\/users\/1"}],"version-history":[{"count":1,"href":"https:\/\/www.fiarebancaetica.coop\/gl\/wp-json\/wp\/v2\/cbwpt_git_posts\/348512\/revisions"}],"predecessor-version":[{"id":348513,"href":"https:\/\/www.fiarebancaetica.coop\/gl\/wp-json\/wp\/v2\/cbwpt_git_posts\/348512\/revisions\/348513"}],"wp:attachment":[{"href":"https:\/\/www.fiarebancaetica.coop\/gl\/wp-json\/wp\/v2\/media?parent=348512"}],"wp:term":[{"taxonomy":"cbwpt_tags","embeddable":true,"href":"https:\/\/www.fiarebancaetica.coop\/gl\/wp-json\/wp\/v2\/git_tags?post=348512"},{"taxonomy":"author","embeddable":true,"href":"https:\/\/www.fiarebancaetica.coop\/gl\/wp-json\/wp\/v2\/coauthors?post=348512"}],"curies":[{"name":"wp","href":"https:\/\/api.w.org\/{rel}","templated":true}]}}