{"id":348748,"date":"2019-10-24T12:36:59","date_gmt":"2019-10-24T10:36:59","guid":{"rendered":"https:\/\/www.fiarebancaetica.coop\/articolo\/trobada-de-persones-socies-2019-buitrago-de-lozoya-madrid\/"},"modified":"2024-02-21T09:28:17","modified_gmt":"2024-02-21T08:28:17","slug":"trobada-de-persones-socies-2019-buitrago-de-lozoya-madrid","status":"publish","type":"cbwpt_git_posts","link":"https:\/\/www.fiarebancaetica.coop\/gl\/articolo\/trobada-de-persones-socies-2019-buitrago-de-lozoya-madrid\/","title":{"rendered":"Trobada de persones s\u00f2cies 2019 (Buitrago de Lozoya (Madrid))"},"author":1,"featured_media":361959,"parent":0,"template":"","meta":{"_acf_changed":false},"git_tags":[11225],"coauthors":[2888],"class_list":["post-348748","cbwpt_git_posts","type-cbwpt_git_posts","status-publish","has-post-thumbnail","hentry"],"acf":[],"yoast_head":"<!-- This site is optimized with the Yoast SEO plugin v26.9 - https:\/\/yoast.com\/product\/yoast-seo-wordpress\/ -->\n<title>Trobada de persones s\u00f2cies 2019 (Buitrago de Lozoya (Madrid)) - Fiare Banca Etica<\/title>\n<meta name=\"robots\" content=\"index, follow, max-snippet:-1, max-image-preview:large, max-video-preview:-1\" \/>\n<link rel=\"canonical\" href=\"https:\/\/www.fiarebancaetica.coop\/gl\/articolo\/trobada-de-persones-socies-2019-buitrago-de-lozoya-madrid\/\" \/>\n<meta property=\"og:locale\" content=\"gl_ES\" \/>\n<meta property=\"og:type\" content=\"article\" \/>\n<meta property=\"og:title\" content=\"Trobada de persones s\u00f2cies 2019 (Buitrago de Lozoya (Madrid)) - Fiare Banca Etica\" \/>\n<meta property=\"og:description\" content=\"El cap de setmana del 19 i 20 d&#8217;octubre es va fer la trobada de persones s\u00f2cies de Fiare Banca Etica 2019 a Buitrago de Lozoya. Hi van participar les coordinadores dels 20 GITS, \u00a0les responsables de comunicaci\u00f3, la mesa de s\u00f2cies de refer\u00e8ncia i les persones s\u00f2cies treballadores. Tamb\u00e9 es va comptar amb la [&hellip;]\" \/>\n<meta property=\"og:url\" content=\"https:\/\/www.fiarebancaetica.coop\/gl\/articolo\/trobada-de-persones-socies-2019-buitrago-de-lozoya-madrid\/\" \/>\n<meta property=\"og:site_name\" content=\"Fiare Banca Etica\" \/>\n<meta property=\"article:modified_time\" content=\"2024-02-21T08:28:17+00:00\" \/>\n<meta property=\"og:image\" content=\"https:\/\/www.fiarebancaetica.coop\/app\/uploads\/sites\/2\/2024\/01\/cover-67.jpg\" \/>\n\t<meta property=\"og:image:width\" content=\"900\" \/>\n\t<meta property=\"og:image:height\" content=\"446\" \/>\n\t<meta property=\"og:image:type\" content=\"image\/jpeg\" \/>\n<meta name=\"twitter:card\" content=\"summary_large_image\" \/>\n<script type=\"application\/ld+json\" class=\"yoast-schema-graph\">{\"@context\":\"https:\/\/schema.org\",\"@graph\":[{\"@type\":\"WebPage\",\"@id\":\"https:\/\/www.fiarebancaetica.coop\/gl\/articolo\/trobada-de-persones-socies-2019-buitrago-de-lozoya-madrid\/\",\"url\":\"https:\/\/www.fiarebancaetica.coop\/gl\/articolo\/trobada-de-persones-socies-2019-buitrago-de-lozoya-madrid\/\",\"name\":\"Trobada de persones s\u00f2cies 2019 (Buitrago de Lozoya (Madrid)) - Fiare Banca Etica\",\"isPartOf\":{\"@id\":\"https:\/\/www.fiarebancaetica.coop\/gl\/#website\"},\"primaryImageOfPage\":{\"@id\":\"https:\/\/www.fiarebancaetica.coop\/gl\/articolo\/trobada-de-persones-socies-2019-buitrago-de-lozoya-madrid\/#primaryimage\"},\"image\":{\"@id\":\"https:\/\/www.fiarebancaetica.coop\/gl\/articolo\/trobada-de-persones-socies-2019-buitrago-de-lozoya-madrid\/#primaryimage\"},\"thumbnailUrl\":\"https:\/\/www.fiarebancaetica.coop\/app\/uploads\/sites\/2\/2024\/01\/cover-67.jpg\",\"datePublished\":\"2019-10-24T10:36:59+00:00\",\"dateModified\":\"2024-02-21T08:28:17+00:00\",\"breadcrumb\":{\"@id\":\"https:\/\/www.fiarebancaetica.coop\/gl\/articolo\/trobada-de-persones-socies-2019-buitrago-de-lozoya-madrid\/#breadcrumb\"},\"inLanguage\":\"gl-ES\",\"potentialAction\":[{\"@type\":\"ReadAction\",\"target\":[\"https:\/\/www.fiarebancaetica.coop\/gl\/articolo\/trobada-de-persones-socies-2019-buitrago-de-lozoya-madrid\/\"]}]},{\"@type\":\"ImageObject\",\"inLanguage\":\"gl-ES\",\"@id\":\"https:\/\/www.fiarebancaetica.coop\/gl\/articolo\/trobada-de-persones-socies-2019-buitrago-de-lozoya-madrid\/#primaryimage\",\"url\":\"https:\/\/www.fiarebancaetica.coop\/app\/uploads\/sites\/2\/2024\/01\/cover-67.jpg\",\"contentUrl\":\"https:\/\/www.fiarebancaetica.coop\/app\/uploads\/sites\/2\/2024\/01\/cover-67.jpg\",\"width\":900,\"height\":446},{\"@type\":\"BreadcrumbList\",\"@id\":\"https:\/\/www.fiarebancaetica.coop\/gl\/articolo\/trobada-de-persones-socies-2019-buitrago-de-lozoya-madrid\/#breadcrumb\",\"itemListElement\":[{\"@type\":\"ListItem\",\"position\":1,\"name\":\"Home\",\"item\":\"https:\/\/www.fiarebancaetica.coop\/gl\/\"},{\"@type\":\"ListItem\",\"position\":2,\"name\":\"Trobada de persones s\u00f2cies 2019 (Buitrago de Lozoya (Madrid))\"}]},{\"@type\":\"WebSite\",\"@id\":\"https:\/\/www.fiarebancaetica.coop\/gl\/#website\",\"url\":\"https:\/\/www.fiarebancaetica.coop\/gl\/\",\"name\":\"Fiare Banca Etica\",\"description\":\"\",\"potentialAction\":[{\"@type\":\"SearchAction\",\"target\":{\"@type\":\"EntryPoint\",\"urlTemplate\":\"https:\/\/www.fiarebancaetica.coop\/gl\/?s={search_term_string}\"},\"query-input\":{\"@type\":\"PropertyValueSpecification\",\"valueRequired\":true,\"valueName\":\"search_term_string\"}}],\"inLanguage\":\"gl-ES\"}]}<\/script>\n<!-- \/ Yoast SEO plugin. -->","yoast_head_json":{"title":"Trobada de persones s\u00f2cies 2019 (Buitrago de Lozoya (Madrid)) - Fiare Banca Etica","robots":{"index":"index","follow":"follow","max-snippet":"max-snippet:-1","max-image-preview":"max-image-preview:large","max-video-preview":"max-video-preview:-1"},"canonical":"https:\/\/www.fiarebancaetica.coop\/gl\/articolo\/trobada-de-persones-socies-2019-buitrago-de-lozoya-madrid\/","og_locale":"gl_ES","og_type":"article","og_title":"Trobada de persones s\u00f2cies 2019 (Buitrago de Lozoya (Madrid)) - Fiare Banca Etica","og_description":"El cap de setmana del 19 i 20 d&#8217;octubre es va fer la trobada de persones s\u00f2cies de Fiare Banca Etica 2019 a Buitrago de Lozoya. Hi van participar les coordinadores dels 20 GITS, \u00a0les responsables de comunicaci\u00f3, la mesa de s\u00f2cies de refer\u00e8ncia i les persones s\u00f2cies treballadores. Tamb\u00e9 es va comptar amb la [&hellip;]","og_url":"https:\/\/www.fiarebancaetica.coop\/gl\/articolo\/trobada-de-persones-socies-2019-buitrago-de-lozoya-madrid\/","og_site_name":"Fiare Banca Etica","article_modified_time":"2024-02-21T08:28:17+00:00","og_image":[{"width":900,"height":446,"url":"https:\/\/www.fiarebancaetica.coop\/app\/uploads\/sites\/2\/2024\/01\/cover-67.jpg","type":"image\/jpeg"}],"twitter_card":"summary_large_image","schema":{"@context":"https:\/\/schema.org","@graph":[{"@type":"WebPage","@id":"https:\/\/www.fiarebancaetica.coop\/gl\/articolo\/trobada-de-persones-socies-2019-buitrago-de-lozoya-madrid\/","url":"https:\/\/www.fiarebancaetica.coop\/gl\/articolo\/trobada-de-persones-socies-2019-buitrago-de-lozoya-madrid\/","name":"Trobada de persones s\u00f2cies 2019 (Buitrago de Lozoya (Madrid)) - Fiare Banca Etica","isPartOf":{"@id":"https:\/\/www.fiarebancaetica.coop\/gl\/#website"},"primaryImageOfPage":{"@id":"https:\/\/www.fiarebancaetica.coop\/gl\/articolo\/trobada-de-persones-socies-2019-buitrago-de-lozoya-madrid\/#primaryimage"},"image":{"@id":"https:\/\/www.fiarebancaetica.coop\/gl\/articolo\/trobada-de-persones-socies-2019-buitrago-de-lozoya-madrid\/#primaryimage"},"thumbnailUrl":"https:\/\/www.fiarebancaetica.coop\/app\/uploads\/sites\/2\/2024\/01\/cover-67.jpg","datePublished":"2019-10-24T10:36:59+00:00","dateModified":"2024-02-21T08:28:17+00:00","breadcrumb":{"@id":"https:\/\/www.fiarebancaetica.coop\/gl\/articolo\/trobada-de-persones-socies-2019-buitrago-de-lozoya-madrid\/#breadcrumb"},"inLanguage":"gl-ES","potentialAction":[{"@type":"ReadAction","target":["https:\/\/www.fiarebancaetica.coop\/gl\/articolo\/trobada-de-persones-socies-2019-buitrago-de-lozoya-madrid\/"]}]},{"@type":"ImageObject","inLanguage":"gl-ES","@id":"https:\/\/www.fiarebancaetica.coop\/gl\/articolo\/trobada-de-persones-socies-2019-buitrago-de-lozoya-madrid\/#primaryimage","url":"https:\/\/www.fiarebancaetica.coop\/app\/uploads\/sites\/2\/2024\/01\/cover-67.jpg","contentUrl":"https:\/\/www.fiarebancaetica.coop\/app\/uploads\/sites\/2\/2024\/01\/cover-67.jpg","width":900,"height":446},{"@type":"BreadcrumbList","@id":"https:\/\/www.fiarebancaetica.coop\/gl\/articolo\/trobada-de-persones-socies-2019-buitrago-de-lozoya-madrid\/#breadcrumb","itemListElement":[{"@type":"ListItem","position":1,"name":"Home","item":"https:\/\/www.fiarebancaetica.coop\/gl\/"},{"@type":"ListItem","position":2,"name":"Trobada de persones s\u00f2cies 2019 (Buitrago de Lozoya (Madrid))"}]},{"@type":"WebSite","@id":"https:\/\/www.fiarebancaetica.coop\/gl\/#website","url":"https:\/\/www.fiarebancaetica.coop\/gl\/","name":"Fiare Banca Etica","description":"","potentialAction":[{"@type":"SearchAction","target":{"@type":"EntryPoint","urlTemplate":"https:\/\/www.fiarebancaetica.coop\/gl\/?s={search_term_string}"},"query-input":{"@type":"PropertyValueSpecification","valueRequired":true,"valueName":"search_term_string"}}],"inLanguage":"gl-ES"}]}},"_links":{"self":[{"href":"https:\/\/www.fiarebancaetica.coop\/gl\/wp-json\/wp\/v2\/cbwpt_git_posts\/348748","targetHints":{"allow":["GET"]}}],"collection":[{"href":"https:\/\/www.fiarebancaetica.coop\/gl\/wp-json\/wp\/v2\/cbwpt_git_posts"}],"about":[{"href":"https:\/\/www.fiarebancaetica.coop\/gl\/wp-json\/wp\/v2\/types\/cbwpt_git_posts"}],"author":[{"embeddable":true,"href":"https:\/\/www.fiarebancaetica.coop\/gl\/wp-json\/wp\/v2\/users\/1"}],"version-history":[{"count":1,"href":"https:\/\/www.fiarebancaetica.coop\/gl\/wp-json\/wp\/v2\/cbwpt_git_posts\/348748\/revisions"}],"predecessor-version":[{"id":351530,"href":"https:\/\/www.fiarebancaetica.coop\/gl\/wp-json\/wp\/v2\/cbwpt_git_posts\/348748\/revisions\/351530"}],"wp:featuredmedia":[{"embeddable":true,"href":"https:\/\/www.fiarebancaetica.coop\/gl\/wp-json\/wp\/v2\/media\/361959"}],"wp:attachment":[{"href":"https:\/\/www.fiarebancaetica.coop\/gl\/wp-json\/wp\/v2\/media?parent=348748"}],"wp:term":[{"taxonomy":"cbwpt_tags","embeddable":true,"href":"https:\/\/www.fiarebancaetica.coop\/gl\/wp-json\/wp\/v2\/git_tags?post=348748"},{"taxonomy":"author","embeddable":true,"href":"https:\/\/www.fiarebancaetica.coop\/gl\/wp-json\/wp\/v2\/coauthors?post=348748"}],"curies":[{"name":"wp","href":"https:\/\/api.w.org\/{rel}","templated":true}]}}