{"id":348832,"date":"2019-05-07T18:50:35","date_gmt":"2019-05-07T16:50:35","guid":{"rendered":"https:\/\/www.fiarebancaetica.coop\/articolo\/firma-del-pacte-per-leconomia-social-i-solidaria-a-palma\/"},"modified":"2024-02-21T09:29:38","modified_gmt":"2024-02-21T08:29:38","slug":"firma-del-pacte-per-leconomia-social-i-solidaria-a-palma","status":"publish","type":"cbwpt_git_posts","link":"https:\/\/www.fiarebancaetica.coop\/gl\/articolo\/firma-del-pacte-per-leconomia-social-i-solidaria-a-palma\/","title":{"rendered":"Firma del Pacte per l&#8217;Economia Social i Solid\u00e0ria a Palma"},"author":1,"featured_media":362626,"parent":0,"template":"","meta":{"_acf_changed":false},"git_tags":[11224],"coauthors":[2888,3598],"class_list":["post-348832","cbwpt_git_posts","type-cbwpt_git_posts","status-publish","has-post-thumbnail","hentry"],"acf":[],"yoast_head":"<!-- This site is optimized with the Yoast SEO plugin v26.9 - https:\/\/yoast.com\/product\/yoast-seo-wordpress\/ -->\n<title>Firma del Pacte per l&#039;Economia Social i Solid\u00e0ria a Palma - Fiare Banca Etica<\/title>\n<meta name=\"robots\" content=\"index, follow, max-snippet:-1, max-image-preview:large, max-video-preview:-1\" \/>\n<link rel=\"canonical\" href=\"https:\/\/www.fiarebancaetica.coop\/gl\/articolo\/firma-del-pacte-per-leconomia-social-i-solidaria-a-palma\/\" \/>\n<meta property=\"og:locale\" content=\"gl_ES\" \/>\n<meta property=\"og:type\" content=\"article\" \/>\n<meta property=\"og:title\" content=\"Firma del Pacte per l&#039;Economia Social i Solid\u00e0ria a Palma - Fiare Banca Etica\" \/>\n<meta property=\"og:description\" content=\"Les entitats que han impulsat el Pacte per l&#8217;Economia Social i Solid\u00e0ria amb l&#8217;Ajuntament de Palma, l&#8217;han firmat avui juntament amb el batle de Palma, Antoni Noguera. Han promogut aquest pacte Som Energia, Ecotxe Som Moviment, S&#8217;Altra Senalla, Associaci\u00f3 Fiare Illes Balears, Associaci\u00f3 de la Producci\u00f3 Agr\u00e0ria Ecol\u00f2gica de Mallorca (APAEMA), Fundaci\u00f3 Deixalles, Xarxa d&#8217;Economia [&hellip;]\" \/>\n<meta property=\"og:url\" content=\"https:\/\/www.fiarebancaetica.coop\/gl\/articolo\/firma-del-pacte-per-leconomia-social-i-solidaria-a-palma\/\" \/>\n<meta property=\"og:site_name\" content=\"Fiare Banca Etica\" \/>\n<meta property=\"article:modified_time\" content=\"2024-02-21T08:29:38+00:00\" \/>\n<meta property=\"og:image\" content=\"https:\/\/www.fiarebancaetica.coop\/app\/uploads\/sites\/2\/2024\/01\/cover-201.jpg\" \/>\n\t<meta property=\"og:image:width\" content=\"1600\" \/>\n\t<meta property=\"og:image:height\" content=\"1200\" \/>\n\t<meta property=\"og:image:type\" content=\"image\/jpeg\" \/>\n<meta name=\"twitter:card\" content=\"summary_large_image\" \/>\n<script type=\"application\/ld+json\" class=\"yoast-schema-graph\">{\"@context\":\"https:\/\/schema.org\",\"@graph\":[{\"@type\":\"WebPage\",\"@id\":\"https:\/\/www.fiarebancaetica.coop\/gl\/articolo\/firma-del-pacte-per-leconomia-social-i-solidaria-a-palma\/\",\"url\":\"https:\/\/www.fiarebancaetica.coop\/gl\/articolo\/firma-del-pacte-per-leconomia-social-i-solidaria-a-palma\/\",\"name\":\"Firma del Pacte per l'Economia Social i Solid\u00e0ria a Palma - Fiare Banca Etica\",\"isPartOf\":{\"@id\":\"https:\/\/www.fiarebancaetica.coop\/gl\/#website\"},\"primaryImageOfPage\":{\"@id\":\"https:\/\/www.fiarebancaetica.coop\/gl\/articolo\/firma-del-pacte-per-leconomia-social-i-solidaria-a-palma\/#primaryimage\"},\"image\":{\"@id\":\"https:\/\/www.fiarebancaetica.coop\/gl\/articolo\/firma-del-pacte-per-leconomia-social-i-solidaria-a-palma\/#primaryimage\"},\"thumbnailUrl\":\"https:\/\/www.fiarebancaetica.coop\/app\/uploads\/sites\/2\/2024\/01\/cover-201.jpg\",\"datePublished\":\"2019-05-07T16:50:35+00:00\",\"dateModified\":\"2024-02-21T08:29:38+00:00\",\"breadcrumb\":{\"@id\":\"https:\/\/www.fiarebancaetica.coop\/gl\/articolo\/firma-del-pacte-per-leconomia-social-i-solidaria-a-palma\/#breadcrumb\"},\"inLanguage\":\"gl-ES\",\"potentialAction\":[{\"@type\":\"ReadAction\",\"target\":[\"https:\/\/www.fiarebancaetica.coop\/gl\/articolo\/firma-del-pacte-per-leconomia-social-i-solidaria-a-palma\/\"]}]},{\"@type\":\"ImageObject\",\"inLanguage\":\"gl-ES\",\"@id\":\"https:\/\/www.fiarebancaetica.coop\/gl\/articolo\/firma-del-pacte-per-leconomia-social-i-solidaria-a-palma\/#primaryimage\",\"url\":\"https:\/\/www.fiarebancaetica.coop\/app\/uploads\/sites\/2\/2024\/01\/cover-201.jpg\",\"contentUrl\":\"https:\/\/www.fiarebancaetica.coop\/app\/uploads\/sites\/2\/2024\/01\/cover-201.jpg\",\"width\":1600,\"height\":1200},{\"@type\":\"BreadcrumbList\",\"@id\":\"https:\/\/www.fiarebancaetica.coop\/gl\/articolo\/firma-del-pacte-per-leconomia-social-i-solidaria-a-palma\/#breadcrumb\",\"itemListElement\":[{\"@type\":\"ListItem\",\"position\":1,\"name\":\"Home\",\"item\":\"https:\/\/www.fiarebancaetica.coop\/gl\/\"},{\"@type\":\"ListItem\",\"position\":2,\"name\":\"Firma del Pacte per l&#8217;Economia Social i Solid\u00e0ria a Palma\"}]},{\"@type\":\"WebSite\",\"@id\":\"https:\/\/www.fiarebancaetica.coop\/gl\/#website\",\"url\":\"https:\/\/www.fiarebancaetica.coop\/gl\/\",\"name\":\"Fiare Banca Etica\",\"description\":\"\",\"potentialAction\":[{\"@type\":\"SearchAction\",\"target\":{\"@type\":\"EntryPoint\",\"urlTemplate\":\"https:\/\/www.fiarebancaetica.coop\/gl\/?s={search_term_string}\"},\"query-input\":{\"@type\":\"PropertyValueSpecification\",\"valueRequired\":true,\"valueName\":\"search_term_string\"}}],\"inLanguage\":\"gl-ES\"}]}<\/script>\n<!-- \/ Yoast SEO plugin. -->","yoast_head_json":{"title":"Firma del Pacte per l'Economia Social i Solid\u00e0ria a Palma - Fiare Banca Etica","robots":{"index":"index","follow":"follow","max-snippet":"max-snippet:-1","max-image-preview":"max-image-preview:large","max-video-preview":"max-video-preview:-1"},"canonical":"https:\/\/www.fiarebancaetica.coop\/gl\/articolo\/firma-del-pacte-per-leconomia-social-i-solidaria-a-palma\/","og_locale":"gl_ES","og_type":"article","og_title":"Firma del Pacte per l'Economia Social i Solid\u00e0ria a Palma - Fiare Banca Etica","og_description":"Les entitats que han impulsat el Pacte per l&#8217;Economia Social i Solid\u00e0ria amb l&#8217;Ajuntament de Palma, l&#8217;han firmat avui juntament amb el batle de Palma, Antoni Noguera. Han promogut aquest pacte Som Energia, Ecotxe Som Moviment, S&#8217;Altra Senalla, Associaci\u00f3 Fiare Illes Balears, Associaci\u00f3 de la Producci\u00f3 Agr\u00e0ria Ecol\u00f2gica de Mallorca (APAEMA), Fundaci\u00f3 Deixalles, Xarxa d&#8217;Economia [&hellip;]","og_url":"https:\/\/www.fiarebancaetica.coop\/gl\/articolo\/firma-del-pacte-per-leconomia-social-i-solidaria-a-palma\/","og_site_name":"Fiare Banca Etica","article_modified_time":"2024-02-21T08:29:38+00:00","og_image":[{"width":1600,"height":1200,"url":"https:\/\/www.fiarebancaetica.coop\/app\/uploads\/sites\/2\/2024\/01\/cover-201.jpg","type":"image\/jpeg"}],"twitter_card":"summary_large_image","schema":{"@context":"https:\/\/schema.org","@graph":[{"@type":"WebPage","@id":"https:\/\/www.fiarebancaetica.coop\/gl\/articolo\/firma-del-pacte-per-leconomia-social-i-solidaria-a-palma\/","url":"https:\/\/www.fiarebancaetica.coop\/gl\/articolo\/firma-del-pacte-per-leconomia-social-i-solidaria-a-palma\/","name":"Firma del Pacte per l'Economia Social i Solid\u00e0ria a Palma - Fiare Banca Etica","isPartOf":{"@id":"https:\/\/www.fiarebancaetica.coop\/gl\/#website"},"primaryImageOfPage":{"@id":"https:\/\/www.fiarebancaetica.coop\/gl\/articolo\/firma-del-pacte-per-leconomia-social-i-solidaria-a-palma\/#primaryimage"},"image":{"@id":"https:\/\/www.fiarebancaetica.coop\/gl\/articolo\/firma-del-pacte-per-leconomia-social-i-solidaria-a-palma\/#primaryimage"},"thumbnailUrl":"https:\/\/www.fiarebancaetica.coop\/app\/uploads\/sites\/2\/2024\/01\/cover-201.jpg","datePublished":"2019-05-07T16:50:35+00:00","dateModified":"2024-02-21T08:29:38+00:00","breadcrumb":{"@id":"https:\/\/www.fiarebancaetica.coop\/gl\/articolo\/firma-del-pacte-per-leconomia-social-i-solidaria-a-palma\/#breadcrumb"},"inLanguage":"gl-ES","potentialAction":[{"@type":"ReadAction","target":["https:\/\/www.fiarebancaetica.coop\/gl\/articolo\/firma-del-pacte-per-leconomia-social-i-solidaria-a-palma\/"]}]},{"@type":"ImageObject","inLanguage":"gl-ES","@id":"https:\/\/www.fiarebancaetica.coop\/gl\/articolo\/firma-del-pacte-per-leconomia-social-i-solidaria-a-palma\/#primaryimage","url":"https:\/\/www.fiarebancaetica.coop\/app\/uploads\/sites\/2\/2024\/01\/cover-201.jpg","contentUrl":"https:\/\/www.fiarebancaetica.coop\/app\/uploads\/sites\/2\/2024\/01\/cover-201.jpg","width":1600,"height":1200},{"@type":"BreadcrumbList","@id":"https:\/\/www.fiarebancaetica.coop\/gl\/articolo\/firma-del-pacte-per-leconomia-social-i-solidaria-a-palma\/#breadcrumb","itemListElement":[{"@type":"ListItem","position":1,"name":"Home","item":"https:\/\/www.fiarebancaetica.coop\/gl\/"},{"@type":"ListItem","position":2,"name":"Firma del Pacte per l&#8217;Economia Social i Solid\u00e0ria a Palma"}]},{"@type":"WebSite","@id":"https:\/\/www.fiarebancaetica.coop\/gl\/#website","url":"https:\/\/www.fiarebancaetica.coop\/gl\/","name":"Fiare Banca Etica","description":"","potentialAction":[{"@type":"SearchAction","target":{"@type":"EntryPoint","urlTemplate":"https:\/\/www.fiarebancaetica.coop\/gl\/?s={search_term_string}"},"query-input":{"@type":"PropertyValueSpecification","valueRequired":true,"valueName":"search_term_string"}}],"inLanguage":"gl-ES"}]}},"_links":{"self":[{"href":"https:\/\/www.fiarebancaetica.coop\/gl\/wp-json\/wp\/v2\/cbwpt_git_posts\/348832","targetHints":{"allow":["GET"]}}],"collection":[{"href":"https:\/\/www.fiarebancaetica.coop\/gl\/wp-json\/wp\/v2\/cbwpt_git_posts"}],"about":[{"href":"https:\/\/www.fiarebancaetica.coop\/gl\/wp-json\/wp\/v2\/types\/cbwpt_git_posts"}],"author":[{"embeddable":true,"href":"https:\/\/www.fiarebancaetica.coop\/gl\/wp-json\/wp\/v2\/users\/1"}],"version-history":[{"count":1,"href":"https:\/\/www.fiarebancaetica.coop\/gl\/wp-json\/wp\/v2\/cbwpt_git_posts\/348832\/revisions"}],"predecessor-version":[{"id":351566,"href":"https:\/\/www.fiarebancaetica.coop\/gl\/wp-json\/wp\/v2\/cbwpt_git_posts\/348832\/revisions\/351566"}],"wp:featuredmedia":[{"embeddable":true,"href":"https:\/\/www.fiarebancaetica.coop\/gl\/wp-json\/wp\/v2\/media\/362626"}],"wp:attachment":[{"href":"https:\/\/www.fiarebancaetica.coop\/gl\/wp-json\/wp\/v2\/media?parent=348832"}],"wp:term":[{"taxonomy":"cbwpt_tags","embeddable":true,"href":"https:\/\/www.fiarebancaetica.coop\/gl\/wp-json\/wp\/v2\/git_tags?post=348832"},{"taxonomy":"author","embeddable":true,"href":"https:\/\/www.fiarebancaetica.coop\/gl\/wp-json\/wp\/v2\/coauthors?post=348832"}],"curies":[{"name":"wp","href":"https:\/\/api.w.org\/{rel}","templated":true}]}}