{"id":348853,"date":"2019-03-19T19:53:58","date_gmt":"2019-03-19T18:53:58","guid":{"rendered":"https:\/\/www.fiarebancaetica.coop\/articolo\/el-git-fiare-catalunya-transversal-participa-en-el-projecte-de-cultura-emprenedora-a-lescola\/"},"modified":"2024-02-21T09:29:51","modified_gmt":"2024-02-21T08:29:51","slug":"el-git-fiare-catalunya-transversal-participa-en-el-projecte-de-cultura-emprenedora-a-lescola","status":"publish","type":"cbwpt_git_posts","link":"https:\/\/www.fiarebancaetica.coop\/gl\/articolo\/el-git-fiare-catalunya-transversal-participa-en-el-projecte-de-cultura-emprenedora-a-lescola\/","title":{"rendered":"EL GIT FIARE CATALUNYA TRANSVERSAL PARTICIPA EN EL PROJECTE DE CULTURA EMPRENEDORA A L&#8217;ESCOLA"},"author":1,"featured_media":362257,"parent":0,"template":"","meta":{"_acf_changed":false},"git_tags":[11219],"coauthors":[2888],"class_list":["post-348853","cbwpt_git_posts","type-cbwpt_git_posts","status-publish","has-post-thumbnail","hentry"],"acf":[],"yoast_head":"<!-- This site is optimized with the Yoast SEO plugin v26.9 - https:\/\/yoast.com\/product\/yoast-seo-wordpress\/ -->\n<title>EL GIT FIARE CATALUNYA TRANSVERSAL PARTICIPA EN EL PROJECTE DE CULTURA EMPRENEDORA A L&#039;ESCOLA - Fiare Banca Etica<\/title>\n<meta name=\"robots\" content=\"index, follow, max-snippet:-1, max-image-preview:large, max-video-preview:-1\" \/>\n<link rel=\"canonical\" href=\"https:\/\/www.fiarebancaetica.coop\/gl\/articolo\/el-git-fiare-catalunya-transversal-participa-en-el-projecte-de-cultura-emprenedora-a-lescola\/\" \/>\n<meta property=\"og:locale\" content=\"gl_ES\" \/>\n<meta property=\"og:type\" content=\"article\" \/>\n<meta property=\"og:title\" content=\"EL GIT FIARE CATALUNYA TRANSVERSAL PARTICIPA EN EL PROJECTE DE CULTURA EMPRENEDORA A L&#039;ESCOLA - Fiare Banca Etica\" \/>\n<meta property=\"og:description\" content=\"Divendres 22 defebrer vam estar a l\u2019escola Joan Maragall de Vilanova del Cam\u00ed participant en el \u00a0Projecte de Cultura Emprenedora a l&#8217;Escola. Les tres cooperatives de l\u2019escola Joan Maragall Team, CJM i MiniArtesaMans JM van decidir demanar el pr\u00e9stec a la banca \u00e8tica.Un mat\u00ed doncs d\u2019avaluacions no nom\u00e9s l\u2019econ\u00f2mica sin\u00f3 tamb\u00e9 des del punt de [&hellip;]\" \/>\n<meta property=\"og:url\" content=\"https:\/\/www.fiarebancaetica.coop\/gl\/articolo\/el-git-fiare-catalunya-transversal-participa-en-el-projecte-de-cultura-emprenedora-a-lescola\/\" \/>\n<meta property=\"og:site_name\" content=\"Fiare Banca Etica\" \/>\n<meta property=\"article:modified_time\" content=\"2024-02-21T08:29:51+00:00\" \/>\n<meta property=\"og:image\" content=\"https:\/\/www.fiarebancaetica.coop\/app\/uploads\/sites\/2\/2024\/01\/cover-127.jpg\" \/>\n\t<meta property=\"og:image:width\" content=\"1599\" \/>\n\t<meta property=\"og:image:height\" content=\"799\" \/>\n\t<meta property=\"og:image:type\" content=\"image\/jpeg\" \/>\n<meta name=\"twitter:card\" content=\"summary_large_image\" \/>\n<script type=\"application\/ld+json\" class=\"yoast-schema-graph\">{\"@context\":\"https:\/\/schema.org\",\"@graph\":[{\"@type\":\"WebPage\",\"@id\":\"https:\/\/www.fiarebancaetica.coop\/gl\/articolo\/el-git-fiare-catalunya-transversal-participa-en-el-projecte-de-cultura-emprenedora-a-lescola\/\",\"url\":\"https:\/\/www.fiarebancaetica.coop\/gl\/articolo\/el-git-fiare-catalunya-transversal-participa-en-el-projecte-de-cultura-emprenedora-a-lescola\/\",\"name\":\"EL GIT FIARE CATALUNYA TRANSVERSAL PARTICIPA EN EL PROJECTE DE CULTURA EMPRENEDORA A L'ESCOLA - Fiare Banca Etica\",\"isPartOf\":{\"@id\":\"https:\/\/www.fiarebancaetica.coop\/gl\/#website\"},\"primaryImageOfPage\":{\"@id\":\"https:\/\/www.fiarebancaetica.coop\/gl\/articolo\/el-git-fiare-catalunya-transversal-participa-en-el-projecte-de-cultura-emprenedora-a-lescola\/#primaryimage\"},\"image\":{\"@id\":\"https:\/\/www.fiarebancaetica.coop\/gl\/articolo\/el-git-fiare-catalunya-transversal-participa-en-el-projecte-de-cultura-emprenedora-a-lescola\/#primaryimage\"},\"thumbnailUrl\":\"https:\/\/www.fiarebancaetica.coop\/app\/uploads\/sites\/2\/2024\/01\/cover-127.jpg\",\"datePublished\":\"2019-03-19T18:53:58+00:00\",\"dateModified\":\"2024-02-21T08:29:51+00:00\",\"breadcrumb\":{\"@id\":\"https:\/\/www.fiarebancaetica.coop\/gl\/articolo\/el-git-fiare-catalunya-transversal-participa-en-el-projecte-de-cultura-emprenedora-a-lescola\/#breadcrumb\"},\"inLanguage\":\"gl-ES\",\"potentialAction\":[{\"@type\":\"ReadAction\",\"target\":[\"https:\/\/www.fiarebancaetica.coop\/gl\/articolo\/el-git-fiare-catalunya-transversal-participa-en-el-projecte-de-cultura-emprenedora-a-lescola\/\"]}]},{\"@type\":\"ImageObject\",\"inLanguage\":\"gl-ES\",\"@id\":\"https:\/\/www.fiarebancaetica.coop\/gl\/articolo\/el-git-fiare-catalunya-transversal-participa-en-el-projecte-de-cultura-emprenedora-a-lescola\/#primaryimage\",\"url\":\"https:\/\/www.fiarebancaetica.coop\/app\/uploads\/sites\/2\/2024\/01\/cover-127.jpg\",\"contentUrl\":\"https:\/\/www.fiarebancaetica.coop\/app\/uploads\/sites\/2\/2024\/01\/cover-127.jpg\",\"width\":1599,\"height\":799},{\"@type\":\"BreadcrumbList\",\"@id\":\"https:\/\/www.fiarebancaetica.coop\/gl\/articolo\/el-git-fiare-catalunya-transversal-participa-en-el-projecte-de-cultura-emprenedora-a-lescola\/#breadcrumb\",\"itemListElement\":[{\"@type\":\"ListItem\",\"position\":1,\"name\":\"Home\",\"item\":\"https:\/\/www.fiarebancaetica.coop\/gl\/\"},{\"@type\":\"ListItem\",\"position\":2,\"name\":\"EL GIT FIARE CATALUNYA TRANSVERSAL PARTICIPA EN EL PROJECTE DE CULTURA EMPRENEDORA A L&#8217;ESCOLA\"}]},{\"@type\":\"WebSite\",\"@id\":\"https:\/\/www.fiarebancaetica.coop\/gl\/#website\",\"url\":\"https:\/\/www.fiarebancaetica.coop\/gl\/\",\"name\":\"Fiare Banca Etica\",\"description\":\"\",\"potentialAction\":[{\"@type\":\"SearchAction\",\"target\":{\"@type\":\"EntryPoint\",\"urlTemplate\":\"https:\/\/www.fiarebancaetica.coop\/gl\/?s={search_term_string}\"},\"query-input\":{\"@type\":\"PropertyValueSpecification\",\"valueRequired\":true,\"valueName\":\"search_term_string\"}}],\"inLanguage\":\"gl-ES\"}]}<\/script>\n<!-- \/ Yoast SEO plugin. -->","yoast_head_json":{"title":"EL GIT FIARE CATALUNYA TRANSVERSAL PARTICIPA EN EL PROJECTE DE CULTURA EMPRENEDORA A L'ESCOLA - Fiare Banca Etica","robots":{"index":"index","follow":"follow","max-snippet":"max-snippet:-1","max-image-preview":"max-image-preview:large","max-video-preview":"max-video-preview:-1"},"canonical":"https:\/\/www.fiarebancaetica.coop\/gl\/articolo\/el-git-fiare-catalunya-transversal-participa-en-el-projecte-de-cultura-emprenedora-a-lescola\/","og_locale":"gl_ES","og_type":"article","og_title":"EL GIT FIARE CATALUNYA TRANSVERSAL PARTICIPA EN EL PROJECTE DE CULTURA EMPRENEDORA A L'ESCOLA - Fiare Banca Etica","og_description":"Divendres 22 defebrer vam estar a l\u2019escola Joan Maragall de Vilanova del Cam\u00ed participant en el \u00a0Projecte de Cultura Emprenedora a l&#8217;Escola. Les tres cooperatives de l\u2019escola Joan Maragall Team, CJM i MiniArtesaMans JM van decidir demanar el pr\u00e9stec a la banca \u00e8tica.Un mat\u00ed doncs d\u2019avaluacions no nom\u00e9s l\u2019econ\u00f2mica sin\u00f3 tamb\u00e9 des del punt de [&hellip;]","og_url":"https:\/\/www.fiarebancaetica.coop\/gl\/articolo\/el-git-fiare-catalunya-transversal-participa-en-el-projecte-de-cultura-emprenedora-a-lescola\/","og_site_name":"Fiare Banca Etica","article_modified_time":"2024-02-21T08:29:51+00:00","og_image":[{"width":1599,"height":799,"url":"https:\/\/www.fiarebancaetica.coop\/app\/uploads\/sites\/2\/2024\/01\/cover-127.jpg","type":"image\/jpeg"}],"twitter_card":"summary_large_image","schema":{"@context":"https:\/\/schema.org","@graph":[{"@type":"WebPage","@id":"https:\/\/www.fiarebancaetica.coop\/gl\/articolo\/el-git-fiare-catalunya-transversal-participa-en-el-projecte-de-cultura-emprenedora-a-lescola\/","url":"https:\/\/www.fiarebancaetica.coop\/gl\/articolo\/el-git-fiare-catalunya-transversal-participa-en-el-projecte-de-cultura-emprenedora-a-lescola\/","name":"EL GIT FIARE CATALUNYA TRANSVERSAL PARTICIPA EN EL PROJECTE DE CULTURA EMPRENEDORA A L'ESCOLA - Fiare Banca Etica","isPartOf":{"@id":"https:\/\/www.fiarebancaetica.coop\/gl\/#website"},"primaryImageOfPage":{"@id":"https:\/\/www.fiarebancaetica.coop\/gl\/articolo\/el-git-fiare-catalunya-transversal-participa-en-el-projecte-de-cultura-emprenedora-a-lescola\/#primaryimage"},"image":{"@id":"https:\/\/www.fiarebancaetica.coop\/gl\/articolo\/el-git-fiare-catalunya-transversal-participa-en-el-projecte-de-cultura-emprenedora-a-lescola\/#primaryimage"},"thumbnailUrl":"https:\/\/www.fiarebancaetica.coop\/app\/uploads\/sites\/2\/2024\/01\/cover-127.jpg","datePublished":"2019-03-19T18:53:58+00:00","dateModified":"2024-02-21T08:29:51+00:00","breadcrumb":{"@id":"https:\/\/www.fiarebancaetica.coop\/gl\/articolo\/el-git-fiare-catalunya-transversal-participa-en-el-projecte-de-cultura-emprenedora-a-lescola\/#breadcrumb"},"inLanguage":"gl-ES","potentialAction":[{"@type":"ReadAction","target":["https:\/\/www.fiarebancaetica.coop\/gl\/articolo\/el-git-fiare-catalunya-transversal-participa-en-el-projecte-de-cultura-emprenedora-a-lescola\/"]}]},{"@type":"ImageObject","inLanguage":"gl-ES","@id":"https:\/\/www.fiarebancaetica.coop\/gl\/articolo\/el-git-fiare-catalunya-transversal-participa-en-el-projecte-de-cultura-emprenedora-a-lescola\/#primaryimage","url":"https:\/\/www.fiarebancaetica.coop\/app\/uploads\/sites\/2\/2024\/01\/cover-127.jpg","contentUrl":"https:\/\/www.fiarebancaetica.coop\/app\/uploads\/sites\/2\/2024\/01\/cover-127.jpg","width":1599,"height":799},{"@type":"BreadcrumbList","@id":"https:\/\/www.fiarebancaetica.coop\/gl\/articolo\/el-git-fiare-catalunya-transversal-participa-en-el-projecte-de-cultura-emprenedora-a-lescola\/#breadcrumb","itemListElement":[{"@type":"ListItem","position":1,"name":"Home","item":"https:\/\/www.fiarebancaetica.coop\/gl\/"},{"@type":"ListItem","position":2,"name":"EL GIT FIARE CATALUNYA TRANSVERSAL PARTICIPA EN EL PROJECTE DE CULTURA EMPRENEDORA A L&#8217;ESCOLA"}]},{"@type":"WebSite","@id":"https:\/\/www.fiarebancaetica.coop\/gl\/#website","url":"https:\/\/www.fiarebancaetica.coop\/gl\/","name":"Fiare Banca Etica","description":"","potentialAction":[{"@type":"SearchAction","target":{"@type":"EntryPoint","urlTemplate":"https:\/\/www.fiarebancaetica.coop\/gl\/?s={search_term_string}"},"query-input":{"@type":"PropertyValueSpecification","valueRequired":true,"valueName":"search_term_string"}}],"inLanguage":"gl-ES"}]}},"_links":{"self":[{"href":"https:\/\/www.fiarebancaetica.coop\/gl\/wp-json\/wp\/v2\/cbwpt_git_posts\/348853","targetHints":{"allow":["GET"]}}],"collection":[{"href":"https:\/\/www.fiarebancaetica.coop\/gl\/wp-json\/wp\/v2\/cbwpt_git_posts"}],"about":[{"href":"https:\/\/www.fiarebancaetica.coop\/gl\/wp-json\/wp\/v2\/types\/cbwpt_git_posts"}],"author":[{"embeddable":true,"href":"https:\/\/www.fiarebancaetica.coop\/gl\/wp-json\/wp\/v2\/users\/1"}],"version-history":[{"count":1,"href":"https:\/\/www.fiarebancaetica.coop\/gl\/wp-json\/wp\/v2\/cbwpt_git_posts\/348853\/revisions"}],"predecessor-version":[{"id":351575,"href":"https:\/\/www.fiarebancaetica.coop\/gl\/wp-json\/wp\/v2\/cbwpt_git_posts\/348853\/revisions\/351575"}],"wp:featuredmedia":[{"embeddable":true,"href":"https:\/\/www.fiarebancaetica.coop\/gl\/wp-json\/wp\/v2\/media\/362257"}],"wp:attachment":[{"href":"https:\/\/www.fiarebancaetica.coop\/gl\/wp-json\/wp\/v2\/media?parent=348853"}],"wp:term":[{"taxonomy":"cbwpt_tags","embeddable":true,"href":"https:\/\/www.fiarebancaetica.coop\/gl\/wp-json\/wp\/v2\/git_tags?post=348853"},{"taxonomy":"author","embeddable":true,"href":"https:\/\/www.fiarebancaetica.coop\/gl\/wp-json\/wp\/v2\/coauthors?post=348853"}],"curies":[{"name":"wp","href":"https:\/\/api.w.org\/{rel}","templated":true}]}}