{"id":348877,"date":"2019-01-15T21:27:56","date_gmt":"2019-01-15T20:27:56","guid":{"rendered":"https:\/\/www.fiarebancaetica.coop\/articolo\/gizarte-bazterkeriaren-aurkako-mikro-kredituak-kudeatzeko-akordioa-ordizia-2019-i-11-acuerdo-para-la-gestion-de-micro-creditos-contra-la-exclusion-social-ordizia-11-i-2019\/"},"modified":"2024-02-21T09:35:22","modified_gmt":"2024-02-21T08:35:22","slug":"gizarte-bazterkeriaren-aurkako-mikro-kredituak-kudeatzeko-akordioa-ordizia-2019-i-11-acuerdo-para-la-gestion-de-micro-creditos-contra-la-exclusion-social-ordizia-11-i-2019","status":"publish","type":"cbwpt_git_posts","link":"https:\/\/www.fiarebancaetica.coop\/gl\/articolo\/gizarte-bazterkeriaren-aurkako-mikro-kredituak-kudeatzeko-akordioa-ordizia-2019-i-11-acuerdo-para-la-gestion-de-micro-creditos-contra-la-exclusion-social-ordizia-11-i-2019\/","title":{"rendered":"Gizarte-bazterkeriaren aurkako mikro-kredituak kudeatzeko akordioa. Ordizia 2019-I-11.\/Acuerdo para la gesti\u00f3n de micro-cr\u00e9ditos contra la exclusi\u00f3n social. Ordizia 11-I-2019."},"author":1,"featured_media":362481,"parent":0,"template":"","meta":{"_acf_changed":false},"git_tags":[11228],"coauthors":[2888],"class_list":["post-348877","cbwpt_git_posts","type-cbwpt_git_posts","status-publish","has-post-thumbnail","hentry"],"acf":[],"yoast_head":"<!-- This site is optimized with the Yoast SEO plugin v26.9 - https:\/\/yoast.com\/product\/yoast-seo-wordpress\/ -->\n<title>Gizarte-bazterkeriaren aurkako mikro-kredituak kudeatzeko akordioa. Ordizia 2019-I-11.\/Acuerdo para la gesti\u00f3n de micro-cr\u00e9ditos contra la exclusi\u00f3n social. Ordizia 11-I-2019. - Fiare Banca Etica<\/title>\n<meta name=\"robots\" content=\"index, follow, max-snippet:-1, max-image-preview:large, max-video-preview:-1\" \/>\n<link rel=\"canonical\" href=\"https:\/\/www.fiarebancaetica.coop\/gl\/articolo\/gizarte-bazterkeriaren-aurkako-mikro-kredituak-kudeatzeko-akordioa-ordizia-2019-i-11-acuerdo-para-la-gestion-de-micro-creditos-contra-la-exclusion-social-ordizia-11-i-2019\/\" \/>\n<meta property=\"og:locale\" content=\"gl_ES\" \/>\n<meta property=\"og:type\" content=\"article\" \/>\n<meta property=\"og:title\" content=\"Gizarte-bazterkeriaren aurkako mikro-kredituak kudeatzeko akordioa. Ordizia 2019-I-11.\/Acuerdo para la gesti\u00f3n de micro-cr\u00e9ditos contra la exclusi\u00f3n social. Ordizia 11-I-2019. - Fiare Banca Etica\" \/>\n<meta property=\"og:description\" content=\"Udalak lankidetza-hitzarmena sinatu du Fiare Fundazioarekin. Ekimenak Goierriko Stop Desahucios plataformak aurkeztutako proposamenari erantzun dio; izan ere, udalerriko udal aurrekontuetan herritarren parte-hartzerako prozesuan, aurreko ekitaldiari zegokionez, mikrokredituen funts bat sortzea proposatu zuen, gizarte premiaren egoerei erantzuteko. Horrela, Udalak urteko 10.000 euroko partida bat jarriko du Fiareren eskueran. Helburu nagusia oinarrizko beharrak betetzeko behar duten pertsonei [&hellip;]\" \/>\n<meta property=\"og:url\" content=\"https:\/\/www.fiarebancaetica.coop\/gl\/articolo\/gizarte-bazterkeriaren-aurkako-mikro-kredituak-kudeatzeko-akordioa-ordizia-2019-i-11-acuerdo-para-la-gestion-de-micro-creditos-contra-la-exclusion-social-ordizia-11-i-2019\/\" \/>\n<meta property=\"og:site_name\" content=\"Fiare Banca Etica\" \/>\n<meta property=\"article:modified_time\" content=\"2024-02-21T08:35:22+00:00\" \/>\n<meta property=\"og:image\" content=\"https:\/\/www.fiarebancaetica.coop\/app\/uploads\/sites\/2\/2024\/01\/cover-172.jpg\" \/>\n\t<meta property=\"og:image:width\" content=\"780\" \/>\n\t<meta property=\"og:image:height\" content=\"454\" \/>\n\t<meta property=\"og:image:type\" content=\"image\/jpeg\" \/>\n<meta name=\"twitter:card\" content=\"summary_large_image\" \/>\n<script type=\"application\/ld+json\" class=\"yoast-schema-graph\">{\"@context\":\"https:\/\/schema.org\",\"@graph\":[{\"@type\":\"WebPage\",\"@id\":\"https:\/\/www.fiarebancaetica.coop\/gl\/articolo\/gizarte-bazterkeriaren-aurkako-mikro-kredituak-kudeatzeko-akordioa-ordizia-2019-i-11-acuerdo-para-la-gestion-de-micro-creditos-contra-la-exclusion-social-ordizia-11-i-2019\/\",\"url\":\"https:\/\/www.fiarebancaetica.coop\/gl\/articolo\/gizarte-bazterkeriaren-aurkako-mikro-kredituak-kudeatzeko-akordioa-ordizia-2019-i-11-acuerdo-para-la-gestion-de-micro-creditos-contra-la-exclusion-social-ordizia-11-i-2019\/\",\"name\":\"Gizarte-bazterkeriaren aurkako mikro-kredituak kudeatzeko akordioa. Ordizia 2019-I-11.\/Acuerdo para la gesti\u00f3n de micro-cr\u00e9ditos contra la exclusi\u00f3n social. Ordizia 11-I-2019. - Fiare Banca Etica\",\"isPartOf\":{\"@id\":\"https:\/\/www.fiarebancaetica.coop\/gl\/#website\"},\"primaryImageOfPage\":{\"@id\":\"https:\/\/www.fiarebancaetica.coop\/gl\/articolo\/gizarte-bazterkeriaren-aurkako-mikro-kredituak-kudeatzeko-akordioa-ordizia-2019-i-11-acuerdo-para-la-gestion-de-micro-creditos-contra-la-exclusion-social-ordizia-11-i-2019\/#primaryimage\"},\"image\":{\"@id\":\"https:\/\/www.fiarebancaetica.coop\/gl\/articolo\/gizarte-bazterkeriaren-aurkako-mikro-kredituak-kudeatzeko-akordioa-ordizia-2019-i-11-acuerdo-para-la-gestion-de-micro-creditos-contra-la-exclusion-social-ordizia-11-i-2019\/#primaryimage\"},\"thumbnailUrl\":\"https:\/\/www.fiarebancaetica.coop\/app\/uploads\/sites\/2\/2024\/01\/cover-172.jpg\",\"datePublished\":\"2019-01-15T20:27:56+00:00\",\"dateModified\":\"2024-02-21T08:35:22+00:00\",\"breadcrumb\":{\"@id\":\"https:\/\/www.fiarebancaetica.coop\/gl\/articolo\/gizarte-bazterkeriaren-aurkako-mikro-kredituak-kudeatzeko-akordioa-ordizia-2019-i-11-acuerdo-para-la-gestion-de-micro-creditos-contra-la-exclusion-social-ordizia-11-i-2019\/#breadcrumb\"},\"inLanguage\":\"gl-ES\",\"potentialAction\":[{\"@type\":\"ReadAction\",\"target\":[\"https:\/\/www.fiarebancaetica.coop\/gl\/articolo\/gizarte-bazterkeriaren-aurkako-mikro-kredituak-kudeatzeko-akordioa-ordizia-2019-i-11-acuerdo-para-la-gestion-de-micro-creditos-contra-la-exclusion-social-ordizia-11-i-2019\/\"]}]},{\"@type\":\"ImageObject\",\"inLanguage\":\"gl-ES\",\"@id\":\"https:\/\/www.fiarebancaetica.coop\/gl\/articolo\/gizarte-bazterkeriaren-aurkako-mikro-kredituak-kudeatzeko-akordioa-ordizia-2019-i-11-acuerdo-para-la-gestion-de-micro-creditos-contra-la-exclusion-social-ordizia-11-i-2019\/#primaryimage\",\"url\":\"https:\/\/www.fiarebancaetica.coop\/app\/uploads\/sites\/2\/2024\/01\/cover-172.jpg\",\"contentUrl\":\"https:\/\/www.fiarebancaetica.coop\/app\/uploads\/sites\/2\/2024\/01\/cover-172.jpg\",\"width\":780,\"height\":454},{\"@type\":\"BreadcrumbList\",\"@id\":\"https:\/\/www.fiarebancaetica.coop\/gl\/articolo\/gizarte-bazterkeriaren-aurkako-mikro-kredituak-kudeatzeko-akordioa-ordizia-2019-i-11-acuerdo-para-la-gestion-de-micro-creditos-contra-la-exclusion-social-ordizia-11-i-2019\/#breadcrumb\",\"itemListElement\":[{\"@type\":\"ListItem\",\"position\":1,\"name\":\"Home\",\"item\":\"https:\/\/www.fiarebancaetica.coop\/gl\/\"},{\"@type\":\"ListItem\",\"position\":2,\"name\":\"Gizarte-bazterkeriaren aurkako mikro-kredituak kudeatzeko akordioa. Ordizia 2019-I-11.\/Acuerdo para la gesti\u00f3n de micro-cr\u00e9ditos contra la exclusi\u00f3n social. Ordizia 11-I-2019.\"}]},{\"@type\":\"WebSite\",\"@id\":\"https:\/\/www.fiarebancaetica.coop\/gl\/#website\",\"url\":\"https:\/\/www.fiarebancaetica.coop\/gl\/\",\"name\":\"Fiare Banca Etica\",\"description\":\"\",\"potentialAction\":[{\"@type\":\"SearchAction\",\"target\":{\"@type\":\"EntryPoint\",\"urlTemplate\":\"https:\/\/www.fiarebancaetica.coop\/gl\/?s={search_term_string}\"},\"query-input\":{\"@type\":\"PropertyValueSpecification\",\"valueRequired\":true,\"valueName\":\"search_term_string\"}}],\"inLanguage\":\"gl-ES\"}]}<\/script>\n<!-- \/ Yoast SEO plugin. -->","yoast_head_json":{"title":"Gizarte-bazterkeriaren aurkako mikro-kredituak kudeatzeko akordioa. Ordizia 2019-I-11.\/Acuerdo para la gesti\u00f3n de micro-cr\u00e9ditos contra la exclusi\u00f3n social. Ordizia 11-I-2019. - Fiare Banca Etica","robots":{"index":"index","follow":"follow","max-snippet":"max-snippet:-1","max-image-preview":"max-image-preview:large","max-video-preview":"max-video-preview:-1"},"canonical":"https:\/\/www.fiarebancaetica.coop\/gl\/articolo\/gizarte-bazterkeriaren-aurkako-mikro-kredituak-kudeatzeko-akordioa-ordizia-2019-i-11-acuerdo-para-la-gestion-de-micro-creditos-contra-la-exclusion-social-ordizia-11-i-2019\/","og_locale":"gl_ES","og_type":"article","og_title":"Gizarte-bazterkeriaren aurkako mikro-kredituak kudeatzeko akordioa. Ordizia 2019-I-11.\/Acuerdo para la gesti\u00f3n de micro-cr\u00e9ditos contra la exclusi\u00f3n social. Ordizia 11-I-2019. - Fiare Banca Etica","og_description":"Udalak lankidetza-hitzarmena sinatu du Fiare Fundazioarekin. Ekimenak Goierriko Stop Desahucios plataformak aurkeztutako proposamenari erantzun dio; izan ere, udalerriko udal aurrekontuetan herritarren parte-hartzerako prozesuan, aurreko ekitaldiari zegokionez, mikrokredituen funts bat sortzea proposatu zuen, gizarte premiaren egoerei erantzuteko. Horrela, Udalak urteko 10.000 euroko partida bat jarriko du Fiareren eskueran. Helburu nagusia oinarrizko beharrak betetzeko behar duten pertsonei [&hellip;]","og_url":"https:\/\/www.fiarebancaetica.coop\/gl\/articolo\/gizarte-bazterkeriaren-aurkako-mikro-kredituak-kudeatzeko-akordioa-ordizia-2019-i-11-acuerdo-para-la-gestion-de-micro-creditos-contra-la-exclusion-social-ordizia-11-i-2019\/","og_site_name":"Fiare Banca Etica","article_modified_time":"2024-02-21T08:35:22+00:00","og_image":[{"width":780,"height":454,"url":"https:\/\/www.fiarebancaetica.coop\/app\/uploads\/sites\/2\/2024\/01\/cover-172.jpg","type":"image\/jpeg"}],"twitter_card":"summary_large_image","schema":{"@context":"https:\/\/schema.org","@graph":[{"@type":"WebPage","@id":"https:\/\/www.fiarebancaetica.coop\/gl\/articolo\/gizarte-bazterkeriaren-aurkako-mikro-kredituak-kudeatzeko-akordioa-ordizia-2019-i-11-acuerdo-para-la-gestion-de-micro-creditos-contra-la-exclusion-social-ordizia-11-i-2019\/","url":"https:\/\/www.fiarebancaetica.coop\/gl\/articolo\/gizarte-bazterkeriaren-aurkako-mikro-kredituak-kudeatzeko-akordioa-ordizia-2019-i-11-acuerdo-para-la-gestion-de-micro-creditos-contra-la-exclusion-social-ordizia-11-i-2019\/","name":"Gizarte-bazterkeriaren aurkako mikro-kredituak kudeatzeko akordioa. Ordizia 2019-I-11.\/Acuerdo para la gesti\u00f3n de micro-cr\u00e9ditos contra la exclusi\u00f3n social. Ordizia 11-I-2019. - Fiare Banca Etica","isPartOf":{"@id":"https:\/\/www.fiarebancaetica.coop\/gl\/#website"},"primaryImageOfPage":{"@id":"https:\/\/www.fiarebancaetica.coop\/gl\/articolo\/gizarte-bazterkeriaren-aurkako-mikro-kredituak-kudeatzeko-akordioa-ordizia-2019-i-11-acuerdo-para-la-gestion-de-micro-creditos-contra-la-exclusion-social-ordizia-11-i-2019\/#primaryimage"},"image":{"@id":"https:\/\/www.fiarebancaetica.coop\/gl\/articolo\/gizarte-bazterkeriaren-aurkako-mikro-kredituak-kudeatzeko-akordioa-ordizia-2019-i-11-acuerdo-para-la-gestion-de-micro-creditos-contra-la-exclusion-social-ordizia-11-i-2019\/#primaryimage"},"thumbnailUrl":"https:\/\/www.fiarebancaetica.coop\/app\/uploads\/sites\/2\/2024\/01\/cover-172.jpg","datePublished":"2019-01-15T20:27:56+00:00","dateModified":"2024-02-21T08:35:22+00:00","breadcrumb":{"@id":"https:\/\/www.fiarebancaetica.coop\/gl\/articolo\/gizarte-bazterkeriaren-aurkako-mikro-kredituak-kudeatzeko-akordioa-ordizia-2019-i-11-acuerdo-para-la-gestion-de-micro-creditos-contra-la-exclusion-social-ordizia-11-i-2019\/#breadcrumb"},"inLanguage":"gl-ES","potentialAction":[{"@type":"ReadAction","target":["https:\/\/www.fiarebancaetica.coop\/gl\/articolo\/gizarte-bazterkeriaren-aurkako-mikro-kredituak-kudeatzeko-akordioa-ordizia-2019-i-11-acuerdo-para-la-gestion-de-micro-creditos-contra-la-exclusion-social-ordizia-11-i-2019\/"]}]},{"@type":"ImageObject","inLanguage":"gl-ES","@id":"https:\/\/www.fiarebancaetica.coop\/gl\/articolo\/gizarte-bazterkeriaren-aurkako-mikro-kredituak-kudeatzeko-akordioa-ordizia-2019-i-11-acuerdo-para-la-gestion-de-micro-creditos-contra-la-exclusion-social-ordizia-11-i-2019\/#primaryimage","url":"https:\/\/www.fiarebancaetica.coop\/app\/uploads\/sites\/2\/2024\/01\/cover-172.jpg","contentUrl":"https:\/\/www.fiarebancaetica.coop\/app\/uploads\/sites\/2\/2024\/01\/cover-172.jpg","width":780,"height":454},{"@type":"BreadcrumbList","@id":"https:\/\/www.fiarebancaetica.coop\/gl\/articolo\/gizarte-bazterkeriaren-aurkako-mikro-kredituak-kudeatzeko-akordioa-ordizia-2019-i-11-acuerdo-para-la-gestion-de-micro-creditos-contra-la-exclusion-social-ordizia-11-i-2019\/#breadcrumb","itemListElement":[{"@type":"ListItem","position":1,"name":"Home","item":"https:\/\/www.fiarebancaetica.coop\/gl\/"},{"@type":"ListItem","position":2,"name":"Gizarte-bazterkeriaren aurkako mikro-kredituak kudeatzeko akordioa. Ordizia 2019-I-11.\/Acuerdo para la gesti\u00f3n de micro-cr\u00e9ditos contra la exclusi\u00f3n social. Ordizia 11-I-2019."}]},{"@type":"WebSite","@id":"https:\/\/www.fiarebancaetica.coop\/gl\/#website","url":"https:\/\/www.fiarebancaetica.coop\/gl\/","name":"Fiare Banca Etica","description":"","potentialAction":[{"@type":"SearchAction","target":{"@type":"EntryPoint","urlTemplate":"https:\/\/www.fiarebancaetica.coop\/gl\/?s={search_term_string}"},"query-input":{"@type":"PropertyValueSpecification","valueRequired":true,"valueName":"search_term_string"}}],"inLanguage":"gl-ES"}]}},"_links":{"self":[{"href":"https:\/\/www.fiarebancaetica.coop\/gl\/wp-json\/wp\/v2\/cbwpt_git_posts\/348877","targetHints":{"allow":["GET"]}}],"collection":[{"href":"https:\/\/www.fiarebancaetica.coop\/gl\/wp-json\/wp\/v2\/cbwpt_git_posts"}],"about":[{"href":"https:\/\/www.fiarebancaetica.coop\/gl\/wp-json\/wp\/v2\/types\/cbwpt_git_posts"}],"author":[{"embeddable":true,"href":"https:\/\/www.fiarebancaetica.coop\/gl\/wp-json\/wp\/v2\/users\/1"}],"version-history":[{"count":1,"href":"https:\/\/www.fiarebancaetica.coop\/gl\/wp-json\/wp\/v2\/cbwpt_git_posts\/348877\/revisions"}],"predecessor-version":[{"id":348881,"href":"https:\/\/www.fiarebancaetica.coop\/gl\/wp-json\/wp\/v2\/cbwpt_git_posts\/348877\/revisions\/348881"}],"wp:featuredmedia":[{"embeddable":true,"href":"https:\/\/www.fiarebancaetica.coop\/gl\/wp-json\/wp\/v2\/media\/362481"}],"wp:attachment":[{"href":"https:\/\/www.fiarebancaetica.coop\/gl\/wp-json\/wp\/v2\/media?parent=348877"}],"wp:term":[{"taxonomy":"cbwpt_tags","embeddable":true,"href":"https:\/\/www.fiarebancaetica.coop\/gl\/wp-json\/wp\/v2\/git_tags?post=348877"},{"taxonomy":"author","embeddable":true,"href":"https:\/\/www.fiarebancaetica.coop\/gl\/wp-json\/wp\/v2\/coauthors?post=348877"}],"curies":[{"name":"wp","href":"https:\/\/api.w.org\/{rel}","templated":true}]}}