{"id":349073,"date":"2018-03-06T16:03:11","date_gmt":"2018-03-06T15:03:11","guid":{"rendered":"https:\/\/www.fiarebancaetica.coop\/articolo\/amb-la-banca-etica-cap-a-la-republica\/"},"modified":"2024-02-21T09:51:39","modified_gmt":"2024-02-21T08:51:39","slug":"amb-la-banca-etica-cap-a-la-republica","status":"publish","type":"cbwpt_git_posts","link":"https:\/\/www.fiarebancaetica.coop\/gl\/articolo\/amb-la-banca-etica-cap-a-la-republica\/","title":{"rendered":"Amb la banca \u00e8tica, cap a la Rep\u00fablica"},"author":1,"featured_media":362252,"parent":0,"template":"","meta":{"_acf_changed":false},"git_tags":[11219],"coauthors":[2888],"class_list":["post-349073","cbwpt_git_posts","type-cbwpt_git_posts","status-publish","has-post-thumbnail","hentry"],"acf":[],"yoast_head":"<!-- This site is optimized with the Yoast SEO plugin v26.9 - https:\/\/yoast.com\/product\/yoast-seo-wordpress\/ -->\n<title>Amb la banca \u00e8tica, cap a la Rep\u00fablica - Fiare Banca Etica<\/title>\n<meta name=\"robots\" content=\"index, follow, max-snippet:-1, max-image-preview:large, max-video-preview:-1\" \/>\n<link rel=\"canonical\" href=\"https:\/\/www.fiarebancaetica.coop\/gl\/articolo\/amb-la-banca-etica-cap-a-la-republica\/\" \/>\n<meta property=\"og:locale\" content=\"gl_ES\" \/>\n<meta property=\"og:type\" content=\"article\" \/>\n<meta property=\"og:title\" content=\"Amb la banca \u00e8tica, cap a la Rep\u00fablica - Fiare Banca Etica\" \/>\n<meta property=\"og:description\" content=\"El GIT de la Catalunya transversal participarem en diverses activitats organitzades amb la voluntat de visibilitzar les alternatives que ofereix l&#8217;economia social i solid\u00e0ria: Divendres 9 de mar\u00e7 estarem a Fals, juntament amb Som Energia i el 18 de mar\u00e7 estarem a Vallfogona. No us ho perdeu!!\" \/>\n<meta property=\"og:url\" content=\"https:\/\/www.fiarebancaetica.coop\/gl\/articolo\/amb-la-banca-etica-cap-a-la-republica\/\" \/>\n<meta property=\"og:site_name\" content=\"Fiare Banca Etica\" \/>\n<meta property=\"article:modified_time\" content=\"2024-02-21T08:51:39+00:00\" \/>\n<meta property=\"og:image\" content=\"https:\/\/www.fiarebancaetica.coop\/app\/uploads\/sites\/2\/2024\/01\/cover-126.jpg\" \/>\n\t<meta property=\"og:image:width\" content=\"960\" \/>\n\t<meta property=\"og:image:height\" content=\"731\" \/>\n\t<meta property=\"og:image:type\" content=\"image\/jpeg\" \/>\n<meta name=\"twitter:card\" content=\"summary_large_image\" \/>\n<script type=\"application\/ld+json\" class=\"yoast-schema-graph\">{\"@context\":\"https:\/\/schema.org\",\"@graph\":[{\"@type\":\"WebPage\",\"@id\":\"https:\/\/www.fiarebancaetica.coop\/gl\/articolo\/amb-la-banca-etica-cap-a-la-republica\/\",\"url\":\"https:\/\/www.fiarebancaetica.coop\/gl\/articolo\/amb-la-banca-etica-cap-a-la-republica\/\",\"name\":\"Amb la banca \u00e8tica, cap a la Rep\u00fablica - Fiare Banca Etica\",\"isPartOf\":{\"@id\":\"https:\/\/www.fiarebancaetica.coop\/gl\/#website\"},\"primaryImageOfPage\":{\"@id\":\"https:\/\/www.fiarebancaetica.coop\/gl\/articolo\/amb-la-banca-etica-cap-a-la-republica\/#primaryimage\"},\"image\":{\"@id\":\"https:\/\/www.fiarebancaetica.coop\/gl\/articolo\/amb-la-banca-etica-cap-a-la-republica\/#primaryimage\"},\"thumbnailUrl\":\"https:\/\/www.fiarebancaetica.coop\/app\/uploads\/sites\/2\/2024\/01\/cover-126.jpg\",\"datePublished\":\"2018-03-06T15:03:11+00:00\",\"dateModified\":\"2024-02-21T08:51:39+00:00\",\"breadcrumb\":{\"@id\":\"https:\/\/www.fiarebancaetica.coop\/gl\/articolo\/amb-la-banca-etica-cap-a-la-republica\/#breadcrumb\"},\"inLanguage\":\"gl-ES\",\"potentialAction\":[{\"@type\":\"ReadAction\",\"target\":[\"https:\/\/www.fiarebancaetica.coop\/gl\/articolo\/amb-la-banca-etica-cap-a-la-republica\/\"]}]},{\"@type\":\"ImageObject\",\"inLanguage\":\"gl-ES\",\"@id\":\"https:\/\/www.fiarebancaetica.coop\/gl\/articolo\/amb-la-banca-etica-cap-a-la-republica\/#primaryimage\",\"url\":\"https:\/\/www.fiarebancaetica.coop\/app\/uploads\/sites\/2\/2024\/01\/cover-126.jpg\",\"contentUrl\":\"https:\/\/www.fiarebancaetica.coop\/app\/uploads\/sites\/2\/2024\/01\/cover-126.jpg\",\"width\":960,\"height\":731},{\"@type\":\"BreadcrumbList\",\"@id\":\"https:\/\/www.fiarebancaetica.coop\/gl\/articolo\/amb-la-banca-etica-cap-a-la-republica\/#breadcrumb\",\"itemListElement\":[{\"@type\":\"ListItem\",\"position\":1,\"name\":\"Home\",\"item\":\"https:\/\/www.fiarebancaetica.coop\/gl\/\"},{\"@type\":\"ListItem\",\"position\":2,\"name\":\"Amb la banca \u00e8tica, cap a la Rep\u00fablica\"}]},{\"@type\":\"WebSite\",\"@id\":\"https:\/\/www.fiarebancaetica.coop\/gl\/#website\",\"url\":\"https:\/\/www.fiarebancaetica.coop\/gl\/\",\"name\":\"Fiare Banca Etica\",\"description\":\"\",\"potentialAction\":[{\"@type\":\"SearchAction\",\"target\":{\"@type\":\"EntryPoint\",\"urlTemplate\":\"https:\/\/www.fiarebancaetica.coop\/gl\/?s={search_term_string}\"},\"query-input\":{\"@type\":\"PropertyValueSpecification\",\"valueRequired\":true,\"valueName\":\"search_term_string\"}}],\"inLanguage\":\"gl-ES\"}]}<\/script>\n<!-- \/ Yoast SEO plugin. -->","yoast_head_json":{"title":"Amb la banca \u00e8tica, cap a la Rep\u00fablica - Fiare Banca Etica","robots":{"index":"index","follow":"follow","max-snippet":"max-snippet:-1","max-image-preview":"max-image-preview:large","max-video-preview":"max-video-preview:-1"},"canonical":"https:\/\/www.fiarebancaetica.coop\/gl\/articolo\/amb-la-banca-etica-cap-a-la-republica\/","og_locale":"gl_ES","og_type":"article","og_title":"Amb la banca \u00e8tica, cap a la Rep\u00fablica - Fiare Banca Etica","og_description":"El GIT de la Catalunya transversal participarem en diverses activitats organitzades amb la voluntat de visibilitzar les alternatives que ofereix l&#8217;economia social i solid\u00e0ria: Divendres 9 de mar\u00e7 estarem a Fals, juntament amb Som Energia i el 18 de mar\u00e7 estarem a Vallfogona. No us ho perdeu!!","og_url":"https:\/\/www.fiarebancaetica.coop\/gl\/articolo\/amb-la-banca-etica-cap-a-la-republica\/","og_site_name":"Fiare Banca Etica","article_modified_time":"2024-02-21T08:51:39+00:00","og_image":[{"width":960,"height":731,"url":"https:\/\/www.fiarebancaetica.coop\/app\/uploads\/sites\/2\/2024\/01\/cover-126.jpg","type":"image\/jpeg"}],"twitter_card":"summary_large_image","schema":{"@context":"https:\/\/schema.org","@graph":[{"@type":"WebPage","@id":"https:\/\/www.fiarebancaetica.coop\/gl\/articolo\/amb-la-banca-etica-cap-a-la-republica\/","url":"https:\/\/www.fiarebancaetica.coop\/gl\/articolo\/amb-la-banca-etica-cap-a-la-republica\/","name":"Amb la banca \u00e8tica, cap a la Rep\u00fablica - Fiare Banca Etica","isPartOf":{"@id":"https:\/\/www.fiarebancaetica.coop\/gl\/#website"},"primaryImageOfPage":{"@id":"https:\/\/www.fiarebancaetica.coop\/gl\/articolo\/amb-la-banca-etica-cap-a-la-republica\/#primaryimage"},"image":{"@id":"https:\/\/www.fiarebancaetica.coop\/gl\/articolo\/amb-la-banca-etica-cap-a-la-republica\/#primaryimage"},"thumbnailUrl":"https:\/\/www.fiarebancaetica.coop\/app\/uploads\/sites\/2\/2024\/01\/cover-126.jpg","datePublished":"2018-03-06T15:03:11+00:00","dateModified":"2024-02-21T08:51:39+00:00","breadcrumb":{"@id":"https:\/\/www.fiarebancaetica.coop\/gl\/articolo\/amb-la-banca-etica-cap-a-la-republica\/#breadcrumb"},"inLanguage":"gl-ES","potentialAction":[{"@type":"ReadAction","target":["https:\/\/www.fiarebancaetica.coop\/gl\/articolo\/amb-la-banca-etica-cap-a-la-republica\/"]}]},{"@type":"ImageObject","inLanguage":"gl-ES","@id":"https:\/\/www.fiarebancaetica.coop\/gl\/articolo\/amb-la-banca-etica-cap-a-la-republica\/#primaryimage","url":"https:\/\/www.fiarebancaetica.coop\/app\/uploads\/sites\/2\/2024\/01\/cover-126.jpg","contentUrl":"https:\/\/www.fiarebancaetica.coop\/app\/uploads\/sites\/2\/2024\/01\/cover-126.jpg","width":960,"height":731},{"@type":"BreadcrumbList","@id":"https:\/\/www.fiarebancaetica.coop\/gl\/articolo\/amb-la-banca-etica-cap-a-la-republica\/#breadcrumb","itemListElement":[{"@type":"ListItem","position":1,"name":"Home","item":"https:\/\/www.fiarebancaetica.coop\/gl\/"},{"@type":"ListItem","position":2,"name":"Amb la banca \u00e8tica, cap a la Rep\u00fablica"}]},{"@type":"WebSite","@id":"https:\/\/www.fiarebancaetica.coop\/gl\/#website","url":"https:\/\/www.fiarebancaetica.coop\/gl\/","name":"Fiare Banca Etica","description":"","potentialAction":[{"@type":"SearchAction","target":{"@type":"EntryPoint","urlTemplate":"https:\/\/www.fiarebancaetica.coop\/gl\/?s={search_term_string}"},"query-input":{"@type":"PropertyValueSpecification","valueRequired":true,"valueName":"search_term_string"}}],"inLanguage":"gl-ES"}]}},"_links":{"self":[{"href":"https:\/\/www.fiarebancaetica.coop\/gl\/wp-json\/wp\/v2\/cbwpt_git_posts\/349073","targetHints":{"allow":["GET"]}}],"collection":[{"href":"https:\/\/www.fiarebancaetica.coop\/gl\/wp-json\/wp\/v2\/cbwpt_git_posts"}],"about":[{"href":"https:\/\/www.fiarebancaetica.coop\/gl\/wp-json\/wp\/v2\/types\/cbwpt_git_posts"}],"author":[{"embeddable":true,"href":"https:\/\/www.fiarebancaetica.coop\/gl\/wp-json\/wp\/v2\/users\/1"}],"version-history":[{"count":1,"href":"https:\/\/www.fiarebancaetica.coop\/gl\/wp-json\/wp\/v2\/cbwpt_git_posts\/349073\/revisions"}],"predecessor-version":[{"id":351671,"href":"https:\/\/www.fiarebancaetica.coop\/gl\/wp-json\/wp\/v2\/cbwpt_git_posts\/349073\/revisions\/351671"}],"wp:featuredmedia":[{"embeddable":true,"href":"https:\/\/www.fiarebancaetica.coop\/gl\/wp-json\/wp\/v2\/media\/362252"}],"wp:attachment":[{"href":"https:\/\/www.fiarebancaetica.coop\/gl\/wp-json\/wp\/v2\/media?parent=349073"}],"wp:term":[{"taxonomy":"cbwpt_tags","embeddable":true,"href":"https:\/\/www.fiarebancaetica.coop\/gl\/wp-json\/wp\/v2\/git_tags?post=349073"},{"taxonomy":"author","embeddable":true,"href":"https:\/\/www.fiarebancaetica.coop\/gl\/wp-json\/wp\/v2\/coauthors?post=349073"}],"curies":[{"name":"wp","href":"https:\/\/api.w.org\/{rel}","templated":true}]}}