{"id":349560,"date":"2016-05-08T19:29:52","date_gmt":"2016-05-08T17:29:52","guid":{"rendered":"https:\/\/www.fiarebancaetica.coop\/articolo\/inici-campanya-objeccio-fiscal\/"},"modified":"2024-02-21T10:16:53","modified_gmt":"2024-02-21T09:16:53","slug":"inici-campanya-objeccio-fiscal","status":"publish","type":"cbwpt_git_posts","link":"https:\/\/www.fiarebancaetica.coop\/gl\/articolo\/inici-campanya-objeccio-fiscal\/","title":{"rendered":"Inici Campanya objecci\u00f3 fiscal"},"author":1,"featured_media":362886,"parent":0,"template":"","meta":{"_acf_changed":false},"git_tags":[11226],"coauthors":[2888],"class_list":["post-349560","cbwpt_git_posts","type-cbwpt_git_posts","status-publish","has-post-thumbnail","hentry"],"acf":[],"yoast_head":"<!-- This site is optimized with the Yoast SEO plugin v26.9 - https:\/\/yoast.com\/product\/yoast-seo-wordpress\/ -->\n<title>Inici Campanya objecci\u00f3 fiscal - Fiare Banca Etica<\/title>\n<meta name=\"robots\" content=\"index, follow, max-snippet:-1, max-image-preview:large, max-video-preview:-1\" \/>\n<link rel=\"canonical\" href=\"https:\/\/www.fiarebancaetica.coop\/gl\/articolo\/inici-campanya-objeccio-fiscal\/\" \/>\n<meta property=\"og:locale\" content=\"gl_ES\" \/>\n<meta property=\"og:type\" content=\"article\" \/>\n<meta property=\"og:title\" content=\"Inici Campanya objecci\u00f3 fiscal - Fiare Banca Etica\" \/>\n<meta property=\"og:description\" content=\"Un any m\u00e9s (i ja en fa m\u00e9s de 25), coincidint amb el per\u00edode de la declaraci\u00f3 de la renda (maig-juny), s\u2019ha convocat la Campanya d\u2019Objecci\u00f3 Fiscal organitzada pel SIOF (Servei d\u2019Informaci\u00f3 de l\u2019Objecci\u00f3 Fiscal a les despeses militars). L\u2019objecci\u00f3 fiscal \u00e9s un acte de desobedi\u00e8ncia civil per tal de no col\u00b7laborar amb l\u2019estat en [&hellip;]\" \/>\n<meta property=\"og:url\" content=\"https:\/\/www.fiarebancaetica.coop\/gl\/articolo\/inici-campanya-objeccio-fiscal\/\" \/>\n<meta property=\"og:site_name\" content=\"Fiare Banca Etica\" \/>\n<meta property=\"article:modified_time\" content=\"2024-02-21T09:16:53+00:00\" \/>\n<meta property=\"og:image\" content=\"https:\/\/www.fiarebancaetica.coop\/app\/uploads\/sites\/2\/2024\/01\/cover-253.jpg\" \/>\n\t<meta property=\"og:image:width\" content=\"768\" \/>\n\t<meta property=\"og:image:height\" content=\"300\" \/>\n\t<meta property=\"og:image:type\" content=\"image\/jpeg\" \/>\n<meta name=\"twitter:card\" content=\"summary_large_image\" \/>\n<script type=\"application\/ld+json\" class=\"yoast-schema-graph\">{\"@context\":\"https:\/\/schema.org\",\"@graph\":[{\"@type\":\"WebPage\",\"@id\":\"https:\/\/www.fiarebancaetica.coop\/gl\/articolo\/inici-campanya-objeccio-fiscal\/\",\"url\":\"https:\/\/www.fiarebancaetica.coop\/gl\/articolo\/inici-campanya-objeccio-fiscal\/\",\"name\":\"Inici Campanya objecci\u00f3 fiscal - Fiare Banca Etica\",\"isPartOf\":{\"@id\":\"https:\/\/www.fiarebancaetica.coop\/gl\/#website\"},\"primaryImageOfPage\":{\"@id\":\"https:\/\/www.fiarebancaetica.coop\/gl\/articolo\/inici-campanya-objeccio-fiscal\/#primaryimage\"},\"image\":{\"@id\":\"https:\/\/www.fiarebancaetica.coop\/gl\/articolo\/inici-campanya-objeccio-fiscal\/#primaryimage\"},\"thumbnailUrl\":\"https:\/\/www.fiarebancaetica.coop\/app\/uploads\/sites\/2\/2024\/01\/cover-253.jpg\",\"datePublished\":\"2016-05-08T17:29:52+00:00\",\"dateModified\":\"2024-02-21T09:16:53+00:00\",\"breadcrumb\":{\"@id\":\"https:\/\/www.fiarebancaetica.coop\/gl\/articolo\/inici-campanya-objeccio-fiscal\/#breadcrumb\"},\"inLanguage\":\"gl-ES\",\"potentialAction\":[{\"@type\":\"ReadAction\",\"target\":[\"https:\/\/www.fiarebancaetica.coop\/gl\/articolo\/inici-campanya-objeccio-fiscal\/\"]}]},{\"@type\":\"ImageObject\",\"inLanguage\":\"gl-ES\",\"@id\":\"https:\/\/www.fiarebancaetica.coop\/gl\/articolo\/inici-campanya-objeccio-fiscal\/#primaryimage\",\"url\":\"https:\/\/www.fiarebancaetica.coop\/app\/uploads\/sites\/2\/2024\/01\/cover-253.jpg\",\"contentUrl\":\"https:\/\/www.fiarebancaetica.coop\/app\/uploads\/sites\/2\/2024\/01\/cover-253.jpg\",\"width\":768,\"height\":300},{\"@type\":\"BreadcrumbList\",\"@id\":\"https:\/\/www.fiarebancaetica.coop\/gl\/articolo\/inici-campanya-objeccio-fiscal\/#breadcrumb\",\"itemListElement\":[{\"@type\":\"ListItem\",\"position\":1,\"name\":\"Home\",\"item\":\"https:\/\/www.fiarebancaetica.coop\/gl\/\"},{\"@type\":\"ListItem\",\"position\":2,\"name\":\"Inici Campanya objecci\u00f3 fiscal\"}]},{\"@type\":\"WebSite\",\"@id\":\"https:\/\/www.fiarebancaetica.coop\/gl\/#website\",\"url\":\"https:\/\/www.fiarebancaetica.coop\/gl\/\",\"name\":\"Fiare Banca Etica\",\"description\":\"\",\"potentialAction\":[{\"@type\":\"SearchAction\",\"target\":{\"@type\":\"EntryPoint\",\"urlTemplate\":\"https:\/\/www.fiarebancaetica.coop\/gl\/?s={search_term_string}\"},\"query-input\":{\"@type\":\"PropertyValueSpecification\",\"valueRequired\":true,\"valueName\":\"search_term_string\"}}],\"inLanguage\":\"gl-ES\"}]}<\/script>\n<!-- \/ Yoast SEO plugin. -->","yoast_head_json":{"title":"Inici Campanya objecci\u00f3 fiscal - Fiare Banca Etica","robots":{"index":"index","follow":"follow","max-snippet":"max-snippet:-1","max-image-preview":"max-image-preview:large","max-video-preview":"max-video-preview:-1"},"canonical":"https:\/\/www.fiarebancaetica.coop\/gl\/articolo\/inici-campanya-objeccio-fiscal\/","og_locale":"gl_ES","og_type":"article","og_title":"Inici Campanya objecci\u00f3 fiscal - Fiare Banca Etica","og_description":"Un any m\u00e9s (i ja en fa m\u00e9s de 25), coincidint amb el per\u00edode de la declaraci\u00f3 de la renda (maig-juny), s\u2019ha convocat la Campanya d\u2019Objecci\u00f3 Fiscal organitzada pel SIOF (Servei d\u2019Informaci\u00f3 de l\u2019Objecci\u00f3 Fiscal a les despeses militars). L\u2019objecci\u00f3 fiscal \u00e9s un acte de desobedi\u00e8ncia civil per tal de no col\u00b7laborar amb l\u2019estat en [&hellip;]","og_url":"https:\/\/www.fiarebancaetica.coop\/gl\/articolo\/inici-campanya-objeccio-fiscal\/","og_site_name":"Fiare Banca Etica","article_modified_time":"2024-02-21T09:16:53+00:00","og_image":[{"width":768,"height":300,"url":"https:\/\/www.fiarebancaetica.coop\/app\/uploads\/sites\/2\/2024\/01\/cover-253.jpg","type":"image\/jpeg"}],"twitter_card":"summary_large_image","schema":{"@context":"https:\/\/schema.org","@graph":[{"@type":"WebPage","@id":"https:\/\/www.fiarebancaetica.coop\/gl\/articolo\/inici-campanya-objeccio-fiscal\/","url":"https:\/\/www.fiarebancaetica.coop\/gl\/articolo\/inici-campanya-objeccio-fiscal\/","name":"Inici Campanya objecci\u00f3 fiscal - Fiare Banca Etica","isPartOf":{"@id":"https:\/\/www.fiarebancaetica.coop\/gl\/#website"},"primaryImageOfPage":{"@id":"https:\/\/www.fiarebancaetica.coop\/gl\/articolo\/inici-campanya-objeccio-fiscal\/#primaryimage"},"image":{"@id":"https:\/\/www.fiarebancaetica.coop\/gl\/articolo\/inici-campanya-objeccio-fiscal\/#primaryimage"},"thumbnailUrl":"https:\/\/www.fiarebancaetica.coop\/app\/uploads\/sites\/2\/2024\/01\/cover-253.jpg","datePublished":"2016-05-08T17:29:52+00:00","dateModified":"2024-02-21T09:16:53+00:00","breadcrumb":{"@id":"https:\/\/www.fiarebancaetica.coop\/gl\/articolo\/inici-campanya-objeccio-fiscal\/#breadcrumb"},"inLanguage":"gl-ES","potentialAction":[{"@type":"ReadAction","target":["https:\/\/www.fiarebancaetica.coop\/gl\/articolo\/inici-campanya-objeccio-fiscal\/"]}]},{"@type":"ImageObject","inLanguage":"gl-ES","@id":"https:\/\/www.fiarebancaetica.coop\/gl\/articolo\/inici-campanya-objeccio-fiscal\/#primaryimage","url":"https:\/\/www.fiarebancaetica.coop\/app\/uploads\/sites\/2\/2024\/01\/cover-253.jpg","contentUrl":"https:\/\/www.fiarebancaetica.coop\/app\/uploads\/sites\/2\/2024\/01\/cover-253.jpg","width":768,"height":300},{"@type":"BreadcrumbList","@id":"https:\/\/www.fiarebancaetica.coop\/gl\/articolo\/inici-campanya-objeccio-fiscal\/#breadcrumb","itemListElement":[{"@type":"ListItem","position":1,"name":"Home","item":"https:\/\/www.fiarebancaetica.coop\/gl\/"},{"@type":"ListItem","position":2,"name":"Inici Campanya objecci\u00f3 fiscal"}]},{"@type":"WebSite","@id":"https:\/\/www.fiarebancaetica.coop\/gl\/#website","url":"https:\/\/www.fiarebancaetica.coop\/gl\/","name":"Fiare Banca Etica","description":"","potentialAction":[{"@type":"SearchAction","target":{"@type":"EntryPoint","urlTemplate":"https:\/\/www.fiarebancaetica.coop\/gl\/?s={search_term_string}"},"query-input":{"@type":"PropertyValueSpecification","valueRequired":true,"valueName":"search_term_string"}}],"inLanguage":"gl-ES"}]}},"_links":{"self":[{"href":"https:\/\/www.fiarebancaetica.coop\/gl\/wp-json\/wp\/v2\/cbwpt_git_posts\/349560","targetHints":{"allow":["GET"]}}],"collection":[{"href":"https:\/\/www.fiarebancaetica.coop\/gl\/wp-json\/wp\/v2\/cbwpt_git_posts"}],"about":[{"href":"https:\/\/www.fiarebancaetica.coop\/gl\/wp-json\/wp\/v2\/types\/cbwpt_git_posts"}],"author":[{"embeddable":true,"href":"https:\/\/www.fiarebancaetica.coop\/gl\/wp-json\/wp\/v2\/users\/1"}],"version-history":[{"count":1,"href":"https:\/\/www.fiarebancaetica.coop\/gl\/wp-json\/wp\/v2\/cbwpt_git_posts\/349560\/revisions"}],"predecessor-version":[{"id":351878,"href":"https:\/\/www.fiarebancaetica.coop\/gl\/wp-json\/wp\/v2\/cbwpt_git_posts\/349560\/revisions\/351878"}],"wp:featuredmedia":[{"embeddable":true,"href":"https:\/\/www.fiarebancaetica.coop\/gl\/wp-json\/wp\/v2\/media\/362886"}],"wp:attachment":[{"href":"https:\/\/www.fiarebancaetica.coop\/gl\/wp-json\/wp\/v2\/media?parent=349560"}],"wp:term":[{"taxonomy":"cbwpt_tags","embeddable":true,"href":"https:\/\/www.fiarebancaetica.coop\/gl\/wp-json\/wp\/v2\/git_tags?post=349560"},{"taxonomy":"author","embeddable":true,"href":"https:\/\/www.fiarebancaetica.coop\/gl\/wp-json\/wp\/v2\/coauthors?post=349560"}],"curies":[{"name":"wp","href":"https:\/\/api.w.org\/{rel}","templated":true}]}}