{"id":349616,"date":"2016-04-01T08:49:20","date_gmt":"2016-04-01T06:49:20","guid":{"rendered":"https:\/\/www.fiarebancaetica.coop\/articolo\/el-pasado-17-de-marzo-realizamos-la-asamblea-extraordinaria-del-grupo-local-de-madrid\/"},"modified":"2024-02-21T10:20:25","modified_gmt":"2024-02-21T09:20:25","slug":"el-pasado-17-de-marzo-realizamos-la-asamblea-extraordinaria-del-grupo-local-de-madrid","status":"publish","type":"cbwpt_git_posts","link":"https:\/\/www.fiarebancaetica.coop\/gl\/articolo\/el-pasado-17-de-marzo-realizamos-la-asamblea-extraordinaria-del-grupo-local-de-madrid\/","title":{"rendered":"El pasado 17 de marzo realizamos la Asamblea extraordinaria del grupo local de Madrid"},"author":1,"featured_media":362731,"parent":0,"template":"","meta":{"_acf_changed":false},"git_tags":[11223],"coauthors":[2888],"class_list":["post-349616","cbwpt_git_posts","type-cbwpt_git_posts","status-publish","has-post-thumbnail","hentry"],"acf":[],"yoast_head":"<!-- This site is optimized with the Yoast SEO plugin v26.9 - https:\/\/yoast.com\/product\/yoast-seo-wordpress\/ -->\n<title>El pasado 17 de marzo realizamos la Asamblea extraordinaria del grupo local de Madrid - Fiare Banca Etica<\/title>\n<meta name=\"robots\" content=\"index, follow, max-snippet:-1, max-image-preview:large, max-video-preview:-1\" \/>\n<link rel=\"canonical\" href=\"https:\/\/www.fiarebancaetica.coop\/gl\/articolo\/el-pasado-17-de-marzo-realizamos-la-asamblea-extraordinaria-del-grupo-local-de-madrid\/\" \/>\n<meta property=\"og:locale\" content=\"gl_ES\" \/>\n<meta property=\"og:type\" content=\"article\" \/>\n<meta property=\"og:title\" content=\"El pasado 17 de marzo realizamos la Asamblea extraordinaria del grupo local de Madrid - Fiare Banca Etica\" \/>\n<meta property=\"og:description\" content=\"El pasado jueves 17 de marzo, celebramos la asamblea extraordinaria del grupo local de Madrid, en la sede de Agresta (Calle Duque de Fern\u00e1n N\u00fa\u00f1ez, 2, Madrid). Se present\u00f3 brevemente, la memoria de actividades de 2015 y el plan de trabajo para 2016. Seguidamente, de cara a la renovaci\u00f3n y potenciaci\u00f3n del GIT, se aprob\u00f3 [&hellip;]\" \/>\n<meta property=\"og:url\" content=\"https:\/\/www.fiarebancaetica.coop\/gl\/articolo\/el-pasado-17-de-marzo-realizamos-la-asamblea-extraordinaria-del-grupo-local-de-madrid\/\" \/>\n<meta property=\"og:site_name\" content=\"Fiare Banca Etica\" \/>\n<meta property=\"article:modified_time\" content=\"2024-02-21T09:20:25+00:00\" \/>\n<meta property=\"og:image\" content=\"https:\/\/www.fiarebancaetica.coop\/app\/uploads\/sites\/2\/2024\/01\/cover-222.jpg\" \/>\n\t<meta property=\"og:image:width\" content=\"768\" \/>\n\t<meta property=\"og:image:height\" content=\"576\" \/>\n\t<meta property=\"og:image:type\" content=\"image\/jpeg\" \/>\n<meta name=\"twitter:card\" content=\"summary_large_image\" \/>\n<script type=\"application\/ld+json\" class=\"yoast-schema-graph\">{\"@context\":\"https:\/\/schema.org\",\"@graph\":[{\"@type\":\"WebPage\",\"@id\":\"https:\/\/www.fiarebancaetica.coop\/gl\/articolo\/el-pasado-17-de-marzo-realizamos-la-asamblea-extraordinaria-del-grupo-local-de-madrid\/\",\"url\":\"https:\/\/www.fiarebancaetica.coop\/gl\/articolo\/el-pasado-17-de-marzo-realizamos-la-asamblea-extraordinaria-del-grupo-local-de-madrid\/\",\"name\":\"El pasado 17 de marzo realizamos la Asamblea extraordinaria del grupo local de Madrid - Fiare Banca Etica\",\"isPartOf\":{\"@id\":\"https:\/\/www.fiarebancaetica.coop\/gl\/#website\"},\"primaryImageOfPage\":{\"@id\":\"https:\/\/www.fiarebancaetica.coop\/gl\/articolo\/el-pasado-17-de-marzo-realizamos-la-asamblea-extraordinaria-del-grupo-local-de-madrid\/#primaryimage\"},\"image\":{\"@id\":\"https:\/\/www.fiarebancaetica.coop\/gl\/articolo\/el-pasado-17-de-marzo-realizamos-la-asamblea-extraordinaria-del-grupo-local-de-madrid\/#primaryimage\"},\"thumbnailUrl\":\"https:\/\/www.fiarebancaetica.coop\/app\/uploads\/sites\/2\/2024\/01\/cover-222.jpg\",\"datePublished\":\"2016-04-01T06:49:20+00:00\",\"dateModified\":\"2024-02-21T09:20:25+00:00\",\"breadcrumb\":{\"@id\":\"https:\/\/www.fiarebancaetica.coop\/gl\/articolo\/el-pasado-17-de-marzo-realizamos-la-asamblea-extraordinaria-del-grupo-local-de-madrid\/#breadcrumb\"},\"inLanguage\":\"gl-ES\",\"potentialAction\":[{\"@type\":\"ReadAction\",\"target\":[\"https:\/\/www.fiarebancaetica.coop\/gl\/articolo\/el-pasado-17-de-marzo-realizamos-la-asamblea-extraordinaria-del-grupo-local-de-madrid\/\"]}]},{\"@type\":\"ImageObject\",\"inLanguage\":\"gl-ES\",\"@id\":\"https:\/\/www.fiarebancaetica.coop\/gl\/articolo\/el-pasado-17-de-marzo-realizamos-la-asamblea-extraordinaria-del-grupo-local-de-madrid\/#primaryimage\",\"url\":\"https:\/\/www.fiarebancaetica.coop\/app\/uploads\/sites\/2\/2024\/01\/cover-222.jpg\",\"contentUrl\":\"https:\/\/www.fiarebancaetica.coop\/app\/uploads\/sites\/2\/2024\/01\/cover-222.jpg\",\"width\":768,\"height\":576},{\"@type\":\"BreadcrumbList\",\"@id\":\"https:\/\/www.fiarebancaetica.coop\/gl\/articolo\/el-pasado-17-de-marzo-realizamos-la-asamblea-extraordinaria-del-grupo-local-de-madrid\/#breadcrumb\",\"itemListElement\":[{\"@type\":\"ListItem\",\"position\":1,\"name\":\"Home\",\"item\":\"https:\/\/www.fiarebancaetica.coop\/gl\/\"},{\"@type\":\"ListItem\",\"position\":2,\"name\":\"El pasado 17 de marzo realizamos la Asamblea extraordinaria del grupo local de Madrid\"}]},{\"@type\":\"WebSite\",\"@id\":\"https:\/\/www.fiarebancaetica.coop\/gl\/#website\",\"url\":\"https:\/\/www.fiarebancaetica.coop\/gl\/\",\"name\":\"Fiare Banca Etica\",\"description\":\"\",\"potentialAction\":[{\"@type\":\"SearchAction\",\"target\":{\"@type\":\"EntryPoint\",\"urlTemplate\":\"https:\/\/www.fiarebancaetica.coop\/gl\/?s={search_term_string}\"},\"query-input\":{\"@type\":\"PropertyValueSpecification\",\"valueRequired\":true,\"valueName\":\"search_term_string\"}}],\"inLanguage\":\"gl-ES\"}]}<\/script>\n<!-- \/ Yoast SEO plugin. -->","yoast_head_json":{"title":"El pasado 17 de marzo realizamos la Asamblea extraordinaria del grupo local de Madrid - Fiare Banca Etica","robots":{"index":"index","follow":"follow","max-snippet":"max-snippet:-1","max-image-preview":"max-image-preview:large","max-video-preview":"max-video-preview:-1"},"canonical":"https:\/\/www.fiarebancaetica.coop\/gl\/articolo\/el-pasado-17-de-marzo-realizamos-la-asamblea-extraordinaria-del-grupo-local-de-madrid\/","og_locale":"gl_ES","og_type":"article","og_title":"El pasado 17 de marzo realizamos la Asamblea extraordinaria del grupo local de Madrid - Fiare Banca Etica","og_description":"El pasado jueves 17 de marzo, celebramos la asamblea extraordinaria del grupo local de Madrid, en la sede de Agresta (Calle Duque de Fern\u00e1n N\u00fa\u00f1ez, 2, Madrid). Se present\u00f3 brevemente, la memoria de actividades de 2015 y el plan de trabajo para 2016. Seguidamente, de cara a la renovaci\u00f3n y potenciaci\u00f3n del GIT, se aprob\u00f3 [&hellip;]","og_url":"https:\/\/www.fiarebancaetica.coop\/gl\/articolo\/el-pasado-17-de-marzo-realizamos-la-asamblea-extraordinaria-del-grupo-local-de-madrid\/","og_site_name":"Fiare Banca Etica","article_modified_time":"2024-02-21T09:20:25+00:00","og_image":[{"width":768,"height":576,"url":"https:\/\/www.fiarebancaetica.coop\/app\/uploads\/sites\/2\/2024\/01\/cover-222.jpg","type":"image\/jpeg"}],"twitter_card":"summary_large_image","schema":{"@context":"https:\/\/schema.org","@graph":[{"@type":"WebPage","@id":"https:\/\/www.fiarebancaetica.coop\/gl\/articolo\/el-pasado-17-de-marzo-realizamos-la-asamblea-extraordinaria-del-grupo-local-de-madrid\/","url":"https:\/\/www.fiarebancaetica.coop\/gl\/articolo\/el-pasado-17-de-marzo-realizamos-la-asamblea-extraordinaria-del-grupo-local-de-madrid\/","name":"El pasado 17 de marzo realizamos la Asamblea extraordinaria del grupo local de Madrid - Fiare Banca Etica","isPartOf":{"@id":"https:\/\/www.fiarebancaetica.coop\/gl\/#website"},"primaryImageOfPage":{"@id":"https:\/\/www.fiarebancaetica.coop\/gl\/articolo\/el-pasado-17-de-marzo-realizamos-la-asamblea-extraordinaria-del-grupo-local-de-madrid\/#primaryimage"},"image":{"@id":"https:\/\/www.fiarebancaetica.coop\/gl\/articolo\/el-pasado-17-de-marzo-realizamos-la-asamblea-extraordinaria-del-grupo-local-de-madrid\/#primaryimage"},"thumbnailUrl":"https:\/\/www.fiarebancaetica.coop\/app\/uploads\/sites\/2\/2024\/01\/cover-222.jpg","datePublished":"2016-04-01T06:49:20+00:00","dateModified":"2024-02-21T09:20:25+00:00","breadcrumb":{"@id":"https:\/\/www.fiarebancaetica.coop\/gl\/articolo\/el-pasado-17-de-marzo-realizamos-la-asamblea-extraordinaria-del-grupo-local-de-madrid\/#breadcrumb"},"inLanguage":"gl-ES","potentialAction":[{"@type":"ReadAction","target":["https:\/\/www.fiarebancaetica.coop\/gl\/articolo\/el-pasado-17-de-marzo-realizamos-la-asamblea-extraordinaria-del-grupo-local-de-madrid\/"]}]},{"@type":"ImageObject","inLanguage":"gl-ES","@id":"https:\/\/www.fiarebancaetica.coop\/gl\/articolo\/el-pasado-17-de-marzo-realizamos-la-asamblea-extraordinaria-del-grupo-local-de-madrid\/#primaryimage","url":"https:\/\/www.fiarebancaetica.coop\/app\/uploads\/sites\/2\/2024\/01\/cover-222.jpg","contentUrl":"https:\/\/www.fiarebancaetica.coop\/app\/uploads\/sites\/2\/2024\/01\/cover-222.jpg","width":768,"height":576},{"@type":"BreadcrumbList","@id":"https:\/\/www.fiarebancaetica.coop\/gl\/articolo\/el-pasado-17-de-marzo-realizamos-la-asamblea-extraordinaria-del-grupo-local-de-madrid\/#breadcrumb","itemListElement":[{"@type":"ListItem","position":1,"name":"Home","item":"https:\/\/www.fiarebancaetica.coop\/gl\/"},{"@type":"ListItem","position":2,"name":"El pasado 17 de marzo realizamos la Asamblea extraordinaria del grupo local de Madrid"}]},{"@type":"WebSite","@id":"https:\/\/www.fiarebancaetica.coop\/gl\/#website","url":"https:\/\/www.fiarebancaetica.coop\/gl\/","name":"Fiare Banca Etica","description":"","potentialAction":[{"@type":"SearchAction","target":{"@type":"EntryPoint","urlTemplate":"https:\/\/www.fiarebancaetica.coop\/gl\/?s={search_term_string}"},"query-input":{"@type":"PropertyValueSpecification","valueRequired":true,"valueName":"search_term_string"}}],"inLanguage":"gl-ES"}]}},"_links":{"self":[{"href":"https:\/\/www.fiarebancaetica.coop\/gl\/wp-json\/wp\/v2\/cbwpt_git_posts\/349616","targetHints":{"allow":["GET"]}}],"collection":[{"href":"https:\/\/www.fiarebancaetica.coop\/gl\/wp-json\/wp\/v2\/cbwpt_git_posts"}],"about":[{"href":"https:\/\/www.fiarebancaetica.coop\/gl\/wp-json\/wp\/v2\/types\/cbwpt_git_posts"}],"author":[{"embeddable":true,"href":"https:\/\/www.fiarebancaetica.coop\/gl\/wp-json\/wp\/v2\/users\/1"}],"version-history":[{"count":1,"href":"https:\/\/www.fiarebancaetica.coop\/gl\/wp-json\/wp\/v2\/cbwpt_git_posts\/349616\/revisions"}],"predecessor-version":[{"id":349620,"href":"https:\/\/www.fiarebancaetica.coop\/gl\/wp-json\/wp\/v2\/cbwpt_git_posts\/349616\/revisions\/349620"}],"wp:featuredmedia":[{"embeddable":true,"href":"https:\/\/www.fiarebancaetica.coop\/gl\/wp-json\/wp\/v2\/media\/362731"}],"wp:attachment":[{"href":"https:\/\/www.fiarebancaetica.coop\/gl\/wp-json\/wp\/v2\/media?parent=349616"}],"wp:term":[{"taxonomy":"cbwpt_tags","embeddable":true,"href":"https:\/\/www.fiarebancaetica.coop\/gl\/wp-json\/wp\/v2\/git_tags?post=349616"},{"taxonomy":"author","embeddable":true,"href":"https:\/\/www.fiarebancaetica.coop\/gl\/wp-json\/wp\/v2\/coauthors?post=349616"}],"curies":[{"name":"wp","href":"https:\/\/api.w.org\/{rel}","templated":true}]}}