{"id":349627,"date":"2016-03-23T12:17:08","date_gmt":"2016-03-23T11:17:08","guid":{"rendered":"https:\/\/www.fiarebancaetica.coop\/articolo\/fiare-banca-etica-en-el-foro-de-economia-social-y-solidaria\/"},"modified":"2024-02-21T10:20:31","modified_gmt":"2024-02-21T09:20:31","slug":"fiare-banca-etica-en-el-foro-de-economia-social-y-solidaria","status":"publish","type":"cbwpt_git_posts","link":"https:\/\/www.fiarebancaetica.coop\/gl\/articolo\/fiare-banca-etica-en-el-foro-de-economia-social-y-solidaria\/","title":{"rendered":"FIARE BANCA ETICA EN EL FORO DE ECONOMIA SOCIAL Y SOLIDARIA"},"author":1,"featured_media":362726,"parent":0,"template":"","meta":{"_acf_changed":false},"git_tags":[11223],"coauthors":[2888],"class_list":["post-349627","cbwpt_git_posts","type-cbwpt_git_posts","status-publish","has-post-thumbnail","hentry"],"acf":[],"yoast_head":"<!-- This site is optimized with the Yoast SEO plugin v26.9 - https:\/\/yoast.com\/product\/yoast-seo-wordpress\/ -->\n<title>FIARE BANCA ETICA EN EL FORO DE ECONOMIA SOCIAL Y SOLIDARIA - Fiare Banca Etica<\/title>\n<meta name=\"robots\" content=\"index, follow, max-snippet:-1, max-image-preview:large, max-video-preview:-1\" \/>\n<link rel=\"canonical\" href=\"https:\/\/www.fiarebancaetica.coop\/gl\/articolo\/fiare-banca-etica-en-el-foro-de-economia-social-y-solidaria\/\" \/>\n<meta property=\"og:locale\" content=\"gl_ES\" \/>\n<meta property=\"og:type\" content=\"article\" \/>\n<meta property=\"og:title\" content=\"FIARE BANCA ETICA EN EL FORO DE ECONOMIA SOCIAL Y SOLIDARIA - Fiare Banca Etica\" \/>\n<meta property=\"og:description\" content=\"FORO ABIERTO DE ECONOMIA SOCIAL Y SOLIDARIA:\u00a0 \u201cGran entusiasmo, voluntad y compromiso para avanzar\u00a0 hacia nuevos modelos de econom\u00eda m\u00e1s sociales, democr\u00e1ticos y sostenibles\u201d Fiare Banca Etica, particip\u00f3\u00a0 en el Foro Abierto de Econom\u00eda Social y Solidaria que se celebr\u00f3 el pasado 16 de Marzo en Medialab Prado. Un nuevo espacio abierto donde los actores [&hellip;]\" \/>\n<meta property=\"og:url\" content=\"https:\/\/www.fiarebancaetica.coop\/gl\/articolo\/fiare-banca-etica-en-el-foro-de-economia-social-y-solidaria\/\" \/>\n<meta property=\"og:site_name\" content=\"Fiare Banca Etica\" \/>\n<meta property=\"article:modified_time\" content=\"2024-02-21T09:20:31+00:00\" \/>\n<meta property=\"og:image\" content=\"https:\/\/www.fiarebancaetica.coop\/app\/uploads\/sites\/2\/2024\/01\/cover-221.jpg\" \/>\n\t<meta property=\"og:image:width\" content=\"1135\" \/>\n\t<meta property=\"og:image:height\" content=\"682\" \/>\n\t<meta property=\"og:image:type\" content=\"image\/jpeg\" \/>\n<meta name=\"twitter:card\" content=\"summary_large_image\" \/>\n<script type=\"application\/ld+json\" class=\"yoast-schema-graph\">{\"@context\":\"https:\/\/schema.org\",\"@graph\":[{\"@type\":\"WebPage\",\"@id\":\"https:\/\/www.fiarebancaetica.coop\/gl\/articolo\/fiare-banca-etica-en-el-foro-de-economia-social-y-solidaria\/\",\"url\":\"https:\/\/www.fiarebancaetica.coop\/gl\/articolo\/fiare-banca-etica-en-el-foro-de-economia-social-y-solidaria\/\",\"name\":\"FIARE BANCA ETICA EN EL FORO DE ECONOMIA SOCIAL Y SOLIDARIA - Fiare Banca Etica\",\"isPartOf\":{\"@id\":\"https:\/\/www.fiarebancaetica.coop\/gl\/#website\"},\"primaryImageOfPage\":{\"@id\":\"https:\/\/www.fiarebancaetica.coop\/gl\/articolo\/fiare-banca-etica-en-el-foro-de-economia-social-y-solidaria\/#primaryimage\"},\"image\":{\"@id\":\"https:\/\/www.fiarebancaetica.coop\/gl\/articolo\/fiare-banca-etica-en-el-foro-de-economia-social-y-solidaria\/#primaryimage\"},\"thumbnailUrl\":\"https:\/\/www.fiarebancaetica.coop\/app\/uploads\/sites\/2\/2024\/01\/cover-221.jpg\",\"datePublished\":\"2016-03-23T11:17:08+00:00\",\"dateModified\":\"2024-02-21T09:20:31+00:00\",\"breadcrumb\":{\"@id\":\"https:\/\/www.fiarebancaetica.coop\/gl\/articolo\/fiare-banca-etica-en-el-foro-de-economia-social-y-solidaria\/#breadcrumb\"},\"inLanguage\":\"gl-ES\",\"potentialAction\":[{\"@type\":\"ReadAction\",\"target\":[\"https:\/\/www.fiarebancaetica.coop\/gl\/articolo\/fiare-banca-etica-en-el-foro-de-economia-social-y-solidaria\/\"]}]},{\"@type\":\"ImageObject\",\"inLanguage\":\"gl-ES\",\"@id\":\"https:\/\/www.fiarebancaetica.coop\/gl\/articolo\/fiare-banca-etica-en-el-foro-de-economia-social-y-solidaria\/#primaryimage\",\"url\":\"https:\/\/www.fiarebancaetica.coop\/app\/uploads\/sites\/2\/2024\/01\/cover-221.jpg\",\"contentUrl\":\"https:\/\/www.fiarebancaetica.coop\/app\/uploads\/sites\/2\/2024\/01\/cover-221.jpg\",\"width\":1135,\"height\":682},{\"@type\":\"BreadcrumbList\",\"@id\":\"https:\/\/www.fiarebancaetica.coop\/gl\/articolo\/fiare-banca-etica-en-el-foro-de-economia-social-y-solidaria\/#breadcrumb\",\"itemListElement\":[{\"@type\":\"ListItem\",\"position\":1,\"name\":\"Home\",\"item\":\"https:\/\/www.fiarebancaetica.coop\/gl\/\"},{\"@type\":\"ListItem\",\"position\":2,\"name\":\"FIARE BANCA ETICA EN EL FORO DE ECONOMIA SOCIAL Y SOLIDARIA\"}]},{\"@type\":\"WebSite\",\"@id\":\"https:\/\/www.fiarebancaetica.coop\/gl\/#website\",\"url\":\"https:\/\/www.fiarebancaetica.coop\/gl\/\",\"name\":\"Fiare Banca Etica\",\"description\":\"\",\"potentialAction\":[{\"@type\":\"SearchAction\",\"target\":{\"@type\":\"EntryPoint\",\"urlTemplate\":\"https:\/\/www.fiarebancaetica.coop\/gl\/?s={search_term_string}\"},\"query-input\":{\"@type\":\"PropertyValueSpecification\",\"valueRequired\":true,\"valueName\":\"search_term_string\"}}],\"inLanguage\":\"gl-ES\"}]}<\/script>\n<!-- \/ Yoast SEO plugin. -->","yoast_head_json":{"title":"FIARE BANCA ETICA EN EL FORO DE ECONOMIA SOCIAL Y SOLIDARIA - Fiare Banca Etica","robots":{"index":"index","follow":"follow","max-snippet":"max-snippet:-1","max-image-preview":"max-image-preview:large","max-video-preview":"max-video-preview:-1"},"canonical":"https:\/\/www.fiarebancaetica.coop\/gl\/articolo\/fiare-banca-etica-en-el-foro-de-economia-social-y-solidaria\/","og_locale":"gl_ES","og_type":"article","og_title":"FIARE BANCA ETICA EN EL FORO DE ECONOMIA SOCIAL Y SOLIDARIA - Fiare Banca Etica","og_description":"FORO ABIERTO DE ECONOMIA SOCIAL Y SOLIDARIA:\u00a0 \u201cGran entusiasmo, voluntad y compromiso para avanzar\u00a0 hacia nuevos modelos de econom\u00eda m\u00e1s sociales, democr\u00e1ticos y sostenibles\u201d Fiare Banca Etica, particip\u00f3\u00a0 en el Foro Abierto de Econom\u00eda Social y Solidaria que se celebr\u00f3 el pasado 16 de Marzo en Medialab Prado. Un nuevo espacio abierto donde los actores [&hellip;]","og_url":"https:\/\/www.fiarebancaetica.coop\/gl\/articolo\/fiare-banca-etica-en-el-foro-de-economia-social-y-solidaria\/","og_site_name":"Fiare Banca Etica","article_modified_time":"2024-02-21T09:20:31+00:00","og_image":[{"width":1135,"height":682,"url":"https:\/\/www.fiarebancaetica.coop\/app\/uploads\/sites\/2\/2024\/01\/cover-221.jpg","type":"image\/jpeg"}],"twitter_card":"summary_large_image","schema":{"@context":"https:\/\/schema.org","@graph":[{"@type":"WebPage","@id":"https:\/\/www.fiarebancaetica.coop\/gl\/articolo\/fiare-banca-etica-en-el-foro-de-economia-social-y-solidaria\/","url":"https:\/\/www.fiarebancaetica.coop\/gl\/articolo\/fiare-banca-etica-en-el-foro-de-economia-social-y-solidaria\/","name":"FIARE BANCA ETICA EN EL FORO DE ECONOMIA SOCIAL Y SOLIDARIA - Fiare Banca Etica","isPartOf":{"@id":"https:\/\/www.fiarebancaetica.coop\/gl\/#website"},"primaryImageOfPage":{"@id":"https:\/\/www.fiarebancaetica.coop\/gl\/articolo\/fiare-banca-etica-en-el-foro-de-economia-social-y-solidaria\/#primaryimage"},"image":{"@id":"https:\/\/www.fiarebancaetica.coop\/gl\/articolo\/fiare-banca-etica-en-el-foro-de-economia-social-y-solidaria\/#primaryimage"},"thumbnailUrl":"https:\/\/www.fiarebancaetica.coop\/app\/uploads\/sites\/2\/2024\/01\/cover-221.jpg","datePublished":"2016-03-23T11:17:08+00:00","dateModified":"2024-02-21T09:20:31+00:00","breadcrumb":{"@id":"https:\/\/www.fiarebancaetica.coop\/gl\/articolo\/fiare-banca-etica-en-el-foro-de-economia-social-y-solidaria\/#breadcrumb"},"inLanguage":"gl-ES","potentialAction":[{"@type":"ReadAction","target":["https:\/\/www.fiarebancaetica.coop\/gl\/articolo\/fiare-banca-etica-en-el-foro-de-economia-social-y-solidaria\/"]}]},{"@type":"ImageObject","inLanguage":"gl-ES","@id":"https:\/\/www.fiarebancaetica.coop\/gl\/articolo\/fiare-banca-etica-en-el-foro-de-economia-social-y-solidaria\/#primaryimage","url":"https:\/\/www.fiarebancaetica.coop\/app\/uploads\/sites\/2\/2024\/01\/cover-221.jpg","contentUrl":"https:\/\/www.fiarebancaetica.coop\/app\/uploads\/sites\/2\/2024\/01\/cover-221.jpg","width":1135,"height":682},{"@type":"BreadcrumbList","@id":"https:\/\/www.fiarebancaetica.coop\/gl\/articolo\/fiare-banca-etica-en-el-foro-de-economia-social-y-solidaria\/#breadcrumb","itemListElement":[{"@type":"ListItem","position":1,"name":"Home","item":"https:\/\/www.fiarebancaetica.coop\/gl\/"},{"@type":"ListItem","position":2,"name":"FIARE BANCA ETICA EN EL FORO DE ECONOMIA SOCIAL Y SOLIDARIA"}]},{"@type":"WebSite","@id":"https:\/\/www.fiarebancaetica.coop\/gl\/#website","url":"https:\/\/www.fiarebancaetica.coop\/gl\/","name":"Fiare Banca Etica","description":"","potentialAction":[{"@type":"SearchAction","target":{"@type":"EntryPoint","urlTemplate":"https:\/\/www.fiarebancaetica.coop\/gl\/?s={search_term_string}"},"query-input":{"@type":"PropertyValueSpecification","valueRequired":true,"valueName":"search_term_string"}}],"inLanguage":"gl-ES"}]}},"_links":{"self":[{"href":"https:\/\/www.fiarebancaetica.coop\/gl\/wp-json\/wp\/v2\/cbwpt_git_posts\/349627","targetHints":{"allow":["GET"]}}],"collection":[{"href":"https:\/\/www.fiarebancaetica.coop\/gl\/wp-json\/wp\/v2\/cbwpt_git_posts"}],"about":[{"href":"https:\/\/www.fiarebancaetica.coop\/gl\/wp-json\/wp\/v2\/types\/cbwpt_git_posts"}],"author":[{"embeddable":true,"href":"https:\/\/www.fiarebancaetica.coop\/gl\/wp-json\/wp\/v2\/users\/1"}],"version-history":[{"count":1,"href":"https:\/\/www.fiarebancaetica.coop\/gl\/wp-json\/wp\/v2\/cbwpt_git_posts\/349627\/revisions"}],"predecessor-version":[{"id":351909,"href":"https:\/\/www.fiarebancaetica.coop\/gl\/wp-json\/wp\/v2\/cbwpt_git_posts\/349627\/revisions\/351909"}],"wp:featuredmedia":[{"embeddable":true,"href":"https:\/\/www.fiarebancaetica.coop\/gl\/wp-json\/wp\/v2\/media\/362726"}],"wp:attachment":[{"href":"https:\/\/www.fiarebancaetica.coop\/gl\/wp-json\/wp\/v2\/media?parent=349627"}],"wp:term":[{"taxonomy":"cbwpt_tags","embeddable":true,"href":"https:\/\/www.fiarebancaetica.coop\/gl\/wp-json\/wp\/v2\/git_tags?post=349627"},{"taxonomy":"author","embeddable":true,"href":"https:\/\/www.fiarebancaetica.coop\/gl\/wp-json\/wp\/v2\/coauthors?post=349627"}],"curies":[{"name":"wp","href":"https:\/\/api.w.org\/{rel}","templated":true}]}}