{"id":349676,"date":"2016-02-08T17:39:27","date_gmt":"2016-02-08T16:39:27","guid":{"rendered":"https:\/\/www.fiarebancaetica.coop\/articolo\/etikum-illes-balears-18-mercat-social-assemblees-banca-etica-young-participacio-en-els-grups-locals\/"},"modified":"2024-02-21T10:21:03","modified_gmt":"2024-02-21T09:21:03","slug":"etikum-illes-balears-18-mercat-social-assemblees-banca-etica-young-participacio-en-els-grups-locals","status":"publish","type":"cbwpt_git_posts","link":"https:\/\/www.fiarebancaetica.coop\/gl\/articolo\/etikum-illes-balears-18-mercat-social-assemblees-banca-etica-young-participacio-en-els-grups-locals\/","title":{"rendered":"Etikum Illes Balears 18: Mercat Social, assemblees, Banca Etica Young, participaci\u00f3 en els grups locals"},"author":1,"featured_media":0,"parent":0,"template":"","meta":{"_acf_changed":false},"git_tags":[11224],"coauthors":[2888,3598],"class_list":["post-349676","cbwpt_git_posts","type-cbwpt_git_posts","status-publish","hentry"],"acf":[],"yoast_head":"<!-- This site is optimized with the Yoast SEO plugin v26.9 - https:\/\/yoast.com\/product\/yoast-seo-wordpress\/ -->\n<title>Etikum Illes Balears 18: Mercat Social, assemblees, Banca Etica Young, participaci\u00f3 en els grups locals - Fiare Banca Etica<\/title>\n<meta name=\"robots\" content=\"index, follow, max-snippet:-1, max-image-preview:large, max-video-preview:-1\" \/>\n<link rel=\"canonical\" href=\"https:\/\/www.fiarebancaetica.coop\/gl\/articolo\/etikum-illes-balears-18-mercat-social-assemblees-banca-etica-young-participacio-en-els-grups-locals\/\" \/>\n<meta property=\"og:locale\" content=\"gl_ES\" \/>\n<meta property=\"og:type\" content=\"article\" \/>\n<meta property=\"og:title\" content=\"Etikum Illes Balears 18: Mercat Social, assemblees, Banca Etica Young, participaci\u00f3 en els grups locals - Fiare Banca Etica\" \/>\n<meta property=\"og:description\" content=\"Avui hem publicat el butllet\u00ed informatiu Etikum Illes Balears n\u00famero 18, en qu\u00e8 parlam de les properes assemblees que s&#8217;han de celebrar (la de la circumscripci\u00f3 de les Illes Balears i l&#8217;assemblea ordin\u00e0ria de la cooperativa). A m\u00e9s, recordam\u00a0l&#8217;inici de l&#8217;activitat d&#8217;aquest blog,\u00a0la celebraci\u00f3 de la II Fira del Mercat Social de Mallorca, en qu\u00e8 [&hellip;]\" \/>\n<meta property=\"og:url\" content=\"https:\/\/www.fiarebancaetica.coop\/gl\/articolo\/etikum-illes-balears-18-mercat-social-assemblees-banca-etica-young-participacio-en-els-grups-locals\/\" \/>\n<meta property=\"og:site_name\" content=\"Fiare Banca Etica\" \/>\n<meta property=\"article:modified_time\" content=\"2024-02-21T09:21:03+00:00\" \/>\n<meta name=\"twitter:card\" content=\"summary_large_image\" \/>\n<script type=\"application\/ld+json\" class=\"yoast-schema-graph\">{\"@context\":\"https:\/\/schema.org\",\"@graph\":[{\"@type\":\"WebPage\",\"@id\":\"https:\/\/www.fiarebancaetica.coop\/gl\/articolo\/etikum-illes-balears-18-mercat-social-assemblees-banca-etica-young-participacio-en-els-grups-locals\/\",\"url\":\"https:\/\/www.fiarebancaetica.coop\/gl\/articolo\/etikum-illes-balears-18-mercat-social-assemblees-banca-etica-young-participacio-en-els-grups-locals\/\",\"name\":\"Etikum Illes Balears 18: Mercat Social, assemblees, Banca Etica Young, participaci\u00f3 en els grups locals - Fiare Banca Etica\",\"isPartOf\":{\"@id\":\"https:\/\/www.fiarebancaetica.coop\/gl\/#website\"},\"datePublished\":\"2016-02-08T16:39:27+00:00\",\"dateModified\":\"2024-02-21T09:21:03+00:00\",\"breadcrumb\":{\"@id\":\"https:\/\/www.fiarebancaetica.coop\/gl\/articolo\/etikum-illes-balears-18-mercat-social-assemblees-banca-etica-young-participacio-en-els-grups-locals\/#breadcrumb\"},\"inLanguage\":\"gl-ES\",\"potentialAction\":[{\"@type\":\"ReadAction\",\"target\":[\"https:\/\/www.fiarebancaetica.coop\/gl\/articolo\/etikum-illes-balears-18-mercat-social-assemblees-banca-etica-young-participacio-en-els-grups-locals\/\"]}]},{\"@type\":\"BreadcrumbList\",\"@id\":\"https:\/\/www.fiarebancaetica.coop\/gl\/articolo\/etikum-illes-balears-18-mercat-social-assemblees-banca-etica-young-participacio-en-els-grups-locals\/#breadcrumb\",\"itemListElement\":[{\"@type\":\"ListItem\",\"position\":1,\"name\":\"Home\",\"item\":\"https:\/\/www.fiarebancaetica.coop\/gl\/\"},{\"@type\":\"ListItem\",\"position\":2,\"name\":\"Etikum Illes Balears 18: Mercat Social, assemblees, Banca Etica Young, participaci\u00f3 en els grups locals\"}]},{\"@type\":\"WebSite\",\"@id\":\"https:\/\/www.fiarebancaetica.coop\/gl\/#website\",\"url\":\"https:\/\/www.fiarebancaetica.coop\/gl\/\",\"name\":\"Fiare Banca Etica\",\"description\":\"\",\"potentialAction\":[{\"@type\":\"SearchAction\",\"target\":{\"@type\":\"EntryPoint\",\"urlTemplate\":\"https:\/\/www.fiarebancaetica.coop\/gl\/?s={search_term_string}\"},\"query-input\":{\"@type\":\"PropertyValueSpecification\",\"valueRequired\":true,\"valueName\":\"search_term_string\"}}],\"inLanguage\":\"gl-ES\"}]}<\/script>\n<!-- \/ Yoast SEO plugin. -->","yoast_head_json":{"title":"Etikum Illes Balears 18: Mercat Social, assemblees, Banca Etica Young, participaci\u00f3 en els grups locals - Fiare Banca Etica","robots":{"index":"index","follow":"follow","max-snippet":"max-snippet:-1","max-image-preview":"max-image-preview:large","max-video-preview":"max-video-preview:-1"},"canonical":"https:\/\/www.fiarebancaetica.coop\/gl\/articolo\/etikum-illes-balears-18-mercat-social-assemblees-banca-etica-young-participacio-en-els-grups-locals\/","og_locale":"gl_ES","og_type":"article","og_title":"Etikum Illes Balears 18: Mercat Social, assemblees, Banca Etica Young, participaci\u00f3 en els grups locals - Fiare Banca Etica","og_description":"Avui hem publicat el butllet\u00ed informatiu Etikum Illes Balears n\u00famero 18, en qu\u00e8 parlam de les properes assemblees que s&#8217;han de celebrar (la de la circumscripci\u00f3 de les Illes Balears i l&#8217;assemblea ordin\u00e0ria de la cooperativa). A m\u00e9s, recordam\u00a0l&#8217;inici de l&#8217;activitat d&#8217;aquest blog,\u00a0la celebraci\u00f3 de la II Fira del Mercat Social de Mallorca, en qu\u00e8 [&hellip;]","og_url":"https:\/\/www.fiarebancaetica.coop\/gl\/articolo\/etikum-illes-balears-18-mercat-social-assemblees-banca-etica-young-participacio-en-els-grups-locals\/","og_site_name":"Fiare Banca Etica","article_modified_time":"2024-02-21T09:21:03+00:00","twitter_card":"summary_large_image","schema":{"@context":"https:\/\/schema.org","@graph":[{"@type":"WebPage","@id":"https:\/\/www.fiarebancaetica.coop\/gl\/articolo\/etikum-illes-balears-18-mercat-social-assemblees-banca-etica-young-participacio-en-els-grups-locals\/","url":"https:\/\/www.fiarebancaetica.coop\/gl\/articolo\/etikum-illes-balears-18-mercat-social-assemblees-banca-etica-young-participacio-en-els-grups-locals\/","name":"Etikum Illes Balears 18: Mercat Social, assemblees, Banca Etica Young, participaci\u00f3 en els grups locals - Fiare Banca Etica","isPartOf":{"@id":"https:\/\/www.fiarebancaetica.coop\/gl\/#website"},"datePublished":"2016-02-08T16:39:27+00:00","dateModified":"2024-02-21T09:21:03+00:00","breadcrumb":{"@id":"https:\/\/www.fiarebancaetica.coop\/gl\/articolo\/etikum-illes-balears-18-mercat-social-assemblees-banca-etica-young-participacio-en-els-grups-locals\/#breadcrumb"},"inLanguage":"gl-ES","potentialAction":[{"@type":"ReadAction","target":["https:\/\/www.fiarebancaetica.coop\/gl\/articolo\/etikum-illes-balears-18-mercat-social-assemblees-banca-etica-young-participacio-en-els-grups-locals\/"]}]},{"@type":"BreadcrumbList","@id":"https:\/\/www.fiarebancaetica.coop\/gl\/articolo\/etikum-illes-balears-18-mercat-social-assemblees-banca-etica-young-participacio-en-els-grups-locals\/#breadcrumb","itemListElement":[{"@type":"ListItem","position":1,"name":"Home","item":"https:\/\/www.fiarebancaetica.coop\/gl\/"},{"@type":"ListItem","position":2,"name":"Etikum Illes Balears 18: Mercat Social, assemblees, Banca Etica Young, participaci\u00f3 en els grups locals"}]},{"@type":"WebSite","@id":"https:\/\/www.fiarebancaetica.coop\/gl\/#website","url":"https:\/\/www.fiarebancaetica.coop\/gl\/","name":"Fiare Banca Etica","description":"","potentialAction":[{"@type":"SearchAction","target":{"@type":"EntryPoint","urlTemplate":"https:\/\/www.fiarebancaetica.coop\/gl\/?s={search_term_string}"},"query-input":{"@type":"PropertyValueSpecification","valueRequired":true,"valueName":"search_term_string"}}],"inLanguage":"gl-ES"}]}},"_links":{"self":[{"href":"https:\/\/www.fiarebancaetica.coop\/gl\/wp-json\/wp\/v2\/cbwpt_git_posts\/349676","targetHints":{"allow":["GET"]}}],"collection":[{"href":"https:\/\/www.fiarebancaetica.coop\/gl\/wp-json\/wp\/v2\/cbwpt_git_posts"}],"about":[{"href":"https:\/\/www.fiarebancaetica.coop\/gl\/wp-json\/wp\/v2\/types\/cbwpt_git_posts"}],"author":[{"embeddable":true,"href":"https:\/\/www.fiarebancaetica.coop\/gl\/wp-json\/wp\/v2\/users\/1"}],"version-history":[{"count":1,"href":"https:\/\/www.fiarebancaetica.coop\/gl\/wp-json\/wp\/v2\/cbwpt_git_posts\/349676\/revisions"}],"predecessor-version":[{"id":351928,"href":"https:\/\/www.fiarebancaetica.coop\/gl\/wp-json\/wp\/v2\/cbwpt_git_posts\/349676\/revisions\/351928"}],"wp:attachment":[{"href":"https:\/\/www.fiarebancaetica.coop\/gl\/wp-json\/wp\/v2\/media?parent=349676"}],"wp:term":[{"taxonomy":"cbwpt_tags","embeddable":true,"href":"https:\/\/www.fiarebancaetica.coop\/gl\/wp-json\/wp\/v2\/git_tags?post=349676"},{"taxonomy":"author","embeddable":true,"href":"https:\/\/www.fiarebancaetica.coop\/gl\/wp-json\/wp\/v2\/coauthors?post=349676"}],"curies":[{"name":"wp","href":"https:\/\/api.w.org\/{rel}","templated":true}]}}