{"id":342997,"date":"2023-11-02T00:00:00","date_gmt":"2023-11-01T23:00:00","guid":{"rendered":"https:\/\/www.fiarebancaetica.coop\/somos-socios-de-fiare-banca-etica-por-coherencia-con-nuestros-principios\/"},"modified":"2024-02-21T14:41:32","modified_gmt":"2024-02-21T13:41:32","slug":"somos-socios-de-fiare-banca-etica-por-coherencia-con-nuestros-principios","status":"publish","type":"post","link":"https:\/\/www.fiarebancaetica.coop\/gl\/somos-socios-de-fiare-banca-etica-por-coherencia-con-nuestros-principios\/","title":{"rendered":"Somos socios de Fiare Banca Etica por coherencia cos nosos principios"},"content":{"rendered":"\n\n<div class=\"wp-block-bancaetica-blocks-blocks-block-49\">\n    <div class=\"container-block-49\">\n\n        <div class=\"header-section \">\n                            <h1 class=\"section-title\"> Etica e cooperativa <\/h1>\n                                            <\/div>\n\n        \n        <div class=\"block-background\" style=\"background-image: url('https:\/\/www.fiarebancaetica.coop\/app\/uploads\/sites\/2\/2023\/12\/trabajamos-fiare-banca-etica-por-coherencia-nuestros-principios.png')\">\n                            <div class=\"tile\">\n                    <h1 class=\"image-title\"> Somos socios de Fiare Banca Etica por coherencia cos nosos principios <\/h1>\n                <\/div>             <!-- end .tile -->\n            <div class=\"bottom-content\">\n                            <\/div> <!-- end .button-content -->\n        <\/div> <!-- end .block-background -->\n    <\/div> <!-- end .container -->\n<\/div> <!-- end wp-block-bancaetica-blocks-blocks-block-06 -->\n\n<p>\u00a0<\/p>\n<p><em>Dialogamos con David S\u00e1nchez, director de Seryes, unha corretaxe con vocaci\u00f3n de levar a xesti\u00f3n \u00e9tica e transparente ao sector asegurador e entidade socia do banco.<\/em><a id=\"ca\" name=\"ca\"><\/a><\/p>\n<p><img decoding=\"async\" style=\"width: 500px;height: 667px\" src=\"http:\/\/www.fiarebancaetica.coop\/app\/uploads\/sites\/2\/2023\/12\/IMG-20230520-WA0001.jpg\" alt=\"\" \/><\/p>\n<p>\u00a0<\/p>\n<h2>Que vos levou a traballar con Fiare Banca \u00c9tica?<\/h2>\n<p>O modelo de banca \u00e9tica de Fiare bas\u00e9ase no cooperativismo para a toma de decisi\u00f3ns e Seryes naceu nos 80 para dar servizos aseguradores ao incipiente movemento cooperativo, e impulsou a difusi\u00f3n dos seguros \u00e9ticos en Espa\u00f1a.<\/p>\n<p>Ambas as entidades levamos o cooperativismo no ADN e compartimos os principios das Finanzas \u00c9ticas e Solidarias (por algo estamos certificados co Selo EthSi de Seguros \u00c9ticos e Solidarios). Traballar xuntas \u00e9, simplemente, ser consecuente con eses principios.<\/p>\n<h2>Por que ser socia dun banco cooperativo?<\/h2>\n<p>Por coherencia. Se queremos impulsar un cambio cara a un modelo econ\u00f3mico e financeiro ao servizo dos intereses colectivos, temos que fortalecernos mutuamente e medrar, porque dende a marxinalidade non se cambia o mundo. E para fortalecernos e medrar necesitamos remar na mesma direcci\u00f3n. Por iso trasladamos a Fiare o 90\u00a0% do noso movemento financeiro e acudimos \u00e1 \u00faltima ampliaci\u00f3n de capital social.<\/p>\n<h2>Cal \u00e9 o obxectivo da vosa entidade? E cales son as vosas prioridades neste momento?<\/h2>\n<p>Seryes fundouse para facilitar \u00e1s cooperativas a contrataci\u00f3n de seguros, nun momento no que eran as grandes desco\u00f1ecidas entre o sector financeiro. O noso obxectivo agora \u00e9 un pouco m\u00e1is amplo, pero segue a ser o mesmo: impulsar unha econom\u00eda ao servizo da sociedade, participativa e responsable.<\/p>\n<p>Se nos detemos no momento actual, estamos a ver como a banca, ap\u00f3s a ca\u00edda dos beneficios derivados da concesi\u00f3n de hipotecas, se consagrou \u00e1 comercializaci\u00f3n de seguros, importando as mesmas malas pr\u00e1cticas que provocaron a crise financeira derivada da implosi\u00f3n da burbulla inmobiliaria. Queremos po\u00f1er freo a esas malas pr\u00e1cticas e impulsar o aseguramento \u00e9tico entre entidades e particulares.<\/p>\n<h2>Cres que as persoas est\u00e1n cambiando o seu consumo cara a un m\u00e1is sustentable e responsable? Es optimista neste aspecto?<\/h2>\n<p>A xente cada vez est\u00e1 m\u00e1is concienciada, pero falta informaci\u00f3n clara e transparente que lle permita saber que opci\u00f3ns de consumo son de verdade sustentables e cales non.<\/p>\n<p>As grandes empresas lanz\u00e1ronse de cheo ao greenwashing co dobre obxectivo de, dunha banda, limpar a s\u00faa imaxe e, doutra, xerar confusi\u00f3n entre a cidadan\u00eda sobre a sustentabilidade. Esa confusi\u00f3n \u00e9 aproveitada por certos sectores para xerar d\u00fabidas sobre os verdadeiros obxectivos que se perseguen cando falamos de cambiar o modelo produtivo cara a outro m\u00e1is xusto e sustentable. O verdadeiro reto \u00e9 reducir esa desinformaci\u00f3n.<\/p>\n<h2>Cales cres que poder\u00edan ser as sinerx\u00edas entre ambas as entidades nun futuro?<\/h2>\n<p>Para continuar fortalec\u00e9ndonos mutuamente, gustar\u00edanos avanzar cara \u00e1 comercializaci\u00f3n conxunta de produtos. Queremos que as persoas e empresas clientas se sintan cada vez m\u00e1is apoderadas nas s\u00faas decisi\u00f3ns financeiras, e que entendan o enorme impacto socioambiental que pode ter a forma en que se usa o di\u00f1eiro.<\/p>\n<p>As persoas clientas de ambas as entidades sono porque xa son conscientes e experimentan as vantaxes das finanzas \u00e9ticas, pero queremos que saiban que poden ir m\u00e1is al\u00e1, e que dispo\u00f1en de diversas alternativas financeiras acordes cos seus principios e que seguen a \u00e9tica profesional na prestaci\u00f3n de servizos.<\/p>\n<p><a href=\"http:\/\/www.seryes.com\">www.seryes.com<\/a><\/p>","protected":false},"excerpt":{"rendered":"<p>\n\tDialogamos con David S\u00e1nchez, director de Seryes, una corredur\u00eda con la vocaci\u00f3n de llevar la gesti\u00f3n \u00e9tica y transparente al sector asegurador y entidad socia del banco.<\/p>\n","protected":false},"author":2,"featured_media":330589,"comment_status":"open","ping_status":"closed","sticky":false,"template":"","format":"standard","meta":{"_acf_changed":false,"footnotes":""},"categories":[11645,1],"tags":[11855],"coauthors":[2891],"class_list":["post-342997","post","type-post","status-publish","format-standard","has-post-thumbnail","hentry","category-finanzas-eticas","category-proyectos-colectivos","tag-novas"],"acf":[],"yoast_head":"<!-- This site is optimized with the Yoast SEO plugin v26.9 - https:\/\/yoast.com\/product\/yoast-seo-wordpress\/ -->\n<title>Somos socios de Fiare Banca Etica por coherencia cos nosos principios - Fiare Banca Etica<\/title>\n<meta name=\"robots\" content=\"index, follow, max-snippet:-1, max-image-preview:large, max-video-preview:-1\" \/>\n<link rel=\"canonical\" href=\"https:\/\/www.fiarebancaetica.coop\/gl\/somos-socios-de-fiare-banca-etica-por-coherencia-con-nuestros-principios\/\" \/>\n<meta property=\"og:locale\" content=\"gl_ES\" \/>\n<meta property=\"og:type\" content=\"article\" \/>\n<meta property=\"og:title\" content=\"Somos socios de Fiare Banca Etica por coherencia cos nosos principios - Fiare Banca Etica\" \/>\n<meta property=\"og:description\" content=\"Dialogamos con David S\u00e1nchez, director de Seryes, una corredur\u00eda con la vocaci\u00f3n de llevar la gesti\u00f3n \u00e9tica y transparente al sector asegurador y entidad socia del banco.\" \/>\n<meta property=\"og:url\" content=\"https:\/\/www.fiarebancaetica.coop\/gl\/somos-socios-de-fiare-banca-etica-por-coherencia-con-nuestros-principios\/\" \/>\n<meta property=\"og:site_name\" content=\"Fiare Banca Etica\" \/>\n<meta property=\"article:published_time\" content=\"2023-11-01T23:00:00+00:00\" \/>\n<meta property=\"article:modified_time\" content=\"2024-02-21T13:41:32+00:00\" \/>\n<meta property=\"og:image\" content=\"https:\/\/www.fiarebancaetica.coop\/app\/uploads\/sites\/2\/2023\/12\/trabajamos-fiare-banca-etica-por-coherencia-nuestros-principios.png\" \/>\n\t<meta property=\"og:image:width\" content=\"1024\" \/>\n\t<meta property=\"og:image:height\" content=\"800\" \/>\n\t<meta property=\"og:image:type\" content=\"image\/png\" \/>\n<meta name=\"author\" content=\"crispyadmin0\" \/>\n<meta name=\"twitter:card\" content=\"summary_large_image\" \/>\n<script type=\"application\/ld+json\" class=\"yoast-schema-graph\">{\"@context\":\"https:\/\/schema.org\",\"@graph\":[{\"@type\":\"Article\",\"@id\":\"https:\/\/www.fiarebancaetica.coop\/gl\/somos-socios-de-fiare-banca-etica-por-coherencia-con-nuestros-principios\/#article\",\"isPartOf\":{\"@id\":\"https:\/\/www.fiarebancaetica.coop\/gl\/somos-socios-de-fiare-banca-etica-por-coherencia-con-nuestros-principios\/\"},\"author\":{\"name\":\"crispyadmin0\",\"@id\":\"https:\/\/www.fiarebancaetica.coop\/gl\/#\/schema\/person\/579841e89c804b5db05d9141bd9b8272\"},\"headline\":\"Somos socios de Fiare Banca Etica por coherencia cos nosos principios\",\"datePublished\":\"2023-11-01T23:00:00+00:00\",\"dateModified\":\"2024-02-21T13:41:32+00:00\",\"mainEntityOfPage\":{\"@id\":\"https:\/\/www.fiarebancaetica.coop\/gl\/somos-socios-de-fiare-banca-etica-por-coherencia-con-nuestros-principios\/\"},\"wordCount\":576,\"commentCount\":0,\"image\":{\"@id\":\"https:\/\/www.fiarebancaetica.coop\/gl\/somos-socios-de-fiare-banca-etica-por-coherencia-con-nuestros-principios\/#primaryimage\"},\"thumbnailUrl\":\"https:\/\/www.fiarebancaetica.coop\/app\/uploads\/sites\/2\/2023\/12\/trabajamos-fiare-banca-etica-por-coherencia-nuestros-principios.png\",\"keywords\":[\"Novas\"],\"articleSection\":[\"Finanzas \u00c9ticas\",\"Proyectos colectivos\"],\"inLanguage\":\"gl-ES\",\"potentialAction\":[{\"@type\":\"CommentAction\",\"name\":\"Comment\",\"target\":[\"https:\/\/www.fiarebancaetica.coop\/gl\/somos-socios-de-fiare-banca-etica-por-coherencia-con-nuestros-principios\/#respond\"]}]},{\"@type\":\"WebPage\",\"@id\":\"https:\/\/www.fiarebancaetica.coop\/gl\/somos-socios-de-fiare-banca-etica-por-coherencia-con-nuestros-principios\/\",\"url\":\"https:\/\/www.fiarebancaetica.coop\/gl\/somos-socios-de-fiare-banca-etica-por-coherencia-con-nuestros-principios\/\",\"name\":\"Somos socios de Fiare Banca Etica por coherencia cos nosos principios - Fiare Banca Etica\",\"isPartOf\":{\"@id\":\"https:\/\/www.fiarebancaetica.coop\/gl\/#website\"},\"primaryImageOfPage\":{\"@id\":\"https:\/\/www.fiarebancaetica.coop\/gl\/somos-socios-de-fiare-banca-etica-por-coherencia-con-nuestros-principios\/#primaryimage\"},\"image\":{\"@id\":\"https:\/\/www.fiarebancaetica.coop\/gl\/somos-socios-de-fiare-banca-etica-por-coherencia-con-nuestros-principios\/#primaryimage\"},\"thumbnailUrl\":\"https:\/\/www.fiarebancaetica.coop\/app\/uploads\/sites\/2\/2023\/12\/trabajamos-fiare-banca-etica-por-coherencia-nuestros-principios.png\",\"datePublished\":\"2023-11-01T23:00:00+00:00\",\"dateModified\":\"2024-02-21T13:41:32+00:00\",\"author\":{\"@id\":\"https:\/\/www.fiarebancaetica.coop\/gl\/#\/schema\/person\/579841e89c804b5db05d9141bd9b8272\"},\"breadcrumb\":{\"@id\":\"https:\/\/www.fiarebancaetica.coop\/gl\/somos-socios-de-fiare-banca-etica-por-coherencia-con-nuestros-principios\/#breadcrumb\"},\"inLanguage\":\"gl-ES\",\"potentialAction\":[{\"@type\":\"ReadAction\",\"target\":[\"https:\/\/www.fiarebancaetica.coop\/gl\/somos-socios-de-fiare-banca-etica-por-coherencia-con-nuestros-principios\/\"]}]},{\"@type\":\"ImageObject\",\"inLanguage\":\"gl-ES\",\"@id\":\"https:\/\/www.fiarebancaetica.coop\/gl\/somos-socios-de-fiare-banca-etica-por-coherencia-con-nuestros-principios\/#primaryimage\",\"url\":\"https:\/\/www.fiarebancaetica.coop\/app\/uploads\/sites\/2\/2023\/12\/trabajamos-fiare-banca-etica-por-coherencia-nuestros-principios.png\",\"contentUrl\":\"https:\/\/www.fiarebancaetica.coop\/app\/uploads\/sites\/2\/2023\/12\/trabajamos-fiare-banca-etica-por-coherencia-nuestros-principios.png\",\"width\":1024,\"height\":800},{\"@type\":\"BreadcrumbList\",\"@id\":\"https:\/\/www.fiarebancaetica.coop\/gl\/somos-socios-de-fiare-banca-etica-por-coherencia-con-nuestros-principios\/#breadcrumb\",\"itemListElement\":[{\"@type\":\"ListItem\",\"position\":1,\"name\":\"Home\",\"item\":\"https:\/\/www.fiarebancaetica.coop\/gl\/\"},{\"@type\":\"ListItem\",\"position\":2,\"name\":\"Somos socios de Fiare Banca Etica por coherencia cos nosos principios\"}]},{\"@type\":\"WebSite\",\"@id\":\"https:\/\/www.fiarebancaetica.coop\/gl\/#website\",\"url\":\"https:\/\/www.fiarebancaetica.coop\/gl\/\",\"name\":\"Fiare Banca Etica\",\"description\":\"\",\"potentialAction\":[{\"@type\":\"SearchAction\",\"target\":{\"@type\":\"EntryPoint\",\"urlTemplate\":\"https:\/\/www.fiarebancaetica.coop\/gl\/?s={search_term_string}\"},\"query-input\":{\"@type\":\"PropertyValueSpecification\",\"valueRequired\":true,\"valueName\":\"search_term_string\"}}],\"inLanguage\":\"gl-ES\"},{\"@type\":\"Person\",\"@id\":\"https:\/\/www.fiarebancaetica.coop\/gl\/#\/schema\/person\/579841e89c804b5db05d9141bd9b8272\",\"name\":\"crispyadmin0\",\"image\":{\"@type\":\"ImageObject\",\"inLanguage\":\"gl-ES\",\"@id\":\"https:\/\/www.fiarebancaetica.coop\/gl\/#\/schema\/person\/image\/5f3a6b7786f32f4c35bd2b1a5a4698ea\",\"url\":\"https:\/\/secure.gravatar.com\/avatar\/4d2cfb499d497b6d49da659fab7404b243a87fe8e40d2cf97a1cae48f677f5b2?s=96&d=mm&r=g\",\"contentUrl\":\"https:\/\/secure.gravatar.com\/avatar\/4d2cfb499d497b6d49da659fab7404b243a87fe8e40d2cf97a1cae48f677f5b2?s=96&d=mm&r=g\",\"caption\":\"crispyadmin0\"},\"sameAs\":[\"crispyadmin0\"]}]}<\/script>\n<!-- \/ Yoast SEO plugin. -->","yoast_head_json":{"title":"Somos socios de Fiare Banca Etica por coherencia cos nosos principios - Fiare Banca Etica","robots":{"index":"index","follow":"follow","max-snippet":"max-snippet:-1","max-image-preview":"max-image-preview:large","max-video-preview":"max-video-preview:-1"},"canonical":"https:\/\/www.fiarebancaetica.coop\/gl\/somos-socios-de-fiare-banca-etica-por-coherencia-con-nuestros-principios\/","og_locale":"gl_ES","og_type":"article","og_title":"Somos socios de Fiare Banca Etica por coherencia cos nosos principios - Fiare Banca Etica","og_description":"Dialogamos con David S\u00e1nchez, director de Seryes, una corredur\u00eda con la vocaci\u00f3n de llevar la gesti\u00f3n \u00e9tica y transparente al sector asegurador y entidad socia del banco.","og_url":"https:\/\/www.fiarebancaetica.coop\/gl\/somos-socios-de-fiare-banca-etica-por-coherencia-con-nuestros-principios\/","og_site_name":"Fiare Banca Etica","article_published_time":"2023-11-01T23:00:00+00:00","article_modified_time":"2024-02-21T13:41:32+00:00","og_image":[{"width":1024,"height":800,"url":"https:\/\/www.fiarebancaetica.coop\/app\/uploads\/sites\/2\/2023\/12\/trabajamos-fiare-banca-etica-por-coherencia-nuestros-principios.png","type":"image\/png"}],"author":"crispyadmin0","twitter_card":"summary_large_image","schema":{"@context":"https:\/\/schema.org","@graph":[{"@type":"Article","@id":"https:\/\/www.fiarebancaetica.coop\/gl\/somos-socios-de-fiare-banca-etica-por-coherencia-con-nuestros-principios\/#article","isPartOf":{"@id":"https:\/\/www.fiarebancaetica.coop\/gl\/somos-socios-de-fiare-banca-etica-por-coherencia-con-nuestros-principios\/"},"author":{"name":"crispyadmin0","@id":"https:\/\/www.fiarebancaetica.coop\/gl\/#\/schema\/person\/579841e89c804b5db05d9141bd9b8272"},"headline":"Somos socios de Fiare Banca Etica por coherencia cos nosos principios","datePublished":"2023-11-01T23:00:00+00:00","dateModified":"2024-02-21T13:41:32+00:00","mainEntityOfPage":{"@id":"https:\/\/www.fiarebancaetica.coop\/gl\/somos-socios-de-fiare-banca-etica-por-coherencia-con-nuestros-principios\/"},"wordCount":576,"commentCount":0,"image":{"@id":"https:\/\/www.fiarebancaetica.coop\/gl\/somos-socios-de-fiare-banca-etica-por-coherencia-con-nuestros-principios\/#primaryimage"},"thumbnailUrl":"https:\/\/www.fiarebancaetica.coop\/app\/uploads\/sites\/2\/2023\/12\/trabajamos-fiare-banca-etica-por-coherencia-nuestros-principios.png","keywords":["Novas"],"articleSection":["Finanzas \u00c9ticas","Proyectos colectivos"],"inLanguage":"gl-ES","potentialAction":[{"@type":"CommentAction","name":"Comment","target":["https:\/\/www.fiarebancaetica.coop\/gl\/somos-socios-de-fiare-banca-etica-por-coherencia-con-nuestros-principios\/#respond"]}]},{"@type":"WebPage","@id":"https:\/\/www.fiarebancaetica.coop\/gl\/somos-socios-de-fiare-banca-etica-por-coherencia-con-nuestros-principios\/","url":"https:\/\/www.fiarebancaetica.coop\/gl\/somos-socios-de-fiare-banca-etica-por-coherencia-con-nuestros-principios\/","name":"Somos socios de Fiare Banca Etica por coherencia cos nosos principios - Fiare Banca Etica","isPartOf":{"@id":"https:\/\/www.fiarebancaetica.coop\/gl\/#website"},"primaryImageOfPage":{"@id":"https:\/\/www.fiarebancaetica.coop\/gl\/somos-socios-de-fiare-banca-etica-por-coherencia-con-nuestros-principios\/#primaryimage"},"image":{"@id":"https:\/\/www.fiarebancaetica.coop\/gl\/somos-socios-de-fiare-banca-etica-por-coherencia-con-nuestros-principios\/#primaryimage"},"thumbnailUrl":"https:\/\/www.fiarebancaetica.coop\/app\/uploads\/sites\/2\/2023\/12\/trabajamos-fiare-banca-etica-por-coherencia-nuestros-principios.png","datePublished":"2023-11-01T23:00:00+00:00","dateModified":"2024-02-21T13:41:32+00:00","author":{"@id":"https:\/\/www.fiarebancaetica.coop\/gl\/#\/schema\/person\/579841e89c804b5db05d9141bd9b8272"},"breadcrumb":{"@id":"https:\/\/www.fiarebancaetica.coop\/gl\/somos-socios-de-fiare-banca-etica-por-coherencia-con-nuestros-principios\/#breadcrumb"},"inLanguage":"gl-ES","potentialAction":[{"@type":"ReadAction","target":["https:\/\/www.fiarebancaetica.coop\/gl\/somos-socios-de-fiare-banca-etica-por-coherencia-con-nuestros-principios\/"]}]},{"@type":"ImageObject","inLanguage":"gl-ES","@id":"https:\/\/www.fiarebancaetica.coop\/gl\/somos-socios-de-fiare-banca-etica-por-coherencia-con-nuestros-principios\/#primaryimage","url":"https:\/\/www.fiarebancaetica.coop\/app\/uploads\/sites\/2\/2023\/12\/trabajamos-fiare-banca-etica-por-coherencia-nuestros-principios.png","contentUrl":"https:\/\/www.fiarebancaetica.coop\/app\/uploads\/sites\/2\/2023\/12\/trabajamos-fiare-banca-etica-por-coherencia-nuestros-principios.png","width":1024,"height":800},{"@type":"BreadcrumbList","@id":"https:\/\/www.fiarebancaetica.coop\/gl\/somos-socios-de-fiare-banca-etica-por-coherencia-con-nuestros-principios\/#breadcrumb","itemListElement":[{"@type":"ListItem","position":1,"name":"Home","item":"https:\/\/www.fiarebancaetica.coop\/gl\/"},{"@type":"ListItem","position":2,"name":"Somos socios de Fiare Banca Etica por coherencia cos nosos principios"}]},{"@type":"WebSite","@id":"https:\/\/www.fiarebancaetica.coop\/gl\/#website","url":"https:\/\/www.fiarebancaetica.coop\/gl\/","name":"Fiare Banca Etica","description":"","potentialAction":[{"@type":"SearchAction","target":{"@type":"EntryPoint","urlTemplate":"https:\/\/www.fiarebancaetica.coop\/gl\/?s={search_term_string}"},"query-input":{"@type":"PropertyValueSpecification","valueRequired":true,"valueName":"search_term_string"}}],"inLanguage":"gl-ES"},{"@type":"Person","@id":"https:\/\/www.fiarebancaetica.coop\/gl\/#\/schema\/person\/579841e89c804b5db05d9141bd9b8272","name":"crispyadmin0","image":{"@type":"ImageObject","inLanguage":"gl-ES","@id":"https:\/\/www.fiarebancaetica.coop\/gl\/#\/schema\/person\/image\/5f3a6b7786f32f4c35bd2b1a5a4698ea","url":"https:\/\/secure.gravatar.com\/avatar\/4d2cfb499d497b6d49da659fab7404b243a87fe8e40d2cf97a1cae48f677f5b2?s=96&d=mm&r=g","contentUrl":"https:\/\/secure.gravatar.com\/avatar\/4d2cfb499d497b6d49da659fab7404b243a87fe8e40d2cf97a1cae48f677f5b2?s=96&d=mm&r=g","caption":"crispyadmin0"},"sameAs":["crispyadmin0"]}]}},"_links":{"self":[{"href":"https:\/\/www.fiarebancaetica.coop\/gl\/wp-json\/wp\/v2\/posts\/342997","targetHints":{"allow":["GET"]}}],"collection":[{"href":"https:\/\/www.fiarebancaetica.coop\/gl\/wp-json\/wp\/v2\/posts"}],"about":[{"href":"https:\/\/www.fiarebancaetica.coop\/gl\/wp-json\/wp\/v2\/types\/post"}],"author":[{"embeddable":true,"href":"https:\/\/www.fiarebancaetica.coop\/gl\/wp-json\/wp\/v2\/users\/2"}],"replies":[{"embeddable":true,"href":"https:\/\/www.fiarebancaetica.coop\/gl\/wp-json\/wp\/v2\/comments?post=342997"}],"version-history":[{"count":5,"href":"https:\/\/www.fiarebancaetica.coop\/gl\/wp-json\/wp\/v2\/posts\/342997\/revisions"}],"predecessor-version":[{"id":370659,"href":"https:\/\/www.fiarebancaetica.coop\/gl\/wp-json\/wp\/v2\/posts\/342997\/revisions\/370659"}],"wp:featuredmedia":[{"embeddable":true,"href":"https:\/\/www.fiarebancaetica.coop\/gl\/wp-json\/wp\/v2\/media\/330589"}],"wp:attachment":[{"href":"https:\/\/www.fiarebancaetica.coop\/gl\/wp-json\/wp\/v2\/media?parent=342997"}],"wp:term":[{"taxonomy":"category","embeddable":true,"href":"https:\/\/www.fiarebancaetica.coop\/gl\/wp-json\/wp\/v2\/categories?post=342997"},{"taxonomy":"post_tag","embeddable":true,"href":"https:\/\/www.fiarebancaetica.coop\/gl\/wp-json\/wp\/v2\/tags?post=342997"},{"taxonomy":"author","embeddable":true,"href":"https:\/\/www.fiarebancaetica.coop\/gl\/wp-json\/wp\/v2\/coauthors?post=342997"}],"curies":[{"name":"wp","href":"https:\/\/api.w.org\/{rel}","templated":true}]}}