{"id":343088,"date":"2023-06-07T00:00:00","date_gmt":"2023-06-06T22:00:00","guid":{"rendered":"https:\/\/www.fiarebancaetica.coop\/inauguracion-de-la-planta-solar-asomada-de-som-energia-en-cartagena\/"},"modified":"2024-02-21T14:45:36","modified_gmt":"2024-02-21T13:45:36","slug":"inauguracion-de-la-planta-solar-asomada-de-som-energia-en-cartagena","status":"publish","type":"post","link":"https:\/\/www.fiarebancaetica.coop\/gl\/inauguracion-de-la-planta-solar-asomada-de-som-energia-en-cartagena\/","title":{"rendered":"Inauguraci\u00f3n de la planta solar Asomada de Som Energia en Cartagena"},"content":{"rendered":"\n\n<div class=\"wp-block-bancaetica-blocks-blocks-block-49\">\n    <div class=\"container-block-49\">\n\n        <div class=\"header-section \">\n                            <h1 class=\"section-title\"> Etica e cooperativa <\/h1>\n                                            <\/div>\n\n        \n        <div class=\"block-background\" style=\"background-image: url('https:\/\/www.fiarebancaetica.coop\/app\/uploads\/sites\/2\/2023\/12\/inauguracion-de-planta-solar-asomada-de-som-energia-en-cartagena-scaled.jpg')\">\n                            <div class=\"tile\">\n                    <h1 class=\"image-title\"> Inauguraci\u00f3n de la planta solar Asomada de Som Energia en Cartagena <\/h1>\n                <\/div>             <!-- end .tile -->\n            <div class=\"bottom-content\">\n                            <\/div> <!-- end .button-content -->\n        <\/div> <!-- end .block-background -->\n    <\/div> <!-- end .container -->\n<\/div> <!-- end wp-block-bancaetica-blocks-blocks-block-06 -->\n\n\n<div class=\"wrapper-crispybacon-class wrapper-crispybacon-class-boxed \">\n    <p>\n\tEste s\u00e1bado tuvo lugar la <strong>inauguraci\u00f3n de la planta fotovoltaica<\/strong> de Asomada Solar en Cartagena (Murcia), gracias a la colaboraci\u00f3n conjunta con Som Energia.<\/p>\n<p>\n\tLa<strong> planta Asomada Solar,<\/strong> que se puso en funcionamiento a principios de a\u00f1o y es propiedad de Som Energia, ha tenido un coste total de 2,82 millones de euros, y cuenta con 3,8 MW de potencia nominal y una producci\u00f3n de energ\u00eda equivalente al uso anual de electricidad de casi 2.500 hogares (6.700 MWh\/a\u00f1o).&nbsp; Este tipo de plantas son muy necesarias en estos momentos de crisis energ\u00e9tica y son una aportaci\u00f3n a la generaci\u00f3n de energ\u00eda a partir de una fuente natural, como es la energ\u00eda solar.<\/p>\n<p>\n\t<img decoding=\"async\" alt=\"\" src=\"http:\/\/www.fiarebancaetica.coop\/app\/uploads\/sites\/2\/2023\/12\/asomada2-scaled.jpg\" style=\"width: 500px; height: 333px;\" \/><\/p>\n<p>\n\t<strong>Aina Barcel\u00f3, miembro del Consejo Rector de Som Energia<\/strong>, afirma que esta nueva planta solar \u201cnos permite que la energ\u00eda que generamos est\u00e9 en manos de la ciudadan\u00eda y no de oligopolios, y as\u00ed avanzar hacia la transformaci\u00f3n energ\u00e9tica basada en proyectos peque\u00f1os distribuidos por el territorio, con participaci\u00f3n de la comunidad local.\u201d<\/p>\n<p>\n\tSu construcci\u00f3n ha sido posible gracias a la colaboraci\u00f3n con Fiare Banca Etica. En palabras de la presidenta de Banca Etica, Anna Fasano, \u201cnuestras finanzas producen beneficios sanos, renunciando a las ganancias derivadas del comercio de las fuentes f\u00f3siles, y apoyan a quien invierte en proyectos de desarrollo que protegen el medio ambiente y los derechos de las personas\u201d.<\/p>\n<p>\n\tDurante el acto, al que acudieron 70 personas, se explic\u00f3 el funcionamiento t\u00e9cnico de la planta y qu\u00e9 aporta una instalaci\u00f3n de este tipo. Adem\u00e1s, fue un espacio de encuentro de estas dos entidades cooperativas que comparten una filosof\u00eda en com\u00fan en relaci\u00f3n con la gesti\u00f3n de la gobernanza y la construcci\u00f3n de ciudadan\u00eda activa.<\/p>\n<p>\n\t<img decoding=\"async\" alt=\"\" src=\"http:\/\/www.fiarebancaetica.coop\/app\/uploads\/sites\/2\/2023\/12\/ASOMADA_SOLAR-31-scaled.jpg\" style=\"width: 500px;\" \/><\/p>\n<p>\n\t_______________________________________________________________________________________________________<\/p>\n<h1>\n\tSom Energia i Fiare Banca Etica inaugurem una planta solar a Cartagena<\/h1>\n<p>\n\tAquest dissabte es va inaugurar la planta fotovoltaica d&#8217;Asomada Solar a Cartagena (M\u00farcia), gr\u00e0cies a la col\u00b7laboraci\u00f3 amb SomEnergia.<\/p>\n<p>\n\tLa planta Asomada Solar, la construcci\u00f3 de la qual va finalitzar al desembre de 2021, es va posar en funcionament a principis d&#8217;enguany i \u00e9s propietat de Som Energia. Ha tingut un cost total de 2,82 milions d&#8217;euros, i compta amb 3,8 MW de pot\u00e8ncia nominal i una producci\u00f3 d&#8217;energia equivalent a l&#8217;\u00fas anual d&#8217;electricitat de gaireb\u00e9 2.500 llars (6.700 MWh\/any). Aquest tipus de plantes de petit format (menys de 5 MW de pot\u00e8ncia) s\u00f3n molt necess\u00e0ries en aquests moments de crisi energ\u00e8tica i s\u00f3n una aportaci\u00f3 a la generaci\u00f3 d&#8217;energia a partir d&#8217;una font natural, com \u00e9s l&#8217;energia solar.<\/p>\n<p>\n\tDespr\u00e9s de d\u00e8cades intentat instaurar un pla per al desenvolupament d&#8217;un sistema de producci\u00f3 d&#8217;energies renovables, en l&#8217;actualitat continuen havent-hi traves per a la tramitaci\u00f3 de plantes de producci\u00f3 d&#8217;energia sostenible en un pa\u00eds on el sol \u00e9s un dels recursos naturals m\u00e9s abundants. Queda bastant per a fer per a incentivar encara m\u00e9s aquests sistemes de producci\u00f3 d&#8217;energia m\u00e9s neta i amb menys impacte mediambiental per a aconseguir un model energ\u00e8tic 100% renovable, distribu\u00eft i responsable.<\/p>\n<p>\n\tLa construcci\u00f3 de la planta ha estat possible gr\u00e0cies a la col\u00b7laboraci\u00f3 amb Fiare Banca Etica, un banc que basa la seva activitat en la transformaci\u00f3 social a trav\u00e9s del finan\u00e7ament de projectes del tercer sector, l&#8217;economia social i mediambientals.<\/p>\n<p>\n\t<img decoding=\"async\" alt=\"\" src=\"http:\/\/www.fiarebancaetica.coop\/app\/uploads\/sites\/2\/2023\/12\/ASOMADA_SOLAR-26-scaled.jpg\" style=\"width: 500px;\" \/><\/p>\n<p>\n\t<strong>Aina Barcel\u00f3, membre del Consell Rector de Som Energia,<\/strong> afirma que aquesta nova planta solar \u201cens permet que l&#8217;energia que generem estigui en mans de la ciutadania i no d&#8217;oligopolis, i aix\u00ed avan\u00e7ar cap a la transformaci\u00f3 energ\u00e8tica basada en projectes petits distribu\u00efts pel territori, amb participaci\u00f3 de la comunitat local.\u201d<\/p>\n<p>\n\tEn paraules de la presidenta de Banca Etica, Anna Fasano, <strong>\u201cles nostres finances produeixen beneficis sans, renunciant als guanys derivats del comer\u00e7 de les fonts f\u00f2ssils<\/strong>, i fan costat a qui inverteix en projectes de desenvolupament que protegeixen el medi ambient i els drets de les persones\u201d.<\/p>\n<p>\n\tDurant l&#8217;acte, <strong>van participar al voltant de 70 persones s\u00f2cies <\/strong>de totes dues entitats. A m\u00e9s de ser una acte de celebraci\u00f3 de la posada en marxa de la planta solar, es va explicar el seu funcionament t\u00e8cnic i la necessitat de desenvolupar plantes de producci\u00f3 d&#8217;energia sostenible. A m\u00e9s, va ser un espai de trobada d&#8217;aquestes dues entitats cooperatives que comparteixen una filosofia en com\u00fa en relaci\u00f3 amb la gesti\u00f3 de la governan\u00e7a i la construcci\u00f3 de ciutadania activa.<\/p>\n<p>\n\t<img decoding=\"async\" alt=\"\" src=\"http:\/\/www.fiarebancaetica.coop\/app\/uploads\/sites\/2\/2023\/12\/ASOMADA_SOLAR-14-scaled.jpg\" style=\"width: 500px;\" \/><\/p>\n<\/div>","protected":false},"excerpt":{"rendered":"<p>\n\tFiare Banca Etica y Som Energia inauguran una planta solar en Cartagena<\/p>\n","protected":false},"author":2,"featured_media":330462,"comment_status":"open","ping_status":"closed","sticky":false,"template":"","format":"standard","meta":{"_acf_changed":false,"footnotes":""},"categories":[11664],"tags":[11904],"coauthors":[2891],"class_list":["post-343088","post","type-post","status-publish","format-standard","has-post-thumbnail","hentry","category-historias-de-impacto-positivo","tag-realidades-financiadas-gl"],"acf":[],"yoast_head":"<!-- This site is optimized with the Yoast SEO plugin v26.9 - https:\/\/yoast.com\/product\/yoast-seo-wordpress\/ -->\n<title>Inauguraci\u00f3n de la planta solar Asomada de Som Energia en Cartagena - Fiare Banca Etica<\/title>\n<meta name=\"robots\" content=\"index, follow, max-snippet:-1, max-image-preview:large, max-video-preview:-1\" \/>\n<link rel=\"canonical\" href=\"https:\/\/www.fiarebancaetica.coop\/gl\/inauguracion-de-la-planta-solar-asomada-de-som-energia-en-cartagena\/\" \/>\n<meta property=\"og:locale\" content=\"gl_ES\" \/>\n<meta property=\"og:type\" content=\"article\" \/>\n<meta property=\"og:title\" content=\"Inauguraci\u00f3n de la planta solar Asomada de Som Energia en Cartagena - Fiare Banca Etica\" \/>\n<meta property=\"og:description\" content=\"Fiare Banca Etica y Som Energia inauguran una planta solar en Cartagena\" \/>\n<meta property=\"og:url\" content=\"https:\/\/www.fiarebancaetica.coop\/gl\/inauguracion-de-la-planta-solar-asomada-de-som-energia-en-cartagena\/\" \/>\n<meta property=\"og:site_name\" content=\"Fiare Banca Etica\" \/>\n<meta property=\"article:published_time\" content=\"2023-06-06T22:00:00+00:00\" \/>\n<meta property=\"article:modified_time\" content=\"2024-02-21T13:45:36+00:00\" \/>\n<meta property=\"og:image\" content=\"https:\/\/www.fiarebancaetica.coop\/app\/uploads\/sites\/2\/2023\/12\/inauguracion-de-planta-solar-asomada-de-som-energia-en-cartagena-scaled.jpg\" \/>\n\t<meta property=\"og:image:width\" content=\"2560\" \/>\n\t<meta property=\"og:image:height\" content=\"1446\" \/>\n\t<meta property=\"og:image:type\" content=\"image\/jpeg\" \/>\n<meta name=\"author\" content=\"crispyadmin0\" \/>\n<meta name=\"twitter:card\" content=\"summary_large_image\" \/>\n<script type=\"application\/ld+json\" class=\"yoast-schema-graph\">{\"@context\":\"https:\/\/schema.org\",\"@graph\":[{\"@type\":\"Article\",\"@id\":\"https:\/\/www.fiarebancaetica.coop\/gl\/inauguracion-de-la-planta-solar-asomada-de-som-energia-en-cartagena\/#article\",\"isPartOf\":{\"@id\":\"https:\/\/www.fiarebancaetica.coop\/gl\/inauguracion-de-la-planta-solar-asomada-de-som-energia-en-cartagena\/\"},\"author\":{\"name\":\"crispyadmin0\",\"@id\":\"https:\/\/www.fiarebancaetica.coop\/gl\/#\/schema\/person\/579841e89c804b5db05d9141bd9b8272\"},\"headline\":\"Inauguraci\u00f3n de la planta solar Asomada de Som Energia en Cartagena\",\"datePublished\":\"2023-06-06T22:00:00+00:00\",\"dateModified\":\"2024-02-21T13:45:36+00:00\",\"mainEntityOfPage\":{\"@id\":\"https:\/\/www.fiarebancaetica.coop\/gl\/inauguracion-de-la-planta-solar-asomada-de-som-energia-en-cartagena\/\"},\"wordCount\":786,\"commentCount\":0,\"image\":{\"@id\":\"https:\/\/www.fiarebancaetica.coop\/gl\/inauguracion-de-la-planta-solar-asomada-de-som-energia-en-cartagena\/#primaryimage\"},\"thumbnailUrl\":\"https:\/\/www.fiarebancaetica.coop\/app\/uploads\/sites\/2\/2023\/12\/inauguracion-de-planta-solar-asomada-de-som-energia-en-cartagena-scaled.jpg\",\"keywords\":[\"Realidades financiadas\"],\"articleSection\":[\"Historias de impacto positivo\"],\"inLanguage\":\"gl-ES\",\"potentialAction\":[{\"@type\":\"CommentAction\",\"name\":\"Comment\",\"target\":[\"https:\/\/www.fiarebancaetica.coop\/gl\/inauguracion-de-la-planta-solar-asomada-de-som-energia-en-cartagena\/#respond\"]}]},{\"@type\":\"WebPage\",\"@id\":\"https:\/\/www.fiarebancaetica.coop\/gl\/inauguracion-de-la-planta-solar-asomada-de-som-energia-en-cartagena\/\",\"url\":\"https:\/\/www.fiarebancaetica.coop\/gl\/inauguracion-de-la-planta-solar-asomada-de-som-energia-en-cartagena\/\",\"name\":\"Inauguraci\u00f3n de la planta solar Asomada de Som Energia en Cartagena - Fiare Banca Etica\",\"isPartOf\":{\"@id\":\"https:\/\/www.fiarebancaetica.coop\/gl\/#website\"},\"primaryImageOfPage\":{\"@id\":\"https:\/\/www.fiarebancaetica.coop\/gl\/inauguracion-de-la-planta-solar-asomada-de-som-energia-en-cartagena\/#primaryimage\"},\"image\":{\"@id\":\"https:\/\/www.fiarebancaetica.coop\/gl\/inauguracion-de-la-planta-solar-asomada-de-som-energia-en-cartagena\/#primaryimage\"},\"thumbnailUrl\":\"https:\/\/www.fiarebancaetica.coop\/app\/uploads\/sites\/2\/2023\/12\/inauguracion-de-planta-solar-asomada-de-som-energia-en-cartagena-scaled.jpg\",\"datePublished\":\"2023-06-06T22:00:00+00:00\",\"dateModified\":\"2024-02-21T13:45:36+00:00\",\"author\":{\"@id\":\"https:\/\/www.fiarebancaetica.coop\/gl\/#\/schema\/person\/579841e89c804b5db05d9141bd9b8272\"},\"breadcrumb\":{\"@id\":\"https:\/\/www.fiarebancaetica.coop\/gl\/inauguracion-de-la-planta-solar-asomada-de-som-energia-en-cartagena\/#breadcrumb\"},\"inLanguage\":\"gl-ES\",\"potentialAction\":[{\"@type\":\"ReadAction\",\"target\":[\"https:\/\/www.fiarebancaetica.coop\/gl\/inauguracion-de-la-planta-solar-asomada-de-som-energia-en-cartagena\/\"]}]},{\"@type\":\"ImageObject\",\"inLanguage\":\"gl-ES\",\"@id\":\"https:\/\/www.fiarebancaetica.coop\/gl\/inauguracion-de-la-planta-solar-asomada-de-som-energia-en-cartagena\/#primaryimage\",\"url\":\"https:\/\/www.fiarebancaetica.coop\/app\/uploads\/sites\/2\/2023\/12\/inauguracion-de-planta-solar-asomada-de-som-energia-en-cartagena-scaled.jpg\",\"contentUrl\":\"https:\/\/www.fiarebancaetica.coop\/app\/uploads\/sites\/2\/2023\/12\/inauguracion-de-planta-solar-asomada-de-som-energia-en-cartagena-scaled.jpg\",\"width\":2560,\"height\":1446},{\"@type\":\"BreadcrumbList\",\"@id\":\"https:\/\/www.fiarebancaetica.coop\/gl\/inauguracion-de-la-planta-solar-asomada-de-som-energia-en-cartagena\/#breadcrumb\",\"itemListElement\":[{\"@type\":\"ListItem\",\"position\":1,\"name\":\"Home\",\"item\":\"https:\/\/www.fiarebancaetica.coop\/gl\/\"},{\"@type\":\"ListItem\",\"position\":2,\"name\":\"Inauguraci\u00f3n de la planta solar Asomada de Som Energia en Cartagena\"}]},{\"@type\":\"WebSite\",\"@id\":\"https:\/\/www.fiarebancaetica.coop\/gl\/#website\",\"url\":\"https:\/\/www.fiarebancaetica.coop\/gl\/\",\"name\":\"Fiare Banca Etica\",\"description\":\"\",\"potentialAction\":[{\"@type\":\"SearchAction\",\"target\":{\"@type\":\"EntryPoint\",\"urlTemplate\":\"https:\/\/www.fiarebancaetica.coop\/gl\/?s={search_term_string}\"},\"query-input\":{\"@type\":\"PropertyValueSpecification\",\"valueRequired\":true,\"valueName\":\"search_term_string\"}}],\"inLanguage\":\"gl-ES\"},{\"@type\":\"Person\",\"@id\":\"https:\/\/www.fiarebancaetica.coop\/gl\/#\/schema\/person\/579841e89c804b5db05d9141bd9b8272\",\"name\":\"crispyadmin0\",\"image\":{\"@type\":\"ImageObject\",\"inLanguage\":\"gl-ES\",\"@id\":\"https:\/\/www.fiarebancaetica.coop\/gl\/#\/schema\/person\/image\/5f3a6b7786f32f4c35bd2b1a5a4698ea\",\"url\":\"https:\/\/secure.gravatar.com\/avatar\/4d2cfb499d497b6d49da659fab7404b243a87fe8e40d2cf97a1cae48f677f5b2?s=96&d=mm&r=g\",\"contentUrl\":\"https:\/\/secure.gravatar.com\/avatar\/4d2cfb499d497b6d49da659fab7404b243a87fe8e40d2cf97a1cae48f677f5b2?s=96&d=mm&r=g\",\"caption\":\"crispyadmin0\"},\"sameAs\":[\"crispyadmin0\"]}]}<\/script>\n<!-- \/ Yoast SEO plugin. -->","yoast_head_json":{"title":"Inauguraci\u00f3n de la planta solar Asomada de Som Energia en Cartagena - Fiare Banca Etica","robots":{"index":"index","follow":"follow","max-snippet":"max-snippet:-1","max-image-preview":"max-image-preview:large","max-video-preview":"max-video-preview:-1"},"canonical":"https:\/\/www.fiarebancaetica.coop\/gl\/inauguracion-de-la-planta-solar-asomada-de-som-energia-en-cartagena\/","og_locale":"gl_ES","og_type":"article","og_title":"Inauguraci\u00f3n de la planta solar Asomada de Som Energia en Cartagena - Fiare Banca Etica","og_description":"Fiare Banca Etica y Som Energia inauguran una planta solar en Cartagena","og_url":"https:\/\/www.fiarebancaetica.coop\/gl\/inauguracion-de-la-planta-solar-asomada-de-som-energia-en-cartagena\/","og_site_name":"Fiare Banca Etica","article_published_time":"2023-06-06T22:00:00+00:00","article_modified_time":"2024-02-21T13:45:36+00:00","og_image":[{"width":2560,"height":1446,"url":"https:\/\/www.fiarebancaetica.coop\/app\/uploads\/sites\/2\/2023\/12\/inauguracion-de-planta-solar-asomada-de-som-energia-en-cartagena-scaled.jpg","type":"image\/jpeg"}],"author":"crispyadmin0","twitter_card":"summary_large_image","schema":{"@context":"https:\/\/schema.org","@graph":[{"@type":"Article","@id":"https:\/\/www.fiarebancaetica.coop\/gl\/inauguracion-de-la-planta-solar-asomada-de-som-energia-en-cartagena\/#article","isPartOf":{"@id":"https:\/\/www.fiarebancaetica.coop\/gl\/inauguracion-de-la-planta-solar-asomada-de-som-energia-en-cartagena\/"},"author":{"name":"crispyadmin0","@id":"https:\/\/www.fiarebancaetica.coop\/gl\/#\/schema\/person\/579841e89c804b5db05d9141bd9b8272"},"headline":"Inauguraci\u00f3n de la planta solar Asomada de Som Energia en Cartagena","datePublished":"2023-06-06T22:00:00+00:00","dateModified":"2024-02-21T13:45:36+00:00","mainEntityOfPage":{"@id":"https:\/\/www.fiarebancaetica.coop\/gl\/inauguracion-de-la-planta-solar-asomada-de-som-energia-en-cartagena\/"},"wordCount":786,"commentCount":0,"image":{"@id":"https:\/\/www.fiarebancaetica.coop\/gl\/inauguracion-de-la-planta-solar-asomada-de-som-energia-en-cartagena\/#primaryimage"},"thumbnailUrl":"https:\/\/www.fiarebancaetica.coop\/app\/uploads\/sites\/2\/2023\/12\/inauguracion-de-planta-solar-asomada-de-som-energia-en-cartagena-scaled.jpg","keywords":["Realidades financiadas"],"articleSection":["Historias de impacto positivo"],"inLanguage":"gl-ES","potentialAction":[{"@type":"CommentAction","name":"Comment","target":["https:\/\/www.fiarebancaetica.coop\/gl\/inauguracion-de-la-planta-solar-asomada-de-som-energia-en-cartagena\/#respond"]}]},{"@type":"WebPage","@id":"https:\/\/www.fiarebancaetica.coop\/gl\/inauguracion-de-la-planta-solar-asomada-de-som-energia-en-cartagena\/","url":"https:\/\/www.fiarebancaetica.coop\/gl\/inauguracion-de-la-planta-solar-asomada-de-som-energia-en-cartagena\/","name":"Inauguraci\u00f3n de la planta solar Asomada de Som Energia en Cartagena - Fiare Banca Etica","isPartOf":{"@id":"https:\/\/www.fiarebancaetica.coop\/gl\/#website"},"primaryImageOfPage":{"@id":"https:\/\/www.fiarebancaetica.coop\/gl\/inauguracion-de-la-planta-solar-asomada-de-som-energia-en-cartagena\/#primaryimage"},"image":{"@id":"https:\/\/www.fiarebancaetica.coop\/gl\/inauguracion-de-la-planta-solar-asomada-de-som-energia-en-cartagena\/#primaryimage"},"thumbnailUrl":"https:\/\/www.fiarebancaetica.coop\/app\/uploads\/sites\/2\/2023\/12\/inauguracion-de-planta-solar-asomada-de-som-energia-en-cartagena-scaled.jpg","datePublished":"2023-06-06T22:00:00+00:00","dateModified":"2024-02-21T13:45:36+00:00","author":{"@id":"https:\/\/www.fiarebancaetica.coop\/gl\/#\/schema\/person\/579841e89c804b5db05d9141bd9b8272"},"breadcrumb":{"@id":"https:\/\/www.fiarebancaetica.coop\/gl\/inauguracion-de-la-planta-solar-asomada-de-som-energia-en-cartagena\/#breadcrumb"},"inLanguage":"gl-ES","potentialAction":[{"@type":"ReadAction","target":["https:\/\/www.fiarebancaetica.coop\/gl\/inauguracion-de-la-planta-solar-asomada-de-som-energia-en-cartagena\/"]}]},{"@type":"ImageObject","inLanguage":"gl-ES","@id":"https:\/\/www.fiarebancaetica.coop\/gl\/inauguracion-de-la-planta-solar-asomada-de-som-energia-en-cartagena\/#primaryimage","url":"https:\/\/www.fiarebancaetica.coop\/app\/uploads\/sites\/2\/2023\/12\/inauguracion-de-planta-solar-asomada-de-som-energia-en-cartagena-scaled.jpg","contentUrl":"https:\/\/www.fiarebancaetica.coop\/app\/uploads\/sites\/2\/2023\/12\/inauguracion-de-planta-solar-asomada-de-som-energia-en-cartagena-scaled.jpg","width":2560,"height":1446},{"@type":"BreadcrumbList","@id":"https:\/\/www.fiarebancaetica.coop\/gl\/inauguracion-de-la-planta-solar-asomada-de-som-energia-en-cartagena\/#breadcrumb","itemListElement":[{"@type":"ListItem","position":1,"name":"Home","item":"https:\/\/www.fiarebancaetica.coop\/gl\/"},{"@type":"ListItem","position":2,"name":"Inauguraci\u00f3n de la planta solar Asomada de Som Energia en Cartagena"}]},{"@type":"WebSite","@id":"https:\/\/www.fiarebancaetica.coop\/gl\/#website","url":"https:\/\/www.fiarebancaetica.coop\/gl\/","name":"Fiare Banca Etica","description":"","potentialAction":[{"@type":"SearchAction","target":{"@type":"EntryPoint","urlTemplate":"https:\/\/www.fiarebancaetica.coop\/gl\/?s={search_term_string}"},"query-input":{"@type":"PropertyValueSpecification","valueRequired":true,"valueName":"search_term_string"}}],"inLanguage":"gl-ES"},{"@type":"Person","@id":"https:\/\/www.fiarebancaetica.coop\/gl\/#\/schema\/person\/579841e89c804b5db05d9141bd9b8272","name":"crispyadmin0","image":{"@type":"ImageObject","inLanguage":"gl-ES","@id":"https:\/\/www.fiarebancaetica.coop\/gl\/#\/schema\/person\/image\/5f3a6b7786f32f4c35bd2b1a5a4698ea","url":"https:\/\/secure.gravatar.com\/avatar\/4d2cfb499d497b6d49da659fab7404b243a87fe8e40d2cf97a1cae48f677f5b2?s=96&d=mm&r=g","contentUrl":"https:\/\/secure.gravatar.com\/avatar\/4d2cfb499d497b6d49da659fab7404b243a87fe8e40d2cf97a1cae48f677f5b2?s=96&d=mm&r=g","caption":"crispyadmin0"},"sameAs":["crispyadmin0"]}]}},"_links":{"self":[{"href":"https:\/\/www.fiarebancaetica.coop\/gl\/wp-json\/wp\/v2\/posts\/343088","targetHints":{"allow":["GET"]}}],"collection":[{"href":"https:\/\/www.fiarebancaetica.coop\/gl\/wp-json\/wp\/v2\/posts"}],"about":[{"href":"https:\/\/www.fiarebancaetica.coop\/gl\/wp-json\/wp\/v2\/types\/post"}],"author":[{"embeddable":true,"href":"https:\/\/www.fiarebancaetica.coop\/gl\/wp-json\/wp\/v2\/users\/2"}],"replies":[{"embeddable":true,"href":"https:\/\/www.fiarebancaetica.coop\/gl\/wp-json\/wp\/v2\/comments?post=343088"}],"version-history":[{"count":1,"href":"https:\/\/www.fiarebancaetica.coop\/gl\/wp-json\/wp\/v2\/posts\/343088\/revisions"}],"predecessor-version":[{"id":355438,"href":"https:\/\/www.fiarebancaetica.coop\/gl\/wp-json\/wp\/v2\/posts\/343088\/revisions\/355438"}],"wp:featuredmedia":[{"embeddable":true,"href":"https:\/\/www.fiarebancaetica.coop\/gl\/wp-json\/wp\/v2\/media\/330462"}],"wp:attachment":[{"href":"https:\/\/www.fiarebancaetica.coop\/gl\/wp-json\/wp\/v2\/media?parent=343088"}],"wp:term":[{"taxonomy":"category","embeddable":true,"href":"https:\/\/www.fiarebancaetica.coop\/gl\/wp-json\/wp\/v2\/categories?post=343088"},{"taxonomy":"post_tag","embeddable":true,"href":"https:\/\/www.fiarebancaetica.coop\/gl\/wp-json\/wp\/v2\/tags?post=343088"},{"taxonomy":"author","embeddable":true,"href":"https:\/\/www.fiarebancaetica.coop\/gl\/wp-json\/wp\/v2\/coauthors?post=343088"}],"curies":[{"name":"wp","href":"https:\/\/api.w.org\/{rel}","templated":true}]}}