{"id":343105,"date":"2023-05-11T00:00:00","date_gmt":"2023-05-10T22:00:00","guid":{"rendered":"https:\/\/www.fiarebancaetica.coop\/compromiso-reciclaje-e-insercion-de-la-mano-de-emaus-gipuzkoa\/"},"modified":"2024-02-21T14:45:51","modified_gmt":"2024-02-21T13:45:51","slug":"compromiso-reciclaje-e-insercion-de-la-mano-de-emaus-gipuzkoa","status":"publish","type":"post","link":"https:\/\/www.fiarebancaetica.coop\/gl\/compromiso-reciclaje-e-insercion-de-la-mano-de-emaus-gipuzkoa\/","title":{"rendered":"Compromiso, reciclaje e inserci\u00f3n de la mano de Emaus Gipuzkoa"},"content":{"rendered":"\n\n<div class=\"wp-block-bancaetica-blocks-blocks-block-49\">\n    <div class=\"container-block-49\">\n\n        <div class=\"header-section \">\n                            <h1 class=\"section-title\"> Etica e cooperativa <\/h1>\n                                            <\/div>\n\n        \n        <div class=\"block-background\" style=\"background-image: url('https:\/\/www.fiarebancaetica.coop\/app\/uploads\/sites\/2\/2023\/12\/compromiso-reciclaje-insercion-de-mano-de-emaus-gipuzkoa.jpg')\">\n                            <div class=\"tile\">\n                    <h1 class=\"image-title\"> Compromiso, reciclaje e inserci\u00f3n de la mano de Emaus Gipuzkoa <\/h1>\n                <\/div>             <!-- end .tile -->\n            <div class=\"bottom-content\">\n                            <\/div> <!-- end .button-content -->\n        <\/div> <!-- end .block-background -->\n    <\/div> <!-- end .container -->\n<\/div> <!-- end wp-block-bancaetica-blocks-blocks-block-06 -->\n\n\n<div class=\"wrapper-crispybacon-class wrapper-crispybacon-class-boxed \">\n    <p>\n\t<a href=\"#eu\">Euskera<\/a><\/p>\n<p>\n\tM\u00e1s de <strong>4 d\u00e9cadas <\/strong>lleva Emaus Gipuzkoa trabajando en el abordaje del fen\u00f3meno de la<strong> exclusi\u00f3n social<\/strong> siempre bajo la misma premisa: que las personas sean el centro de todas sus actuaciones.<\/p>\n<p>\n\tA lo largo de estos a\u00f1os han ido poniendo en marcha diversos programas y servicios orientados a atender las necesidades de personas que pudieran estar en situaci\u00f3n de riesgo y\/o exclusi\u00f3n social.<\/p>\n<p>\n\tEl<strong> compromiso ambiental y social <\/strong>son otras de las bases de Ema\u00fas, una asociaci\u00f3n pionera en Europa en el campo de la<strong> reutilizaci\u00f3n y aprovechamiento de residuos.<\/strong><\/p>\n<p>\n\tSu objetivo es conseguir un mundo m\u00e1s justo y solidario, facilitando la incorporaci\u00f3n laboral a trav\u00e9s del trabajo de recogida, reutilizaci\u00f3n y reciclaje de objetos que pone a la venta nos sus propios rastros.<\/p>\n<p>\n\t<img decoding=\"async\" alt=\"\" src=\"http:\/\/www.fiarebancaetica.coop\/app\/uploads\/sites\/2\/2023\/12\/Diseno-sin-titulo-4.jpg\" style=\"width: 540px; height: 280px;\" \/><\/p>\n<h2>\n\tReciclaje como motor de transformaci\u00f3n social<\/h2>\n<p>\n\tEma\u00fas sigue apostando por la <strong>venta de segunda mano<\/strong> y para avanzar por esta v\u00eda abrir\u00e1 <strong>dos nuevas tiendas en Gipuzkoa con el apoyo financiero de Fiare Banca Etica<\/strong>: una en Hernani y otra en Errenteria. Se trata de espacios de venta con moda, calzado y complementos, muebles recuperados, iluminaci\u00f3n, juguetes y objetos de decoraci\u00f3n que permiten llevar a cabo una compra responsable, solidaria y \u00fanica.<\/p>\n<p>\n\tEsta apuesta por dar nueva vida a las prendas ya utilizadas se est\u00e1 consolidando como un valor seguro y as\u00ed lo demuestran los datos. En Ema\u00fas, las <strong>ventas de segunda mano han aumentado un 22% entre 2019 y 2022.<\/strong><\/p>\n<p>\n\tLa sociedad est\u00e1 cada vez m\u00e1s concienciada en la necesidad de reciclar, de apostar por la econom\u00eda circular y por&nbsp; la adquisici\u00f3n de prendas ya utilizadas. Los datos respaldan lo que podr\u00eda ser una percepci\u00f3n, ya que el pasado a\u00f1o Ema\u00fas vendi\u00f3 un total de 157.840 prendas previamente usadas, un 22% que en 2019.<\/p>\n<p>\n\t<img decoding=\"async\" alt=\"\" src=\"http:\/\/www.fiarebancaetica.coop\/app\/uploads\/sites\/2\/2023\/12\/Diseno-sin-titulo-5.jpg\" style=\"width: 540px; height: 280px;\" \/><\/p>\n<h2>\n\tUna apuesta por el empleo<\/h2>\n<p>\n\tLa puesta en marcha de estos puntos de venta conlleva la <strong>creaci\u00f3n de seis puestos de trabajo para colectivos vulnerables.<\/strong><\/p>\n<p>\n\tLas personas en riesgo de exclusi\u00f3n que trabajan en Ema\u00fas permanecen contratadas durante tres a\u00f1os y son acompa\u00f1adas en este tiempo por personal especializado de apoyo que les ayuda a encarar su itinerario laboral futuro.<br \/>\n\t<br \/>\n\t<strong>Descubre m\u00e1s en:<\/strong> <a href=\"http:\/\/www.emaus.com\">www.emaus.com<\/a><\/p>\n<p>\n\t<img decoding=\"async\" alt=\"\" src=\"http:\/\/www.fiarebancaetica.coop\/app\/uploads\/sites\/2\/2023\/12\/Diseno-sin-titulo-6.jpg\" style=\"width: 540px; height: 280px;\" \/><\/p>\n<p>\n\t&nbsp;<\/p>\n<p>\n\t________________________________________________________________________________<\/p>\n<h1>\n\t<a id=\"eu\" name=\"eu\"><\/a>Konpromisoa, birziklapena eta gizarteratzea Emaus Gipuzkoaren eskutik<\/h1>\n<p>\n\tLau hamarkada baino gehiago daramatza Emaus Gipuzkoak gizarte-bazterkeriari aurre egiten, betiere premisa berarekin: pertsonak beren jarduera guztien erdigune izatea.<br \/>\n\t&nbsp;<br \/>\n\tUrte hauetan guztietan, hainbat programa eta zerbitzu jarri dituzte abian, arrisku-egoeran eta\/edo gizarte-bazterkeria pairatzeko egoeran egon daitezkeen pertsonen beharrei erantzuteko.&nbsp;<\/p>\n<p>\n\tIngurumenaren aldeko konpromisoa eta gizarte-konpromisoa dira Emausen beste oinarrietako batzuk. Elkartea aitzindaria da Europan hondakinak berrerabiltzearen eta aprobetxatzearen arloan.<\/p>\n<p>\n\tHelburua mundu bidezkoagoa eta solidarioagoa lortzea da, objektuak bildu, berrerabili eta birziklatzeko lanaren bitartez laneratzea erraztuz, objektu horiek bere merkatuetan salgai jarrita.<\/p>\n<h2>\n\tArropari eta gauzei bigarren bizitza ematea, eraldaketa eragiteko<\/h2>\n<p>\n\tEmausek bigarren eskuko salmentaren alde egiten jarraitzen du, eta bide horretatik aurrera egiteko bi denda irekiko ditu Gipuzkoan, Fiare Banca Eticaren finantza-laguntzarekin: bata Hernanin, eta bestea Errenterian. Denda horietan moda, oinetakoak eta osagarriak, berreskuratutako altzariak, argiztapenerako gauzak, jostailuak eta dekorazioko objektuak salduko dira, eta, hala, erosketa arduratsua, solidarioa eta paregabea egiteko aukera emango da.<\/p>\n<p>\n\tErabilitako jantziei beste erabilera bat emateko apustu hori balio seguru gisa sendotzen ari da, eta hala erakusten dute datuek. Emausen, bigarren eskuko salmentak % 22 igo dira 2019 eta 2022 bitartean.<\/p>\n<p>\n\tGizartea gero eta kontzientziatuago dago birziklatzeko beharraz, ekonomia zirkularraren alde egiteaz eta erabilitako jantziak erosteaz. Datuek argi erakusten dute hori ez dela pertzepzio hutsa, iaz Emausek bigarren eskuko 157.840 jantzi saldu baitzituen, 2019an baino % 22 gehiago.<\/p>\n<h2>\n\tEnpleguaren alde<\/h2>\n<p>\n\tSalmenta-puntu horiek martxan jartzeak berekin dakar sei lanpostu sortzea kolektibo kalteberentzat.&nbsp;<\/p>\n<p>\n\tEmausen, baztertuta geratzeko arriskua duten pertsonak aritzen dira lanean, hiru urterako kontratatuta, eta denbora-tarte horretan gizarte-laguntzan adituak diren langileek laguntzen diete etorkizuneko lan-ibilbideari aurre egiten.<br \/>\n\t<br \/>\n\t<a href=\"http:\/\/www.emaus.com\/eu\/\">www.emaus.com\/eu\/<\/a><\/p>\n<\/div>","protected":false},"excerpt":{"rendered":"<p>\n\tM\u00e1s de 4 d\u00e9cadas lleva Emaus Gipuzkoa trabajando en el abordaje del fen\u00f3meno de la exclusi\u00f3n social siempre bajo la misma premisa: que las personas sean el centro de todas sus actuaciones.<\/p>\n","protected":false},"author":2,"featured_media":330438,"comment_status":"open","ping_status":"closed","sticky":false,"template":"","format":"standard","meta":{"_acf_changed":false,"footnotes":""},"categories":[11664],"tags":[11904],"coauthors":[2891],"class_list":["post-343105","post","type-post","status-publish","format-standard","has-post-thumbnail","hentry","category-historias-de-impacto-positivo","tag-realidades-financiadas-gl"],"acf":[],"yoast_head":"<!-- This site is optimized with the Yoast SEO plugin v26.9 - https:\/\/yoast.com\/product\/yoast-seo-wordpress\/ -->\n<title>Compromiso, reciclaje e inserci\u00f3n de la mano de Emaus Gipuzkoa - Fiare Banca Etica<\/title>\n<meta name=\"robots\" content=\"index, follow, max-snippet:-1, max-image-preview:large, max-video-preview:-1\" \/>\n<link rel=\"canonical\" href=\"https:\/\/www.fiarebancaetica.coop\/gl\/compromiso-reciclaje-e-insercion-de-la-mano-de-emaus-gipuzkoa\/\" \/>\n<meta property=\"og:locale\" content=\"gl_ES\" \/>\n<meta property=\"og:type\" content=\"article\" \/>\n<meta property=\"og:title\" content=\"Compromiso, reciclaje e inserci\u00f3n de la mano de Emaus Gipuzkoa - Fiare Banca Etica\" \/>\n<meta property=\"og:description\" content=\"M\u00e1s de 4 d\u00e9cadas lleva Emaus Gipuzkoa trabajando en el abordaje del fen\u00f3meno de la exclusi\u00f3n social siempre bajo la misma premisa: que las personas sean el centro de todas sus actuaciones.\" \/>\n<meta property=\"og:url\" content=\"https:\/\/www.fiarebancaetica.coop\/gl\/compromiso-reciclaje-e-insercion-de-la-mano-de-emaus-gipuzkoa\/\" \/>\n<meta property=\"og:site_name\" content=\"Fiare Banca Etica\" \/>\n<meta property=\"article:published_time\" content=\"2023-05-10T22:00:00+00:00\" \/>\n<meta property=\"article:modified_time\" content=\"2024-02-21T13:45:51+00:00\" \/>\n<meta property=\"og:image\" content=\"https:\/\/www.fiarebancaetica.coop\/app\/uploads\/sites\/2\/2023\/12\/compromiso-reciclaje-insercion-de-mano-de-emaus-gipuzkoa.jpg\" \/>\n\t<meta property=\"og:image:width\" content=\"540\" \/>\n\t<meta property=\"og:image:height\" content=\"280\" \/>\n\t<meta property=\"og:image:type\" content=\"image\/jpeg\" \/>\n<meta name=\"author\" content=\"crispyadmin0\" \/>\n<meta name=\"twitter:card\" content=\"summary_large_image\" \/>\n<script type=\"application\/ld+json\" class=\"yoast-schema-graph\">{\"@context\":\"https:\/\/schema.org\",\"@graph\":[{\"@type\":\"Article\",\"@id\":\"https:\/\/www.fiarebancaetica.coop\/gl\/compromiso-reciclaje-e-insercion-de-la-mano-de-emaus-gipuzkoa\/#article\",\"isPartOf\":{\"@id\":\"https:\/\/www.fiarebancaetica.coop\/gl\/compromiso-reciclaje-e-insercion-de-la-mano-de-emaus-gipuzkoa\/\"},\"author\":{\"name\":\"crispyadmin0\",\"@id\":\"https:\/\/www.fiarebancaetica.coop\/gl\/#\/schema\/person\/579841e89c804b5db05d9141bd9b8272\"},\"headline\":\"Compromiso, reciclaje e inserci\u00f3n de la mano de Emaus Gipuzkoa\",\"datePublished\":\"2023-05-10T22:00:00+00:00\",\"dateModified\":\"2024-02-21T13:45:51+00:00\",\"mainEntityOfPage\":{\"@id\":\"https:\/\/www.fiarebancaetica.coop\/gl\/compromiso-reciclaje-e-insercion-de-la-mano-de-emaus-gipuzkoa\/\"},\"wordCount\":653,\"commentCount\":0,\"image\":{\"@id\":\"https:\/\/www.fiarebancaetica.coop\/gl\/compromiso-reciclaje-e-insercion-de-la-mano-de-emaus-gipuzkoa\/#primaryimage\"},\"thumbnailUrl\":\"https:\/\/www.fiarebancaetica.coop\/app\/uploads\/sites\/2\/2023\/12\/compromiso-reciclaje-insercion-de-mano-de-emaus-gipuzkoa.jpg\",\"keywords\":[\"Realidades financiadas\"],\"articleSection\":[\"Historias de impacto positivo\"],\"inLanguage\":\"gl-ES\",\"potentialAction\":[{\"@type\":\"CommentAction\",\"name\":\"Comment\",\"target\":[\"https:\/\/www.fiarebancaetica.coop\/gl\/compromiso-reciclaje-e-insercion-de-la-mano-de-emaus-gipuzkoa\/#respond\"]}]},{\"@type\":\"WebPage\",\"@id\":\"https:\/\/www.fiarebancaetica.coop\/gl\/compromiso-reciclaje-e-insercion-de-la-mano-de-emaus-gipuzkoa\/\",\"url\":\"https:\/\/www.fiarebancaetica.coop\/gl\/compromiso-reciclaje-e-insercion-de-la-mano-de-emaus-gipuzkoa\/\",\"name\":\"Compromiso, reciclaje e inserci\u00f3n de la mano de Emaus Gipuzkoa - Fiare Banca Etica\",\"isPartOf\":{\"@id\":\"https:\/\/www.fiarebancaetica.coop\/gl\/#website\"},\"primaryImageOfPage\":{\"@id\":\"https:\/\/www.fiarebancaetica.coop\/gl\/compromiso-reciclaje-e-insercion-de-la-mano-de-emaus-gipuzkoa\/#primaryimage\"},\"image\":{\"@id\":\"https:\/\/www.fiarebancaetica.coop\/gl\/compromiso-reciclaje-e-insercion-de-la-mano-de-emaus-gipuzkoa\/#primaryimage\"},\"thumbnailUrl\":\"https:\/\/www.fiarebancaetica.coop\/app\/uploads\/sites\/2\/2023\/12\/compromiso-reciclaje-insercion-de-mano-de-emaus-gipuzkoa.jpg\",\"datePublished\":\"2023-05-10T22:00:00+00:00\",\"dateModified\":\"2024-02-21T13:45:51+00:00\",\"author\":{\"@id\":\"https:\/\/www.fiarebancaetica.coop\/gl\/#\/schema\/person\/579841e89c804b5db05d9141bd9b8272\"},\"breadcrumb\":{\"@id\":\"https:\/\/www.fiarebancaetica.coop\/gl\/compromiso-reciclaje-e-insercion-de-la-mano-de-emaus-gipuzkoa\/#breadcrumb\"},\"inLanguage\":\"gl-ES\",\"potentialAction\":[{\"@type\":\"ReadAction\",\"target\":[\"https:\/\/www.fiarebancaetica.coop\/gl\/compromiso-reciclaje-e-insercion-de-la-mano-de-emaus-gipuzkoa\/\"]}]},{\"@type\":\"ImageObject\",\"inLanguage\":\"gl-ES\",\"@id\":\"https:\/\/www.fiarebancaetica.coop\/gl\/compromiso-reciclaje-e-insercion-de-la-mano-de-emaus-gipuzkoa\/#primaryimage\",\"url\":\"https:\/\/www.fiarebancaetica.coop\/app\/uploads\/sites\/2\/2023\/12\/compromiso-reciclaje-insercion-de-mano-de-emaus-gipuzkoa.jpg\",\"contentUrl\":\"https:\/\/www.fiarebancaetica.coop\/app\/uploads\/sites\/2\/2023\/12\/compromiso-reciclaje-insercion-de-mano-de-emaus-gipuzkoa.jpg\",\"width\":540,\"height\":280},{\"@type\":\"BreadcrumbList\",\"@id\":\"https:\/\/www.fiarebancaetica.coop\/gl\/compromiso-reciclaje-e-insercion-de-la-mano-de-emaus-gipuzkoa\/#breadcrumb\",\"itemListElement\":[{\"@type\":\"ListItem\",\"position\":1,\"name\":\"Home\",\"item\":\"https:\/\/www.fiarebancaetica.coop\/gl\/\"},{\"@type\":\"ListItem\",\"position\":2,\"name\":\"Compromiso, reciclaje e inserci\u00f3n de la mano de Emaus Gipuzkoa\"}]},{\"@type\":\"WebSite\",\"@id\":\"https:\/\/www.fiarebancaetica.coop\/gl\/#website\",\"url\":\"https:\/\/www.fiarebancaetica.coop\/gl\/\",\"name\":\"Fiare Banca Etica\",\"description\":\"\",\"potentialAction\":[{\"@type\":\"SearchAction\",\"target\":{\"@type\":\"EntryPoint\",\"urlTemplate\":\"https:\/\/www.fiarebancaetica.coop\/gl\/?s={search_term_string}\"},\"query-input\":{\"@type\":\"PropertyValueSpecification\",\"valueRequired\":true,\"valueName\":\"search_term_string\"}}],\"inLanguage\":\"gl-ES\"},{\"@type\":\"Person\",\"@id\":\"https:\/\/www.fiarebancaetica.coop\/gl\/#\/schema\/person\/579841e89c804b5db05d9141bd9b8272\",\"name\":\"crispyadmin0\",\"image\":{\"@type\":\"ImageObject\",\"inLanguage\":\"gl-ES\",\"@id\":\"https:\/\/www.fiarebancaetica.coop\/gl\/#\/schema\/person\/image\/5f3a6b7786f32f4c35bd2b1a5a4698ea\",\"url\":\"https:\/\/secure.gravatar.com\/avatar\/4d2cfb499d497b6d49da659fab7404b243a87fe8e40d2cf97a1cae48f677f5b2?s=96&d=mm&r=g\",\"contentUrl\":\"https:\/\/secure.gravatar.com\/avatar\/4d2cfb499d497b6d49da659fab7404b243a87fe8e40d2cf97a1cae48f677f5b2?s=96&d=mm&r=g\",\"caption\":\"crispyadmin0\"},\"sameAs\":[\"crispyadmin0\"]}]}<\/script>\n<!-- \/ Yoast SEO plugin. -->","yoast_head_json":{"title":"Compromiso, reciclaje e inserci\u00f3n de la mano de Emaus Gipuzkoa - Fiare Banca Etica","robots":{"index":"index","follow":"follow","max-snippet":"max-snippet:-1","max-image-preview":"max-image-preview:large","max-video-preview":"max-video-preview:-1"},"canonical":"https:\/\/www.fiarebancaetica.coop\/gl\/compromiso-reciclaje-e-insercion-de-la-mano-de-emaus-gipuzkoa\/","og_locale":"gl_ES","og_type":"article","og_title":"Compromiso, reciclaje e inserci\u00f3n de la mano de Emaus Gipuzkoa - Fiare Banca Etica","og_description":"M\u00e1s de 4 d\u00e9cadas lleva Emaus Gipuzkoa trabajando en el abordaje del fen\u00f3meno de la exclusi\u00f3n social siempre bajo la misma premisa: que las personas sean el centro de todas sus actuaciones.","og_url":"https:\/\/www.fiarebancaetica.coop\/gl\/compromiso-reciclaje-e-insercion-de-la-mano-de-emaus-gipuzkoa\/","og_site_name":"Fiare Banca Etica","article_published_time":"2023-05-10T22:00:00+00:00","article_modified_time":"2024-02-21T13:45:51+00:00","og_image":[{"width":540,"height":280,"url":"https:\/\/www.fiarebancaetica.coop\/app\/uploads\/sites\/2\/2023\/12\/compromiso-reciclaje-insercion-de-mano-de-emaus-gipuzkoa.jpg","type":"image\/jpeg"}],"author":"crispyadmin0","twitter_card":"summary_large_image","schema":{"@context":"https:\/\/schema.org","@graph":[{"@type":"Article","@id":"https:\/\/www.fiarebancaetica.coop\/gl\/compromiso-reciclaje-e-insercion-de-la-mano-de-emaus-gipuzkoa\/#article","isPartOf":{"@id":"https:\/\/www.fiarebancaetica.coop\/gl\/compromiso-reciclaje-e-insercion-de-la-mano-de-emaus-gipuzkoa\/"},"author":{"name":"crispyadmin0","@id":"https:\/\/www.fiarebancaetica.coop\/gl\/#\/schema\/person\/579841e89c804b5db05d9141bd9b8272"},"headline":"Compromiso, reciclaje e inserci\u00f3n de la mano de Emaus Gipuzkoa","datePublished":"2023-05-10T22:00:00+00:00","dateModified":"2024-02-21T13:45:51+00:00","mainEntityOfPage":{"@id":"https:\/\/www.fiarebancaetica.coop\/gl\/compromiso-reciclaje-e-insercion-de-la-mano-de-emaus-gipuzkoa\/"},"wordCount":653,"commentCount":0,"image":{"@id":"https:\/\/www.fiarebancaetica.coop\/gl\/compromiso-reciclaje-e-insercion-de-la-mano-de-emaus-gipuzkoa\/#primaryimage"},"thumbnailUrl":"https:\/\/www.fiarebancaetica.coop\/app\/uploads\/sites\/2\/2023\/12\/compromiso-reciclaje-insercion-de-mano-de-emaus-gipuzkoa.jpg","keywords":["Realidades financiadas"],"articleSection":["Historias de impacto positivo"],"inLanguage":"gl-ES","potentialAction":[{"@type":"CommentAction","name":"Comment","target":["https:\/\/www.fiarebancaetica.coop\/gl\/compromiso-reciclaje-e-insercion-de-la-mano-de-emaus-gipuzkoa\/#respond"]}]},{"@type":"WebPage","@id":"https:\/\/www.fiarebancaetica.coop\/gl\/compromiso-reciclaje-e-insercion-de-la-mano-de-emaus-gipuzkoa\/","url":"https:\/\/www.fiarebancaetica.coop\/gl\/compromiso-reciclaje-e-insercion-de-la-mano-de-emaus-gipuzkoa\/","name":"Compromiso, reciclaje e inserci\u00f3n de la mano de Emaus Gipuzkoa - Fiare Banca Etica","isPartOf":{"@id":"https:\/\/www.fiarebancaetica.coop\/gl\/#website"},"primaryImageOfPage":{"@id":"https:\/\/www.fiarebancaetica.coop\/gl\/compromiso-reciclaje-e-insercion-de-la-mano-de-emaus-gipuzkoa\/#primaryimage"},"image":{"@id":"https:\/\/www.fiarebancaetica.coop\/gl\/compromiso-reciclaje-e-insercion-de-la-mano-de-emaus-gipuzkoa\/#primaryimage"},"thumbnailUrl":"https:\/\/www.fiarebancaetica.coop\/app\/uploads\/sites\/2\/2023\/12\/compromiso-reciclaje-insercion-de-mano-de-emaus-gipuzkoa.jpg","datePublished":"2023-05-10T22:00:00+00:00","dateModified":"2024-02-21T13:45:51+00:00","author":{"@id":"https:\/\/www.fiarebancaetica.coop\/gl\/#\/schema\/person\/579841e89c804b5db05d9141bd9b8272"},"breadcrumb":{"@id":"https:\/\/www.fiarebancaetica.coop\/gl\/compromiso-reciclaje-e-insercion-de-la-mano-de-emaus-gipuzkoa\/#breadcrumb"},"inLanguage":"gl-ES","potentialAction":[{"@type":"ReadAction","target":["https:\/\/www.fiarebancaetica.coop\/gl\/compromiso-reciclaje-e-insercion-de-la-mano-de-emaus-gipuzkoa\/"]}]},{"@type":"ImageObject","inLanguage":"gl-ES","@id":"https:\/\/www.fiarebancaetica.coop\/gl\/compromiso-reciclaje-e-insercion-de-la-mano-de-emaus-gipuzkoa\/#primaryimage","url":"https:\/\/www.fiarebancaetica.coop\/app\/uploads\/sites\/2\/2023\/12\/compromiso-reciclaje-insercion-de-mano-de-emaus-gipuzkoa.jpg","contentUrl":"https:\/\/www.fiarebancaetica.coop\/app\/uploads\/sites\/2\/2023\/12\/compromiso-reciclaje-insercion-de-mano-de-emaus-gipuzkoa.jpg","width":540,"height":280},{"@type":"BreadcrumbList","@id":"https:\/\/www.fiarebancaetica.coop\/gl\/compromiso-reciclaje-e-insercion-de-la-mano-de-emaus-gipuzkoa\/#breadcrumb","itemListElement":[{"@type":"ListItem","position":1,"name":"Home","item":"https:\/\/www.fiarebancaetica.coop\/gl\/"},{"@type":"ListItem","position":2,"name":"Compromiso, reciclaje e inserci\u00f3n de la mano de Emaus Gipuzkoa"}]},{"@type":"WebSite","@id":"https:\/\/www.fiarebancaetica.coop\/gl\/#website","url":"https:\/\/www.fiarebancaetica.coop\/gl\/","name":"Fiare Banca Etica","description":"","potentialAction":[{"@type":"SearchAction","target":{"@type":"EntryPoint","urlTemplate":"https:\/\/www.fiarebancaetica.coop\/gl\/?s={search_term_string}"},"query-input":{"@type":"PropertyValueSpecification","valueRequired":true,"valueName":"search_term_string"}}],"inLanguage":"gl-ES"},{"@type":"Person","@id":"https:\/\/www.fiarebancaetica.coop\/gl\/#\/schema\/person\/579841e89c804b5db05d9141bd9b8272","name":"crispyadmin0","image":{"@type":"ImageObject","inLanguage":"gl-ES","@id":"https:\/\/www.fiarebancaetica.coop\/gl\/#\/schema\/person\/image\/5f3a6b7786f32f4c35bd2b1a5a4698ea","url":"https:\/\/secure.gravatar.com\/avatar\/4d2cfb499d497b6d49da659fab7404b243a87fe8e40d2cf97a1cae48f677f5b2?s=96&d=mm&r=g","contentUrl":"https:\/\/secure.gravatar.com\/avatar\/4d2cfb499d497b6d49da659fab7404b243a87fe8e40d2cf97a1cae48f677f5b2?s=96&d=mm&r=g","caption":"crispyadmin0"},"sameAs":["crispyadmin0"]}]}},"_links":{"self":[{"href":"https:\/\/www.fiarebancaetica.coop\/gl\/wp-json\/wp\/v2\/posts\/343105","targetHints":{"allow":["GET"]}}],"collection":[{"href":"https:\/\/www.fiarebancaetica.coop\/gl\/wp-json\/wp\/v2\/posts"}],"about":[{"href":"https:\/\/www.fiarebancaetica.coop\/gl\/wp-json\/wp\/v2\/types\/post"}],"author":[{"embeddable":true,"href":"https:\/\/www.fiarebancaetica.coop\/gl\/wp-json\/wp\/v2\/users\/2"}],"replies":[{"embeddable":true,"href":"https:\/\/www.fiarebancaetica.coop\/gl\/wp-json\/wp\/v2\/comments?post=343105"}],"version-history":[{"count":2,"href":"https:\/\/www.fiarebancaetica.coop\/gl\/wp-json\/wp\/v2\/posts\/343105\/revisions"}],"predecessor-version":[{"id":355424,"href":"https:\/\/www.fiarebancaetica.coop\/gl\/wp-json\/wp\/v2\/posts\/343105\/revisions\/355424"}],"wp:featuredmedia":[{"embeddable":true,"href":"https:\/\/www.fiarebancaetica.coop\/gl\/wp-json\/wp\/v2\/media\/330438"}],"wp:attachment":[{"href":"https:\/\/www.fiarebancaetica.coop\/gl\/wp-json\/wp\/v2\/media?parent=343105"}],"wp:term":[{"taxonomy":"category","embeddable":true,"href":"https:\/\/www.fiarebancaetica.coop\/gl\/wp-json\/wp\/v2\/categories?post=343105"},{"taxonomy":"post_tag","embeddable":true,"href":"https:\/\/www.fiarebancaetica.coop\/gl\/wp-json\/wp\/v2\/tags?post=343105"},{"taxonomy":"author","embeddable":true,"href":"https:\/\/www.fiarebancaetica.coop\/gl\/wp-json\/wp\/v2\/coauthors?post=343105"}],"curies":[{"name":"wp","href":"https:\/\/api.w.org\/{rel}","templated":true}]}}